{"id":12650,"date":"2012-03-04T23:39:02","date_gmt":"2012-03-05T02:39:02","guid":{"rendered":"http:\/\/new.franciscanos.org.br\/?p=12650"},"modified":"2019-02-04T12:46:43","modified_gmt":"2019-02-04T14:46:43","slug":"frei-jeferson-e-o-novo-presbitero-da-provincia","status":"publish","type":"post","link":"https:\/\/franciscanos.org.br\/noticias\/frei-jeferson-e-o-novo-presbitero-da-provincia.html","title":{"rendered":"Dois pedidos que fazem hist\u00f3ria"},"content":{"rendered":"<p><img loading=\"lazy\" class=\"alignnone wp-image-199042 size-full\" src=\"https:\/\/franciscanos.org.br\/noticias\/wp-content\/uploads\/2012\/03\/jeferson_interna_g04.jpg\" alt=\"\" width=\"830\" height=\"284\" srcset=\"https:\/\/franciscanos.org.br\/noticias\/wp-content\/uploads\/2012\/03\/jeferson_interna_g04.jpg 830w, https:\/\/franciscanos.org.br\/noticias\/wp-content\/uploads\/2012\/03\/jeferson_interna_g04-450x154.jpg 450w, https:\/\/franciscanos.org.br\/noticias\/wp-content\/uploads\/2012\/03\/jeferson_interna_g04-768x263.jpg 768w, https:\/\/franciscanos.org.br\/noticias\/wp-content\/uploads\/2012\/03\/jeferson_interna_g04-150x51.jpg 150w\" sizes=\"(max-width: 830px) 100vw, 830px\" \/><\/p>\n<p><strong>Frei Leonardo A. Santos<\/strong><\/p>\n<p><strong>Guaratinguet\u00e1 (SP)<\/strong> &#8211; No \u00faltimo s\u00e1bado, 3 de mar\u00e7o, a matriz de nossa Senhora da Gl\u00f3ria, no Pedregulho, Guaratinguet\u00e1, recebeu gente de v\u00e1rios lugares\u00a0 para celebrar a eucaristia e participar da Ordena\u00e7\u00e3o presbiteral de Frei Jeferson, o Quinho, como a fam\u00edlia sempre o chamou. As fam\u00edlias Palandi e Broca tinham o cora\u00e7\u00e3o apertado entre a alegria de ver mais um padre na fam\u00edlia e a que com certeza vir\u00e1 quando o menino que cresceu por ali partir para atravessar o Atl\u00e2ntico, rumo \u00e0s terras de Angola.<\/p>\n<p><img loading=\"lazy\" class=\"alignleft size-full wp-image-199044\" src=\"https:\/\/franciscanos.org.br\/noticias\/wp-content\/uploads\/2012\/03\/16.jpg\" alt=\"\" width=\"600\" height=\"450\" srcset=\"https:\/\/franciscanos.org.br\/noticias\/wp-content\/uploads\/2012\/03\/16.jpg 600w, https:\/\/franciscanos.org.br\/noticias\/wp-content\/uploads\/2012\/03\/16-450x338.jpg 450w, https:\/\/franciscanos.org.br\/noticias\/wp-content\/uploads\/2012\/03\/16-150x113.jpg 150w\" sizes=\"(max-width: 600px) 100vw, 600px\" \/>O bispo ordenante foi Dom Raimundo Damasceno. Logo no in\u00edcio do rito de ordena\u00e7\u00e3o, o Ministro Provincial Frei Fid\u00eancio Vanboemmel, frisou que no \u00faltimo ano houve dois pedidos de Frei Jeferson. O primeiro estava se cumprindo naquela noite: a ordena\u00e7\u00e3o presbiteral. O outro ser\u00e1 cumprido em breve quando o novo presb\u00edtero deixar esta nossa terra para al\u00e9m-mar.<\/p>\n<p>Na homilia, Dom Raimundo real\u00e7ou sua alegria em estar ali. Lembrou que a Sagrada Ordena\u00e7\u00e3o \u00e9 o \u00fanico sacramento cuja administra\u00e7\u00e3o \u00e9 exclusividade do bispo. Suas palavras foram esclarecedoras ao povo e animadoras ao novo presb\u00edtero: \u201cQuanto a ti, Frei Jeferson, transmite a todos a Palavra de Deus&#8230; Procura crer no que leres, ensinar o que creres, praticar o que ensinares! Toma consci\u00eancia do que fazes e p\u00f5e em pr\u00e1tica o que celebras! Tem sempre diante dos olhos o exemplo do bom pastor que n\u00e3o veio para ser servido, mas para servir, e para buscar e salvar o que estava perdido.\u201d<\/p>\n<p>Ao final da celebra\u00e7\u00e3o, diante de pessoas de tantos lugares que, de alguma maneira, ajudaram a construir sua voca\u00e7\u00e3o, Frei Jeferson agradeceu. Segundo ele, a vida de cada pessoa \u00e9 um livro no qual escrevem aqueles com quem se convive. Todos escreveram no livro de sua vida, a cada encontro, uma linha de sua voca\u00e7\u00e3o ganhava pontua\u00e7\u00e3o e sentido. Ele tamb\u00e9m agradeceu pela confian\u00e7a de deixarem seus livros abertos para que ele pudesse escrever.<img loading=\"lazy\" class=\"alignright wp-image-199043 size-full\" src=\"https:\/\/franciscanos.org.br\/noticias\/wp-content\/uploads\/2012\/03\/22.jpg\" alt=\"\" width=\"600\" height=\"450\" srcset=\"https:\/\/franciscanos.org.br\/noticias\/wp-content\/uploads\/2012\/03\/22.jpg 600w, https:\/\/franciscanos.org.br\/noticias\/wp-content\/uploads\/2012\/03\/22-450x338.jpg 450w, https:\/\/franciscanos.org.br\/noticias\/wp-content\/uploads\/2012\/03\/22-150x113.jpg 150w\" sizes=\"(max-width: 600px) 100vw, 600px\" \/><\/p>\n<p>&nbsp;<\/p>\n","protected":false},"excerpt":{"rendered":"<p>Ordena\u00e7\u00e3o presbiteral de Frei Jeferson<\/p>\n","protected":false},"author":1,"featured_media":199381,"comment_status":"closed","ping_status":"open","sticky":false,"template":"","format":"standard","meta":[],"categories":[1],"tags":[160,157],"acf":[],"yoast_head":"<!-- This site is optimized with the Yoast SEO plugin v19.2 - https:\/\/yoast.com\/wordpress\/plugins\/seo\/ -->\n<title>Dois pedidos que fazem hist\u00f3ria - Not\u00edcias - Franciscanos<\/title>\n<meta name=\"robots\" content=\"index, follow, max-snippet:-1, max-image-preview:large, max-video-preview:-1\" \/>\n<link rel=\"canonical\" href=\"https:\/\/franciscanos.org.br\/noticias\/frei-jeferson-e-o-novo-presbitero-da-provincia.html\" \/>\n<meta property=\"og:locale\" content=\"pt_BR\" \/>\n<meta property=\"og:type\" content=\"article\" \/>\n<meta property=\"og:title\" content=\"Dois pedidos que fazem hist\u00f3ria - Not\u00edcias - Franciscanos\" \/>\n<meta property=\"og:description\" content=\"Ordena\u00e7\u00e3o presbiteral de Frei Jeferson\" \/>\n<meta property=\"og:url\" content=\"https:\/\/franciscanos.org.br\/noticias\/frei-jeferson-e-o-novo-presbitero-da-provincia.html\" \/>\n<meta property=\"og:site_name\" content=\"Not\u00edcias - Franciscanos\" \/>\n<meta property=\"article:published_time\" content=\"2012-03-05T02:39:02+00:00\" \/>\n<meta property=\"article:modified_time\" content=\"2019-02-04T14:46:43+00:00\" \/>\n<meta property=\"og:image\" content=\"https:\/\/franciscanos.org.br\/noticias\/wp-content\/uploads\/2012\/03\/jeferson_interna_g04-1.jpg\" \/>\n\t<meta property=\"og:image:width\" content=\"273\" \/>\n\t<meta property=\"og:image:height\" content=\"181\" \/>\n\t<meta property=\"og:image:type\" content=\"image\/jpeg\" \/>\n<meta name=\"author\" content=\"admin\" \/>\n<meta name=\"twitter:card\" content=\"summary_large_image\" \/>\n<meta name=\"twitter:label1\" content=\"Escrito por\" \/>\n\t<meta name=\"twitter:data1\" content=\"admin\" \/>\n\t<meta name=\"twitter:label2\" content=\"Est. tempo de leitura\" \/>\n\t<meta name=\"twitter:data2\" content=\"2 minutos\" \/>\n<script type=\"application\/ld+json\" class=\"yoast-schema-graph\">{\"@context\":\"https:\/\/schema.org\",\"@graph\":[{\"@type\":\"WebSite\",\"@id\":\"https:\/\/franciscanos.org.br\/noticias\/#website\",\"url\":\"https:\/\/franciscanos.org.br\/noticias\/\",\"name\":\"Not\u00edcias - Franciscanos\",\"description\":\"Prov\u00edncia Franciscana da Imaculada Concei\u00e7\u00e3o do Brasil - Ordem dos Frades Menores - OFM\",\"potentialAction\":[{\"@type\":\"SearchAction\",\"target\":{\"@type\":\"EntryPoint\",\"urlTemplate\":\"https:\/\/franciscanos.org.br\/noticias\/?s={search_term_string}\"},\"query-input\":\"required name=search_term_string\"}],\"inLanguage\":\"pt-BR\"},{\"@type\":\"ImageObject\",\"inLanguage\":\"pt-BR\",\"@id\":\"https:\/\/franciscanos.org.br\/noticias\/frei-jeferson-e-o-novo-presbitero-da-provincia.html#primaryimage\",\"url\":\"https:\/\/franciscanos.org.br\/noticias\/wp-content\/uploads\/2012\/03\/jeferson_interna_g04-1.jpg\",\"contentUrl\":\"https:\/\/franciscanos.org.br\/noticias\/wp-content\/uploads\/2012\/03\/jeferson_interna_g04-1.jpg\",\"width\":273,\"height\":181},{\"@type\":\"WebPage\",\"@id\":\"https:\/\/franciscanos.org.br\/noticias\/frei-jeferson-e-o-novo-presbitero-da-provincia.html#webpage\",\"url\":\"https:\/\/franciscanos.org.br\/noticias\/frei-jeferson-e-o-novo-presbitero-da-provincia.html\",\"name\":\"Dois pedidos que fazem hist\u00f3ria - Not\u00edcias - Franciscanos\",\"isPartOf\":{\"@id\":\"https:\/\/franciscanos.org.br\/noticias\/#website\"},\"primaryImageOfPage\":{\"@id\":\"https:\/\/franciscanos.org.br\/noticias\/frei-jeferson-e-o-novo-presbitero-da-provincia.html#primaryimage\"},\"datePublished\":\"2012-03-05T02:39:02+00:00\",\"dateModified\":\"2019-02-04T14:46:43+00:00\",\"author\":{\"@id\":\"https:\/\/franciscanos.org.br\/noticias\/#\/schema\/person\/b38fbf43118f02820bd932f2e4b14ad3\"},\"breadcrumb\":{\"@id\":\"https:\/\/franciscanos.org.br\/noticias\/frei-jeferson-e-o-novo-presbitero-da-provincia.html#breadcrumb\"},\"inLanguage\":\"pt-BR\",\"potentialAction\":[{\"@type\":\"ReadAction\",\"target\":[\"https:\/\/franciscanos.org.br\/noticias\/frei-jeferson-e-o-novo-presbitero-da-provincia.html\"]}]},{\"@type\":\"BreadcrumbList\",\"@id\":\"https:\/\/franciscanos.org.br\/noticias\/frei-jeferson-e-o-novo-presbitero-da-provincia.html#breadcrumb\",\"itemListElement\":[{\"@type\":\"ListItem\",\"position\":1,\"name\":\"Home\",\"item\":\"https:\/\/franciscanos.org.br\/noticias\"},{\"@type\":\"ListItem\",\"position\":2,\"name\":\"Dois pedidos que fazem hist\u00f3ria\"}]},{\"@type\":\"Person\",\"@id\":\"https:\/\/franciscanos.org.br\/noticias\/#\/schema\/person\/b38fbf43118f02820bd932f2e4b14ad3\",\"name\":\"admin\",\"image\":{\"@type\":\"ImageObject\",\"inLanguage\":\"pt-BR\",\"@id\":\"https:\/\/franciscanos.org.br\/noticias\/#\/schema\/person\/image\/\",\"url\":\"https:\/\/secure.gravatar.com\/avatar\/e8495742d34d0ba6448ea1c628263b3e?s=96&d=mm&r=g\",\"contentUrl\":\"https:\/\/secure.gravatar.com\/avatar\/e8495742d34d0ba6448ea1c628263b3e?s=96&d=mm&r=g\",\"caption\":\"admin\"},\"url\":\"https:\/\/franciscanos.org.br\/noticias\/author\/admin\"}]}<\/script>\n<!-- \/ Yoast SEO plugin. -->","yoast_head_json":{"title":"Dois pedidos que fazem hist\u00f3ria - Not\u00edcias - Franciscanos","robots":{"index":"index","follow":"follow","max-snippet":"max-snippet:-1","max-image-preview":"max-image-preview:large","max-video-preview":"max-video-preview:-1"},"canonical":"https:\/\/franciscanos.org.br\/noticias\/frei-jeferson-e-o-novo-presbitero-da-provincia.html","og_locale":"pt_BR","og_type":"article","og_title":"Dois pedidos que fazem hist\u00f3ria - Not\u00edcias - Franciscanos","og_description":"Ordena\u00e7\u00e3o presbiteral de Frei Jeferson","og_url":"https:\/\/franciscanos.org.br\/noticias\/frei-jeferson-e-o-novo-presbitero-da-provincia.html","og_site_name":"Not\u00edcias - Franciscanos","article_published_time":"2012-03-05T02:39:02+00:00","article_modified_time":"2019-02-04T14:46:43+00:00","og_image":[{"width":273,"height":181,"url":"https:\/\/franciscanos.org.br\/noticias\/wp-content\/uploads\/2012\/03\/jeferson_interna_g04-1.jpg","type":"image\/jpeg"}],"author":"admin","twitter_card":"summary_large_image","twitter_misc":{"Escrito por":"admin","Est. tempo de leitura":"2 minutos"},"schema":{"@context":"https:\/\/schema.org","@graph":[{"@type":"WebSite","@id":"https:\/\/franciscanos.org.br\/noticias\/#website","url":"https:\/\/franciscanos.org.br\/noticias\/","name":"Not\u00edcias - Franciscanos","description":"Prov\u00edncia Franciscana da Imaculada Concei\u00e7\u00e3o do Brasil - Ordem dos Frades Menores - OFM","potentialAction":[{"@type":"SearchAction","target":{"@type":"EntryPoint","urlTemplate":"https:\/\/franciscanos.org.br\/noticias\/?s={search_term_string}"},"query-input":"required name=search_term_string"}],"inLanguage":"pt-BR"},{"@type":"ImageObject","inLanguage":"pt-BR","@id":"https:\/\/franciscanos.org.br\/noticias\/frei-jeferson-e-o-novo-presbitero-da-provincia.html#primaryimage","url":"https:\/\/franciscanos.org.br\/noticias\/wp-content\/uploads\/2012\/03\/jeferson_interna_g04-1.jpg","contentUrl":"https:\/\/franciscanos.org.br\/noticias\/wp-content\/uploads\/2012\/03\/jeferson_interna_g04-1.jpg","width":273,"height":181},{"@type":"WebPage","@id":"https:\/\/franciscanos.org.br\/noticias\/frei-jeferson-e-o-novo-presbitero-da-provincia.html#webpage","url":"https:\/\/franciscanos.org.br\/noticias\/frei-jeferson-e-o-novo-presbitero-da-provincia.html","name":"Dois pedidos que fazem hist\u00f3ria - Not\u00edcias - Franciscanos","isPartOf":{"@id":"https:\/\/franciscanos.org.br\/noticias\/#website"},"primaryImageOfPage":{"@id":"https:\/\/franciscanos.org.br\/noticias\/frei-jeferson-e-o-novo-presbitero-da-provincia.html#primaryimage"},"datePublished":"2012-03-05T02:39:02+00:00","dateModified":"2019-02-04T14:46:43+00:00","author":{"@id":"https:\/\/franciscanos.org.br\/noticias\/#\/schema\/person\/b38fbf43118f02820bd932f2e4b14ad3"},"breadcrumb":{"@id":"https:\/\/franciscanos.org.br\/noticias\/frei-jeferson-e-o-novo-presbitero-da-provincia.html#breadcrumb"},"inLanguage":"pt-BR","potentialAction":[{"@type":"ReadAction","target":["https:\/\/franciscanos.org.br\/noticias\/frei-jeferson-e-o-novo-presbitero-da-provincia.html"]}]},{"@type":"BreadcrumbList","@id":"https:\/\/franciscanos.org.br\/noticias\/frei-jeferson-e-o-novo-presbitero-da-provincia.html#breadcrumb","itemListElement":[{"@type":"ListItem","position":1,"name":"Home","item":"https:\/\/franciscanos.org.br\/noticias"},{"@type":"ListItem","position":2,"name":"Dois pedidos que fazem hist\u00f3ria"}]},{"@type":"Person","@id":"https:\/\/franciscanos.org.br\/noticias\/#\/schema\/person\/b38fbf43118f02820bd932f2e4b14ad3","name":"admin","image":{"@type":"ImageObject","inLanguage":"pt-BR","@id":"https:\/\/franciscanos.org.br\/noticias\/#\/schema\/person\/image\/","url":"https:\/\/secure.gravatar.com\/avatar\/e8495742d34d0ba6448ea1c628263b3e?s=96&d=mm&r=g","contentUrl":"https:\/\/secure.gravatar.com\/avatar\/e8495742d34d0ba6448ea1c628263b3e?s=96&d=mm&r=g","caption":"admin"},"url":"https:\/\/franciscanos.org.br\/noticias\/author\/admin"}]}},"_links":{"self":[{"href":"https:\/\/franciscanos.org.br\/noticias\/wp-json\/wp\/v2\/posts\/12650"}],"collection":[{"href":"https:\/\/franciscanos.org.br\/noticias\/wp-json\/wp\/v2\/posts"}],"about":[{"href":"https:\/\/franciscanos.org.br\/noticias\/wp-json\/wp\/v2\/types\/post"}],"author":[{"embeddable":true,"href":"https:\/\/franciscanos.org.br\/noticias\/wp-json\/wp\/v2\/users\/1"}],"replies":[{"embeddable":true,"href":"https:\/\/franciscanos.org.br\/noticias\/wp-json\/wp\/v2\/comments?post=12650"}],"version-history":[{"count":0,"href":"https:\/\/franciscanos.org.br\/noticias\/wp-json\/wp\/v2\/posts\/12650\/revisions"}],"wp:featuredmedia":[{"embeddable":true,"href":"https:\/\/franciscanos.org.br\/noticias\/wp-json\/wp\/v2\/media\/199381"}],"wp:attachment":[{"href":"https:\/\/franciscanos.org.br\/noticias\/wp-json\/wp\/v2\/media?parent=12650"}],"wp:term":[{"taxonomy":"category","embeddable":true,"href":"https:\/\/franciscanos.org.br\/noticias\/wp-json\/wp\/v2\/categories?post=12650"},{"taxonomy":"post_tag","embeddable":true,"href":"https:\/\/franciscanos.org.br\/noticias\/wp-json\/wp\/v2\/tags?post=12650"}],"curies":[{"name":"wp","href":"https:\/\/api.w.org\/{rel}","templated":true}]}}