{"id":126497,"date":"2017-02-17T06:58:45","date_gmt":"2017-02-17T08:58:45","guid":{"rendered":"http:\/\/franciscanos.org.br\/?p=126497"},"modified":"2019-01-23T11:20:32","modified_gmt":"2019-01-23T13:20:32","slug":"falece-frei-vunibaldo-vogel-em-vila-velha","status":"publish","type":"post","link":"https:\/\/franciscanos.org.br\/noticias\/falece-frei-vunibaldo-vogel-em-vila-velha.html","title":{"rendered":"Falece Frei Vunibaldo Vogel em Vila Velha"},"content":{"rendered":"<h3><strong><img loading=\"lazy\" class=\"alignleft size-full wp-image-126498\" src=\"http:\/\/franciscanos.org.br\/wp-content\/uploads\/2017\/02\/vogel_170217_g.jpg\" alt=\"vogel_170217_g\" width=\"363\" height=\"700\" \/>Frei Vunibaldo Vogel<\/strong><\/h3>\n<p><strong>* 12\/02\/1931\u00a0\u00a0\u00a0\u00a0 + 16\/02\/2017\u00a0<\/strong><\/p>\n<p>Pouco depois das 21h00 desta quinta-feira (16), na presen\u00e7a de Frei Djalmo Fuck, de Frei Leandro Costa e de Frei Nazareno L\u00fcdtke, faleceu Frei Vunibaldo Vogel, na Fraternidade Divino Esp\u00edrito Santo, em Vila Velha, ap\u00f3s sentir-se mal. H\u00e1 anos ele tinha problemas no sistema urin\u00e1rio, decorrentes de doen\u00e7a da pr\u00f3stata, apresentava cardiopatia e tinha tamb\u00e9m sintomas de esclerose, com frequentes esquecimentos.<\/p>\n<p>A Missa de Ex\u00e9quias de Frei Vunibaldo ser\u00e1 hoje, sexta-feira, \u00e0s 14h30, no Santu\u00e1rio do Divino Esp\u00edrito Santo.<\/p>\n<p><strong>Dados pessoais, forma\u00e7\u00e3o e atividades<\/strong><\/p>\n<p>&#8211; Nascimento: 12.02.1931 (<strong>86 anos de idade<\/strong>) .<\/p>\n<p>&#8211; Natural de Marat\u00e1, munic\u00edpio de Porto Uni\u00e3o, SC.<\/p>\n<p>&#8211; Vesti\u00e7\u00e3o: 19.12.1951 &#8211; Rodeio<\/p>\n<p>&#8211; Primeira Profiss\u00e3o: 20.12.1952 (<strong>64 anos de Vida Franciscana<\/strong>)<\/p>\n<p>&#8211; Profiss\u00e3o Solene: 20.12.1955<\/p>\n<p>&#8211; Ordena\u00e7\u00e3o Presbiteral: 16.12.1957 (<strong>59 anos de Sacerd\u00f3cio<\/strong>)<\/p>\n<p>&#8211; 1953 \u2013 1954 \u2013 Curitiba \u2013 estudos de Filosofia;<\/p>\n<p>&#8211; 1955 \u2013 1958 \u2013 Petr\u00f3polis \u2013 estudos de Teologia;<\/p>\n<p>&#8211; 02.02.1959 \u2013 professor no semin\u00e1rio de Luzerna;<\/p>\n<p>&#8211; fevereiro 1960 \u2013 Rio de Janeiro \u2013 Santo Ant\u00f4nio \u2013 curso de Pastoral;<\/p>\n<p>&#8211; 27.11.1960 \u2013 Rio de Janeiro \u2013 Ipanema \u2013 Col\u00e9gio;<\/p>\n<p>&#8211; 18.01.1962 \u2013 Jabor\u00e1 \u2013 coordenador da fraternidade, reitor do juvenato, proc. UMF e Voc.<\/p>\n<p>&#8211; 17.12.1966 \u2013 Rio Negro \u2013 semin\u00e1rio \u2013 guardi\u00e3o;<\/p>\n<p>&#8211; 26.04.1968 \u2013 confirmado em Rio Negro \u2013 semin\u00e1rio \u2013 guardi\u00e3o e reitor do juvenato;<\/p>\n<p>&#8211; 21.12.1968 \u2013 Duque de Caxias \u2013 vig\u00e1rio da casa;<\/p>\n<p>&#8211; 05.07.1971 \u2013 Xaxim \u2013 vig\u00e1rio paroquial;<\/p>\n<p>&#8211; 06.02.1973 \u2013 S\u00e3o Paulo \u2013 S\u00e3o Francisco \u2013 vig\u00e1rio paroquial. Em 27.12.1976 \u2013 vig\u00e1rio da casa;<\/p>\n<p>&#8211; 17.04.1980 \u2013 Quissam\u00e3 \u2013 vig\u00e1rio paroquial de Concei\u00e7\u00e3o de Macabu. Em 09.08.1983 \u2013 guardi\u00e3o em Quissam\u00e3, continuando a ser vig\u00e1rio paroquial em Macabu.<\/p>\n<p>&#8211; 21.01.1989 \u2013 Campo Grande, MS, a servi\u00e7o da Cust\u00f3dia das 7 Alegrias de Nossa Senhora;<\/p>\n<p>&#8211; 10.01.1995 \u2013 Vila Velha \u2013 Penha \u2013 vig\u00e1rio da casa e atendente conventual;<\/p>\n<p>&#8211; 20.12.2006 \u2013 Vila Velha \u2013 Santu\u00e1rio \u2013 atendente conventual;<\/p>\n<p><strong>FAM\u00cdLIA DE SACERDOTES<\/strong><\/p>\n<div id=\"attachment_126549\" style=\"width: 206px\" class=\"wp-caption alignright\"><img aria-describedby=\"caption-attachment-126549\" loading=\"lazy\" class=\"wp-image-126549\" src=\"http:\/\/franciscanos.org.br\/wp-content\/uploads\/2017\/02\/afonso_170217.jpg\" alt=\"afonso_170217\" width=\"196\" height=\"315\" \/><p id=\"caption-attachment-126549\" class=\"wp-caption-text\">Frei Afonso, irm\u00e3o de Frei Vunibaldo<\/p><\/div>\n<p>Natural de Marat\u00e1, no munic\u00edpio de Porto Uni\u00e3o (SC), Frei Vuni, como era chamado pelos seus confrades e amigos, nasceu no dia 12 de fevereiro de 1931 e foi batizado como Sebaldo Alfredo Vogel. Ele era o sexto filho dos doze de Nicolau e Maria, ga\u00fachos e colonos da cidade de Montenegro.<\/p>\n<p>Al\u00e9m do irm\u00e3o Frei Afonso, que \u00e9 frade e reside atualmente na Fraternidade de Xaxim (SC), Frei Vunibaldo tinha seis tios sacerdotes. O ambiente religioso na fam\u00edlia e a visita desses tios influenciaram a voca\u00e7\u00e3o religiosa de Frei Vuni, como conta em sua ficha autobiogr\u00e1fica.<\/p>\n<p>Em fevereiro de 1943, ingressou no Semin\u00e1rio S\u00e3o Jo\u00e3o Batista, em Luzerna (SC), depois continuou os estudos da forma\u00e7\u00e3o inicial no Semin\u00e1rio Frei Galv\u00e3o (Guaratinguet\u00e1), no Semin\u00e1rio Rio Negro (PR), e no Semin\u00e1rio Santo Ant\u00f4nio (Agudos, SP), at\u00e9 vestir o h\u00e1bito franciscano em 19 de dezembro de 1951 e receber o nome de Frei Vunibaldo, um santo alem\u00e3o. Frei Vuni cursou Filosofia em Curitiba e Teologia em Petr\u00f3polis, professando solenemente na Ordem em 1955. Foi ordenado presb\u00edtero no dia 16 de dezembro de 1957.<\/p>\n<p>Frei Vuni trabalhou muitos anos com a forma\u00e7\u00e3o e foi mission\u00e1rio no Mato Grosso. Ao retornar \u00e0 Prov\u00edncia, manifestou o desejo de trabalhar e residir numa regi\u00e3o quente. &#8220;Sou bastante friorento&#8221;, confessava, revelando que um dos seus sonhos era trabalhar no Convento da Penha. De poucas palavras, mas muito fraternal, Frei Vuni n\u00e3o gostava de falar de sua vida e dos seus trabalhos: &#8220;\u00c9 um h\u00e1bito meu&#8221;, dizia, fazendo um pedido bem ao seu estilo na sua ficha autobiogr\u00e1fica: &#8220;Pe\u00e7o desculpas pela minha brevidade. Desejaria ter um &#8216;necrol\u00f3gio&#8217; bem curtinho&#8221;.<\/p>\n<p>Frei Vunibaldo gostava de repetir o dito latino: <em>Repentina mors, clericorum sors.\u00a0<\/em> E foi o que lhe aconteceu. Recomendemos nosso confrade ao Senhor, rezando por ele, que, por tantos anos, serviu, com generosidade e dedica\u00e7\u00e3o, aos irm\u00e3os e \u00e0 Igreja.<\/p>\n<h3>DEPOIMENTO DE FREI CLAR\u00caNCIO NEOTTI<strong>\u00a0<\/strong><\/h3>\n<p>Frei Vunibaldo partiu para a eternidade como sempre sonhou e dizia diariamente. Apagou-se serenamente, tendo os Confrades em torno. Assistiu na TV o notici\u00e1rio da noite, como sempre fazia, na sala da Fraternidade. Quando come\u00e7ou a novela, levantou-se e foi dormir. Pouco depois voltou sem camisa e disse que estava sentido dores na nuca e no peito. Sentou-se na poltrona e com leve suspiro morreu, na presen\u00e7a de seu guardi\u00e3o Frei Djalmo e dos confrades Frei Nazareno e Frei Leandro. Frei Clar\u00eancio j\u00e1 tinha se recolhido. Frei Florival est\u00e1 fora de Vila Velha. Frei Djalmo lhe deu a Un\u00e7\u00e3o.<\/p>\n<p>Frei Vunibaldo completou 86 anos no \u00faltimo dia 12, quando ganhou durante a Missa vespertina duas camisas e uma orqu\u00eddea. Como a cidade ainda estava tumultuada pela greve da Pol\u00edcia Militar, combinamos fazer o almo\u00e7o de anivers\u00e1rio no pr\u00f3ximo s\u00e1bado, dia 18, juntamente com os confrades do Regional. Todos os ingredientes para uma feijoada tinham sido comprados hoje.<\/p>\n<p>Ele esperava morrer de repente. Repetia muitas vezes o dito medieval: <em>Repentina mors clericorum sors<\/em>. Ali\u00e1s, ele tinha algumas dezenas de frases latinas do tempo do semin\u00e1rio, que nem o Alzheimer conseguiu apagar. H\u00e1 exatamente um ano deixara de celebrar. Mas atendia as confiss\u00f5es todas as sextas-feiras. E atendia bem, como se n\u00e3o tivesse o Alzheimer. Neste \u00faltimo ano concelebrou muitas vezes, embora, terminada a Missa n\u00e3o sabia mais que tinha concelebrado. Mas na concelebra\u00e7\u00e3o dizia as palavras da Consagra\u00e7\u00e3o sem nenhuma dificuldade.<\/p>\n<p>Volta e meia repetia que queria morrer em Vila Velha. Usava sempre a mesma express\u00e3o: \u201cMinha carca\u00e7a ficar\u00e1 aqui\u201d. Isso ele disse ao \u00faltimo Visitador e repetiu ao Ministro provincial. A n\u00f3s acrescentava: \u201cMas se me transferirem, preciso obedecer!\u201d Queria muito, e dizia isso a n\u00f3s, que queria ser sepultado ao lado da capela S\u00e3o Francisco, no Campinho da Penha, onde est\u00e1 sepultado Frei Aur\u00e9lio. E eu brincava com ele que o caix\u00e3o seria levado numa carro\u00e7a com dois cavalos enfeitados como em Santa Catarina vinham os noivos para o casamento na capela.<\/p>\n<p>Ser\u00e1 sepultado hoje, dia 17, no Parque da Paz, na Ponta da Fruta, cemit\u00e9rio que faz limites com a Casa de Retiros do Projeto Santa Clara, para onde ser\u00e1 levado logo depois da Missa de Corpo Presente que celebraremos no Santu\u00e1rio \u00e0s 14h30.<\/p>\n<p>Frei Vunibaldo trabalhou doze anos seguidos no Convento da Penha e j\u00e1 estava quase outros tantos no Santu\u00e1rio. Dono de voz-tenor era comum ouvi-lo cantarolar velhos hinos em latim que, apesar do Alzheimer, cantava estrofes inteiras. Hoje mesmo entrou na cozinha pontualmente \u00e0s 17h para comer sua sopa, cantando <em>\u201cVoce mea ad Dominum clamavi, voce mea ad Dominum deprecatus sum\u201d,<\/em> o mesmo salmo que cantou S\u00e3o Francisco agonizante. Terminada a sopa, comida sua banana e sua laranja, me disse a mesma frase que costumava dizer todos os dias: \u201cSe todos tivessem um prato de sopa assim, o mundo seria bem melhor!\u201d. Descanse em paz!<strong>\u00a0 \u00a0 \u00a0 \u00a0 \u00a0 \u00a0 \u00a0 \u00a0 \u00a0 \u00a0 \u00a0 \u00a0<\/strong><\/p>\n<p><strong>R.I.P.<\/strong><strong>\u00a0\u00a0\u00a0\u00a0\u00a0\u00a0\u00a0\u00a0\u00a0\u00a0\u00a0\u00a0\u00a0\u00a0\u00a0\u00a0\u00a0\u00a0\u00a0\u00a0\u00a0\u00a0\u00a0\u00a0\u00a0\u00a0\u00a0\u00a0\u00a0\u00a0\u00a0\u00a0\u00a0\u00a0\u00a0\u00a0\u00a0\u00a0\u00a0\u00a0\u00a0\u00a0\u00a0\u00a0\u00a0\u00a0\u00a0\u00a0\u00a0\u00a0\u00a0\u00a0 <\/strong><\/p>\n","protected":false},"excerpt":{"rendered":"<p>Falecimento<\/p>\n","protected":false},"author":1,"featured_media":195600,"comment_status":"open","ping_status":"open","sticky":false,"template":"","format":"standard","meta":[],"categories":[1],"tags":[1160,1274],"acf":[],"yoast_head":"<!-- This site is optimized with the Yoast SEO plugin v19.2 - https:\/\/yoast.com\/wordpress\/plugins\/seo\/ -->\n<title>Falece Frei Vunibaldo Vogel em Vila Velha - Not\u00edcias - Franciscanos<\/title>\n<meta name=\"robots\" content=\"index, follow, max-snippet:-1, max-image-preview:large, max-video-preview:-1\" \/>\n<link rel=\"canonical\" href=\"https:\/\/franciscanos.org.br\/noticias\/falece-frei-vunibaldo-vogel-em-vila-velha.html\" \/>\n<meta property=\"og:locale\" content=\"pt_BR\" \/>\n<meta property=\"og:type\" content=\"article\" \/>\n<meta property=\"og:title\" content=\"Falece Frei Vunibaldo Vogel em Vila Velha - Not\u00edcias - Franciscanos\" \/>\n<meta property=\"og:description\" content=\"Falecimento\" \/>\n<meta property=\"og:url\" content=\"https:\/\/franciscanos.org.br\/noticias\/falece-frei-vunibaldo-vogel-em-vila-velha.html\" \/>\n<meta property=\"og:site_name\" content=\"Not\u00edcias - Franciscanos\" \/>\n<meta property=\"article:published_time\" content=\"2017-02-17T08:58:45+00:00\" \/>\n<meta property=\"article:modified_time\" content=\"2019-01-23T13:20:32+00:00\" \/>\n<meta property=\"og:image\" content=\"https:\/\/franciscanos.org.br\/noticias\/wp-content\/uploads\/2017\/02\/vogel_170217d.jpg\" \/>\n\t<meta property=\"og:image:width\" content=\"273\" \/>\n\t<meta property=\"og:image:height\" content=\"181\" \/>\n\t<meta property=\"og:image:type\" content=\"image\/jpeg\" \/>\n<meta name=\"author\" content=\"admin\" \/>\n<meta name=\"twitter:card\" content=\"summary_large_image\" \/>\n<meta name=\"twitter:label1\" content=\"Escrito por\" \/>\n\t<meta name=\"twitter:data1\" content=\"admin\" \/>\n\t<meta name=\"twitter:label2\" content=\"Est. tempo de leitura\" \/>\n\t<meta name=\"twitter:data2\" content=\"6 minutos\" \/>\n<script type=\"application\/ld+json\" class=\"yoast-schema-graph\">{\"@context\":\"https:\/\/schema.org\",\"@graph\":[{\"@type\":\"WebSite\",\"@id\":\"https:\/\/franciscanos.org.br\/noticias\/#website\",\"url\":\"https:\/\/franciscanos.org.br\/noticias\/\",\"name\":\"Not\u00edcias - Franciscanos\",\"description\":\"Prov\u00edncia Franciscana da Imaculada Concei\u00e7\u00e3o do Brasil - Ordem dos Frades Menores - OFM\",\"potentialAction\":[{\"@type\":\"SearchAction\",\"target\":{\"@type\":\"EntryPoint\",\"urlTemplate\":\"https:\/\/franciscanos.org.br\/noticias\/?s={search_term_string}\"},\"query-input\":\"required name=search_term_string\"}],\"inLanguage\":\"pt-BR\"},{\"@type\":\"ImageObject\",\"inLanguage\":\"pt-BR\",\"@id\":\"https:\/\/franciscanos.org.br\/noticias\/falece-frei-vunibaldo-vogel-em-vila-velha.html#primaryimage\",\"url\":\"https:\/\/franciscanos.org.br\/noticias\/wp-content\/uploads\/2017\/02\/vogel_170217d.jpg\",\"contentUrl\":\"https:\/\/franciscanos.org.br\/noticias\/wp-content\/uploads\/2017\/02\/vogel_170217d.jpg\",\"width\":273,\"height\":181},{\"@type\":\"WebPage\",\"@id\":\"https:\/\/franciscanos.org.br\/noticias\/falece-frei-vunibaldo-vogel-em-vila-velha.html#webpage\",\"url\":\"https:\/\/franciscanos.org.br\/noticias\/falece-frei-vunibaldo-vogel-em-vila-velha.html\",\"name\":\"Falece Frei Vunibaldo Vogel em Vila Velha - Not\u00edcias - Franciscanos\",\"isPartOf\":{\"@id\":\"https:\/\/franciscanos.org.br\/noticias\/#website\"},\"primaryImageOfPage\":{\"@id\":\"https:\/\/franciscanos.org.br\/noticias\/falece-frei-vunibaldo-vogel-em-vila-velha.html#primaryimage\"},\"datePublished\":\"2017-02-17T08:58:45+00:00\",\"dateModified\":\"2019-01-23T13:20:32+00:00\",\"author\":{\"@id\":\"https:\/\/franciscanos.org.br\/noticias\/#\/schema\/person\/b38fbf43118f02820bd932f2e4b14ad3\"},\"breadcrumb\":{\"@id\":\"https:\/\/franciscanos.org.br\/noticias\/falece-frei-vunibaldo-vogel-em-vila-velha.html#breadcrumb\"},\"inLanguage\":\"pt-BR\",\"potentialAction\":[{\"@type\":\"ReadAction\",\"target\":[\"https:\/\/franciscanos.org.br\/noticias\/falece-frei-vunibaldo-vogel-em-vila-velha.html\"]}]},{\"@type\":\"BreadcrumbList\",\"@id\":\"https:\/\/franciscanos.org.br\/noticias\/falece-frei-vunibaldo-vogel-em-vila-velha.html#breadcrumb\",\"itemListElement\":[{\"@type\":\"ListItem\",\"position\":1,\"name\":\"Home\",\"item\":\"https:\/\/franciscanos.org.br\/noticias\"},{\"@type\":\"ListItem\",\"position\":2,\"name\":\"Falece Frei Vunibaldo Vogel em Vila Velha\"}]},{\"@type\":\"Person\",\"@id\":\"https:\/\/franciscanos.org.br\/noticias\/#\/schema\/person\/b38fbf43118f02820bd932f2e4b14ad3\",\"name\":\"admin\",\"image\":{\"@type\":\"ImageObject\",\"inLanguage\":\"pt-BR\",\"@id\":\"https:\/\/franciscanos.org.br\/noticias\/#\/schema\/person\/image\/\",\"url\":\"https:\/\/secure.gravatar.com\/avatar\/e8495742d34d0ba6448ea1c628263b3e?s=96&d=mm&r=g\",\"contentUrl\":\"https:\/\/secure.gravatar.com\/avatar\/e8495742d34d0ba6448ea1c628263b3e?s=96&d=mm&r=g\",\"caption\":\"admin\"},\"url\":\"https:\/\/franciscanos.org.br\/noticias\/author\/admin\"}]}<\/script>\n<!-- \/ Yoast SEO plugin. -->","yoast_head_json":{"title":"Falece Frei Vunibaldo Vogel em Vila Velha - Not\u00edcias - Franciscanos","robots":{"index":"index","follow":"follow","max-snippet":"max-snippet:-1","max-image-preview":"max-image-preview:large","max-video-preview":"max-video-preview:-1"},"canonical":"https:\/\/franciscanos.org.br\/noticias\/falece-frei-vunibaldo-vogel-em-vila-velha.html","og_locale":"pt_BR","og_type":"article","og_title":"Falece Frei Vunibaldo Vogel em Vila Velha - Not\u00edcias - Franciscanos","og_description":"Falecimento","og_url":"https:\/\/franciscanos.org.br\/noticias\/falece-frei-vunibaldo-vogel-em-vila-velha.html","og_site_name":"Not\u00edcias - Franciscanos","article_published_time":"2017-02-17T08:58:45+00:00","article_modified_time":"2019-01-23T13:20:32+00:00","og_image":[{"width":273,"height":181,"url":"https:\/\/franciscanos.org.br\/noticias\/wp-content\/uploads\/2017\/02\/vogel_170217d.jpg","type":"image\/jpeg"}],"author":"admin","twitter_card":"summary_large_image","twitter_misc":{"Escrito por":"admin","Est. tempo de leitura":"6 minutos"},"schema":{"@context":"https:\/\/schema.org","@graph":[{"@type":"WebSite","@id":"https:\/\/franciscanos.org.br\/noticias\/#website","url":"https:\/\/franciscanos.org.br\/noticias\/","name":"Not\u00edcias - Franciscanos","description":"Prov\u00edncia Franciscana da Imaculada Concei\u00e7\u00e3o do Brasil - Ordem dos Frades Menores - OFM","potentialAction":[{"@type":"SearchAction","target":{"@type":"EntryPoint","urlTemplate":"https:\/\/franciscanos.org.br\/noticias\/?s={search_term_string}"},"query-input":"required name=search_term_string"}],"inLanguage":"pt-BR"},{"@type":"ImageObject","inLanguage":"pt-BR","@id":"https:\/\/franciscanos.org.br\/noticias\/falece-frei-vunibaldo-vogel-em-vila-velha.html#primaryimage","url":"https:\/\/franciscanos.org.br\/noticias\/wp-content\/uploads\/2017\/02\/vogel_170217d.jpg","contentUrl":"https:\/\/franciscanos.org.br\/noticias\/wp-content\/uploads\/2017\/02\/vogel_170217d.jpg","width":273,"height":181},{"@type":"WebPage","@id":"https:\/\/franciscanos.org.br\/noticias\/falece-frei-vunibaldo-vogel-em-vila-velha.html#webpage","url":"https:\/\/franciscanos.org.br\/noticias\/falece-frei-vunibaldo-vogel-em-vila-velha.html","name":"Falece Frei Vunibaldo Vogel em Vila Velha - Not\u00edcias - Franciscanos","isPartOf":{"@id":"https:\/\/franciscanos.org.br\/noticias\/#website"},"primaryImageOfPage":{"@id":"https:\/\/franciscanos.org.br\/noticias\/falece-frei-vunibaldo-vogel-em-vila-velha.html#primaryimage"},"datePublished":"2017-02-17T08:58:45+00:00","dateModified":"2019-01-23T13:20:32+00:00","author":{"@id":"https:\/\/franciscanos.org.br\/noticias\/#\/schema\/person\/b38fbf43118f02820bd932f2e4b14ad3"},"breadcrumb":{"@id":"https:\/\/franciscanos.org.br\/noticias\/falece-frei-vunibaldo-vogel-em-vila-velha.html#breadcrumb"},"inLanguage":"pt-BR","potentialAction":[{"@type":"ReadAction","target":["https:\/\/franciscanos.org.br\/noticias\/falece-frei-vunibaldo-vogel-em-vila-velha.html"]}]},{"@type":"BreadcrumbList","@id":"https:\/\/franciscanos.org.br\/noticias\/falece-frei-vunibaldo-vogel-em-vila-velha.html#breadcrumb","itemListElement":[{"@type":"ListItem","position":1,"name":"Home","item":"https:\/\/franciscanos.org.br\/noticias"},{"@type":"ListItem","position":2,"name":"Falece Frei Vunibaldo Vogel em Vila Velha"}]},{"@type":"Person","@id":"https:\/\/franciscanos.org.br\/noticias\/#\/schema\/person\/b38fbf43118f02820bd932f2e4b14ad3","name":"admin","image":{"@type":"ImageObject","inLanguage":"pt-BR","@id":"https:\/\/franciscanos.org.br\/noticias\/#\/schema\/person\/image\/","url":"https:\/\/secure.gravatar.com\/avatar\/e8495742d34d0ba6448ea1c628263b3e?s=96&d=mm&r=g","contentUrl":"https:\/\/secure.gravatar.com\/avatar\/e8495742d34d0ba6448ea1c628263b3e?s=96&d=mm&r=g","caption":"admin"},"url":"https:\/\/franciscanos.org.br\/noticias\/author\/admin"}]}},"_links":{"self":[{"href":"https:\/\/franciscanos.org.br\/noticias\/wp-json\/wp\/v2\/posts\/126497"}],"collection":[{"href":"https:\/\/franciscanos.org.br\/noticias\/wp-json\/wp\/v2\/posts"}],"about":[{"href":"https:\/\/franciscanos.org.br\/noticias\/wp-json\/wp\/v2\/types\/post"}],"author":[{"embeddable":true,"href":"https:\/\/franciscanos.org.br\/noticias\/wp-json\/wp\/v2\/users\/1"}],"replies":[{"embeddable":true,"href":"https:\/\/franciscanos.org.br\/noticias\/wp-json\/wp\/v2\/comments?post=126497"}],"version-history":[{"count":0,"href":"https:\/\/franciscanos.org.br\/noticias\/wp-json\/wp\/v2\/posts\/126497\/revisions"}],"wp:featuredmedia":[{"embeddable":true,"href":"https:\/\/franciscanos.org.br\/noticias\/wp-json\/wp\/v2\/media\/195600"}],"wp:attachment":[{"href":"https:\/\/franciscanos.org.br\/noticias\/wp-json\/wp\/v2\/media?parent=126497"}],"wp:term":[{"taxonomy":"category","embeddable":true,"href":"https:\/\/franciscanos.org.br\/noticias\/wp-json\/wp\/v2\/categories?post=126497"},{"taxonomy":"post_tag","embeddable":true,"href":"https:\/\/franciscanos.org.br\/noticias\/wp-json\/wp\/v2\/tags?post=126497"}],"curies":[{"name":"wp","href":"https:\/\/api.w.org\/{rel}","templated":true}]}}