{"id":126484,"date":"2017-02-16T09:49:03","date_gmt":"2017-02-16T11:49:03","guid":{"rendered":"http:\/\/franciscanos.org.br\/?p=126484"},"modified":"2020-06-09T10:31:36","modified_gmt":"2020-06-09T13:31:36","slug":"papa-preservar-a-paz-chega-de-guerras","status":"publish","type":"post","link":"https:\/\/franciscanos.org.br\/noticias\/papa-preservar-a-paz-chega-de-guerras.html","title":{"rendered":"Apelo do Papa: &#8220;Preservar a paz, chega de guerras&#8221;"},"content":{"rendered":"<p><img loading=\"lazy\" class=\"alignleft\" src=\"http:\/\/franciscanos.org.br\/wp-content\/uploads\/2016\/11\/marta_251116.jpg\" alt=\"marta_251116\" width=\"830\" height=\"390\" \/><strong>Cidade do Vaticano<\/strong> \u2013 O primeiro compromisso do Papa nesta quinta foi a celebra\u00e7\u00e3o da missa na capela da Casa Santa Marta. Em sua homilia, o Pont\u00edfice deu destaque ao sofrimento de tantos povos castigados pelas guerras promovidas pelos poderosos e pelos traficantes de armas.<br \/>\nDe modo especial, falou de tr\u00eas imagens presentes na Primeira Leitura, extra\u00edda do Livro do G\u00eanesis: a pomba, o arco-\u00edris e a alian\u00e7a.<\/p>\n<p>\u201cA alian\u00e7a que Deus faz \u00e9 forte \u2013 comentou \u2013 mas como n\u00f3s a recebemos e a aceitamos \u00e9 com fraqueza. Deus faz a paz conosco, mas n\u00e3o \u00e9 f\u00e1cil preserv\u00e1-la\u201d. \u201c\u00c9 um trabalho de todos os dias, porque dentro de n\u00f3s ainda existe aquela semente, aquele pecado original, o esp\u00edrito de Caim que por inveja, ci\u00fame, cobi\u00e7a e desejo de domina\u00e7\u00e3o faz a guerra\u201d. Francisco observou que, falando da alian\u00e7a entre Deus e os homens, se faz refer\u00eancia ao \u201csangue\u201d: \u201cpedirei contas do vosso sangue, que \u00e9 vida, a qualquer animal. E ao homem pedirei contas da vida do homem, seu irm\u00e3o\u201d. N\u00f3s, portanto, \u201csomos cust\u00f3dios dos irm\u00e3os e quando h\u00e1 derramamento de sangue, h\u00e1 pecado e Deus nos pedir\u00e1 contas\u201d:<\/p>\n<p>\u201cHoje no mundo h\u00e1 derramamento de sangue. Hoje o mundo est\u00e1 em guerra. Muitos irm\u00e3os e irm\u00e3s morrem, inclusive inocentes, porque os grandes e os poderosos querem um peda\u00e7o a mais de terra, querem um pouco mais de poder ou querem ter um pouco mais de lucro com o tr\u00e1fico de armas. E a Palavra do Senhor \u00e9 clara: \u2018pedirei contas do vosso sangue, que \u00e9 vida, a qualquer animal. E ao homem pedirei contas da vida do homem, seu irm\u00e3o\u2019. Tamb\u00e9m a n\u00f3s, que parecemos estar em paz aqui, o Senhor pedir\u00e1 contas do sangue dos nossos irm\u00e3os e irm\u00e3s que sofrem a guerra\u201d.<\/p>\n<p><strong>Custodiar a paz, a declara\u00e7\u00e3o de guerra come\u00e7a em cada um de n\u00f3s<\/strong><\/p>\n<p>\u201cComo proteger a pomba? Pergunta-se Francisco; \u201cO que fa\u00e7o para que o arco-\u00edris seja sempre um guia? O que fa\u00e7o para que n\u00e3o seja mais derramado sangue no mundo?\u201d. Todos n\u00f3s, reiterou, estamos envolvidos nisto. A ora\u00e7\u00e3o pela paz n\u00e3o \u00e9 uma formalidade, o trabalho pela paz n\u00e3o \u00e9 uma formalidade. E relevou com amargura que a guerra come\u00e7a no cora\u00e7\u00e3o do homem, come\u00e7a nas casas, nas fam\u00edlias, entre amigos, e depois vai al\u00e9m, a todo o mundo. \u201cO que fa\u00e7o, eu, quanto sinto no meu cora\u00e7\u00e3o \u2018algo que quer destruir a paz\u2019?\u201d<\/p>\n<p>\u201cA guerra come\u00e7a aqui e termina l\u00e1. Vemos as not\u00edcias nos jornais e na TV&#8230; Hoje, muita gente morre e a semente de guerra que gera inveja, provoca ci\u00fames, a cobi\u00e7a no meu cora\u00e7\u00e3o \u00e9 a mesma coisa do que a bomba que cai num hospital, numa escola, matando crian\u00e7as- \u00e9 o mesmo. A declara\u00e7\u00e3o de guerra come\u00e7a aqui, em cada um de n\u00f3s.<\/p>\n<p>Por isso, pergunto: \u201cComo custodiar a paz em meu cora\u00e7\u00e3o, em meu \u00edntimo, na minha fam\u00edlia?\u201d. Custodiar a paz, mas n\u00e3o s\u00f3: faz\u00ea-la com as m\u00e3os, todos os dias. E assim conseguiremos faz\u00ea-la no mundo inteiro\u201d.<\/p>\n<p><strong>A recorda\u00e7\u00e3o do fim da guerra na lembran\u00e7a do menino<\/strong><\/p>\n<p>\u201cO sangue de Cristo \u2013 evidenciou \u2013 \u00e9 o que faz a paz, mas n\u00e3o o sangue que eu fa\u00e7o com o meu irm\u00e3o\u201d ou \u201co que fazem os traficantes de armas ou os poderosos da terra nas grandes guerras\u201d. Francisco relatou um epis\u00f3dio pessoal, de quando era crian\u00e7a, sobre a paz:<\/p>\n<p>\u201cRecordo quando come\u00e7ou a tocar o alarme dos Bombeiros, depois nos jornais e na cidade&#8230; Isto se fazia para atrair a aten\u00e7\u00e3o para ou fato ou uma trag\u00e9dia, ou outra coisa. E logo ouvi a vizinha de casa chamar minha m\u00e3e: \u2018Senhora Regina, venha, venha!\u2019 E minha m\u00e3e saiu, assustada: \u2018O que aconteceu?\u2019 E a mulher, do outro lado do jardim, disse: \u2018A guerra acabou!\u2019, chorando.<\/p>\n<p>Francisco recordou o abra\u00e7o das duas mulheres, o pranto e a alegria porque a guerra havia terminado. \u201cQue o Senhor \u2013 concluiu \u2013 nos d\u00ea a gra\u00e7a de poder dizer: \u2018Terminou a guerra\u2019 e chorando. \u2018Acabou a guerra no meu cora\u00e7\u00e3o, acabou a guerra na minha fam\u00edlia, acabou a guerra no meu bairro, acabou a guerra no meu trabalho, acabou a guerra no mundo\u2019. Assim ser\u00e3o mais fortes a pomba, o arco-\u00edris e a alian\u00e7a\u201d.<\/p>\n<hr \/>\n<p><em>Fonte: R\u00e1dio Vaticano<\/em><\/p>\n","protected":false},"excerpt":{"rendered":"<p>Missa em Santa Marta<\/p>\n","protected":false},"author":1,"featured_media":196014,"comment_status":"open","ping_status":"open","sticky":false,"template":"","format":"standard","meta":[],"categories":[1428],"tags":[1586],"acf":[],"yoast_head":"<!-- This site is optimized with the Yoast SEO plugin v19.2 - https:\/\/yoast.com\/wordpress\/plugins\/seo\/ -->\n<title>Apelo do Papa: &quot;Preservar a paz, chega de guerras&quot; - Not\u00edcias - Franciscanos<\/title>\n<meta name=\"robots\" content=\"index, follow, max-snippet:-1, max-image-preview:large, max-video-preview:-1\" \/>\n<link rel=\"canonical\" href=\"https:\/\/franciscanos.org.br\/noticias\/papa-preservar-a-paz-chega-de-guerras.html\" \/>\n<meta property=\"og:locale\" content=\"pt_BR\" \/>\n<meta property=\"og:type\" content=\"article\" \/>\n<meta property=\"og:title\" content=\"Apelo do Papa: &quot;Preservar a paz, chega de guerras&quot; - Not\u00edcias - Franciscanos\" \/>\n<meta property=\"og:description\" content=\"Missa em Santa Marta\" \/>\n<meta property=\"og:url\" content=\"https:\/\/franciscanos.org.br\/noticias\/papa-preservar-a-paz-chega-de-guerras.html\" \/>\n<meta property=\"og:site_name\" content=\"Not\u00edcias - Franciscanos\" \/>\n<meta property=\"article:published_time\" content=\"2017-02-16T11:49:03+00:00\" \/>\n<meta property=\"article:modified_time\" content=\"2020-06-09T13:31:36+00:00\" \/>\n<meta property=\"og:image\" content=\"https:\/\/franciscanos.org.br\/noticias\/wp-content\/uploads\/2017\/02\/marta_251116.jpg\" \/>\n\t<meta property=\"og:image:width\" content=\"273\" \/>\n\t<meta property=\"og:image:height\" content=\"181\" \/>\n\t<meta property=\"og:image:type\" content=\"image\/jpeg\" \/>\n<meta name=\"author\" content=\"admin\" \/>\n<meta name=\"twitter:card\" content=\"summary_large_image\" \/>\n<meta name=\"twitter:label1\" content=\"Escrito por\" \/>\n\t<meta name=\"twitter:data1\" content=\"admin\" \/>\n\t<meta name=\"twitter:label2\" content=\"Est. tempo de leitura\" \/>\n\t<meta name=\"twitter:data2\" content=\"4 minutos\" \/>\n<script type=\"application\/ld+json\" class=\"yoast-schema-graph\">{\"@context\":\"https:\/\/schema.org\",\"@graph\":[{\"@type\":\"WebSite\",\"@id\":\"https:\/\/franciscanos.org.br\/noticias\/#website\",\"url\":\"https:\/\/franciscanos.org.br\/noticias\/\",\"name\":\"Not\u00edcias - Franciscanos\",\"description\":\"Prov\u00edncia Franciscana da Imaculada Concei\u00e7\u00e3o do Brasil - Ordem dos Frades Menores - OFM\",\"potentialAction\":[{\"@type\":\"SearchAction\",\"target\":{\"@type\":\"EntryPoint\",\"urlTemplate\":\"https:\/\/franciscanos.org.br\/noticias\/?s={search_term_string}\"},\"query-input\":\"required name=search_term_string\"}],\"inLanguage\":\"pt-BR\"},{\"@type\":\"ImageObject\",\"inLanguage\":\"pt-BR\",\"@id\":\"https:\/\/franciscanos.org.br\/noticias\/papa-preservar-a-paz-chega-de-guerras.html#primaryimage\",\"url\":\"https:\/\/franciscanos.org.br\/noticias\/wp-content\/uploads\/2017\/02\/marta_251116.jpg\",\"contentUrl\":\"https:\/\/franciscanos.org.br\/noticias\/wp-content\/uploads\/2017\/02\/marta_251116.jpg\",\"width\":273,\"height\":181},{\"@type\":\"WebPage\",\"@id\":\"https:\/\/franciscanos.org.br\/noticias\/papa-preservar-a-paz-chega-de-guerras.html#webpage\",\"url\":\"https:\/\/franciscanos.org.br\/noticias\/papa-preservar-a-paz-chega-de-guerras.html\",\"name\":\"Apelo do Papa: \\\"Preservar a paz, chega de guerras\\\" - Not\u00edcias - Franciscanos\",\"isPartOf\":{\"@id\":\"https:\/\/franciscanos.org.br\/noticias\/#website\"},\"primaryImageOfPage\":{\"@id\":\"https:\/\/franciscanos.org.br\/noticias\/papa-preservar-a-paz-chega-de-guerras.html#primaryimage\"},\"datePublished\":\"2017-02-16T11:49:03+00:00\",\"dateModified\":\"2020-06-09T13:31:36+00:00\",\"author\":{\"@id\":\"https:\/\/franciscanos.org.br\/noticias\/#\/schema\/person\/b38fbf43118f02820bd932f2e4b14ad3\"},\"breadcrumb\":{\"@id\":\"https:\/\/franciscanos.org.br\/noticias\/papa-preservar-a-paz-chega-de-guerras.html#breadcrumb\"},\"inLanguage\":\"pt-BR\",\"potentialAction\":[{\"@type\":\"ReadAction\",\"target\":[\"https:\/\/franciscanos.org.br\/noticias\/papa-preservar-a-paz-chega-de-guerras.html\"]}]},{\"@type\":\"BreadcrumbList\",\"@id\":\"https:\/\/franciscanos.org.br\/noticias\/papa-preservar-a-paz-chega-de-guerras.html#breadcrumb\",\"itemListElement\":[{\"@type\":\"ListItem\",\"position\":1,\"name\":\"Home\",\"item\":\"https:\/\/franciscanos.org.br\/noticias\"},{\"@type\":\"ListItem\",\"position\":2,\"name\":\"Apelo do Papa: &#8220;Preservar a paz, chega de guerras&#8221;\"}]},{\"@type\":\"Person\",\"@id\":\"https:\/\/franciscanos.org.br\/noticias\/#\/schema\/person\/b38fbf43118f02820bd932f2e4b14ad3\",\"name\":\"admin\",\"image\":{\"@type\":\"ImageObject\",\"inLanguage\":\"pt-BR\",\"@id\":\"https:\/\/franciscanos.org.br\/noticias\/#\/schema\/person\/image\/\",\"url\":\"https:\/\/secure.gravatar.com\/avatar\/e8495742d34d0ba6448ea1c628263b3e?s=96&d=mm&r=g\",\"contentUrl\":\"https:\/\/secure.gravatar.com\/avatar\/e8495742d34d0ba6448ea1c628263b3e?s=96&d=mm&r=g\",\"caption\":\"admin\"},\"url\":\"https:\/\/franciscanos.org.br\/noticias\/author\/admin\"}]}<\/script>\n<!-- \/ Yoast SEO plugin. -->","yoast_head_json":{"title":"Apelo do Papa: \"Preservar a paz, chega de guerras\" - Not\u00edcias - Franciscanos","robots":{"index":"index","follow":"follow","max-snippet":"max-snippet:-1","max-image-preview":"max-image-preview:large","max-video-preview":"max-video-preview:-1"},"canonical":"https:\/\/franciscanos.org.br\/noticias\/papa-preservar-a-paz-chega-de-guerras.html","og_locale":"pt_BR","og_type":"article","og_title":"Apelo do Papa: \"Preservar a paz, chega de guerras\" - Not\u00edcias - Franciscanos","og_description":"Missa em Santa Marta","og_url":"https:\/\/franciscanos.org.br\/noticias\/papa-preservar-a-paz-chega-de-guerras.html","og_site_name":"Not\u00edcias - Franciscanos","article_published_time":"2017-02-16T11:49:03+00:00","article_modified_time":"2020-06-09T13:31:36+00:00","og_image":[{"width":273,"height":181,"url":"https:\/\/franciscanos.org.br\/noticias\/wp-content\/uploads\/2017\/02\/marta_251116.jpg","type":"image\/jpeg"}],"author":"admin","twitter_card":"summary_large_image","twitter_misc":{"Escrito por":"admin","Est. tempo de leitura":"4 minutos"},"schema":{"@context":"https:\/\/schema.org","@graph":[{"@type":"WebSite","@id":"https:\/\/franciscanos.org.br\/noticias\/#website","url":"https:\/\/franciscanos.org.br\/noticias\/","name":"Not\u00edcias - Franciscanos","description":"Prov\u00edncia Franciscana da Imaculada Concei\u00e7\u00e3o do Brasil - Ordem dos Frades Menores - OFM","potentialAction":[{"@type":"SearchAction","target":{"@type":"EntryPoint","urlTemplate":"https:\/\/franciscanos.org.br\/noticias\/?s={search_term_string}"},"query-input":"required name=search_term_string"}],"inLanguage":"pt-BR"},{"@type":"ImageObject","inLanguage":"pt-BR","@id":"https:\/\/franciscanos.org.br\/noticias\/papa-preservar-a-paz-chega-de-guerras.html#primaryimage","url":"https:\/\/franciscanos.org.br\/noticias\/wp-content\/uploads\/2017\/02\/marta_251116.jpg","contentUrl":"https:\/\/franciscanos.org.br\/noticias\/wp-content\/uploads\/2017\/02\/marta_251116.jpg","width":273,"height":181},{"@type":"WebPage","@id":"https:\/\/franciscanos.org.br\/noticias\/papa-preservar-a-paz-chega-de-guerras.html#webpage","url":"https:\/\/franciscanos.org.br\/noticias\/papa-preservar-a-paz-chega-de-guerras.html","name":"Apelo do Papa: \"Preservar a paz, chega de guerras\" - Not\u00edcias - Franciscanos","isPartOf":{"@id":"https:\/\/franciscanos.org.br\/noticias\/#website"},"primaryImageOfPage":{"@id":"https:\/\/franciscanos.org.br\/noticias\/papa-preservar-a-paz-chega-de-guerras.html#primaryimage"},"datePublished":"2017-02-16T11:49:03+00:00","dateModified":"2020-06-09T13:31:36+00:00","author":{"@id":"https:\/\/franciscanos.org.br\/noticias\/#\/schema\/person\/b38fbf43118f02820bd932f2e4b14ad3"},"breadcrumb":{"@id":"https:\/\/franciscanos.org.br\/noticias\/papa-preservar-a-paz-chega-de-guerras.html#breadcrumb"},"inLanguage":"pt-BR","potentialAction":[{"@type":"ReadAction","target":["https:\/\/franciscanos.org.br\/noticias\/papa-preservar-a-paz-chega-de-guerras.html"]}]},{"@type":"BreadcrumbList","@id":"https:\/\/franciscanos.org.br\/noticias\/papa-preservar-a-paz-chega-de-guerras.html#breadcrumb","itemListElement":[{"@type":"ListItem","position":1,"name":"Home","item":"https:\/\/franciscanos.org.br\/noticias"},{"@type":"ListItem","position":2,"name":"Apelo do Papa: &#8220;Preservar a paz, chega de guerras&#8221;"}]},{"@type":"Person","@id":"https:\/\/franciscanos.org.br\/noticias\/#\/schema\/person\/b38fbf43118f02820bd932f2e4b14ad3","name":"admin","image":{"@type":"ImageObject","inLanguage":"pt-BR","@id":"https:\/\/franciscanos.org.br\/noticias\/#\/schema\/person\/image\/","url":"https:\/\/secure.gravatar.com\/avatar\/e8495742d34d0ba6448ea1c628263b3e?s=96&d=mm&r=g","contentUrl":"https:\/\/secure.gravatar.com\/avatar\/e8495742d34d0ba6448ea1c628263b3e?s=96&d=mm&r=g","caption":"admin"},"url":"https:\/\/franciscanos.org.br\/noticias\/author\/admin"}]}},"_links":{"self":[{"href":"https:\/\/franciscanos.org.br\/noticias\/wp-json\/wp\/v2\/posts\/126484"}],"collection":[{"href":"https:\/\/franciscanos.org.br\/noticias\/wp-json\/wp\/v2\/posts"}],"about":[{"href":"https:\/\/franciscanos.org.br\/noticias\/wp-json\/wp\/v2\/types\/post"}],"author":[{"embeddable":true,"href":"https:\/\/franciscanos.org.br\/noticias\/wp-json\/wp\/v2\/users\/1"}],"replies":[{"embeddable":true,"href":"https:\/\/franciscanos.org.br\/noticias\/wp-json\/wp\/v2\/comments?post=126484"}],"version-history":[{"count":1,"href":"https:\/\/franciscanos.org.br\/noticias\/wp-json\/wp\/v2\/posts\/126484\/revisions"}],"predecessor-version":[{"id":225447,"href":"https:\/\/franciscanos.org.br\/noticias\/wp-json\/wp\/v2\/posts\/126484\/revisions\/225447"}],"wp:featuredmedia":[{"embeddable":true,"href":"https:\/\/franciscanos.org.br\/noticias\/wp-json\/wp\/v2\/media\/196014"}],"wp:attachment":[{"href":"https:\/\/franciscanos.org.br\/noticias\/wp-json\/wp\/v2\/media?parent=126484"}],"wp:term":[{"taxonomy":"category","embeddable":true,"href":"https:\/\/franciscanos.org.br\/noticias\/wp-json\/wp\/v2\/categories?post=126484"},{"taxonomy":"post_tag","embeddable":true,"href":"https:\/\/franciscanos.org.br\/noticias\/wp-json\/wp\/v2\/tags?post=126484"}],"curies":[{"name":"wp","href":"https:\/\/api.w.org\/{rel}","templated":true}]}}