{"id":12635,"date":"2012-03-04T20:34:45","date_gmt":"2012-03-04T23:34:45","guid":{"rendered":"http:\/\/new.franciscanos.org.br\/?p=12635"},"modified":"2020-11-09T15:39:17","modified_gmt":"2020-11-09T18:39:17","slug":"demonstracao-de-fe-em-frei-bruno-emociona-postulador-da-ordem-franciscana","status":"publish","type":"post","link":"https:\/\/franciscanos.org.br\/noticias\/demonstracao-de-fe-em-frei-bruno-emociona-postulador-da-ordem-franciscana.html","title":{"rendered":"Demonstra\u00e7\u00e3o de f\u00e9 em Frei Bruno emociona Postulador da Ordem Franciscana"},"content":{"rendered":"<p><img loading=\"lazy\" class=\"alignnone wp-image-229100 size-full\" src=\"https:\/\/franciscanos.org.br\/noticias\/wp-content\/uploads\/2012\/03\/bruno_01.jpg\" alt=\"\" width=\"1280\" height=\"448\" srcset=\"https:\/\/franciscanos.org.br\/noticias\/wp-content\/uploads\/2012\/03\/bruno_01.jpg 1280w, https:\/\/franciscanos.org.br\/noticias\/wp-content\/uploads\/2012\/03\/bruno_01-450x158.jpg 450w, https:\/\/franciscanos.org.br\/noticias\/wp-content\/uploads\/2012\/03\/bruno_01-1024x358.jpg 1024w, https:\/\/franciscanos.org.br\/noticias\/wp-content\/uploads\/2012\/03\/bruno_01-768x269.jpg 768w, https:\/\/franciscanos.org.br\/noticias\/wp-content\/uploads\/2012\/03\/bruno_01-150x53.jpg 150w\" sizes=\"(max-width: 1280px) 100vw, 1280px\" \/><\/p>\n<p><strong>Por Moacir Beggo<\/strong><\/p>\n<p><strong>Joa\u00e7aba (SC)<\/strong> &#8211; O Postulador da Causa dos Santos da Ordem Franciscana, o italiano Frei Giovangiuseppe Califano, come\u00e7ou a fazer os primeiros contatos com os catarinenses que trabalham pelo processo de canoniza\u00e7\u00e3o de Frei Bruno ainda na sexta-feira (02\/02), na cidade de Xaxim, no Oeste Catarinense. No dia seguinte, j\u00e1 em Joa\u00e7aba, reuniu-se com as equipes desta cidade, Xaxim e Rodeio para dar orienta\u00e7\u00f5es sobre o encaminhamento do processo de beatifica\u00e7\u00e3o do frade franciscano falecido h\u00e1 52 anos. Durante toda a manh\u00e3 do s\u00e1bado e in\u00edcio da tarde (03\/02), ele e o Vig\u00e1rio Provincial da Prov\u00edncia da Imaculada Concei\u00e7\u00e3o, Frei Est\u00eav\u00e3o Ottenbreit, cumpriram uma agenda cheia. Frei Giovangiuseppe n\u00e3o se cansou de explicar tecnicamente todo o processo e de dar muitas entrevistas aos meios de comunica\u00e7\u00e3o, tendo como fiel tradutor Frei Est\u00eav\u00e3o. At\u00e9 ent\u00e3o, o Postulador n\u00e3o imaginava o que veria no domingo, dia da 22\u00aa Romaria Penitencial.<\/p>\n<p><a href=\"http:\/\/franciscanos.org.br\/wp-content\/uploads\/2012\/03\/romaria_2_g04.jpg\"><img loading=\"lazy\" class=\"alignright size-full wp-image-12655\" title=\"In\u00edcio da Romaria\" src=\"http:\/\/franciscanos.org.br\/wp-content\/uploads\/2012\/03\/romaria_2_g04.jpg\" alt=\"\" width=\"300\" height=\"533\" \/><\/a>E o domingo veio com um belo dia de sol e c\u00e9u azul! Mais uma vez, o povo de Joa\u00e7aba e cidades vizinhas deram uma grande demonstra\u00e7\u00e3o de f\u00e9, que teve in\u00edcio \u00e0s 8 horas em frente \u00e0 Catedral Santa Terezinha e terminou s\u00f3 \u00e0s 11 horas no Cemit\u00e9rio Frei Edgar, depois da celebra\u00e7\u00e3o eucar\u00edstica. Essa grande manifesta\u00e7\u00e3o fez com que Frei Giovangiuseppe esquecesse o lado t\u00e9cnico do processo e confessasse ao povo que estava emocionado. Para Frei Est\u00eav\u00e3o, contudo, foi ainda mais longe ao dizer: &#8220;Por que voc\u00eas n\u00e3o come\u00e7aram antes este processo de beatifica\u00e7\u00e3o?&#8221;<\/p>\n<p>\u00c9 sempre assim. Quem participa pela primeira vez da Romaria n\u00e3o consegue se emocionar com a grandiosidade do evento. Segundo c\u00e1lculos da Pol\u00edcia Militar de Joa\u00e7aba, cerca de 50 mil pessoas caminharam devotamente pelo trajeto de 3,5 quil\u00f4metros entre a Catedral e o Cemit\u00e9rio.<\/p>\n<p>No ano passado, Dom M\u00e1rio Marquez tomou posse na Diocese no dia 19 de janeiro e, em mar\u00e7o, via essa grande manifesta\u00e7\u00e3o de f\u00e9 do povo, que debaixo de um forte temporal marchou pelas ruas. Foi tamb\u00e9m a primeira vez que Frei Est\u00eav\u00e3o viu o povo nas ruas e anunciou que a Prov\u00edncia da Imaculada Concei\u00e7\u00e3o assumia a causa de Frei Bruno e Dom M\u00e1rio garantia que daria todo apoio para iniciar o processo de beatifica\u00e7\u00e3o.<\/p>\n<p>Em um ano, o bispo da Diocese e a Prov\u00edncia Franciscana iniciaram os trabalhos que, a partir de agora, com a vinda do Postulador da Causa dos Santos da Ordem Franciscana, ter\u00e1 um caminho longo pela frente, mas seguro.<\/p>\n<p><strong>A multid\u00e3o da f\u00e9<\/strong><\/p>\n<p>A exemplo de 2010, quando a vig\u00e9sima edi\u00e7\u00e3o da Romaria lembrava dos 50 anos da morte do frade franciscano, o sol brilhou e levou uma multid\u00e3o para as ruas. J\u00e1 \u00e0s 7 horas, o povo come\u00e7ava a se concentrar em frente \u00e0 Catedral de Joa\u00e7aba, especialmente na sua lateral direita, onde est\u00e1 o vel\u00e1rio em frente ao busto de Frei Bruno. \u00c0s 8 horas, Dom M\u00e1rio, o Postulador, frades e sacerdotes se posicionaram \u00e0 frente da romaria. Na vizinha Luzerna, outra Romaria dava a partida um pouco antes, \u00e0s 7h30, tendo em vista que a dist\u00e2ncia at\u00e9 o cemit\u00e9rio de Joa\u00e7aba \u00e9 maior (6 quil\u00f4metros).<\/p>\n<p><a href=\"http:\/\/franciscanos.org.br\/wp-content\/uploads\/2012\/03\/romaria_3_g04.jpg\"><img loading=\"lazy\" class=\"alignleft size-full wp-image-12656\" title=\"Trajeto tomado pela multid\u00e3o\" src=\"http:\/\/franciscanos.org.br\/wp-content\/uploads\/2012\/03\/romaria_3_g04.jpg\" alt=\"\" width=\"400\" height=\"225\" \/><\/a>Com um sistema de som perfeito durante todo o percurso de 3,5 quil\u00f4metros, o povo acompanhou com devo\u00e7\u00e3o, rezando e cantando a Via Sacra. A cada metro, a cada quil\u00f4metro, o povo ia engrossando a marcha. Na ponte que liga a Herval d&#8217;Oeste, uma grande multid\u00e3o se juntou \u00e0 romaria. Nas proximidades do cemit\u00e9rio, um momento emocionante, quando as romarias de Joa\u00e7aba e Luzerna se encontraram e foram lentamente para a parte central do cemit\u00e9rio, onde foi armado um palco com o altar para a celebra\u00e7\u00e3o eucar\u00edstica. Neste ano, o palco estava de frente para o jazigo dos frades, onde est\u00e1 sepultado Frei Bruno.<\/p>\n<p>Enquanto, o presidente da celebra\u00e7\u00e3o, Dom M\u00e1rio, e os 18 sacerdotes esperavam a finaliza\u00e7\u00e3o da Romaria, o povo aproveitava para acender velas e rezar no t\u00famulo de Frei Bruno, ou fugir do sol na sombra das \u00e1rvores e arbutos do cemit\u00e9rio.<\/p>\n<p><a href=\"http:\/\/franciscanos.org.br\/wp-content\/uploads\/2012\/03\/romaria_4_g04.jpg\"><img loading=\"lazy\" class=\"alignright size-full wp-image-12657\" title=\"D. M\u00e1rio\" src=\"http:\/\/franciscanos.org.br\/wp-content\/uploads\/2012\/03\/romaria_4_g04.jpg\" alt=\"\" width=\"350\" height=\"476\" \/><\/a>Na sua homilia, Dom M\u00e1rio falou pouco, mas o suficiente para ressaltar as virtudes e a vida de santidade de Frei Bruno. &#8220;O segundo domingo da Quaresma nos mostra o exemplo de Abra\u00e3o para sermos fi\u00e9is e obedientes a Deus. F\u00e9 e fidelidade acompanharam a vida de Abra\u00e3o, pai da f\u00e9 e do povo de Israel e tamb\u00e9m de todos n\u00f3s. Frei Bruno tamb\u00e9m foi um homem de f\u00e9 e fidelidade a Deus, buscando servir, como mission\u00e1rio franciscano, a Deus e ao povo de Deus. Homem despojado, livre para deixar-se conduzir pelos des\u00edgnios de Deus para o bem da humanidade. Somos agraciados pela passagem deste nosso irm\u00e3o que consideramos santo e que muito bem realizou em nossa regi\u00e3o&#8221;, disse.<\/p>\n<p>Depois, citando a transfigura\u00e7\u00e3o do Senhor no Monte Tabor, segundo a leitura do Evangelho, lembrou que Frei Bruno, na sua passagem por este mundo, soube se identificar com os que sofrem, levando a esperan\u00e7a e a liberta\u00e7\u00e3o dos males, aconselhando, aben\u00e7oando, orientando e perdoando os pecados em nome do Senhor. &#8220;Como mission\u00e1rio soube tamb\u00e9m dialogar com todas as realidades do seu tempo, por vales e montanhas, levava a Palavra de Deus e os ensinamentos do Evangelho e da Igreja. Que esta Romaria Penitencial nos convide a sermos santos mission\u00e1rios como foi Frei Bruno&#8221;, disse, chamando Frei Giovangiuseppe e Frei Est\u00eav\u00e3o para, atrav\u00e9s de suas mensagens, apresentarem alguns encaminhamentos, orineta\u00e7\u00f5es e esperan\u00e7a sobre esta causa.<\/p>\n<p><strong>Mensagem de esperan\u00e7a<\/strong><\/p>\n<p><a href=\"http:\/\/franciscanos.org.br\/wp-content\/uploads\/2012\/03\/romaria_5_g04.jpg\"><img loading=\"lazy\" class=\"alignleft size-full wp-image-12658\" title=\"romaria_5_g04\" src=\"http:\/\/franciscanos.org.br\/wp-content\/uploads\/2012\/03\/romaria_5_g04.jpg\" alt=\"\" width=\"400\" height=\"309\" \/><\/a>A mensagem do Postulador trouxe alegria e esperan\u00e7a para o povo catarinense e brasileiro. Depois de agradecer ao bispo pelo convite, de agradecer as autoridades e, de modo especial, os grupos que trabalham nesta causa de Frei Bruno, o Postulador Geral da Ordem Franciscana confessou sua emo\u00e7\u00e3o por ver esta manifesta\u00e7\u00e3o de f\u00e9 e disse: &#8220;Eu me perguntei durante a caminhada o que faz com que tanta gente, durante tantos anos, se coloquem em marcha para estar presente num dia como hoje? A resposta vem da Evangelho que acabamos de ouvir. Jesus nos revela o seu rosto resplandecente. \u00c9 isso que nos atrai.<\/p>\n<p>Como os ap\u00f3stolos, temos a mesma rea\u00e7\u00e3o: &#8220;Vamos ficar aqui&#8221;. Vamos construir tendas. \u00c9 bom estarmos aqui&#8221;, falou.<\/p>\n<p>&#8220;Ningu\u00e9m de n\u00f3s teve ocasi\u00e3o de ver o rosto resplandecente de Deus. Mas vemos, principalmente, este rosto resplandecente de Jesus presente na Igreja e dos seus servos. Conta-se da vida de S\u00e3o Francisco que um dia, perto da Capelinha de S\u00e3o Dami\u00e3o, ele encontrou o leproso. E S\u00e3o Francisco foi ao encontro dele para abra\u00e7\u00e1-lo e beij\u00e1-lo. O que S\u00e3o Francisco viu nesta pessoa doente? E o que o leproso viu em S\u00e3o Francisco? Certamente, ambos viram resplandecer o rosto de Jesus&#8221;, explicou, ilustrando tamb\u00e9m com um exemplo recente como a beatifica\u00e7\u00e3o de\u00a0 Jo\u00e3o Paulo II.<\/p>\n<p>&#8220;Certamente descobrimos nele o rosto de Jesus Bom Pastor. E assim certamente aconteceu a muitos que conheceram a Frei Bruno e mesmo n\u00f3s, ouvindo contar a vida dele, descobrimos nele esse rosto de Deus&#8221;, acrescentou.<\/p>\n<p>Segundo o Postulador, ao iniciar o processo de beatifica\u00e7\u00e3o, \u00e9 preciso buscar no testemunho de todos aqueles que viram no rosto de Frei Bruno a manifesta\u00e7\u00e3o do rosto de Deus.<\/p>\n<p><a href=\"http:\/\/franciscanos.org.br\/wp-content\/uploads\/2012\/03\/romaria_g_g04.jpg\"><img loading=\"lazy\" class=\"alignright size-full wp-image-12659\" title=\"Celebra\u00e7\u00e3o eucar\u00edstica\" src=\"http:\/\/franciscanos.org.br\/wp-content\/uploads\/2012\/03\/romaria_g_g04.jpg\" alt=\"\" width=\"400\" height=\"225\" \/><\/a>&#8220;Essa vai ser uma fase muito bonita, a\u00a0 de recolher esses testemunhos para a Diocese e para a Ordem Franciscana. Agora, \u00e9 muito importante que nesta fase em que nos encontramos se redobrem a ora\u00e7\u00e3o&#8221;, disse, para o bom andamento do processo de canoniza\u00e7\u00e3o de Frei Bruno. Mas ele tamb\u00e9m enfatizou: &#8220;N\u00e3o devemos apenas nos gloriar de termos um santo em nossa vida, mas todos n\u00f3s devemos ter esse desejo de sermos santos&#8221;.<\/p>\n<p>Para ele, come\u00e7ar esse processo de beatifica\u00e7\u00e3o \u00e9 assumir um grande compromisso diante da Igreja. &#8220;Por isso, desejo que todos voc\u00eas aqui presentes transformem essa venera\u00e7\u00e3o por Frei Bruno em um grande desejo de convers\u00e3o&#8221;.<\/p>\n<p>E finalizou: &#8220;Eu tenho certeza que Deus vai aben\u00e7oar este nosso esfor\u00e7o, este nosso processo que iniciamos. A ele colocamos todos nossos anseios, todos nossos desejos, todo nosso trabalho para que, quem sabe, um dia possamos olhar Frei Bruno como beato e quem sabe at\u00e9 como santo&#8221;.<\/p>\n<p><strong>Testemunhos de f\u00e9<\/strong><\/p>\n<p><a href=\"http:\/\/franciscanos.org.br\/wp-content\/uploads\/2012\/03\/romaria_7_g04.jpg\"><img loading=\"lazy\" class=\"alignleft size-full wp-image-12660\" title=\"Lucas e o santinho de Frei Bruno\" src=\"http:\/\/franciscanos.org.br\/wp-content\/uploads\/2012\/03\/romaria_7_g04.jpg\" alt=\"\" width=\"400\" height=\"225\" \/><\/a>Frei Clar\u00eancio Neotti tem a miss\u00e3o de escrever a vida de Frei Bruno. Ele ficou impressionado com a devo\u00e7\u00e3o das pessoas durante todo o processo. &#8220;A devo\u00e7\u00e3o era vis\u00edvel nas pessoas&#8221;. Desde pessoas idosas at\u00e9 jovens, a devo\u00e7\u00e3o a Frei Bruno cresce, como pequeno Lucas que acompanhou a Romaria e celebra\u00e7\u00e3o o tempo todo com o santinho de Frei Bruno nas m\u00e3os.<\/p>\n<p>J\u00e1 as pessoas com mais de 60 anos conheceram Frei Bruno, como \u00e9 o caso do casal Ari e Orx\u00e9lia Soares de Lima, casados h\u00e1 49 anos casados. Orx\u00e9lia lembra bem de Frei Bruno como se fosse hoje. &#8220;Eu era empregada dom\u00e9stica e participei da Associa\u00e7\u00e3o que ele criou para n\u00f3s. Ele queria que n\u00f3s n\u00e3o fic\u00e1ssemos longe da Igreja e, por isso, encontrou uma forma de nos reunir&#8221;.<\/p>\n<p>Para o casal, Frei Bruno era um santo em vida. &#8220;Quantas vezes o vimos andando pelas ruas e estradas no seu trabalho de evangeliza\u00e7\u00e3o. Para ele n\u00e3o havia tempo ruim, pois estava sempre pronto&#8221;, diz Ari. &#8220;O que impressionava era o fato de n\u00e3o aceitar carona e s\u00f3 andar a p\u00e9&#8221;, contam.<\/p>\n<p><a href=\"http:\/\/franciscanos.org.br\/wp-content\/uploads\/2012\/03\/romaria_8_g05.jpg\"><img loading=\"lazy\" class=\"alignright size-full wp-image-12661\" title=\"Ari e Orx\u00e9lia\" src=\"http:\/\/franciscanos.org.br\/wp-content\/uploads\/2012\/03\/romaria_8_g05.jpg\" alt=\"\" width=\"300\" height=\"236\" \/><\/a>Os dois n\u00e3o t\u00eam d\u00favida: o povo j\u00e1 canonizou Frei Bruno, falta a Igreja canonizar. Um pouco desta demonstra\u00e7\u00e3o de f\u00e9 est\u00e1 na participa\u00e7\u00e3o de todas as Romarias.<\/p>\n<p>Dona Vildes Dalppozol tamb\u00e9m participou de todas as Romarias. &#8220;Minha f\u00e9 em Frei Bruno come\u00e7ou por causa de minha irm\u00e3s mais velho, que o conheceu&#8221;, contou. Desde ent\u00e3o, Vildes n\u00e3o pensa duas vezes em pedir a sua intercess\u00e3o.<\/p>\n<p>Para Elza Beber, o processo de beatifica\u00e7\u00e3o vai andar r\u00e1pido porque &#8220;ele j\u00e1 \u00e9 santo para n\u00f3s&#8221;.<\/p>\n<p><strong>Crescimento da Romaria<\/strong><\/p>\n<p>A cada ano, a Romaria vem se estruturando. Com o apoio da Associa\u00e7\u00e3o Amigos de Frei Bruno, atrav\u00e9s de sua presidente Alcione Weiss, da Prefeitura, que \u00e9 governada pelo jovem prefeito Rafael Laske, e a Catedral Santa Terezinha, tendo \u00e0 frente do p\u00e1roco Pe. Paulo Ramos, o evento cresce e j\u00e1 faz parte do calend\u00e1rio religioso catarinense.<\/p>\n<p>&nbsp;<\/p>\n","protected":false},"excerpt":{"rendered":"<p>Romaria Penitencial<\/p>\n","protected":false},"author":1,"featured_media":210811,"comment_status":"closed","ping_status":"open","sticky":false,"template":"","format":"standard","meta":[],"categories":[1],"tags":[873,192,193],"acf":[],"yoast_head":"<!-- This site is optimized with the Yoast SEO plugin v19.2 - https:\/\/yoast.com\/wordpress\/plugins\/seo\/ -->\n<title>Demonstra\u00e7\u00e3o de f\u00e9 em Frei Bruno emociona Postulador da Ordem Franciscana - Not\u00edcias - Franciscanos<\/title>\n<meta name=\"robots\" content=\"index, follow, max-snippet:-1, max-image-preview:large, max-video-preview:-1\" \/>\n<link rel=\"canonical\" href=\"https:\/\/franciscanos.org.br\/noticias\/demonstracao-de-fe-em-frei-bruno-emociona-postulador-da-ordem-franciscana.html\" \/>\n<meta property=\"og:locale\" content=\"pt_BR\" \/>\n<meta property=\"og:type\" content=\"article\" \/>\n<meta property=\"og:title\" content=\"Demonstra\u00e7\u00e3o de f\u00e9 em Frei Bruno emociona Postulador da Ordem Franciscana - Not\u00edcias - Franciscanos\" \/>\n<meta property=\"og:description\" content=\"Romaria Penitencial\" \/>\n<meta property=\"og:url\" content=\"https:\/\/franciscanos.org.br\/noticias\/demonstracao-de-fe-em-frei-bruno-emociona-postulador-da-ordem-franciscana.html\" \/>\n<meta property=\"og:site_name\" content=\"Not\u00edcias - Franciscanos\" \/>\n<meta property=\"article:published_time\" content=\"2012-03-04T23:34:45+00:00\" \/>\n<meta property=\"article:modified_time\" content=\"2020-11-09T18:39:17+00:00\" \/>\n<meta property=\"og:image\" content=\"https:\/\/franciscanos.org.br\/noticias\/wp-content\/uploads\/2012\/03\/romaria_2_g04.jpg\" \/>\n\t<meta property=\"og:image:width\" content=\"273\" \/>\n\t<meta property=\"og:image:height\" content=\"181\" \/>\n\t<meta property=\"og:image:type\" content=\"image\/jpeg\" \/>\n<meta name=\"author\" content=\"admin\" \/>\n<meta name=\"twitter:card\" content=\"summary_large_image\" \/>\n<meta name=\"twitter:label1\" content=\"Escrito por\" \/>\n\t<meta name=\"twitter:data1\" content=\"admin\" \/>\n\t<meta name=\"twitter:label2\" content=\"Est. tempo de leitura\" \/>\n\t<meta name=\"twitter:data2\" content=\"9 minutos\" \/>\n<script type=\"application\/ld+json\" class=\"yoast-schema-graph\">{\"@context\":\"https:\/\/schema.org\",\"@graph\":[{\"@type\":\"WebSite\",\"@id\":\"https:\/\/franciscanos.org.br\/noticias\/#website\",\"url\":\"https:\/\/franciscanos.org.br\/noticias\/\",\"name\":\"Not\u00edcias - Franciscanos\",\"description\":\"Prov\u00edncia Franciscana da Imaculada Concei\u00e7\u00e3o do Brasil - Ordem dos Frades Menores - OFM\",\"potentialAction\":[{\"@type\":\"SearchAction\",\"target\":{\"@type\":\"EntryPoint\",\"urlTemplate\":\"https:\/\/franciscanos.org.br\/noticias\/?s={search_term_string}\"},\"query-input\":\"required name=search_term_string\"}],\"inLanguage\":\"pt-BR\"},{\"@type\":\"ImageObject\",\"inLanguage\":\"pt-BR\",\"@id\":\"https:\/\/franciscanos.org.br\/noticias\/demonstracao-de-fe-em-frei-bruno-emociona-postulador-da-ordem-franciscana.html#primaryimage\",\"url\":\"https:\/\/franciscanos.org.br\/noticias\/wp-content\/uploads\/2012\/03\/romaria_2_g04.jpg\",\"contentUrl\":\"https:\/\/franciscanos.org.br\/noticias\/wp-content\/uploads\/2012\/03\/romaria_2_g04.jpg\",\"width\":273,\"height\":181},{\"@type\":\"WebPage\",\"@id\":\"https:\/\/franciscanos.org.br\/noticias\/demonstracao-de-fe-em-frei-bruno-emociona-postulador-da-ordem-franciscana.html#webpage\",\"url\":\"https:\/\/franciscanos.org.br\/noticias\/demonstracao-de-fe-em-frei-bruno-emociona-postulador-da-ordem-franciscana.html\",\"name\":\"Demonstra\u00e7\u00e3o de f\u00e9 em Frei Bruno emociona Postulador da Ordem Franciscana - Not\u00edcias - Franciscanos\",\"isPartOf\":{\"@id\":\"https:\/\/franciscanos.org.br\/noticias\/#website\"},\"primaryImageOfPage\":{\"@id\":\"https:\/\/franciscanos.org.br\/noticias\/demonstracao-de-fe-em-frei-bruno-emociona-postulador-da-ordem-franciscana.html#primaryimage\"},\"datePublished\":\"2012-03-04T23:34:45+00:00\",\"dateModified\":\"2020-11-09T18:39:17+00:00\",\"author\":{\"@id\":\"https:\/\/franciscanos.org.br\/noticias\/#\/schema\/person\/b38fbf43118f02820bd932f2e4b14ad3\"},\"breadcrumb\":{\"@id\":\"https:\/\/franciscanos.org.br\/noticias\/demonstracao-de-fe-em-frei-bruno-emociona-postulador-da-ordem-franciscana.html#breadcrumb\"},\"inLanguage\":\"pt-BR\",\"potentialAction\":[{\"@type\":\"ReadAction\",\"target\":[\"https:\/\/franciscanos.org.br\/noticias\/demonstracao-de-fe-em-frei-bruno-emociona-postulador-da-ordem-franciscana.html\"]}]},{\"@type\":\"BreadcrumbList\",\"@id\":\"https:\/\/franciscanos.org.br\/noticias\/demonstracao-de-fe-em-frei-bruno-emociona-postulador-da-ordem-franciscana.html#breadcrumb\",\"itemListElement\":[{\"@type\":\"ListItem\",\"position\":1,\"name\":\"Home\",\"item\":\"https:\/\/franciscanos.org.br\/noticias\"},{\"@type\":\"ListItem\",\"position\":2,\"name\":\"Demonstra\u00e7\u00e3o de f\u00e9 em Frei Bruno emociona Postulador da Ordem Franciscana\"}]},{\"@type\":\"Person\",\"@id\":\"https:\/\/franciscanos.org.br\/noticias\/#\/schema\/person\/b38fbf43118f02820bd932f2e4b14ad3\",\"name\":\"admin\",\"image\":{\"@type\":\"ImageObject\",\"inLanguage\":\"pt-BR\",\"@id\":\"https:\/\/franciscanos.org.br\/noticias\/#\/schema\/person\/image\/\",\"url\":\"https:\/\/secure.gravatar.com\/avatar\/e8495742d34d0ba6448ea1c628263b3e?s=96&d=mm&r=g\",\"contentUrl\":\"https:\/\/secure.gravatar.com\/avatar\/e8495742d34d0ba6448ea1c628263b3e?s=96&d=mm&r=g\",\"caption\":\"admin\"},\"url\":\"https:\/\/franciscanos.org.br\/noticias\/author\/admin\"}]}<\/script>\n<!-- \/ Yoast SEO plugin. -->","yoast_head_json":{"title":"Demonstra\u00e7\u00e3o de f\u00e9 em Frei Bruno emociona Postulador da Ordem Franciscana - Not\u00edcias - Franciscanos","robots":{"index":"index","follow":"follow","max-snippet":"max-snippet:-1","max-image-preview":"max-image-preview:large","max-video-preview":"max-video-preview:-1"},"canonical":"https:\/\/franciscanos.org.br\/noticias\/demonstracao-de-fe-em-frei-bruno-emociona-postulador-da-ordem-franciscana.html","og_locale":"pt_BR","og_type":"article","og_title":"Demonstra\u00e7\u00e3o de f\u00e9 em Frei Bruno emociona Postulador da Ordem Franciscana - Not\u00edcias - Franciscanos","og_description":"Romaria Penitencial","og_url":"https:\/\/franciscanos.org.br\/noticias\/demonstracao-de-fe-em-frei-bruno-emociona-postulador-da-ordem-franciscana.html","og_site_name":"Not\u00edcias - Franciscanos","article_published_time":"2012-03-04T23:34:45+00:00","article_modified_time":"2020-11-09T18:39:17+00:00","og_image":[{"width":273,"height":181,"url":"https:\/\/franciscanos.org.br\/noticias\/wp-content\/uploads\/2012\/03\/romaria_2_g04.jpg","type":"image\/jpeg"}],"author":"admin","twitter_card":"summary_large_image","twitter_misc":{"Escrito por":"admin","Est. tempo de leitura":"9 minutos"},"schema":{"@context":"https:\/\/schema.org","@graph":[{"@type":"WebSite","@id":"https:\/\/franciscanos.org.br\/noticias\/#website","url":"https:\/\/franciscanos.org.br\/noticias\/","name":"Not\u00edcias - Franciscanos","description":"Prov\u00edncia Franciscana da Imaculada Concei\u00e7\u00e3o do Brasil - Ordem dos Frades Menores - OFM","potentialAction":[{"@type":"SearchAction","target":{"@type":"EntryPoint","urlTemplate":"https:\/\/franciscanos.org.br\/noticias\/?s={search_term_string}"},"query-input":"required name=search_term_string"}],"inLanguage":"pt-BR"},{"@type":"ImageObject","inLanguage":"pt-BR","@id":"https:\/\/franciscanos.org.br\/noticias\/demonstracao-de-fe-em-frei-bruno-emociona-postulador-da-ordem-franciscana.html#primaryimage","url":"https:\/\/franciscanos.org.br\/noticias\/wp-content\/uploads\/2012\/03\/romaria_2_g04.jpg","contentUrl":"https:\/\/franciscanos.org.br\/noticias\/wp-content\/uploads\/2012\/03\/romaria_2_g04.jpg","width":273,"height":181},{"@type":"WebPage","@id":"https:\/\/franciscanos.org.br\/noticias\/demonstracao-de-fe-em-frei-bruno-emociona-postulador-da-ordem-franciscana.html#webpage","url":"https:\/\/franciscanos.org.br\/noticias\/demonstracao-de-fe-em-frei-bruno-emociona-postulador-da-ordem-franciscana.html","name":"Demonstra\u00e7\u00e3o de f\u00e9 em Frei Bruno emociona Postulador da Ordem Franciscana - Not\u00edcias - Franciscanos","isPartOf":{"@id":"https:\/\/franciscanos.org.br\/noticias\/#website"},"primaryImageOfPage":{"@id":"https:\/\/franciscanos.org.br\/noticias\/demonstracao-de-fe-em-frei-bruno-emociona-postulador-da-ordem-franciscana.html#primaryimage"},"datePublished":"2012-03-04T23:34:45+00:00","dateModified":"2020-11-09T18:39:17+00:00","author":{"@id":"https:\/\/franciscanos.org.br\/noticias\/#\/schema\/person\/b38fbf43118f02820bd932f2e4b14ad3"},"breadcrumb":{"@id":"https:\/\/franciscanos.org.br\/noticias\/demonstracao-de-fe-em-frei-bruno-emociona-postulador-da-ordem-franciscana.html#breadcrumb"},"inLanguage":"pt-BR","potentialAction":[{"@type":"ReadAction","target":["https:\/\/franciscanos.org.br\/noticias\/demonstracao-de-fe-em-frei-bruno-emociona-postulador-da-ordem-franciscana.html"]}]},{"@type":"BreadcrumbList","@id":"https:\/\/franciscanos.org.br\/noticias\/demonstracao-de-fe-em-frei-bruno-emociona-postulador-da-ordem-franciscana.html#breadcrumb","itemListElement":[{"@type":"ListItem","position":1,"name":"Home","item":"https:\/\/franciscanos.org.br\/noticias"},{"@type":"ListItem","position":2,"name":"Demonstra\u00e7\u00e3o de f\u00e9 em Frei Bruno emociona Postulador da Ordem Franciscana"}]},{"@type":"Person","@id":"https:\/\/franciscanos.org.br\/noticias\/#\/schema\/person\/b38fbf43118f02820bd932f2e4b14ad3","name":"admin","image":{"@type":"ImageObject","inLanguage":"pt-BR","@id":"https:\/\/franciscanos.org.br\/noticias\/#\/schema\/person\/image\/","url":"https:\/\/secure.gravatar.com\/avatar\/e8495742d34d0ba6448ea1c628263b3e?s=96&d=mm&r=g","contentUrl":"https:\/\/secure.gravatar.com\/avatar\/e8495742d34d0ba6448ea1c628263b3e?s=96&d=mm&r=g","caption":"admin"},"url":"https:\/\/franciscanos.org.br\/noticias\/author\/admin"}]}},"_links":{"self":[{"href":"https:\/\/franciscanos.org.br\/noticias\/wp-json\/wp\/v2\/posts\/12635"}],"collection":[{"href":"https:\/\/franciscanos.org.br\/noticias\/wp-json\/wp\/v2\/posts"}],"about":[{"href":"https:\/\/franciscanos.org.br\/noticias\/wp-json\/wp\/v2\/types\/post"}],"author":[{"embeddable":true,"href":"https:\/\/franciscanos.org.br\/noticias\/wp-json\/wp\/v2\/users\/1"}],"replies":[{"embeddable":true,"href":"https:\/\/franciscanos.org.br\/noticias\/wp-json\/wp\/v2\/comments?post=12635"}],"version-history":[{"count":1,"href":"https:\/\/franciscanos.org.br\/noticias\/wp-json\/wp\/v2\/posts\/12635\/revisions"}],"predecessor-version":[{"id":229101,"href":"https:\/\/franciscanos.org.br\/noticias\/wp-json\/wp\/v2\/posts\/12635\/revisions\/229101"}],"wp:featuredmedia":[{"embeddable":true,"href":"https:\/\/franciscanos.org.br\/noticias\/wp-json\/wp\/v2\/media\/210811"}],"wp:attachment":[{"href":"https:\/\/franciscanos.org.br\/noticias\/wp-json\/wp\/v2\/media?parent=12635"}],"wp:term":[{"taxonomy":"category","embeddable":true,"href":"https:\/\/franciscanos.org.br\/noticias\/wp-json\/wp\/v2\/categories?post=12635"},{"taxonomy":"post_tag","embeddable":true,"href":"https:\/\/franciscanos.org.br\/noticias\/wp-json\/wp\/v2\/tags?post=12635"}],"curies":[{"name":"wp","href":"https:\/\/api.w.org\/{rel}","templated":true}]}}