{"id":126342,"date":"2017-02-14T08:22:09","date_gmt":"2017-02-14T10:22:09","guid":{"rendered":"http:\/\/franciscanos.org.br\/?p=126342"},"modified":"2019-01-23T11:42:32","modified_gmt":"2019-01-23T13:42:32","slug":"hoje-dia-de-sao-valentim-padroeiro-dos-namorados","status":"publish","type":"post","link":"https:\/\/franciscanos.org.br\/noticias\/hoje-dia-de-sao-valentim-padroeiro-dos-namorados.html","title":{"rendered":"Hoje, dia de S\u00e3o Valentim, padroeiro dos namorados"},"content":{"rendered":"<div id=\"attachment_126343\" style=\"width: 666px\" class=\"wp-caption alignleft\"><img aria-describedby=\"caption-attachment-126343\" loading=\"lazy\" class=\"wp-image-126343\" src=\"http:\/\/franciscanos.org.br\/wp-content\/uploads\/2017\/02\/terni.jpg\" alt=\"terni\" width=\"656\" height=\"492\" \/><p id=\"caption-attachment-126343\" class=\"wp-caption-text\">Terni, na It\u00e1lia, durante a celebra\u00e7\u00e3o de S\u00e3o Valentim<\/p><\/div>\n<p>Valentim nasceu em <em>Interamna Nahars<\/em> (hoje Terni, na \u00dambria) em 176 d.C. A mais antiga not\u00edcia sobre ele \u00e9 um documento oficial da igreja dos s\u00e9culos V-VI d.C., onde aparece o anivers\u00e1rio da sua morte. Ainda no s\u00e9culo VIII, um outro documento narra alguns detalhes do mart\u00edrio: a tortura, a decapita\u00e7\u00e3o durante a noite, o enterro pelos disc\u00edpulos Pr\u00f3culus, \u00c9febo e Apol\u00f4nio. Outros textos do s\u00e9culo VI d.C. contam que S\u00e3o Valentim, bispo da cidade de Terni desde 197 d.C., j\u00e1 famoso pela caridade e pela humildade, foi convidado para Roma por um certo Cr\u00e1ton, orador grego e latim, para que curasse seu pr\u00f3prio filho doente h\u00e1 v\u00e1rios anos. Curado o jovem, Valentim converteu ao cristianismo Cr\u00e1ton e a sua fam\u00edlia, mas, preso pelos soldados romanos, foi decapitado. Era o dia 14 de Fevereiro de 273 d.C.<\/p>\n<p>A hist\u00f3ria de S\u00e3o Valentim tem finais diferentes. De acordo com uma vers\u00e3o, quando o imperador Aureliano ordenou a persegui\u00e7\u00e3o dos crist\u00e3os, S\u00e3o Valentim foi preso e a\u00e7oitado na Via Flam\u00ednia, longe da cidade para evitar tumultos e repres\u00e1lias dos fi\u00e9is. A segunda vers\u00e3o diz que, em 273 d.C., o bispo Valentim, famoso por ter casado um pag\u00e3o e uma crist\u00e3, foi convidado para Roma pelo imperador Claudius II que tentou convenc\u00ea-lo a se converter novamente para o paganismo. Valentim, com dignidade, se recusou a renunciar \u00e0 sua f\u00e9 e, imprudentemente, tentou por sua vez converter Claudius II ao cristianismo.<\/p>\n<p>No dia 14 de Fevereiro de 273 d.C. Valentim foi apedrejado e depois decapitado.<\/p>\n<p>Parece que as rel\u00edquias do santo foram levadas para a cidade de Terni pelos tr\u00eas disc\u00edpulos do fil\u00f3sofo convertidos pelo futuro santo, e que por esta raz\u00e3o foram martirizados. Seus restos mortais foram enterrados na LXIII milha da Via Flam\u00ednia, em Terni, num cemit\u00e9rio pag\u00e3o, perto do local onde hoje fica a bas\u00edlica a ele consagrada.<\/p>\n<p>Em 1605 o bispo Giovanni Antonio Onorati, obtida a permiss\u00e3o pelo Papa Paulo V, fez iniciar a busca do corpo do santo. H\u00e1 algum tempo tinham come\u00e7ado as buscas dos primeiros m\u00e1rtires da Igreja, para autenticar a exist\u00eancia delas e acrescentar a venera\u00e7\u00e3o. O corpo de S\u00e3o Valentim foi logo encontrado numa caixa de chumbo, contida numa urna de m\u00e1rmore, grosseira exteriormente, mas muito bem esculpida com relevos no interior. A cabe\u00e7a estava separada do tronco, o que confirmou o conto da morte do santo por decapita\u00e7\u00e3o. Assim, achada finalmente a rel\u00edquia mais importante, decidiu-se construir uma nova bas\u00edlica mesmo por cima do corpo do bispo m\u00e1rtir. A Bas\u00edlica de S\u00e3o Valentim s\u00f3 foi conclu\u00edda no s\u00e9culo XVII.<\/p>\n<p><img loading=\"lazy\" class=\"alignleft  wp-image-126344\" src=\"http:\/\/franciscanos.org.br\/wp-content\/uploads\/2017\/02\/valentim_140217.jpg\" alt=\"valentim_140217\" width=\"260\" height=\"405\" \/>Conta-se\u00a0que ele foi o primeiro religioso que celebrou a uni\u00e3o entre um legion\u00e1rio pag\u00e3o e uma jovem crist\u00e3. J\u00e1 bispo de Terni, na regi\u00e3o da \u00dambria, a 110 km ao norte de Roma, ele uniu por casamento a crist\u00e3 Ser\u00e1pia e centuri\u00e3o romano Sabino: a uni\u00e3o n\u00e3o era aceita pelos pais da mo\u00e7a, mas foi superada a resist\u00eancia deles depois que se descobriu que a jovem estava gravemente doente. O centuri\u00e3o chamou Valentim \u00e0 cabeceira da jovem que estava para morrer e pediu-lhe para nunca mais ser separado da sua amada: o bispo batizou Sabino e celebrou o casamento, mas depois disso os dois amantes morreram juntos\u2026<\/p>\n<p>Outra lenda narra que um dia, o bispo, caminhando, e vendo dois jovens brigar, se aproximou deles com uma rosa e os convidou a segur\u00e1-la em suas m\u00e3os: foi s\u00f3 ap\u00f3s este gesto que os jovens se afastaram finalmente reconciliados.<\/p>\n<p>Outra vers\u00e3o desta hist\u00f3ria conta que o santo foi capaz de inspirar o amor em dois jovens, fazendo voar, em torno deles, v\u00e1rios casais de pombos que se trocavam doces gestos de carinho: \u00e9 mesmo desse epis\u00f3dio que se acha pode derivar a express\u00e3o \u201cpombinhos\u201d.<\/p>\n<p>E, nos \u00faltimos tempos, a tradi\u00e7\u00e3o de comemorar o Dia dos Namorados tamb\u00e9m chegou aos pa\u00edses orientais e at\u00e9 \u00e0\u2026 Faixa de Gaza. Acreditem! Hoje em dia S\u00e3o Valentim amolece cora\u00e7\u00f5es na China, na \u00cdndia, na Tail\u00e2ndia, nas Filipinas, na Indon\u00e9sia, na Palestina, no Jap\u00e3o, no Vietn\u00e3 e at\u00e9 no Paquist\u00e3o!<\/p>\n<p>Vale lembrar que no Brasil o Dia dos Namorados \u00e9 comemorado 12 de junho, pois \u00e9 v\u00e9spera do Dia de Santo Ant\u00f4nio, o santo casamenteiro.<\/p>\n","protected":false},"excerpt":{"rendered":"<p>Dia dos Namorados<\/p>\n","protected":false},"author":1,"featured_media":196032,"comment_status":"open","ping_status":"open","sticky":false,"template":"","format":"standard","meta":[],"categories":[1],"tags":[473],"acf":[],"yoast_head":"<!-- This site is optimized with the Yoast SEO plugin v19.2 - https:\/\/yoast.com\/wordpress\/plugins\/seo\/ -->\n<title>Hoje, dia de S\u00e3o Valentim, padroeiro dos namorados - Not\u00edcias - Franciscanos<\/title>\n<meta name=\"robots\" content=\"index, follow, max-snippet:-1, max-image-preview:large, max-video-preview:-1\" \/>\n<link rel=\"canonical\" href=\"https:\/\/franciscanos.org.br\/noticias\/hoje-dia-de-sao-valentim-padroeiro-dos-namorados.html\" \/>\n<meta property=\"og:locale\" content=\"pt_BR\" \/>\n<meta property=\"og:type\" content=\"article\" \/>\n<meta property=\"og:title\" content=\"Hoje, dia de S\u00e3o Valentim, padroeiro dos namorados - Not\u00edcias - Franciscanos\" \/>\n<meta property=\"og:description\" content=\"Dia dos Namorados\" \/>\n<meta property=\"og:url\" content=\"https:\/\/franciscanos.org.br\/noticias\/hoje-dia-de-sao-valentim-padroeiro-dos-namorados.html\" \/>\n<meta property=\"og:site_name\" content=\"Not\u00edcias - Franciscanos\" \/>\n<meta property=\"article:published_time\" content=\"2017-02-14T10:22:09+00:00\" \/>\n<meta property=\"article:modified_time\" content=\"2019-01-23T13:42:32+00:00\" \/>\n<meta property=\"og:image\" content=\"https:\/\/franciscanos.org.br\/noticias\/wp-content\/uploads\/2017\/02\/terni.jpg\" \/>\n\t<meta property=\"og:image:width\" content=\"273\" \/>\n\t<meta property=\"og:image:height\" content=\"181\" \/>\n\t<meta property=\"og:image:type\" content=\"image\/jpeg\" \/>\n<meta name=\"author\" content=\"admin\" \/>\n<meta name=\"twitter:card\" content=\"summary_large_image\" \/>\n<meta name=\"twitter:label1\" content=\"Escrito por\" \/>\n\t<meta name=\"twitter:data1\" content=\"admin\" \/>\n\t<meta name=\"twitter:label2\" content=\"Est. tempo de leitura\" \/>\n\t<meta name=\"twitter:data2\" content=\"4 minutos\" \/>\n<script type=\"application\/ld+json\" class=\"yoast-schema-graph\">{\"@context\":\"https:\/\/schema.org\",\"@graph\":[{\"@type\":\"WebSite\",\"@id\":\"https:\/\/franciscanos.org.br\/noticias\/#website\",\"url\":\"https:\/\/franciscanos.org.br\/noticias\/\",\"name\":\"Not\u00edcias - Franciscanos\",\"description\":\"Prov\u00edncia Franciscana da Imaculada Concei\u00e7\u00e3o do Brasil - Ordem dos Frades Menores - OFM\",\"potentialAction\":[{\"@type\":\"SearchAction\",\"target\":{\"@type\":\"EntryPoint\",\"urlTemplate\":\"https:\/\/franciscanos.org.br\/noticias\/?s={search_term_string}\"},\"query-input\":\"required name=search_term_string\"}],\"inLanguage\":\"pt-BR\"},{\"@type\":\"ImageObject\",\"inLanguage\":\"pt-BR\",\"@id\":\"https:\/\/franciscanos.org.br\/noticias\/hoje-dia-de-sao-valentim-padroeiro-dos-namorados.html#primaryimage\",\"url\":\"https:\/\/franciscanos.org.br\/noticias\/wp-content\/uploads\/2017\/02\/terni.jpg\",\"contentUrl\":\"https:\/\/franciscanos.org.br\/noticias\/wp-content\/uploads\/2017\/02\/terni.jpg\",\"width\":273,\"height\":181},{\"@type\":\"WebPage\",\"@id\":\"https:\/\/franciscanos.org.br\/noticias\/hoje-dia-de-sao-valentim-padroeiro-dos-namorados.html#webpage\",\"url\":\"https:\/\/franciscanos.org.br\/noticias\/hoje-dia-de-sao-valentim-padroeiro-dos-namorados.html\",\"name\":\"Hoje, dia de S\u00e3o Valentim, padroeiro dos namorados - Not\u00edcias - Franciscanos\",\"isPartOf\":{\"@id\":\"https:\/\/franciscanos.org.br\/noticias\/#website\"},\"primaryImageOfPage\":{\"@id\":\"https:\/\/franciscanos.org.br\/noticias\/hoje-dia-de-sao-valentim-padroeiro-dos-namorados.html#primaryimage\"},\"datePublished\":\"2017-02-14T10:22:09+00:00\",\"dateModified\":\"2019-01-23T13:42:32+00:00\",\"author\":{\"@id\":\"https:\/\/franciscanos.org.br\/noticias\/#\/schema\/person\/b38fbf43118f02820bd932f2e4b14ad3\"},\"breadcrumb\":{\"@id\":\"https:\/\/franciscanos.org.br\/noticias\/hoje-dia-de-sao-valentim-padroeiro-dos-namorados.html#breadcrumb\"},\"inLanguage\":\"pt-BR\",\"potentialAction\":[{\"@type\":\"ReadAction\",\"target\":[\"https:\/\/franciscanos.org.br\/noticias\/hoje-dia-de-sao-valentim-padroeiro-dos-namorados.html\"]}]},{\"@type\":\"BreadcrumbList\",\"@id\":\"https:\/\/franciscanos.org.br\/noticias\/hoje-dia-de-sao-valentim-padroeiro-dos-namorados.html#breadcrumb\",\"itemListElement\":[{\"@type\":\"ListItem\",\"position\":1,\"name\":\"Home\",\"item\":\"https:\/\/franciscanos.org.br\/noticias\"},{\"@type\":\"ListItem\",\"position\":2,\"name\":\"Hoje, dia de S\u00e3o Valentim, padroeiro dos namorados\"}]},{\"@type\":\"Person\",\"@id\":\"https:\/\/franciscanos.org.br\/noticias\/#\/schema\/person\/b38fbf43118f02820bd932f2e4b14ad3\",\"name\":\"admin\",\"image\":{\"@type\":\"ImageObject\",\"inLanguage\":\"pt-BR\",\"@id\":\"https:\/\/franciscanos.org.br\/noticias\/#\/schema\/person\/image\/\",\"url\":\"https:\/\/secure.gravatar.com\/avatar\/e8495742d34d0ba6448ea1c628263b3e?s=96&d=mm&r=g\",\"contentUrl\":\"https:\/\/secure.gravatar.com\/avatar\/e8495742d34d0ba6448ea1c628263b3e?s=96&d=mm&r=g\",\"caption\":\"admin\"},\"url\":\"https:\/\/franciscanos.org.br\/noticias\/author\/admin\"}]}<\/script>\n<!-- \/ Yoast SEO plugin. -->","yoast_head_json":{"title":"Hoje, dia de S\u00e3o Valentim, padroeiro dos namorados - Not\u00edcias - Franciscanos","robots":{"index":"index","follow":"follow","max-snippet":"max-snippet:-1","max-image-preview":"max-image-preview:large","max-video-preview":"max-video-preview:-1"},"canonical":"https:\/\/franciscanos.org.br\/noticias\/hoje-dia-de-sao-valentim-padroeiro-dos-namorados.html","og_locale":"pt_BR","og_type":"article","og_title":"Hoje, dia de S\u00e3o Valentim, padroeiro dos namorados - Not\u00edcias - Franciscanos","og_description":"Dia dos Namorados","og_url":"https:\/\/franciscanos.org.br\/noticias\/hoje-dia-de-sao-valentim-padroeiro-dos-namorados.html","og_site_name":"Not\u00edcias - Franciscanos","article_published_time":"2017-02-14T10:22:09+00:00","article_modified_time":"2019-01-23T13:42:32+00:00","og_image":[{"width":273,"height":181,"url":"https:\/\/franciscanos.org.br\/noticias\/wp-content\/uploads\/2017\/02\/terni.jpg","type":"image\/jpeg"}],"author":"admin","twitter_card":"summary_large_image","twitter_misc":{"Escrito por":"admin","Est. tempo de leitura":"4 minutos"},"schema":{"@context":"https:\/\/schema.org","@graph":[{"@type":"WebSite","@id":"https:\/\/franciscanos.org.br\/noticias\/#website","url":"https:\/\/franciscanos.org.br\/noticias\/","name":"Not\u00edcias - Franciscanos","description":"Prov\u00edncia Franciscana da Imaculada Concei\u00e7\u00e3o do Brasil - Ordem dos Frades Menores - OFM","potentialAction":[{"@type":"SearchAction","target":{"@type":"EntryPoint","urlTemplate":"https:\/\/franciscanos.org.br\/noticias\/?s={search_term_string}"},"query-input":"required name=search_term_string"}],"inLanguage":"pt-BR"},{"@type":"ImageObject","inLanguage":"pt-BR","@id":"https:\/\/franciscanos.org.br\/noticias\/hoje-dia-de-sao-valentim-padroeiro-dos-namorados.html#primaryimage","url":"https:\/\/franciscanos.org.br\/noticias\/wp-content\/uploads\/2017\/02\/terni.jpg","contentUrl":"https:\/\/franciscanos.org.br\/noticias\/wp-content\/uploads\/2017\/02\/terni.jpg","width":273,"height":181},{"@type":"WebPage","@id":"https:\/\/franciscanos.org.br\/noticias\/hoje-dia-de-sao-valentim-padroeiro-dos-namorados.html#webpage","url":"https:\/\/franciscanos.org.br\/noticias\/hoje-dia-de-sao-valentim-padroeiro-dos-namorados.html","name":"Hoje, dia de S\u00e3o Valentim, padroeiro dos namorados - Not\u00edcias - Franciscanos","isPartOf":{"@id":"https:\/\/franciscanos.org.br\/noticias\/#website"},"primaryImageOfPage":{"@id":"https:\/\/franciscanos.org.br\/noticias\/hoje-dia-de-sao-valentim-padroeiro-dos-namorados.html#primaryimage"},"datePublished":"2017-02-14T10:22:09+00:00","dateModified":"2019-01-23T13:42:32+00:00","author":{"@id":"https:\/\/franciscanos.org.br\/noticias\/#\/schema\/person\/b38fbf43118f02820bd932f2e4b14ad3"},"breadcrumb":{"@id":"https:\/\/franciscanos.org.br\/noticias\/hoje-dia-de-sao-valentim-padroeiro-dos-namorados.html#breadcrumb"},"inLanguage":"pt-BR","potentialAction":[{"@type":"ReadAction","target":["https:\/\/franciscanos.org.br\/noticias\/hoje-dia-de-sao-valentim-padroeiro-dos-namorados.html"]}]},{"@type":"BreadcrumbList","@id":"https:\/\/franciscanos.org.br\/noticias\/hoje-dia-de-sao-valentim-padroeiro-dos-namorados.html#breadcrumb","itemListElement":[{"@type":"ListItem","position":1,"name":"Home","item":"https:\/\/franciscanos.org.br\/noticias"},{"@type":"ListItem","position":2,"name":"Hoje, dia de S\u00e3o Valentim, padroeiro dos namorados"}]},{"@type":"Person","@id":"https:\/\/franciscanos.org.br\/noticias\/#\/schema\/person\/b38fbf43118f02820bd932f2e4b14ad3","name":"admin","image":{"@type":"ImageObject","inLanguage":"pt-BR","@id":"https:\/\/franciscanos.org.br\/noticias\/#\/schema\/person\/image\/","url":"https:\/\/secure.gravatar.com\/avatar\/e8495742d34d0ba6448ea1c628263b3e?s=96&d=mm&r=g","contentUrl":"https:\/\/secure.gravatar.com\/avatar\/e8495742d34d0ba6448ea1c628263b3e?s=96&d=mm&r=g","caption":"admin"},"url":"https:\/\/franciscanos.org.br\/noticias\/author\/admin"}]}},"_links":{"self":[{"href":"https:\/\/franciscanos.org.br\/noticias\/wp-json\/wp\/v2\/posts\/126342"}],"collection":[{"href":"https:\/\/franciscanos.org.br\/noticias\/wp-json\/wp\/v2\/posts"}],"about":[{"href":"https:\/\/franciscanos.org.br\/noticias\/wp-json\/wp\/v2\/types\/post"}],"author":[{"embeddable":true,"href":"https:\/\/franciscanos.org.br\/noticias\/wp-json\/wp\/v2\/users\/1"}],"replies":[{"embeddable":true,"href":"https:\/\/franciscanos.org.br\/noticias\/wp-json\/wp\/v2\/comments?post=126342"}],"version-history":[{"count":0,"href":"https:\/\/franciscanos.org.br\/noticias\/wp-json\/wp\/v2\/posts\/126342\/revisions"}],"wp:featuredmedia":[{"embeddable":true,"href":"https:\/\/franciscanos.org.br\/noticias\/wp-json\/wp\/v2\/media\/196032"}],"wp:attachment":[{"href":"https:\/\/franciscanos.org.br\/noticias\/wp-json\/wp\/v2\/media?parent=126342"}],"wp:term":[{"taxonomy":"category","embeddable":true,"href":"https:\/\/franciscanos.org.br\/noticias\/wp-json\/wp\/v2\/categories?post=126342"},{"taxonomy":"post_tag","embeddable":true,"href":"https:\/\/franciscanos.org.br\/noticias\/wp-json\/wp\/v2\/tags?post=126342"}],"curies":[{"name":"wp","href":"https:\/\/api.w.org\/{rel}","templated":true}]}}