{"id":126332,"date":"2017-02-14T07:35:03","date_gmt":"2017-02-14T09:35:03","guid":{"rendered":"http:\/\/franciscanos.org.br\/?p=126332"},"modified":"2019-01-23T11:44:54","modified_gmt":"2019-01-23T13:44:54","slug":"bandidos-amarram-frei-e-roubam-dinheiro-do-convento-da-penha","status":"publish","type":"post","link":"https:\/\/franciscanos.org.br\/noticias\/bandidos-amarram-frei-e-roubam-dinheiro-do-convento-da-penha.html","title":{"rendered":"Frei Pedro \u00e9 amarrado e  roubado no Convento da Penha"},"content":{"rendered":"<p><img loading=\"lazy\" class=\"size-full wp-image-126333 alignleft\" src=\"http:\/\/franciscanos.org.br\/wp-content\/uploads\/2017\/02\/engel_140217.jpg\" alt=\"engel_140217\" width=\"600\" height=\"400\" \/>Frei Pedro Engel, de 80 anos, foi amarrado por criminosos na tarde desta segunda-feira (13), no Convento da Penha, em Vila Velha. De acordo com a Arquidiocese de Vit\u00f3ria, o frei estava a caminho de casa, dentro do Convento, quando foi abordado por dois jovens que se disfar\u00e7avam de fi\u00e9is, carregando ter\u00e7os nas m\u00e3os.<\/p>\n<p>Sem dar detalhes sobre a ocorr\u00eancia, a Arquidiocese informou que o frei foi levado para uma sala e foi amarrado. Os bandidos fugiram com dinheiro das ofertas arrecadado nas missas do Convento. O valor roubado n\u00e3o foi divulgado.<\/p>\n<p>O frei \u00e9 um dos respons\u00e1veis por cuidar do Convento da Penha. O religioso foi levado para o hospital com escoria\u00e7\u00f5es e feridas no corpo, mas j\u00e1 voltou para casa e passa bem.<\/p>\n<p>Por nota, a For\u00e7a-Tarefa Conjunta Capixaba informou que 32 militares do Ex\u00e9rcito foram acionados para ir at\u00e9 o local onde o crime ocorreu. Ao chegarem, estabeleceram a seguran\u00e7a do Convento e vasculharam a regi\u00e3o. Os criminosos n\u00e3o foram localizados.<\/p>\n<p>O Convento da Penha \u00e9 um dos santu\u00e1rios mais antigos do Brasil. L\u00e1 \u00e9 realizada a Festa da Penha, o terceiro maior evento religioso do pa\u00eds.<\/p>\n<p>Frei Paulo Roberto Pereira, guardi\u00e3o do Convento da Penha, havia solicitado refor\u00e7o ao 38\u00ba Batalh\u00e3o de Infantaria e a Guarda Municipal na \u00faltima sexta-feira (10), a fim de garantir a seguran\u00e7a dos fieis que frequentam o local.<\/p>\n<p>Apesar do incidente desta segunda-feira, as missas continuar\u00e3o a serem celebradas normalmente, segundo o guardi\u00e3o do Convento.<\/p>\n<p>\u201cVivemos tempos sombrios, mas seguimos crendo numa terra sem males. Pedimos a Deus que nos proteja neste momento de tanta inseguran\u00e7a em nosso Estado. N\u00e3o podemos permitir que nos matem a esperan\u00e7a\u201d, afirmou, em nota, Frei Paulo.<\/p>\n<p><strong>Nota do Convento da Penha<\/strong><\/p>\n<p style=\"text-align: justify; padding-left: 30px;\">&#8220;\u00c9 com tristeza que confirmamos que na tarde desta segunda-feira (13), o Convento da Penha foi invadido por criminosos que se passavam por fi\u00e9is. Al\u00e9m de roubarem o dinheiro das ofertas arrecadado nas missas, abordaram e amarraram o frei Pedro Engel, de 80 anos, enquanto iniciava o fechamento da igreja. O frei Pedro Engel foi encaminhado ao hospital, medicado e passa bem.<\/p>\n<p style=\"text-align: justify; padding-left: 30px;\">O Frei Paulo Roberto Pereira, guardi\u00e3o do Convento da Penha, havia solicitado refor\u00e7o ao 38\u00ba Batalh\u00e3o de Infantaria e a Guarda Municipal na \u00faltima sexta-feira (10), afim de garantir a seguran\u00e7a dos fieis que frequentam o local.<\/p>\n<p style=\"text-align: justify; padding-left: 30px;\">Apesar do incidente desta segunda-feira, as missas continuar\u00e3o a serem celebradas normalmente, segundo o guardi\u00e3o do Convento. \u201cVivemos tempos sombrios, mas seguimos crendo numa terra sem males. Pedimos a Deus que nos proteja neste momento de tanta inseguran\u00e7a em nosso Estado. N\u00e3o podemos permitir que nos matem a esperan\u00e7a\u201d, afirma Frei Paulo.&#8221;<\/p>\n<p style=\"text-align: justify; padding-left: 30px;\"><em>Not\u00edcia publicado pela Gazeta On Line<\/em><\/p>\n","protected":false},"excerpt":{"rendered":"<p>Viol\u00eancia no ES<\/p>\n","protected":false},"author":1,"featured_media":196036,"comment_status":"open","ping_status":"open","sticky":false,"template":"","format":"standard","meta":[],"categories":[1],"tags":[231],"acf":[],"yoast_head":"<!-- This site is optimized with the Yoast SEO plugin v19.2 - https:\/\/yoast.com\/wordpress\/plugins\/seo\/ -->\n<title>Frei Pedro \u00e9 amarrado e roubado no Convento da Penha - Not\u00edcias - Franciscanos<\/title>\n<meta name=\"robots\" content=\"index, follow, max-snippet:-1, max-image-preview:large, max-video-preview:-1\" \/>\n<link rel=\"canonical\" href=\"https:\/\/franciscanos.org.br\/noticias\/bandidos-amarram-frei-e-roubam-dinheiro-do-convento-da-penha.html\" \/>\n<meta property=\"og:locale\" content=\"pt_BR\" \/>\n<meta property=\"og:type\" content=\"article\" \/>\n<meta property=\"og:title\" content=\"Frei Pedro \u00e9 amarrado e roubado no Convento da Penha - Not\u00edcias - Franciscanos\" \/>\n<meta property=\"og:description\" content=\"Viol\u00eancia no ES\" \/>\n<meta property=\"og:url\" content=\"https:\/\/franciscanos.org.br\/noticias\/bandidos-amarram-frei-e-roubam-dinheiro-do-convento-da-penha.html\" \/>\n<meta property=\"og:site_name\" content=\"Not\u00edcias - Franciscanos\" \/>\n<meta property=\"article:published_time\" content=\"2017-02-14T09:35:03+00:00\" \/>\n<meta property=\"article:modified_time\" content=\"2019-01-23T13:44:54+00:00\" \/>\n<meta property=\"og:image\" content=\"https:\/\/franciscanos.org.br\/noticias\/wp-content\/uploads\/2017\/02\/engel_140217.jpg\" \/>\n\t<meta property=\"og:image:width\" content=\"273\" \/>\n\t<meta property=\"og:image:height\" content=\"182\" \/>\n\t<meta property=\"og:image:type\" content=\"image\/jpeg\" \/>\n<meta name=\"author\" content=\"admin\" \/>\n<meta name=\"twitter:card\" content=\"summary_large_image\" \/>\n<meta name=\"twitter:label1\" content=\"Escrito por\" \/>\n\t<meta name=\"twitter:data1\" content=\"admin\" \/>\n\t<meta name=\"twitter:label2\" content=\"Est. tempo de leitura\" \/>\n\t<meta name=\"twitter:data2\" content=\"2 minutos\" \/>\n<script type=\"application\/ld+json\" class=\"yoast-schema-graph\">{\"@context\":\"https:\/\/schema.org\",\"@graph\":[{\"@type\":\"WebSite\",\"@id\":\"https:\/\/franciscanos.org.br\/noticias\/#website\",\"url\":\"https:\/\/franciscanos.org.br\/noticias\/\",\"name\":\"Not\u00edcias - Franciscanos\",\"description\":\"Prov\u00edncia Franciscana da Imaculada Concei\u00e7\u00e3o do Brasil - Ordem dos Frades Menores - OFM\",\"potentialAction\":[{\"@type\":\"SearchAction\",\"target\":{\"@type\":\"EntryPoint\",\"urlTemplate\":\"https:\/\/franciscanos.org.br\/noticias\/?s={search_term_string}\"},\"query-input\":\"required name=search_term_string\"}],\"inLanguage\":\"pt-BR\"},{\"@type\":\"ImageObject\",\"inLanguage\":\"pt-BR\",\"@id\":\"https:\/\/franciscanos.org.br\/noticias\/bandidos-amarram-frei-e-roubam-dinheiro-do-convento-da-penha.html#primaryimage\",\"url\":\"https:\/\/franciscanos.org.br\/noticias\/wp-content\/uploads\/2017\/02\/engel_140217.jpg\",\"contentUrl\":\"https:\/\/franciscanos.org.br\/noticias\/wp-content\/uploads\/2017\/02\/engel_140217.jpg\",\"width\":273,\"height\":182},{\"@type\":\"WebPage\",\"@id\":\"https:\/\/franciscanos.org.br\/noticias\/bandidos-amarram-frei-e-roubam-dinheiro-do-convento-da-penha.html#webpage\",\"url\":\"https:\/\/franciscanos.org.br\/noticias\/bandidos-amarram-frei-e-roubam-dinheiro-do-convento-da-penha.html\",\"name\":\"Frei Pedro \u00e9 amarrado e roubado no Convento da Penha - Not\u00edcias - Franciscanos\",\"isPartOf\":{\"@id\":\"https:\/\/franciscanos.org.br\/noticias\/#website\"},\"primaryImageOfPage\":{\"@id\":\"https:\/\/franciscanos.org.br\/noticias\/bandidos-amarram-frei-e-roubam-dinheiro-do-convento-da-penha.html#primaryimage\"},\"datePublished\":\"2017-02-14T09:35:03+00:00\",\"dateModified\":\"2019-01-23T13:44:54+00:00\",\"author\":{\"@id\":\"https:\/\/franciscanos.org.br\/noticias\/#\/schema\/person\/b38fbf43118f02820bd932f2e4b14ad3\"},\"breadcrumb\":{\"@id\":\"https:\/\/franciscanos.org.br\/noticias\/bandidos-amarram-frei-e-roubam-dinheiro-do-convento-da-penha.html#breadcrumb\"},\"inLanguage\":\"pt-BR\",\"potentialAction\":[{\"@type\":\"ReadAction\",\"target\":[\"https:\/\/franciscanos.org.br\/noticias\/bandidos-amarram-frei-e-roubam-dinheiro-do-convento-da-penha.html\"]}]},{\"@type\":\"BreadcrumbList\",\"@id\":\"https:\/\/franciscanos.org.br\/noticias\/bandidos-amarram-frei-e-roubam-dinheiro-do-convento-da-penha.html#breadcrumb\",\"itemListElement\":[{\"@type\":\"ListItem\",\"position\":1,\"name\":\"Home\",\"item\":\"https:\/\/franciscanos.org.br\/noticias\"},{\"@type\":\"ListItem\",\"position\":2,\"name\":\"Frei Pedro \u00e9 amarrado e roubado no Convento da Penha\"}]},{\"@type\":\"Person\",\"@id\":\"https:\/\/franciscanos.org.br\/noticias\/#\/schema\/person\/b38fbf43118f02820bd932f2e4b14ad3\",\"name\":\"admin\",\"image\":{\"@type\":\"ImageObject\",\"inLanguage\":\"pt-BR\",\"@id\":\"https:\/\/franciscanos.org.br\/noticias\/#\/schema\/person\/image\/\",\"url\":\"https:\/\/secure.gravatar.com\/avatar\/e8495742d34d0ba6448ea1c628263b3e?s=96&d=mm&r=g\",\"contentUrl\":\"https:\/\/secure.gravatar.com\/avatar\/e8495742d34d0ba6448ea1c628263b3e?s=96&d=mm&r=g\",\"caption\":\"admin\"},\"url\":\"https:\/\/franciscanos.org.br\/noticias\/author\/admin\"}]}<\/script>\n<!-- \/ Yoast SEO plugin. -->","yoast_head_json":{"title":"Frei Pedro \u00e9 amarrado e roubado no Convento da Penha - Not\u00edcias - Franciscanos","robots":{"index":"index","follow":"follow","max-snippet":"max-snippet:-1","max-image-preview":"max-image-preview:large","max-video-preview":"max-video-preview:-1"},"canonical":"https:\/\/franciscanos.org.br\/noticias\/bandidos-amarram-frei-e-roubam-dinheiro-do-convento-da-penha.html","og_locale":"pt_BR","og_type":"article","og_title":"Frei Pedro \u00e9 amarrado e roubado no Convento da Penha - Not\u00edcias - Franciscanos","og_description":"Viol\u00eancia no ES","og_url":"https:\/\/franciscanos.org.br\/noticias\/bandidos-amarram-frei-e-roubam-dinheiro-do-convento-da-penha.html","og_site_name":"Not\u00edcias - Franciscanos","article_published_time":"2017-02-14T09:35:03+00:00","article_modified_time":"2019-01-23T13:44:54+00:00","og_image":[{"width":273,"height":182,"url":"https:\/\/franciscanos.org.br\/noticias\/wp-content\/uploads\/2017\/02\/engel_140217.jpg","type":"image\/jpeg"}],"author":"admin","twitter_card":"summary_large_image","twitter_misc":{"Escrito por":"admin","Est. tempo de leitura":"2 minutos"},"schema":{"@context":"https:\/\/schema.org","@graph":[{"@type":"WebSite","@id":"https:\/\/franciscanos.org.br\/noticias\/#website","url":"https:\/\/franciscanos.org.br\/noticias\/","name":"Not\u00edcias - Franciscanos","description":"Prov\u00edncia Franciscana da Imaculada Concei\u00e7\u00e3o do Brasil - Ordem dos Frades Menores - OFM","potentialAction":[{"@type":"SearchAction","target":{"@type":"EntryPoint","urlTemplate":"https:\/\/franciscanos.org.br\/noticias\/?s={search_term_string}"},"query-input":"required name=search_term_string"}],"inLanguage":"pt-BR"},{"@type":"ImageObject","inLanguage":"pt-BR","@id":"https:\/\/franciscanos.org.br\/noticias\/bandidos-amarram-frei-e-roubam-dinheiro-do-convento-da-penha.html#primaryimage","url":"https:\/\/franciscanos.org.br\/noticias\/wp-content\/uploads\/2017\/02\/engel_140217.jpg","contentUrl":"https:\/\/franciscanos.org.br\/noticias\/wp-content\/uploads\/2017\/02\/engel_140217.jpg","width":273,"height":182},{"@type":"WebPage","@id":"https:\/\/franciscanos.org.br\/noticias\/bandidos-amarram-frei-e-roubam-dinheiro-do-convento-da-penha.html#webpage","url":"https:\/\/franciscanos.org.br\/noticias\/bandidos-amarram-frei-e-roubam-dinheiro-do-convento-da-penha.html","name":"Frei Pedro \u00e9 amarrado e roubado no Convento da Penha - Not\u00edcias - Franciscanos","isPartOf":{"@id":"https:\/\/franciscanos.org.br\/noticias\/#website"},"primaryImageOfPage":{"@id":"https:\/\/franciscanos.org.br\/noticias\/bandidos-amarram-frei-e-roubam-dinheiro-do-convento-da-penha.html#primaryimage"},"datePublished":"2017-02-14T09:35:03+00:00","dateModified":"2019-01-23T13:44:54+00:00","author":{"@id":"https:\/\/franciscanos.org.br\/noticias\/#\/schema\/person\/b38fbf43118f02820bd932f2e4b14ad3"},"breadcrumb":{"@id":"https:\/\/franciscanos.org.br\/noticias\/bandidos-amarram-frei-e-roubam-dinheiro-do-convento-da-penha.html#breadcrumb"},"inLanguage":"pt-BR","potentialAction":[{"@type":"ReadAction","target":["https:\/\/franciscanos.org.br\/noticias\/bandidos-amarram-frei-e-roubam-dinheiro-do-convento-da-penha.html"]}]},{"@type":"BreadcrumbList","@id":"https:\/\/franciscanos.org.br\/noticias\/bandidos-amarram-frei-e-roubam-dinheiro-do-convento-da-penha.html#breadcrumb","itemListElement":[{"@type":"ListItem","position":1,"name":"Home","item":"https:\/\/franciscanos.org.br\/noticias"},{"@type":"ListItem","position":2,"name":"Frei Pedro \u00e9 amarrado e roubado no Convento da Penha"}]},{"@type":"Person","@id":"https:\/\/franciscanos.org.br\/noticias\/#\/schema\/person\/b38fbf43118f02820bd932f2e4b14ad3","name":"admin","image":{"@type":"ImageObject","inLanguage":"pt-BR","@id":"https:\/\/franciscanos.org.br\/noticias\/#\/schema\/person\/image\/","url":"https:\/\/secure.gravatar.com\/avatar\/e8495742d34d0ba6448ea1c628263b3e?s=96&d=mm&r=g","contentUrl":"https:\/\/secure.gravatar.com\/avatar\/e8495742d34d0ba6448ea1c628263b3e?s=96&d=mm&r=g","caption":"admin"},"url":"https:\/\/franciscanos.org.br\/noticias\/author\/admin"}]}},"_links":{"self":[{"href":"https:\/\/franciscanos.org.br\/noticias\/wp-json\/wp\/v2\/posts\/126332"}],"collection":[{"href":"https:\/\/franciscanos.org.br\/noticias\/wp-json\/wp\/v2\/posts"}],"about":[{"href":"https:\/\/franciscanos.org.br\/noticias\/wp-json\/wp\/v2\/types\/post"}],"author":[{"embeddable":true,"href":"https:\/\/franciscanos.org.br\/noticias\/wp-json\/wp\/v2\/users\/1"}],"replies":[{"embeddable":true,"href":"https:\/\/franciscanos.org.br\/noticias\/wp-json\/wp\/v2\/comments?post=126332"}],"version-history":[{"count":0,"href":"https:\/\/franciscanos.org.br\/noticias\/wp-json\/wp\/v2\/posts\/126332\/revisions"}],"wp:featuredmedia":[{"embeddable":true,"href":"https:\/\/franciscanos.org.br\/noticias\/wp-json\/wp\/v2\/media\/196036"}],"wp:attachment":[{"href":"https:\/\/franciscanos.org.br\/noticias\/wp-json\/wp\/v2\/media?parent=126332"}],"wp:term":[{"taxonomy":"category","embeddable":true,"href":"https:\/\/franciscanos.org.br\/noticias\/wp-json\/wp\/v2\/categories?post=126332"},{"taxonomy":"post_tag","embeddable":true,"href":"https:\/\/franciscanos.org.br\/noticias\/wp-json\/wp\/v2\/tags?post=126332"}],"curies":[{"name":"wp","href":"https:\/\/api.w.org\/{rel}","templated":true}]}}