{"id":126312,"date":"2017-02-13T10:00:26","date_gmt":"2017-02-13T12:00:26","guid":{"rendered":"http:\/\/franciscanos.org.br\/?p=126312"},"modified":"2020-06-09T10:38:52","modified_gmt":"2020-06-09T13:38:52","slug":"papa-francisco-a-dor-e-crista-mas-o-ressentimento-nao","status":"publish","type":"post","link":"https:\/\/franciscanos.org.br\/noticias\/papa-francisco-a-dor-e-crista-mas-o-ressentimento-nao.html","title":{"rendered":"Papa Francisco: a dor \u00e9 crist\u00e3, mas o ressentimento n\u00e3o"},"content":{"rendered":"<p><img loading=\"lazy\" class=\"alignleft\" src=\"http:\/\/franciscanos.org.br\/wp-content\/uploads\/2017\/01\/martaG_120117.jpg\" alt=\"martaG_120117\" width=\"830\" height=\"429\" \/><strong>Cidade do Vaticano \u2013<\/strong> O Papa Francisco iniciou a semana celebrando a missa na capela da Casa Santa Marta na segunda-feira (13\/02).\u00a0O Papa ofereceu a celebra\u00e7\u00e3o por padre Adolfo Nicol\u00e1s, prep\u00f3sito-geral da Companhia de Jesus de 2008 a 2016, que na quarta retorna ao Oriente para o seu trabalho pastoral. \u201cQue o Senhor \u2013 disse o Papa \u2013 retribua todo o bem feito e o acompanhe na nova miss\u00e3o. Obrigado, padre Nicol\u00e1s\u201d.<\/p>\n<p>No centro da homilia de Francisco esteve a primeira Leitura, extra\u00edda do Livro do G\u00eanesis, que fala de Caim e Abel.<\/p>\n<p>Pela primeira vez na B\u00edblia \u201cse diz a palavra irm\u00e3o\u201d. \u00c9 a hist\u00f3ria de uma \u201cfraternidade que devia crescer, ser bela e acaba destru\u00edda\u201d. Uma hist\u00f3ria \u2013 disse o Papa \u2013 que come\u00e7a \u201ccom um pouco de ci\u00fame\u201d: Caim fica irritado porque o seu sacrif\u00edcio n\u00e3o \u00e9 apreciado por Deus e come\u00e7a a cultivar aquele sentimento dentro de si. Poderia control\u00e1-lo, mas n\u00e3o o faz:<\/p>\n<p>\u201cE Caim preferiu o instinto, preferiu cozinhar dentro de si este sentimento, aument\u00e1-lo, deix\u00e1-lo crescer. Este pecado que cometer\u00e1 depois, que est\u00e1 oculto atr\u00e1s do sentimento. E cresce. Cresce. Assim crescem as inimizades entre n\u00f3s: come\u00e7am com um pequena coisa, um ci\u00fame, uma inveja e depois cresce e n\u00f3s vemos a vida somente daquele ponto e aquele cisco se torna para n\u00f3s uma trave, mas a trave n\u00f3s que temos, est\u00e1 l\u00e1. E a nossa vida gira em volta daquilo e destr\u00f3i o elo de fraternidade, destr\u00f3i a fraternidade\u201d.<\/p>\n<p>Aos poucos se fica \u201cobcecado, perseguido\u201d por aquele mal, que cresce sempre mais:<\/p>\n<p>\u201cE assim cresce, cresce a inimizade e acaba mal. Sempre. Eu me distancio do meu irm\u00e3o, ele n\u00e3o \u00e9 meu irm\u00e3o, \u00e9 um inimigo, que deve ser destru\u00eddo, expulso&#8230; e assim se destroem as pessoas, assim as inimizades destroem fam\u00edlias, povos, tudo! Aquele corroer o f\u00edgado, sempre obcecado com aquilo. Isso aconteceu com Caim, e no final acabou com o irm\u00e3o. N\u00e3o: n\u00e3o h\u00e1 irm\u00e3o. Somente eu. N\u00e3o h\u00e1 fraternidade. Somente eu. Isso que aconteceu no in\u00edcio acontece a todos n\u00f3s, a possibilidade; mas este processo deve ser detido imediatamente, no in\u00edcio, na primeira amargura, detido. A amargura n\u00e3o \u00e9 crist\u00e3. A dor sim, a amargura n\u00e3o. O ressentimento n\u00e3o \u00e9 crist\u00e3o. A dor sim, o ressentimento n\u00e3o. Quantas inimizades, quantas rupturas\u201d.<\/p>\n<p>Na missa em Santa Marta concelebram com o Papa alguns novos p\u00e1rocos, e Francisco diz: tamb\u00e9m nos nossos presbit\u00e9rios, nos nossos col\u00e9gios episcopais: quantas rupturas come\u00e7am assim! Mas por que deram a sede a ele e n\u00e3o a mim? E por que isso? E \u2026 pequenas coisinhas\u2026 rupturas\u2026 Destr\u00f3i-se a fraternidade\u201d. E Deus pergunta: \u201cOnde est\u00e1 Abel, teu irm\u00e3o?\u201d. A resposta de Caim \u201c\u00e9 ir\u00f4nica\u201d: \u201cN\u00e3o sei: Acaso sou o guarda do meu irm\u00e3o?\u201d. \u201cSim, \u00e9s tu o guarda do teu irm\u00e3o\u201d. E o Senhor diz: \u201cA voz do sangue do teu irm\u00e3o est\u00e1 clamando por mim, da terra\u201d. Cada um de n\u00f3s \u2013 afirmou o Papa, e tamb\u00e9m ele se coloca na lista \u2013 pode dizer que jamais matou algu\u00e9m: mas \u201cse voc\u00ea tiver um sentimento ruim por seu irm\u00e3os, voc\u00ea o matou; se insultar o seu irm\u00e3o, voc\u00ea o matou no cora\u00e7\u00e3o. O assassinato \u00e9 um processo que come\u00e7a com uma coisa pequena\u201d. Assim, sabemos \u201conde est\u00e3o aqueles que foram bombardeados\u201d ou \u201cque foram expulsos\u201d, mas \u201ceste n\u00e3o s\u00e3o irm\u00e3os\u201d:<\/p>\n<p>\u201cE quantos poderosos da Terra podem dizer isto \u2026 \u2018Tenho interesse por este territ\u00f3rio, tenho interesse por aquele peda\u00e7o de terra, por aquele outro \u2026 se a bomba cair e matar 200 crian\u00e7as n\u00e3o \u00e9 culpa minha: \u00e9 culpa da bomba. Tenho interesse naquele territ\u00f3rio \u2026\u2019. E tudo come\u00e7a com aquele sentimento que o leva a se distanciar, a dizer ao outro: \u2018Este \u00e9 fulano, ele \u00e9 assim, mas n\u00e3o irm\u00e3o \u2026\u2019, e acaba na guerra que mata. Mas voc\u00ea matou no in\u00edcio. Este \u00e9 o processo do sangue, e o sangue hoje de tantas pessoas no mundo clama a Deus da terra. Mas est\u00e1 tudo ligado, eh? Aquele sangue l\u00e1 tem uma rela\u00e7\u00e3o \u2013 talvez uma pequena gota de sangue \u2013 que com a minha inveja, o meu ci\u00fame fiz derramar, quando destr\u00f3i uma fraternidade\u201d.<\/p>\n<p>E esta \u00e9 a ora\u00e7\u00e3o conclusiva do Papa: &#8220;Que o senhor nos ajude a repetir esta sua palavra: \u2018Onde est\u00e1 o teu irm\u00e3o?\u2019, nos ajude a pensar naqueles que \u201cdestru\u00edmos com a l\u00edngua\u201d e \u201ca todos os que no mundo s\u00e3o tratados como coisas e n\u00e3o como irm\u00e3os, porque \u00e9 mais importante um peda\u00e7o de terra do que o elo da fraternidade\u201d.<\/p>\n<hr \/>\n<p><em>Fonte: R\u00e1dio Vaticano<\/em><\/p>\n","protected":false},"excerpt":{"rendered":"<p>Missa em Santa Marta<\/p>\n","protected":false},"author":1,"featured_media":196039,"comment_status":"open","ping_status":"open","sticky":false,"template":"","format":"standard","meta":[],"categories":[1428],"tags":[1586],"acf":[],"yoast_head":"<!-- This site is optimized with the Yoast SEO plugin v19.2 - https:\/\/yoast.com\/wordpress\/plugins\/seo\/ -->\n<title>Papa Francisco: a dor \u00e9 crist\u00e3, mas o ressentimento n\u00e3o - Not\u00edcias - Franciscanos<\/title>\n<meta name=\"robots\" content=\"index, follow, max-snippet:-1, max-image-preview:large, max-video-preview:-1\" \/>\n<link rel=\"canonical\" href=\"https:\/\/franciscanos.org.br\/noticias\/papa-francisco-a-dor-e-crista-mas-o-ressentimento-nao.html\" \/>\n<meta property=\"og:locale\" content=\"pt_BR\" \/>\n<meta property=\"og:type\" content=\"article\" \/>\n<meta property=\"og:title\" content=\"Papa Francisco: a dor \u00e9 crist\u00e3, mas o ressentimento n\u00e3o - Not\u00edcias - Franciscanos\" \/>\n<meta property=\"og:description\" content=\"Missa em Santa Marta\" \/>\n<meta property=\"og:url\" content=\"https:\/\/franciscanos.org.br\/noticias\/papa-francisco-a-dor-e-crista-mas-o-ressentimento-nao.html\" \/>\n<meta property=\"og:site_name\" content=\"Not\u00edcias - Franciscanos\" \/>\n<meta property=\"article:published_time\" content=\"2017-02-13T12:00:26+00:00\" \/>\n<meta property=\"article:modified_time\" content=\"2020-06-09T13:38:52+00:00\" \/>\n<meta property=\"og:image\" content=\"https:\/\/franciscanos.org.br\/noticias\/wp-content\/uploads\/2017\/02\/martaG_120117.jpg\" \/>\n\t<meta property=\"og:image:width\" content=\"273\" \/>\n\t<meta property=\"og:image:height\" content=\"181\" \/>\n\t<meta property=\"og:image:type\" content=\"image\/jpeg\" \/>\n<meta name=\"author\" content=\"admin\" \/>\n<meta name=\"twitter:card\" content=\"summary_large_image\" \/>\n<meta name=\"twitter:label1\" content=\"Escrito por\" \/>\n\t<meta name=\"twitter:data1\" content=\"admin\" \/>\n\t<meta name=\"twitter:label2\" content=\"Est. tempo de leitura\" \/>\n\t<meta name=\"twitter:data2\" content=\"4 minutos\" \/>\n<script type=\"application\/ld+json\" class=\"yoast-schema-graph\">{\"@context\":\"https:\/\/schema.org\",\"@graph\":[{\"@type\":\"WebSite\",\"@id\":\"https:\/\/franciscanos.org.br\/noticias\/#website\",\"url\":\"https:\/\/franciscanos.org.br\/noticias\/\",\"name\":\"Not\u00edcias - Franciscanos\",\"description\":\"Prov\u00edncia Franciscana da Imaculada Concei\u00e7\u00e3o do Brasil - Ordem dos Frades Menores - OFM\",\"potentialAction\":[{\"@type\":\"SearchAction\",\"target\":{\"@type\":\"EntryPoint\",\"urlTemplate\":\"https:\/\/franciscanos.org.br\/noticias\/?s={search_term_string}\"},\"query-input\":\"required name=search_term_string\"}],\"inLanguage\":\"pt-BR\"},{\"@type\":\"ImageObject\",\"inLanguage\":\"pt-BR\",\"@id\":\"https:\/\/franciscanos.org.br\/noticias\/papa-francisco-a-dor-e-crista-mas-o-ressentimento-nao.html#primaryimage\",\"url\":\"https:\/\/franciscanos.org.br\/noticias\/wp-content\/uploads\/2017\/02\/martaG_120117.jpg\",\"contentUrl\":\"https:\/\/franciscanos.org.br\/noticias\/wp-content\/uploads\/2017\/02\/martaG_120117.jpg\",\"width\":273,\"height\":181},{\"@type\":\"WebPage\",\"@id\":\"https:\/\/franciscanos.org.br\/noticias\/papa-francisco-a-dor-e-crista-mas-o-ressentimento-nao.html#webpage\",\"url\":\"https:\/\/franciscanos.org.br\/noticias\/papa-francisco-a-dor-e-crista-mas-o-ressentimento-nao.html\",\"name\":\"Papa Francisco: a dor \u00e9 crist\u00e3, mas o ressentimento n\u00e3o - Not\u00edcias - Franciscanos\",\"isPartOf\":{\"@id\":\"https:\/\/franciscanos.org.br\/noticias\/#website\"},\"primaryImageOfPage\":{\"@id\":\"https:\/\/franciscanos.org.br\/noticias\/papa-francisco-a-dor-e-crista-mas-o-ressentimento-nao.html#primaryimage\"},\"datePublished\":\"2017-02-13T12:00:26+00:00\",\"dateModified\":\"2020-06-09T13:38:52+00:00\",\"author\":{\"@id\":\"https:\/\/franciscanos.org.br\/noticias\/#\/schema\/person\/b38fbf43118f02820bd932f2e4b14ad3\"},\"breadcrumb\":{\"@id\":\"https:\/\/franciscanos.org.br\/noticias\/papa-francisco-a-dor-e-crista-mas-o-ressentimento-nao.html#breadcrumb\"},\"inLanguage\":\"pt-BR\",\"potentialAction\":[{\"@type\":\"ReadAction\",\"target\":[\"https:\/\/franciscanos.org.br\/noticias\/papa-francisco-a-dor-e-crista-mas-o-ressentimento-nao.html\"]}]},{\"@type\":\"BreadcrumbList\",\"@id\":\"https:\/\/franciscanos.org.br\/noticias\/papa-francisco-a-dor-e-crista-mas-o-ressentimento-nao.html#breadcrumb\",\"itemListElement\":[{\"@type\":\"ListItem\",\"position\":1,\"name\":\"Home\",\"item\":\"https:\/\/franciscanos.org.br\/noticias\"},{\"@type\":\"ListItem\",\"position\":2,\"name\":\"Papa Francisco: a dor \u00e9 crist\u00e3, mas o ressentimento n\u00e3o\"}]},{\"@type\":\"Person\",\"@id\":\"https:\/\/franciscanos.org.br\/noticias\/#\/schema\/person\/b38fbf43118f02820bd932f2e4b14ad3\",\"name\":\"admin\",\"image\":{\"@type\":\"ImageObject\",\"inLanguage\":\"pt-BR\",\"@id\":\"https:\/\/franciscanos.org.br\/noticias\/#\/schema\/person\/image\/\",\"url\":\"https:\/\/secure.gravatar.com\/avatar\/e8495742d34d0ba6448ea1c628263b3e?s=96&d=mm&r=g\",\"contentUrl\":\"https:\/\/secure.gravatar.com\/avatar\/e8495742d34d0ba6448ea1c628263b3e?s=96&d=mm&r=g\",\"caption\":\"admin\"},\"url\":\"https:\/\/franciscanos.org.br\/noticias\/author\/admin\"}]}<\/script>\n<!-- \/ Yoast SEO plugin. -->","yoast_head_json":{"title":"Papa Francisco: a dor \u00e9 crist\u00e3, mas o ressentimento n\u00e3o - Not\u00edcias - Franciscanos","robots":{"index":"index","follow":"follow","max-snippet":"max-snippet:-1","max-image-preview":"max-image-preview:large","max-video-preview":"max-video-preview:-1"},"canonical":"https:\/\/franciscanos.org.br\/noticias\/papa-francisco-a-dor-e-crista-mas-o-ressentimento-nao.html","og_locale":"pt_BR","og_type":"article","og_title":"Papa Francisco: a dor \u00e9 crist\u00e3, mas o ressentimento n\u00e3o - Not\u00edcias - Franciscanos","og_description":"Missa em Santa Marta","og_url":"https:\/\/franciscanos.org.br\/noticias\/papa-francisco-a-dor-e-crista-mas-o-ressentimento-nao.html","og_site_name":"Not\u00edcias - Franciscanos","article_published_time":"2017-02-13T12:00:26+00:00","article_modified_time":"2020-06-09T13:38:52+00:00","og_image":[{"width":273,"height":181,"url":"https:\/\/franciscanos.org.br\/noticias\/wp-content\/uploads\/2017\/02\/martaG_120117.jpg","type":"image\/jpeg"}],"author":"admin","twitter_card":"summary_large_image","twitter_misc":{"Escrito por":"admin","Est. tempo de leitura":"4 minutos"},"schema":{"@context":"https:\/\/schema.org","@graph":[{"@type":"WebSite","@id":"https:\/\/franciscanos.org.br\/noticias\/#website","url":"https:\/\/franciscanos.org.br\/noticias\/","name":"Not\u00edcias - Franciscanos","description":"Prov\u00edncia Franciscana da Imaculada Concei\u00e7\u00e3o do Brasil - Ordem dos Frades Menores - OFM","potentialAction":[{"@type":"SearchAction","target":{"@type":"EntryPoint","urlTemplate":"https:\/\/franciscanos.org.br\/noticias\/?s={search_term_string}"},"query-input":"required name=search_term_string"}],"inLanguage":"pt-BR"},{"@type":"ImageObject","inLanguage":"pt-BR","@id":"https:\/\/franciscanos.org.br\/noticias\/papa-francisco-a-dor-e-crista-mas-o-ressentimento-nao.html#primaryimage","url":"https:\/\/franciscanos.org.br\/noticias\/wp-content\/uploads\/2017\/02\/martaG_120117.jpg","contentUrl":"https:\/\/franciscanos.org.br\/noticias\/wp-content\/uploads\/2017\/02\/martaG_120117.jpg","width":273,"height":181},{"@type":"WebPage","@id":"https:\/\/franciscanos.org.br\/noticias\/papa-francisco-a-dor-e-crista-mas-o-ressentimento-nao.html#webpage","url":"https:\/\/franciscanos.org.br\/noticias\/papa-francisco-a-dor-e-crista-mas-o-ressentimento-nao.html","name":"Papa Francisco: a dor \u00e9 crist\u00e3, mas o ressentimento n\u00e3o - Not\u00edcias - Franciscanos","isPartOf":{"@id":"https:\/\/franciscanos.org.br\/noticias\/#website"},"primaryImageOfPage":{"@id":"https:\/\/franciscanos.org.br\/noticias\/papa-francisco-a-dor-e-crista-mas-o-ressentimento-nao.html#primaryimage"},"datePublished":"2017-02-13T12:00:26+00:00","dateModified":"2020-06-09T13:38:52+00:00","author":{"@id":"https:\/\/franciscanos.org.br\/noticias\/#\/schema\/person\/b38fbf43118f02820bd932f2e4b14ad3"},"breadcrumb":{"@id":"https:\/\/franciscanos.org.br\/noticias\/papa-francisco-a-dor-e-crista-mas-o-ressentimento-nao.html#breadcrumb"},"inLanguage":"pt-BR","potentialAction":[{"@type":"ReadAction","target":["https:\/\/franciscanos.org.br\/noticias\/papa-francisco-a-dor-e-crista-mas-o-ressentimento-nao.html"]}]},{"@type":"BreadcrumbList","@id":"https:\/\/franciscanos.org.br\/noticias\/papa-francisco-a-dor-e-crista-mas-o-ressentimento-nao.html#breadcrumb","itemListElement":[{"@type":"ListItem","position":1,"name":"Home","item":"https:\/\/franciscanos.org.br\/noticias"},{"@type":"ListItem","position":2,"name":"Papa Francisco: a dor \u00e9 crist\u00e3, mas o ressentimento n\u00e3o"}]},{"@type":"Person","@id":"https:\/\/franciscanos.org.br\/noticias\/#\/schema\/person\/b38fbf43118f02820bd932f2e4b14ad3","name":"admin","image":{"@type":"ImageObject","inLanguage":"pt-BR","@id":"https:\/\/franciscanos.org.br\/noticias\/#\/schema\/person\/image\/","url":"https:\/\/secure.gravatar.com\/avatar\/e8495742d34d0ba6448ea1c628263b3e?s=96&d=mm&r=g","contentUrl":"https:\/\/secure.gravatar.com\/avatar\/e8495742d34d0ba6448ea1c628263b3e?s=96&d=mm&r=g","caption":"admin"},"url":"https:\/\/franciscanos.org.br\/noticias\/author\/admin"}]}},"_links":{"self":[{"href":"https:\/\/franciscanos.org.br\/noticias\/wp-json\/wp\/v2\/posts\/126312"}],"collection":[{"href":"https:\/\/franciscanos.org.br\/noticias\/wp-json\/wp\/v2\/posts"}],"about":[{"href":"https:\/\/franciscanos.org.br\/noticias\/wp-json\/wp\/v2\/types\/post"}],"author":[{"embeddable":true,"href":"https:\/\/franciscanos.org.br\/noticias\/wp-json\/wp\/v2\/users\/1"}],"replies":[{"embeddable":true,"href":"https:\/\/franciscanos.org.br\/noticias\/wp-json\/wp\/v2\/comments?post=126312"}],"version-history":[{"count":2,"href":"https:\/\/franciscanos.org.br\/noticias\/wp-json\/wp\/v2\/posts\/126312\/revisions"}],"predecessor-version":[{"id":225452,"href":"https:\/\/franciscanos.org.br\/noticias\/wp-json\/wp\/v2\/posts\/126312\/revisions\/225452"}],"wp:featuredmedia":[{"embeddable":true,"href":"https:\/\/franciscanos.org.br\/noticias\/wp-json\/wp\/v2\/media\/196039"}],"wp:attachment":[{"href":"https:\/\/franciscanos.org.br\/noticias\/wp-json\/wp\/v2\/media?parent=126312"}],"wp:term":[{"taxonomy":"category","embeddable":true,"href":"https:\/\/franciscanos.org.br\/noticias\/wp-json\/wp\/v2\/categories?post=126312"},{"taxonomy":"post_tag","embeddable":true,"href":"https:\/\/franciscanos.org.br\/noticias\/wp-json\/wp\/v2\/tags?post=126312"}],"curies":[{"name":"wp","href":"https:\/\/api.w.org\/{rel}","templated":true}]}}