{"id":126296,"date":"2017-02-13T07:28:25","date_gmt":"2017-02-13T09:28:25","guid":{"rendered":"http:\/\/franciscanos.org.br\/?p=126296"},"modified":"2020-06-09T10:39:26","modified_gmt":"2020-06-09T13:39:26","slug":"papa-nao-instrumentalizar-a-autoridade-de-deus","status":"publish","type":"post","link":"https:\/\/franciscanos.org.br\/noticias\/papa-nao-instrumentalizar-a-autoridade-de-deus.html","title":{"rendered":"Papa: n\u00e3o instrumentalizar a autoridade de Deus"},"content":{"rendered":"<p><img loading=\"lazy\" class=\"alignleft\" src=\"http:\/\/franciscanos.org.br\/wp-content\/uploads\/2017\/02\/papa_130217.jpg\" alt=\"papa_130217\" width=\"820\" height=\"373\" \/><\/p>\n<p><strong>Cidade do Vaticano \u2013<\/strong> O Papa rezou o Angelus com os fi\u00e9is e peregrinos neste domingo (12\/02), na Pra\u00e7a S\u00e3o Pedro. A partir do Evangelho do dia, Francisco falou sobre Jesus que analisa tr\u00eas aspectos dif\u00edceis em que, todavia, \u00e9 poss\u00edvel realizar plenamente a vontade de Deus &#8220;sem cair em formalismos&#8221;: o homic\u00eddio, o adult\u00e9rio e o juramento.<\/p>\n<p>\u201cAquilo que foi dito na antiga alian\u00e7a n\u00e3o era tudo: Jesus veio para cumprir e promulgar de maneira definitiva a lei de Deus. Ele manifesta a finalidade original e preenche os aspectos aut\u00eanticos\u201d, disse o Papa.<\/p>\n<p><strong>\u201cN\u00e3o matar\u00e1s\u201d<\/strong><\/p>\n<p>Sobre o mandamento \u201cn\u00e3o matar\u00e1s\u201d, Jesus afirma que este \u00e9 violado n\u00e3o somente pelo homic\u00eddio efetivo, mas tamb\u00e9m por aqueles comportamentos que ofendem a dignidade da pessoa humana, inclu\u00eddas as palavras injuriosas. Claro \u2013 prosseguiu o Papa \u2013 esta n\u00e3o t\u00eam a mesma gravidade e culpabilidade do assass\u00ednio, mas se colocam na mesma linha, porque s\u00e3o premissas deste e revelam a mesma maldade.<\/p>\n<p>\u201cJesus nos convida a n\u00e3o estabelecer uma gradua\u00e7\u00e3o das ofensas, mas a consider\u00e1-las todas danosas, j\u00e1 que partem da inten\u00e7\u00e3o de fazer mal ao pr\u00f3ximo\u201d, pediu o Pont\u00edfice.<\/p>\n<p><strong>Adult\u00e9rio<\/strong><\/p>\n<p>Uma outra realiza\u00e7\u00e3o \u00e9 trazida \u00e0 lei matrimonial. O adult\u00e9rio era considerado uma viola\u00e7\u00e3o do direito de propriedade do homem sobre a mulher. Jesus, ao contr\u00e1rio \u2013 destacou Francisco \u2013 vai \u00e0 raiz do mal. Assim como se chega ao homic\u00eddio por meio de inj\u00farias e ofensas, tamb\u00e9m se chega ao adult\u00e9rio com as inten\u00e7\u00f5es de posse em rela\u00e7\u00e3o a uma mulher que n\u00e3o \u00e9 a pr\u00f3pria esposa.<\/p>\n<p>\u201cO adult\u00e9rio, como o furto, a corrup\u00e7\u00e3o e todos os outros pecados, s\u00e3o antes concebidos em nosso \u00edntimo e, uma vez realizada no cora\u00e7\u00e3o a escolha errada, ganham forma no comportamento concreto\u201d, apontou o Papa<\/p>\n<p><strong>Juramento, sinal de inseguran\u00e7a<\/strong><\/p>\n<p>Jesus ainda diz aos seus disc\u00edpulos de n\u00e3o jurar, j\u00e1 que o juramento \u00e9 sinal da inseguran\u00e7a e da duplicidade com as quais se desenrolam as rela\u00e7\u00f5es humanas &#8211; disse o Papa.<\/p>\n<p>\u201cSe instrumentaliza a autoridade de Deus para dar garantia \u00e0s nossas coisas humanas. Em vez, somos chamados a instaurar entre n\u00f3s, nas nossas fam\u00edlias e nas nossas comunidades um clima de clareza e confian\u00e7a rec\u00edproca, para sermos sinceros sem recorrer a interven\u00e7\u00f5es superiores para sermos cred\u00edveis. A desconfian\u00e7a e a suspeita rec\u00edproca sempre amea\u00e7am a serenidade!\u201d, concluiu Francisco.<\/p>\n<hr \/>\n<p><strong>\u00cdntegra<\/strong><\/p>\n<p>Caros irm\u00e3os e irm\u00e3s, bom dia!<\/p>\n<p>A liturgia do dia nos apresenta uma outra p\u00e1gina do discurso da montanha, que encontramos no evangelho de Mateus. Neste trecho, Jesus quer ajudar aquele que O escuta a realizar uma releitura da lei de Mois\u00e9s. Aquilo que foi dito na antiga alian\u00e7a n\u00e3o era tudo: Jesus veio para cumprir e promulgar de maneira definitiva a lei de Deus. Ele manifesta a finalidade original e preenche os aspectos aut\u00eanticos, e faz tudo isso com sua prega\u00e7\u00e3o e mais ainda com a entrega de si mesmo na cruz. Assim, Jesus ensina como realizar completamente a vontade de Deus, com uma \u201cjusti\u00e7a superior\u201d diante daquela dos escribas e fariseus. Uma justi\u00e7a animada pelo amor, pela caridade, pela miseric\u00f3rdia, e por isso capaz de realizar a subst\u00e2ncia dos mandamentos, evitando o risco do formalismo.\u00a0De modo particular, no Evangelho de hoje Jesus analisa tr\u00eas aspectos: o homic\u00eddio, o adult\u00e9rio e o juramento.<\/p>\n<p>Sobre o mandamento \u201cn\u00e3o matar\u00e1s\u201d, Ele afirma que \u00e9 violado n\u00e3o somente pelo homic\u00eddio efetivo, mas tamb\u00e9m por aqueles comportamentos que ofendem a dignidade da pessoa humana, inclu\u00eddas as palavras injuriosas. Claro, esta n\u00e3o t\u00eam a mesma gravidade e culpabilidade do assass\u00ednio, mas se colocam na mesma linha, porque s\u00e3o premissas deste e revelam a mesma maldade. Jesus nos convida a n\u00e3o estabelecer uma gradua\u00e7\u00e3o das ofensas, mas a consider\u00e1-las todas danosas, j\u00e1 que partem da inten\u00e7\u00e3o de fazer mal ao pr\u00f3ximo.<\/p>\n<p>Uma outra realiza\u00e7\u00e3o \u00e9 trazida \u00e0 lei matrimonial. O adult\u00e9rio era considerado uma viola\u00e7\u00e3o do direito de propriedade do homem sobre a mulher. Jesus, ao contr\u00e1rio, vai \u00e0 raiz do mal. Assim como se chega ao homic\u00eddio por meio de inj\u00farias e ofensas, tamb\u00e9m se chega ao adult\u00e9rio com as inten\u00e7\u00f5es de posse em rela\u00e7\u00e3o a uma mulher que n\u00e3o \u00e9 a pr\u00f3pria esposa. O adult\u00e9rio, como o furto, a corrup\u00e7\u00e3o e todos os outros pecados, s\u00e3o antes concebidos em nosso \u00edntimo e, uma vez realizada no cora\u00e7\u00e3o a escolha errada, ganham forma no comportamento concreto.<\/p>\n<p>Jesus ainda diz aos seus disc\u00edpulos de n\u00e3o jurar, j\u00e1 que o juramento \u00e9 sinal da inseguran\u00e7a e da duplicidade com as quais se desenrolam as rela\u00e7\u00f5es humanas. Se instrumentaliza a autoridade de Deus para dar garantia \u00e0s nossas coisas humanas. Em vez, somos chamados a instaurar entre n\u00f3s, nas nossas fam\u00edlias e nas nossas comunidades um clima de clareza e confian\u00e7a rec\u00edproca, para sermos sinceros sem recorrer a interven\u00e7\u00f5es superiores para sermos cred\u00edveis. A desconfian\u00e7a e a suspeita rec\u00edproca sempre amea\u00e7am a serenidade!<\/p>\n<p>Que Nossa Senhora, mulher da doce escuta e da obedi\u00eancia jubilosa, nos ajude a nos aproximarmos sempre mais ao Evangelho, para sermos crist\u00e3os n\u00e3o \u201cde fachada\u201d, mas de subst\u00e2ncia! E isso \u00e9 poss\u00edvel com a gra\u00e7a do Esp\u00edrito Santo, que nos permite de fazer tudo com amor, e assim realizar totalmente a vontade de Deus.<\/p>\n<hr \/>\n<p><em>Fonte: R\u00e1dio Vaticano<\/em><\/p>\n","protected":false},"excerpt":{"rendered":"<p>Angelus<\/p>\n","protected":false},"author":1,"featured_media":192914,"comment_status":"open","ping_status":"open","sticky":false,"template":"","format":"standard","meta":[],"categories":[1428],"tags":[403],"acf":[],"yoast_head":"<!-- This site is optimized with the Yoast SEO plugin v19.2 - https:\/\/yoast.com\/wordpress\/plugins\/seo\/ -->\n<title>Papa: n\u00e3o instrumentalizar a autoridade de Deus - Not\u00edcias - Franciscanos<\/title>\n<meta name=\"robots\" content=\"index, follow, max-snippet:-1, max-image-preview:large, max-video-preview:-1\" \/>\n<link rel=\"canonical\" href=\"https:\/\/franciscanos.org.br\/noticias\/papa-nao-instrumentalizar-a-autoridade-de-deus.html\" \/>\n<meta property=\"og:locale\" content=\"pt_BR\" \/>\n<meta property=\"og:type\" content=\"article\" \/>\n<meta property=\"og:title\" content=\"Papa: n\u00e3o instrumentalizar a autoridade de Deus - Not\u00edcias - Franciscanos\" \/>\n<meta property=\"og:description\" content=\"Angelus\" \/>\n<meta property=\"og:url\" content=\"https:\/\/franciscanos.org.br\/noticias\/papa-nao-instrumentalizar-a-autoridade-de-deus.html\" \/>\n<meta property=\"og:site_name\" content=\"Not\u00edcias - Franciscanos\" \/>\n<meta property=\"article:published_time\" content=\"2017-02-13T09:28:25+00:00\" \/>\n<meta property=\"article:modified_time\" content=\"2020-06-09T13:39:26+00:00\" \/>\n<meta property=\"og:image\" content=\"https:\/\/franciscanos.org.br\/noticias\/wp-content\/uploads\/2018\/12\/angelus_161218.jpg\" \/>\n\t<meta property=\"og:image:width\" content=\"273\" \/>\n\t<meta property=\"og:image:height\" content=\"181\" \/>\n\t<meta property=\"og:image:type\" content=\"image\/jpeg\" \/>\n<meta name=\"author\" content=\"admin\" \/>\n<meta name=\"twitter:card\" content=\"summary_large_image\" \/>\n<meta name=\"twitter:label1\" content=\"Escrito por\" \/>\n\t<meta name=\"twitter:data1\" content=\"admin\" \/>\n\t<meta name=\"twitter:label2\" content=\"Est. tempo de leitura\" \/>\n\t<meta name=\"twitter:data2\" content=\"5 minutos\" \/>\n<script type=\"application\/ld+json\" class=\"yoast-schema-graph\">{\"@context\":\"https:\/\/schema.org\",\"@graph\":[{\"@type\":\"WebSite\",\"@id\":\"https:\/\/franciscanos.org.br\/noticias\/#website\",\"url\":\"https:\/\/franciscanos.org.br\/noticias\/\",\"name\":\"Not\u00edcias - Franciscanos\",\"description\":\"Prov\u00edncia Franciscana da Imaculada Concei\u00e7\u00e3o do Brasil - Ordem dos Frades Menores - OFM\",\"potentialAction\":[{\"@type\":\"SearchAction\",\"target\":{\"@type\":\"EntryPoint\",\"urlTemplate\":\"https:\/\/franciscanos.org.br\/noticias\/?s={search_term_string}\"},\"query-input\":\"required name=search_term_string\"}],\"inLanguage\":\"pt-BR\"},{\"@type\":\"ImageObject\",\"inLanguage\":\"pt-BR\",\"@id\":\"https:\/\/franciscanos.org.br\/noticias\/papa-nao-instrumentalizar-a-autoridade-de-deus.html#primaryimage\",\"url\":\"https:\/\/franciscanos.org.br\/noticias\/wp-content\/uploads\/2018\/12\/angelus_161218.jpg\",\"contentUrl\":\"https:\/\/franciscanos.org.br\/noticias\/wp-content\/uploads\/2018\/12\/angelus_161218.jpg\",\"width\":273,\"height\":181},{\"@type\":\"WebPage\",\"@id\":\"https:\/\/franciscanos.org.br\/noticias\/papa-nao-instrumentalizar-a-autoridade-de-deus.html#webpage\",\"url\":\"https:\/\/franciscanos.org.br\/noticias\/papa-nao-instrumentalizar-a-autoridade-de-deus.html\",\"name\":\"Papa: n\u00e3o instrumentalizar a autoridade de Deus - Not\u00edcias - Franciscanos\",\"isPartOf\":{\"@id\":\"https:\/\/franciscanos.org.br\/noticias\/#website\"},\"primaryImageOfPage\":{\"@id\":\"https:\/\/franciscanos.org.br\/noticias\/papa-nao-instrumentalizar-a-autoridade-de-deus.html#primaryimage\"},\"datePublished\":\"2017-02-13T09:28:25+00:00\",\"dateModified\":\"2020-06-09T13:39:26+00:00\",\"author\":{\"@id\":\"https:\/\/franciscanos.org.br\/noticias\/#\/schema\/person\/b38fbf43118f02820bd932f2e4b14ad3\"},\"breadcrumb\":{\"@id\":\"https:\/\/franciscanos.org.br\/noticias\/papa-nao-instrumentalizar-a-autoridade-de-deus.html#breadcrumb\"},\"inLanguage\":\"pt-BR\",\"potentialAction\":[{\"@type\":\"ReadAction\",\"target\":[\"https:\/\/franciscanos.org.br\/noticias\/papa-nao-instrumentalizar-a-autoridade-de-deus.html\"]}]},{\"@type\":\"BreadcrumbList\",\"@id\":\"https:\/\/franciscanos.org.br\/noticias\/papa-nao-instrumentalizar-a-autoridade-de-deus.html#breadcrumb\",\"itemListElement\":[{\"@type\":\"ListItem\",\"position\":1,\"name\":\"Home\",\"item\":\"https:\/\/franciscanos.org.br\/noticias\"},{\"@type\":\"ListItem\",\"position\":2,\"name\":\"Papa: n\u00e3o instrumentalizar a autoridade de Deus\"}]},{\"@type\":\"Person\",\"@id\":\"https:\/\/franciscanos.org.br\/noticias\/#\/schema\/person\/b38fbf43118f02820bd932f2e4b14ad3\",\"name\":\"admin\",\"image\":{\"@type\":\"ImageObject\",\"inLanguage\":\"pt-BR\",\"@id\":\"https:\/\/franciscanos.org.br\/noticias\/#\/schema\/person\/image\/\",\"url\":\"https:\/\/secure.gravatar.com\/avatar\/e8495742d34d0ba6448ea1c628263b3e?s=96&d=mm&r=g\",\"contentUrl\":\"https:\/\/secure.gravatar.com\/avatar\/e8495742d34d0ba6448ea1c628263b3e?s=96&d=mm&r=g\",\"caption\":\"admin\"},\"url\":\"https:\/\/franciscanos.org.br\/noticias\/author\/admin\"}]}<\/script>\n<!-- \/ Yoast SEO plugin. -->","yoast_head_json":{"title":"Papa: n\u00e3o instrumentalizar a autoridade de Deus - Not\u00edcias - Franciscanos","robots":{"index":"index","follow":"follow","max-snippet":"max-snippet:-1","max-image-preview":"max-image-preview:large","max-video-preview":"max-video-preview:-1"},"canonical":"https:\/\/franciscanos.org.br\/noticias\/papa-nao-instrumentalizar-a-autoridade-de-deus.html","og_locale":"pt_BR","og_type":"article","og_title":"Papa: n\u00e3o instrumentalizar a autoridade de Deus - Not\u00edcias - Franciscanos","og_description":"Angelus","og_url":"https:\/\/franciscanos.org.br\/noticias\/papa-nao-instrumentalizar-a-autoridade-de-deus.html","og_site_name":"Not\u00edcias - Franciscanos","article_published_time":"2017-02-13T09:28:25+00:00","article_modified_time":"2020-06-09T13:39:26+00:00","og_image":[{"width":273,"height":181,"url":"https:\/\/franciscanos.org.br\/noticias\/wp-content\/uploads\/2018\/12\/angelus_161218.jpg","type":"image\/jpeg"}],"author":"admin","twitter_card":"summary_large_image","twitter_misc":{"Escrito por":"admin","Est. tempo de leitura":"5 minutos"},"schema":{"@context":"https:\/\/schema.org","@graph":[{"@type":"WebSite","@id":"https:\/\/franciscanos.org.br\/noticias\/#website","url":"https:\/\/franciscanos.org.br\/noticias\/","name":"Not\u00edcias - Franciscanos","description":"Prov\u00edncia Franciscana da Imaculada Concei\u00e7\u00e3o do Brasil - Ordem dos Frades Menores - OFM","potentialAction":[{"@type":"SearchAction","target":{"@type":"EntryPoint","urlTemplate":"https:\/\/franciscanos.org.br\/noticias\/?s={search_term_string}"},"query-input":"required name=search_term_string"}],"inLanguage":"pt-BR"},{"@type":"ImageObject","inLanguage":"pt-BR","@id":"https:\/\/franciscanos.org.br\/noticias\/papa-nao-instrumentalizar-a-autoridade-de-deus.html#primaryimage","url":"https:\/\/franciscanos.org.br\/noticias\/wp-content\/uploads\/2018\/12\/angelus_161218.jpg","contentUrl":"https:\/\/franciscanos.org.br\/noticias\/wp-content\/uploads\/2018\/12\/angelus_161218.jpg","width":273,"height":181},{"@type":"WebPage","@id":"https:\/\/franciscanos.org.br\/noticias\/papa-nao-instrumentalizar-a-autoridade-de-deus.html#webpage","url":"https:\/\/franciscanos.org.br\/noticias\/papa-nao-instrumentalizar-a-autoridade-de-deus.html","name":"Papa: n\u00e3o instrumentalizar a autoridade de Deus - Not\u00edcias - Franciscanos","isPartOf":{"@id":"https:\/\/franciscanos.org.br\/noticias\/#website"},"primaryImageOfPage":{"@id":"https:\/\/franciscanos.org.br\/noticias\/papa-nao-instrumentalizar-a-autoridade-de-deus.html#primaryimage"},"datePublished":"2017-02-13T09:28:25+00:00","dateModified":"2020-06-09T13:39:26+00:00","author":{"@id":"https:\/\/franciscanos.org.br\/noticias\/#\/schema\/person\/b38fbf43118f02820bd932f2e4b14ad3"},"breadcrumb":{"@id":"https:\/\/franciscanos.org.br\/noticias\/papa-nao-instrumentalizar-a-autoridade-de-deus.html#breadcrumb"},"inLanguage":"pt-BR","potentialAction":[{"@type":"ReadAction","target":["https:\/\/franciscanos.org.br\/noticias\/papa-nao-instrumentalizar-a-autoridade-de-deus.html"]}]},{"@type":"BreadcrumbList","@id":"https:\/\/franciscanos.org.br\/noticias\/papa-nao-instrumentalizar-a-autoridade-de-deus.html#breadcrumb","itemListElement":[{"@type":"ListItem","position":1,"name":"Home","item":"https:\/\/franciscanos.org.br\/noticias"},{"@type":"ListItem","position":2,"name":"Papa: n\u00e3o instrumentalizar a autoridade de Deus"}]},{"@type":"Person","@id":"https:\/\/franciscanos.org.br\/noticias\/#\/schema\/person\/b38fbf43118f02820bd932f2e4b14ad3","name":"admin","image":{"@type":"ImageObject","inLanguage":"pt-BR","@id":"https:\/\/franciscanos.org.br\/noticias\/#\/schema\/person\/image\/","url":"https:\/\/secure.gravatar.com\/avatar\/e8495742d34d0ba6448ea1c628263b3e?s=96&d=mm&r=g","contentUrl":"https:\/\/secure.gravatar.com\/avatar\/e8495742d34d0ba6448ea1c628263b3e?s=96&d=mm&r=g","caption":"admin"},"url":"https:\/\/franciscanos.org.br\/noticias\/author\/admin"}]}},"_links":{"self":[{"href":"https:\/\/franciscanos.org.br\/noticias\/wp-json\/wp\/v2\/posts\/126296"}],"collection":[{"href":"https:\/\/franciscanos.org.br\/noticias\/wp-json\/wp\/v2\/posts"}],"about":[{"href":"https:\/\/franciscanos.org.br\/noticias\/wp-json\/wp\/v2\/types\/post"}],"author":[{"embeddable":true,"href":"https:\/\/franciscanos.org.br\/noticias\/wp-json\/wp\/v2\/users\/1"}],"replies":[{"embeddable":true,"href":"https:\/\/franciscanos.org.br\/noticias\/wp-json\/wp\/v2\/comments?post=126296"}],"version-history":[{"count":1,"href":"https:\/\/franciscanos.org.br\/noticias\/wp-json\/wp\/v2\/posts\/126296\/revisions"}],"predecessor-version":[{"id":225453,"href":"https:\/\/franciscanos.org.br\/noticias\/wp-json\/wp\/v2\/posts\/126296\/revisions\/225453"}],"wp:featuredmedia":[{"embeddable":true,"href":"https:\/\/franciscanos.org.br\/noticias\/wp-json\/wp\/v2\/media\/192914"}],"wp:attachment":[{"href":"https:\/\/franciscanos.org.br\/noticias\/wp-json\/wp\/v2\/media?parent=126296"}],"wp:term":[{"taxonomy":"category","embeddable":true,"href":"https:\/\/franciscanos.org.br\/noticias\/wp-json\/wp\/v2\/categories?post=126296"},{"taxonomy":"post_tag","embeddable":true,"href":"https:\/\/franciscanos.org.br\/noticias\/wp-json\/wp\/v2\/tags?post=126296"}],"curies":[{"name":"wp","href":"https:\/\/api.w.org\/{rel}","templated":true}]}}