{"id":126291,"date":"2017-02-10T09:56:25","date_gmt":"2017-02-10T11:56:25","guid":{"rendered":"http:\/\/franciscanos.org.br\/?p=126291"},"modified":"2020-06-09T10:40:07","modified_gmt":"2020-06-09T13:40:07","slug":"papa-o-dialogo-com-o-diabo-acaba-com-corrupcao","status":"publish","type":"post","link":"https:\/\/franciscanos.org.br\/noticias\/papa-o-dialogo-com-o-diabo-acaba-com-corrupcao.html","title":{"rendered":"Papa: &#8220;O di\u00e1logo com o diabo acaba em pecado e corrup\u00e7\u00e3o&#8221;"},"content":{"rendered":"<p><img loading=\"lazy\" class=\"alignleft\" src=\"http:\/\/franciscanos.org.br\/wp-content\/uploads\/2017\/02\/papa_100217.jpg\" alt=\"papa_100217\" width=\"820\" height=\"511\" \/><strong>Cidade do Vaticano<\/strong> &#8211; Na fraqueza das tenta\u00e7\u00f5es, que \u201ctodos\u201d temos, a gra\u00e7a de Jesus nos ajuda a n\u00e3o nos escondermos do Senhor, mas a pedir perd\u00e3o para nos levantar e ir em frente. Foi o que disse o Papa Francisco na Missa da manh\u00e3 desta sexta-feira na Casa Santa Marta, refletindo sobre o diabo que tenta seja Ad\u00e3o e Eva, seja Jesus. Mas, recorda o Pont\u00edfice, com o diabo n\u00e3o se dialoga, porque voc\u00ea acaba em pecado e corrup\u00e7\u00e3o.<\/p>\n<p>As tenta\u00e7\u00f5es levam a se esconder do Senhor, permanecendo com a nossa \u201cculpa\u201d, com o nosso \u201cpecado\u201d, com a nossa \u201ccorrup\u00e7\u00e3o\u201d. Partindo da primeira leitura de hoje do Livro do G\u00eanesis, o Papa Francisco se det\u00e9m sobre a tenta\u00e7\u00e3o de Ad\u00e3o e Eva, e em seguida, sobre a de Jesus no deserto. \u00c9 o diabo &#8211; explica &#8211; que \u201cse mostra sob a forma de uma serpente\u201d: \u00e9 \u201catraente\u201d e com a sua ast\u00facia tenta \u201cenganar\u201d, \u00e9 \u201cespecialista\u201d nisto, \u00e9 o \u201cpai da mentira\u201d, \u00e9 um \u201cmentiroso\u201d. Sabe, portanto como enganar, como \u201ctrapacear\u201d as pessoas. F\u00e1-lo com Eva: a faz \u201cse sentir bem\u201d, diz o Papa, e assim come\u00e7a o \u201cdi\u00e1logo\u201d e \u201cpasso a passo\u201d o diabo a leva onde ele quer.<\/p>\n<p>Com Jesus \u00e9 diferente, para o diabo \u201ctermina mal\u201d, recorda Francisco. \u201cProcura dialogar\u201d com Cristo, porque \u201cquando o diabo engana uma pessoa o faz com o di\u00e1logo\u201d: tenta engan\u00e1-lo, mas Jesus n\u00e3o cede. Ent\u00e3o, o diabo se revela por aquilo que \u00e9, mas Jesus d\u00e1 uma resposta \u201cque n\u00e3o \u00e9 sua\u201d, \u00e9 a da Palavra de Deus, porque \u201ccom o diabo n\u00e3o se pode dialogar\u201d: acaba-se como Ad\u00e3o e Eva, \u201cnus\u201d:<\/p>\n<p>\u201cO diabo \u00e9 um mau pagador, n\u00e3o paga bem! \u00c9 um trapaceiro! Ele promete tudo e deixa voc\u00ea nu. Tamb\u00e9m Jesus acabou nu mas na cruz, por obedi\u00eancia ao Pai, outra estrada. A serpente, o diabo \u00e9 inteligente: voc\u00ea n\u00e3o pode dialogar com o diabo. Todos n\u00f3s sabemos o que s\u00e3o as tenta\u00e7\u00f5es, todos n\u00f3s sabemos, porque todos n\u00f3s temos. Muitas tenta\u00e7\u00f5es de vaidade, de orgulho, cobi\u00e7a, avareza &#8230; Tantas\u201d.<\/p>\n<p>Hoje, acrescentou o Papa, se fala muito de corrup\u00e7\u00e3o. Tamb\u00e9m por isso, se deve pedir ajuda ao Senhor: \u201cMuitos corruptos, existem muitas pessoas importantes corruptas no mundo, que conhecemos suas vidas atrav\u00e9s dos jornais. Talvez come\u00e7aram com uma pequena coisa, n\u00e3o sei, n\u00e3o ajustando bem o balan\u00e7o e o que era um quilo fa\u00e7amos novecentos gramas, mas era um quilo! A corrup\u00e7\u00e3o come\u00e7a nas pequenas coisas como esta, com o di\u00e1logo: N\u00e3o, n\u00e3o \u00e9 verdade que esta fruta vai fazer mal a voc\u00ea! Coma! \u00c9 boa! \u00c9 pouca coisa, ningu\u00e9m vai perceber! Faz, faz! E pouco a pouco cai-se no pecado, na corrup\u00e7\u00e3o.\u201d<\/p>\n<p>A Igreja nos ensina a \u201cn\u00e3o ser ing\u00eanuos\u201d, a n\u00e3o ser \u201ctolos\u201d, disse o Papa. Portanto, ter os \u201colhos abertos\u201d e pedir ajuda a Deus \u201cporque sozinhos n\u00e3o conseguimos\u201d. Ad\u00e3o e Eva se escondem do Senhor, ao inv\u00e9s disso \u00e9 preciso a gra\u00e7a de Jesus para \u201cvoltar e pedir perd\u00e3o\u201d: \u201cNa tenta\u00e7\u00e3o n\u00e3o h\u00e1 di\u00e1logo, se reza: Ajuda-me Senhor, sou fraco. N\u00e3o quero me esconder de voc\u00ea. Isso \u00e9 coragem, isso \u00e9 vencer. Quando voc\u00ea come\u00e7a a dialogar terminar\u00e1 vencido, derrotado. Que o Senhor nos d\u00ea a gra\u00e7a e nos sustente nesta coragem e, se formos enganados pela nossa fraqueza na tenta\u00e7\u00e3o, que Ele nos d\u00ea a coragem de nos levantar e seguir em frente. Jesus veio para isso.\u201d<\/p>\n<p><strong>PAPA E REVISTA &#8216;LA CIVILT\u00c0 CATTOLICA&#8217;<\/strong><\/p>\n<p>O Papa Francisco recebeu em audi\u00eancia, nesta quinta-feira (09\/02), na Sala do Consist\u00f3rio, no Vaticano, sessenta membros da comunidade de \u2018La Civilt\u00e0 Cattolica\u2019, revista da Companhia de Jesus em l\u00edngua italiana. O Pont\u00edfice manifestou satisfa\u00e7\u00e3o de se encontrar com os escritores desse col\u00e9gio e outros jesu\u00edtas da comunidade, as religiosas e todos os leigos que colaboram com os escritores na vida da revista e na administra\u00e7\u00e3o da casa na qual vivem. O Papa saudou tamb\u00e9m os editores que a partir deste momento publicar\u00e3o a revista tamb\u00e9m em espanhol, ingl\u00eas, franc\u00eas e coreano, e seus leitores.<\/p>\n<p>O encontro com o Santo Padre realizou-se por ocasi\u00e3o da edi\u00e7\u00e3o de n\u00famero 4.000 da revista \u2018La Civilt\u00e0 Cattolica\u2019. \u201cUm marco \u00fanico: a revista fez uma viagem de 167 anos no tempo e prossegue com coragem a sua navega\u00e7\u00e3o em alto mar\u201d, disse Francisco. \u201cPermane\u00e7am em alto mar! O cat\u00f3lico n\u00e3o deve ter medo do mar, n\u00e3o deve buscar ref\u00fagio em portos seguros. Voc\u00eas, jesu\u00edtas, evitem se apegar as certezas e seguran\u00e7as. O Senhor nos chama para sair em miss\u00e3o e n\u00e3o se aposentar para proteger certezas\u201d, sublinhou ainda o Papa.<\/p>\n<p>Segundo o Pont\u00edfice, \u201cesta navega\u00e7\u00e3o n\u00e3o \u00e9 solit\u00e1ria\u201d. \u201cOs meus predecessores, desde o Beato Pio IX a Bento XVI os encontraram, em audi\u00eancia, reconhecendo como esta navega\u00e7\u00e3o esteja na barca de Pedro. Este v\u00ednculo com o Pont\u00edfice \u00e9 desde sempre uma caracter\u00edstica essencial dessa revista. Continuemos a navegar impelidos pelo sopro do Esp\u00edrito Santo que nos guia.\u201d<\/p>\n<p><strong>Trabalho<\/strong><br \/>\n\u201cQuatro mil fasc\u00edculos n\u00e3o s\u00e3o uma cole\u00e7\u00e3o de pap\u00e9is. H\u00e1 uma vida formada de reflex\u00e3o, muita paix\u00e3o, lutas e contradi\u00e7\u00f5es, mas sobretudo de trabalho. Soube que seus antigos predecessores gostavam de ser chamados simplesmente de \u2018trabalhadores\u2019, n\u00e3o de \u2018intelectuais\u2019, mas \u2018trabalhadores\u2019. Gosto dessa defini\u00e7\u00e3o que \u00e9 humilde, modesta e eficaz. Santo Ign\u00e1cio de Loyola nos quer trabalhadores da vinha m\u00edstica. Eu trabalho de uma forma, voc\u00eas de outra. Mas estamos juntos, unidos\u201d, frisou ainda o Pont\u00edfice.<\/p>\n<p>Em 1866, Pio IX instituiu a revista &#8220;La Civilt\u00e0 Cattolica&#8221; com os Estatutos origin\u00e1rios. \u201cLendo hoje os estatutos notamos uma linguagem que n\u00e3o \u00e9 mais a nossa, mas o sentido profundo e espec\u00edfico da revista \u00e9 bem descrito e deve permanecer imut\u00e1vel, ou seja, de uma revista que \u00e9 express\u00e3o de uma comunidade de escritores jesu\u00edtas que partilham n\u00e3o somente a experi\u00eancia intelectual, mas tamb\u00e9m a inspira\u00e7\u00e3o carism\u00e1tica e, no n\u00facleo fundamental da reda\u00e7\u00e3o, a vida cotidiana da comunidade. O centro de &#8216;La Civilt\u00e0 Cattolica&#8217; \u00e9 o Col\u00e9gio dos Escritores. Tudo deve girar em torno dele e sua miss\u00e3o\u201d, disse ainda Francisco.<\/p>\n<p><strong>Novas edi\u00e7\u00f5es<\/strong><br \/>\nEsta miss\u00e3o, pela primeira vez em 167 anos, hoje vai al\u00e9m dos confins lingu\u00edsticos do italiano.<br \/>\n\u201cEstou feliz de aben\u00e7oar as edi\u00e7\u00f5es de &#8216;La Civilt\u00e0 Cattolica&#8217; em espanhol, ingl\u00eas, franc\u00eas e coreano. Uma evolu\u00e7\u00e3o que os seus predecessores, nos tempos do Conc\u00edlio, tinham em mente, mas que n\u00e3o foi concretizada. Esta nova etapa ajudar\u00e1 tamb\u00e9m a ampliar seus horizontes, e a receber contribui\u00e7\u00f5es escritas por outros jesu\u00edtas de v\u00e1rias partes do mundo. A tend\u00eancia da cultura viva \u00e9 de se abrir, integrar, multiplicar, partilhar, dialogar, dar e receber dentro de um povo e com outros povos com os quais se relaciona.\u201d<\/p>\n<p>\u201cLa Civilt\u00e0 Cattolica ser\u00e1 sempre uma revista cada vez mais aberta ao mundo. Este \u00e9 um novo modo de viver a sua miss\u00e3o espec\u00edfica, ou seja, ser uma revista cat\u00f3lica. Por\u00e9m, ser uma revista cat\u00f3lica n\u00e3o significa simplesmente defender ideias cat\u00f3licas, como se o catolicismo fosse uma filosofia. Como disse o seu fundador Pe. Carlo Maria Curci, &#8216;La Civilt\u00e0 Cattolica&#8217; n\u00e3o deve aparecer uma coisa de sacristia. Uma revista \u00e9 realmente cat\u00f3lica se possui o olhar de Cristo sobre o mundo, o transmite e o testemunha. Gosto de pensar na &#8216;Civilt\u00e0 Cattolica&#8217; como uma revista que seja ao mesmo tempo ponte e fronteira.\u201d<\/p>\n<p><strong>Inquieta\u00e7\u00e3o<\/strong><br \/>\nO Papa fez uma reflex\u00e3o com a comunidade &#8216;La Civilt\u00e0 Cattolica&#8217; destacando tr\u00eas palavras: inquieta\u00e7\u00e3o, incompletude e imagina\u00e7\u00e3o, e deu tr\u00eas padroeiros, tr\u00eas figuras jesu\u00edtas aos quais o col\u00e9gio deve olhar para ir adiante.<\/p>\n<p>\u201cSomente a inquieta\u00e7\u00e3o d\u00e1 paz ao cora\u00e7\u00e3o de um jesu\u00edta. Sem inquieta\u00e7\u00e3o somos est\u00e9reis. Se voc\u00eas querem ser pontes e fronteiras devem ter a mente e o cora\u00e7\u00e3o inquietos. Os valores e as tradi\u00e7\u00f5es crist\u00e3s n\u00e3o s\u00e3o pe\u00e7as raras que devem ficar fechadas nas caixas de um museu. A certeza da f\u00e9 seja o motor de suas pesquisas\u201d.<\/p>\n<p>O Papa deu como padroeiro S\u00e3o Pedro Fabro (1506-1546), homem de grandes desejos, esp\u00edrito inquieto, mas satisfeito, pioneiro do ecumenismo. Para Fabro, quando se apresentavam as coisas dif\u00edceis \u00e9 que manifesta o esp\u00edrito verdadeiro que move toda a\u00e7\u00e3o. Uma f\u00e9 aut\u00eantica requer sempre um desejo profundo de mudar o mundo.<\/p>\n<p>\u201cQue essa revista tome consci\u00eancia das feridas deste mundo e encontre terapias. Seja uma escritura que tende a compreender o mal, mas tamb\u00e9m colocar \u00f3leo nas feridas abertas, a curar\u201d.<\/p>\n<p><strong>Incompletude<\/strong><br \/>\nSobre a palavra incompletude, Francisco sublinhou que \u201cDeus \u00e9 o Deus sempre maior, o Deus que nos surpreende sempre. Por isso, voc\u00eas devem ser escritores e jornalistas do pensamento incompleto, ou seja, aberto e n\u00e3o fechado e r\u00edgido. Que a f\u00e9 abra o seu pensamento. Deixem-se guiar pelo esp\u00edrito prof\u00e9tico do Evangelho para ter uma vis\u00e3o original, vital, din\u00e2mica, n\u00e3o \u00f3bvia, especialmente hoje num mundo t\u00e3o complexo e cheio de desafios em que parece triunfar a \u2018cultura do naufr\u00e1gio\u2019, nutrida de messianismo profano, de mediocridade relativista, de suspeita e rigidez, e a \u2018cultura da lata de lixo\u2019, onde deve ser jogado fora tudo aquilo que n\u00e3o funciona, como se deveria, ou \u00e9 considero in\u00fatil\u201d.<\/p>\n<p>A crise \u00e9 global e somente um pensamento aberto pode enfrentar a crise e a compreender para onde o mundo est\u00e1 andando, como se enfrentam as crises mais complexas e urgentes, a geopol\u00edtica, os desafios da economia e a grave crise humanit\u00e1ria ligada ao drama da migra\u00e7\u00e3o, que \u00e9 o verdadeiro problema pol\u00edtico global de nossos dias.<\/p>\n<p>O Papa deu como ponto de refer\u00eancia o Servo de Deus Pe. Matteo Ricci (1522-1610). Ele comp\u00f4s um grande mapa do mundo chin\u00eas representando os continentes e ilhas at\u00e9 ent\u00e3o conhecidos.<br \/>\n\u201cCom os seus artigos voc\u00eas s\u00e3o chamados a compor um mapa do mundo: mostrar as descobertas recentes, dar um nome aos lugares, fazer conhecer qual \u00e9 o significado da \u2018civiliza\u00e7\u00e3o\u2019 cat\u00f3lica, e fazer os cat\u00f3licos conhecerem que Deus trabalha tamb\u00e9m fora dos confins da Igreja, em toda verdadeira \u2018civiliza\u00e7\u00e3o\u2019, com o sopro do Esp\u00edrito\u201d.<\/p>\n<p><strong>Imagina\u00e7\u00e3o<\/strong><br \/>\nA prop\u00f3sito de imagina\u00e7\u00e3o, o Papa disse que \u201ceste \u00e9 o tempo do discernimento na Igreja e no mundo. O discernimento se realiza sempre na presen\u00e7a do Senhor, vendo os sinais e as coisas que acontecem, ouvindo as pessoas que conhecem o caminho humilde da teimosia cotidiana, especialmente os pobres. A sabedoria do discernimento resgata a ambiguidade necess\u00e1ria da vida, mas \u00e9 preciso entrar na ambiguidade, como fez o Senhor Jesus assumindo a nossa carne. O pensamento r\u00edgido n\u00e3o \u00e9 divino porque Jesus assumiu a nossa carne que n\u00e3o \u00e9 r\u00edgida, a n\u00e3o ser no momento da morte\u201d.<\/p>\n<p>\u201cGosto muito da poesia. A poesia \u00e9 cheia de met\u00e1foras. Entender as met\u00e1foras ajuda a tornar o pensamento \u00e1gil, intuitivo, flex\u00edvel e afinado. Quem tem imagina\u00e7\u00e3o n\u00e3o se enrijece, tem o senso do humorismo, aproveita a do\u00e7ura da miseric\u00f3rdia e da liberdade interior. \u00c9 capaz de escancarar vis\u00f5es amplas em espa\u00e7os restritos como fez em suas obras pitorescas o irm\u00e3o Andrea Pozzo, abrindo com a imagina\u00e7\u00e3o espa\u00e7os abertos, c\u00fapulas e corredores nos lugares onde existem somente tetos e muros.\u201d Este foi o terceiro ponto de refer\u00eancia do Papa.<\/p>\n<p>O Pont\u00edfice finalizou seu discurso desejando a \u2018La Civilt\u00e0 Cattolica\u2019 que as vers\u00f5es em outras l\u00ednguas possam alcan\u00e7ar muitos leitores e auspiciou que a Companhia de Jesus continue sustentando esta obra antiga e preciosa, \u00fanica para o servi\u00e7o \u00e0 S\u00e9 Apost\u00f3lica.<\/p>\n<hr \/>\n<p><em>Fonte: R\u00e1dio Vaticano<\/em><\/p>\n","protected":false},"excerpt":{"rendered":"<p>Missa em Santa Marta<\/p>\n","protected":false},"author":1,"featured_media":196045,"comment_status":"open","ping_status":"open","sticky":false,"template":"","format":"standard","meta":[],"categories":[1428],"tags":[1586],"acf":[],"yoast_head":"<!-- This site is optimized with the Yoast SEO plugin v19.2 - https:\/\/yoast.com\/wordpress\/plugins\/seo\/ -->\n<title>Papa: &quot;O di\u00e1logo com o diabo acaba em pecado e corrup\u00e7\u00e3o&quot; - Not\u00edcias - Franciscanos<\/title>\n<meta name=\"robots\" content=\"index, follow, max-snippet:-1, max-image-preview:large, max-video-preview:-1\" \/>\n<link rel=\"canonical\" href=\"https:\/\/franciscanos.org.br\/noticias\/papa-o-dialogo-com-o-diabo-acaba-com-corrupcao.html\" \/>\n<meta property=\"og:locale\" content=\"pt_BR\" \/>\n<meta property=\"og:type\" content=\"article\" \/>\n<meta property=\"og:title\" content=\"Papa: &quot;O di\u00e1logo com o diabo acaba em pecado e corrup\u00e7\u00e3o&quot; - Not\u00edcias - Franciscanos\" \/>\n<meta property=\"og:description\" content=\"Missa em Santa Marta\" \/>\n<meta property=\"og:url\" content=\"https:\/\/franciscanos.org.br\/noticias\/papa-o-dialogo-com-o-diabo-acaba-com-corrupcao.html\" \/>\n<meta property=\"og:site_name\" content=\"Not\u00edcias - Franciscanos\" \/>\n<meta property=\"article:published_time\" content=\"2017-02-10T11:56:25+00:00\" \/>\n<meta property=\"article:modified_time\" content=\"2020-06-09T13:40:07+00:00\" \/>\n<meta property=\"og:image\" content=\"https:\/\/franciscanos.org.br\/noticias\/wp-content\/uploads\/2017\/02\/papa_140217-1.jpg\" \/>\n\t<meta property=\"og:image:width\" content=\"273\" \/>\n\t<meta property=\"og:image:height\" content=\"181\" \/>\n\t<meta property=\"og:image:type\" content=\"image\/jpeg\" \/>\n<meta name=\"author\" content=\"admin\" \/>\n<meta name=\"twitter:card\" content=\"summary_large_image\" \/>\n<meta name=\"twitter:label1\" content=\"Escrito por\" \/>\n\t<meta name=\"twitter:data1\" content=\"admin\" \/>\n\t<meta name=\"twitter:label2\" content=\"Est. tempo de leitura\" \/>\n\t<meta name=\"twitter:data2\" content=\"10 minutos\" \/>\n<script type=\"application\/ld+json\" class=\"yoast-schema-graph\">{\"@context\":\"https:\/\/schema.org\",\"@graph\":[{\"@type\":\"WebSite\",\"@id\":\"https:\/\/franciscanos.org.br\/noticias\/#website\",\"url\":\"https:\/\/franciscanos.org.br\/noticias\/\",\"name\":\"Not\u00edcias - Franciscanos\",\"description\":\"Prov\u00edncia Franciscana da Imaculada Concei\u00e7\u00e3o do Brasil - Ordem dos Frades Menores - OFM\",\"potentialAction\":[{\"@type\":\"SearchAction\",\"target\":{\"@type\":\"EntryPoint\",\"urlTemplate\":\"https:\/\/franciscanos.org.br\/noticias\/?s={search_term_string}\"},\"query-input\":\"required name=search_term_string\"}],\"inLanguage\":\"pt-BR\"},{\"@type\":\"ImageObject\",\"inLanguage\":\"pt-BR\",\"@id\":\"https:\/\/franciscanos.org.br\/noticias\/papa-o-dialogo-com-o-diabo-acaba-com-corrupcao.html#primaryimage\",\"url\":\"https:\/\/franciscanos.org.br\/noticias\/wp-content\/uploads\/2017\/02\/papa_140217-1.jpg\",\"contentUrl\":\"https:\/\/franciscanos.org.br\/noticias\/wp-content\/uploads\/2017\/02\/papa_140217-1.jpg\",\"width\":273,\"height\":181},{\"@type\":\"WebPage\",\"@id\":\"https:\/\/franciscanos.org.br\/noticias\/papa-o-dialogo-com-o-diabo-acaba-com-corrupcao.html#webpage\",\"url\":\"https:\/\/franciscanos.org.br\/noticias\/papa-o-dialogo-com-o-diabo-acaba-com-corrupcao.html\",\"name\":\"Papa: \\\"O di\u00e1logo com o diabo acaba em pecado e corrup\u00e7\u00e3o\\\" - Not\u00edcias - Franciscanos\",\"isPartOf\":{\"@id\":\"https:\/\/franciscanos.org.br\/noticias\/#website\"},\"primaryImageOfPage\":{\"@id\":\"https:\/\/franciscanos.org.br\/noticias\/papa-o-dialogo-com-o-diabo-acaba-com-corrupcao.html#primaryimage\"},\"datePublished\":\"2017-02-10T11:56:25+00:00\",\"dateModified\":\"2020-06-09T13:40:07+00:00\",\"author\":{\"@id\":\"https:\/\/franciscanos.org.br\/noticias\/#\/schema\/person\/b38fbf43118f02820bd932f2e4b14ad3\"},\"breadcrumb\":{\"@id\":\"https:\/\/franciscanos.org.br\/noticias\/papa-o-dialogo-com-o-diabo-acaba-com-corrupcao.html#breadcrumb\"},\"inLanguage\":\"pt-BR\",\"potentialAction\":[{\"@type\":\"ReadAction\",\"target\":[\"https:\/\/franciscanos.org.br\/noticias\/papa-o-dialogo-com-o-diabo-acaba-com-corrupcao.html\"]}]},{\"@type\":\"BreadcrumbList\",\"@id\":\"https:\/\/franciscanos.org.br\/noticias\/papa-o-dialogo-com-o-diabo-acaba-com-corrupcao.html#breadcrumb\",\"itemListElement\":[{\"@type\":\"ListItem\",\"position\":1,\"name\":\"Home\",\"item\":\"https:\/\/franciscanos.org.br\/noticias\"},{\"@type\":\"ListItem\",\"position\":2,\"name\":\"Papa: &#8220;O di\u00e1logo com o diabo acaba em pecado e corrup\u00e7\u00e3o&#8221;\"}]},{\"@type\":\"Person\",\"@id\":\"https:\/\/franciscanos.org.br\/noticias\/#\/schema\/person\/b38fbf43118f02820bd932f2e4b14ad3\",\"name\":\"admin\",\"image\":{\"@type\":\"ImageObject\",\"inLanguage\":\"pt-BR\",\"@id\":\"https:\/\/franciscanos.org.br\/noticias\/#\/schema\/person\/image\/\",\"url\":\"https:\/\/secure.gravatar.com\/avatar\/e8495742d34d0ba6448ea1c628263b3e?s=96&d=mm&r=g\",\"contentUrl\":\"https:\/\/secure.gravatar.com\/avatar\/e8495742d34d0ba6448ea1c628263b3e?s=96&d=mm&r=g\",\"caption\":\"admin\"},\"url\":\"https:\/\/franciscanos.org.br\/noticias\/author\/admin\"}]}<\/script>\n<!-- \/ Yoast SEO plugin. -->","yoast_head_json":{"title":"Papa: \"O di\u00e1logo com o diabo acaba em pecado e corrup\u00e7\u00e3o\" - Not\u00edcias - Franciscanos","robots":{"index":"index","follow":"follow","max-snippet":"max-snippet:-1","max-image-preview":"max-image-preview:large","max-video-preview":"max-video-preview:-1"},"canonical":"https:\/\/franciscanos.org.br\/noticias\/papa-o-dialogo-com-o-diabo-acaba-com-corrupcao.html","og_locale":"pt_BR","og_type":"article","og_title":"Papa: \"O di\u00e1logo com o diabo acaba em pecado e corrup\u00e7\u00e3o\" - Not\u00edcias - Franciscanos","og_description":"Missa em Santa Marta","og_url":"https:\/\/franciscanos.org.br\/noticias\/papa-o-dialogo-com-o-diabo-acaba-com-corrupcao.html","og_site_name":"Not\u00edcias - Franciscanos","article_published_time":"2017-02-10T11:56:25+00:00","article_modified_time":"2020-06-09T13:40:07+00:00","og_image":[{"width":273,"height":181,"url":"https:\/\/franciscanos.org.br\/noticias\/wp-content\/uploads\/2017\/02\/papa_140217-1.jpg","type":"image\/jpeg"}],"author":"admin","twitter_card":"summary_large_image","twitter_misc":{"Escrito por":"admin","Est. tempo de leitura":"10 minutos"},"schema":{"@context":"https:\/\/schema.org","@graph":[{"@type":"WebSite","@id":"https:\/\/franciscanos.org.br\/noticias\/#website","url":"https:\/\/franciscanos.org.br\/noticias\/","name":"Not\u00edcias - Franciscanos","description":"Prov\u00edncia Franciscana da Imaculada Concei\u00e7\u00e3o do Brasil - Ordem dos Frades Menores - OFM","potentialAction":[{"@type":"SearchAction","target":{"@type":"EntryPoint","urlTemplate":"https:\/\/franciscanos.org.br\/noticias\/?s={search_term_string}"},"query-input":"required name=search_term_string"}],"inLanguage":"pt-BR"},{"@type":"ImageObject","inLanguage":"pt-BR","@id":"https:\/\/franciscanos.org.br\/noticias\/papa-o-dialogo-com-o-diabo-acaba-com-corrupcao.html#primaryimage","url":"https:\/\/franciscanos.org.br\/noticias\/wp-content\/uploads\/2017\/02\/papa_140217-1.jpg","contentUrl":"https:\/\/franciscanos.org.br\/noticias\/wp-content\/uploads\/2017\/02\/papa_140217-1.jpg","width":273,"height":181},{"@type":"WebPage","@id":"https:\/\/franciscanos.org.br\/noticias\/papa-o-dialogo-com-o-diabo-acaba-com-corrupcao.html#webpage","url":"https:\/\/franciscanos.org.br\/noticias\/papa-o-dialogo-com-o-diabo-acaba-com-corrupcao.html","name":"Papa: \"O di\u00e1logo com o diabo acaba em pecado e corrup\u00e7\u00e3o\" - Not\u00edcias - Franciscanos","isPartOf":{"@id":"https:\/\/franciscanos.org.br\/noticias\/#website"},"primaryImageOfPage":{"@id":"https:\/\/franciscanos.org.br\/noticias\/papa-o-dialogo-com-o-diabo-acaba-com-corrupcao.html#primaryimage"},"datePublished":"2017-02-10T11:56:25+00:00","dateModified":"2020-06-09T13:40:07+00:00","author":{"@id":"https:\/\/franciscanos.org.br\/noticias\/#\/schema\/person\/b38fbf43118f02820bd932f2e4b14ad3"},"breadcrumb":{"@id":"https:\/\/franciscanos.org.br\/noticias\/papa-o-dialogo-com-o-diabo-acaba-com-corrupcao.html#breadcrumb"},"inLanguage":"pt-BR","potentialAction":[{"@type":"ReadAction","target":["https:\/\/franciscanos.org.br\/noticias\/papa-o-dialogo-com-o-diabo-acaba-com-corrupcao.html"]}]},{"@type":"BreadcrumbList","@id":"https:\/\/franciscanos.org.br\/noticias\/papa-o-dialogo-com-o-diabo-acaba-com-corrupcao.html#breadcrumb","itemListElement":[{"@type":"ListItem","position":1,"name":"Home","item":"https:\/\/franciscanos.org.br\/noticias"},{"@type":"ListItem","position":2,"name":"Papa: &#8220;O di\u00e1logo com o diabo acaba em pecado e corrup\u00e7\u00e3o&#8221;"}]},{"@type":"Person","@id":"https:\/\/franciscanos.org.br\/noticias\/#\/schema\/person\/b38fbf43118f02820bd932f2e4b14ad3","name":"admin","image":{"@type":"ImageObject","inLanguage":"pt-BR","@id":"https:\/\/franciscanos.org.br\/noticias\/#\/schema\/person\/image\/","url":"https:\/\/secure.gravatar.com\/avatar\/e8495742d34d0ba6448ea1c628263b3e?s=96&d=mm&r=g","contentUrl":"https:\/\/secure.gravatar.com\/avatar\/e8495742d34d0ba6448ea1c628263b3e?s=96&d=mm&r=g","caption":"admin"},"url":"https:\/\/franciscanos.org.br\/noticias\/author\/admin"}]}},"_links":{"self":[{"href":"https:\/\/franciscanos.org.br\/noticias\/wp-json\/wp\/v2\/posts\/126291"}],"collection":[{"href":"https:\/\/franciscanos.org.br\/noticias\/wp-json\/wp\/v2\/posts"}],"about":[{"href":"https:\/\/franciscanos.org.br\/noticias\/wp-json\/wp\/v2\/types\/post"}],"author":[{"embeddable":true,"href":"https:\/\/franciscanos.org.br\/noticias\/wp-json\/wp\/v2\/users\/1"}],"replies":[{"embeddable":true,"href":"https:\/\/franciscanos.org.br\/noticias\/wp-json\/wp\/v2\/comments?post=126291"}],"version-history":[{"count":1,"href":"https:\/\/franciscanos.org.br\/noticias\/wp-json\/wp\/v2\/posts\/126291\/revisions"}],"predecessor-version":[{"id":225454,"href":"https:\/\/franciscanos.org.br\/noticias\/wp-json\/wp\/v2\/posts\/126291\/revisions\/225454"}],"wp:featuredmedia":[{"embeddable":true,"href":"https:\/\/franciscanos.org.br\/noticias\/wp-json\/wp\/v2\/media\/196045"}],"wp:attachment":[{"href":"https:\/\/franciscanos.org.br\/noticias\/wp-json\/wp\/v2\/media?parent=126291"}],"wp:term":[{"taxonomy":"category","embeddable":true,"href":"https:\/\/franciscanos.org.br\/noticias\/wp-json\/wp\/v2\/categories?post=126291"},{"taxonomy":"post_tag","embeddable":true,"href":"https:\/\/franciscanos.org.br\/noticias\/wp-json\/wp\/v2\/tags?post=126291"}],"curies":[{"name":"wp","href":"https:\/\/api.w.org\/{rel}","templated":true}]}}