{"id":12624,"date":"2012-03-03T12:56:22","date_gmt":"2012-03-03T15:56:22","guid":{"rendered":"http:\/\/new.franciscanos.org.br\/?p=12624"},"modified":"2021-07-05T19:50:56","modified_gmt":"2021-07-05T22:50:56","slug":"ultimo-dia-do-triduo-preparatorio","status":"publish","type":"post","link":"https:\/\/franciscanos.org.br\/noticias\/ultimo-dia-do-triduo-preparatorio.html","title":{"rendered":"Veja como foi o  Tr\u00edduo preparat\u00f3rio"},"content":{"rendered":"<p><img loading=\"lazy\" class=\"alignnone size-full wp-image-199049\" src=\"https:\/\/franciscanos.org.br\/noticias\/wp-content\/uploads\/2012\/03\/jeferson_interna_g03.jpg\" alt=\"\" width=\"830\" height=\"300\" srcset=\"https:\/\/franciscanos.org.br\/noticias\/wp-content\/uploads\/2012\/03\/jeferson_interna_g03.jpg 830w, https:\/\/franciscanos.org.br\/noticias\/wp-content\/uploads\/2012\/03\/jeferson_interna_g03-450x163.jpg 450w, https:\/\/franciscanos.org.br\/noticias\/wp-content\/uploads\/2012\/03\/jeferson_interna_g03-768x278.jpg 768w, https:\/\/franciscanos.org.br\/noticias\/wp-content\/uploads\/2012\/03\/jeferson_interna_g03-150x54.jpg 150w\" sizes=\"(max-width: 830px) 100vw, 830px\" \/><\/p>\n<p>Encerrando a semana mission\u00e1ria, a celebra\u00e7\u00e3o dessa sexta-feira, \u00faltimo dia do Tr\u00edduo, foi marcada pela forte presen\u00e7a do Apostolado da Ora\u00e7\u00e3o e da devo\u00e7\u00e3o ao Sagrado Cora\u00e7\u00e3o de Jesus.<\/p>\n<p>Frei Cl\u00e1udio Broca, primo e conterr\u00e2neo de Frei Jeferson, presidiu a celebra\u00e7\u00e3o e falou sobre a grandeza do minist\u00e9rio presbiteral. Tamb\u00e9m Frei M\u00e1rio Stein, que conviveu com Frei Jeferson em Imbari\u00ea e que por seis anos foi mission\u00e1rio na \u00c1frica, falou para o povo em que consiste a voca\u00e7\u00e3o mission\u00e1ria, partilhando um pouco da sua pr\u00f3pria experi\u00eancia enquanto esteve em Angola, lugar onde Frei Jeferson ir\u00e1 desempenhar sua atividade pastoral como religioso franciscano e sacerdote.<\/p>\n<p>Em seguida, depois de fazer a promessa de fidelidade, Frei Jeferson, num gesto muito singelo e profundo, lavou os p\u00e9s de sua m\u00e3e, como s\u00edmbolo e exerc\u00edcio do verdadeiro sacerd\u00f3cio, que \u00e9 estar a servi\u00e7o dos irm\u00e3os e irm\u00e3s.<\/p>\n<p>Ap\u00f3s a comunh\u00e3o, houve a ben\u00e7\u00e3o de um p\u00e3o, o qual foi partilhado por Frei Jeferson entre todos os participantes da celebra\u00e7\u00e3o. Assim, ap\u00f3s uma semana de visitas e b\u00ean\u00e7\u00e3os de casas, muitos encontros e partilhas de vida, \u00e9 s\u00f3 esperar o grande momento da ordena\u00e7\u00e3o, que acontecer\u00e1 no s\u00e1bado (03\/03), \u00e0s 19h, na Igreja nossa Senhora da Gl\u00f3ria, em Guaratinguet\u00e1.<\/p>\n<p>No domingo, suas prim\u00edcias ser\u00e3o celebradas na sua comunidade de origem, Comunidade Sagrada Fam\u00edlia, \u00e0s 10h, tendo como pregador Frei Gilberto da Silva, que \u00e9 confrade de turma de Frei Jeferson e ser\u00e1 ordenado no dia 28 de abril, em Jacarezinho-PR.<\/p>\n<p><b>2\u00ba DIA<\/b><\/p>\n<p><img loading=\"lazy\" class=\"alignleft wp-image-199050 \" src=\"https:\/\/franciscanos.org.br\/noticias\/wp-content\/uploads\/2012\/03\/17.jpg\" alt=\"\" width=\"296\" height=\"395\" srcset=\"https:\/\/franciscanos.org.br\/noticias\/wp-content\/uploads\/2012\/03\/17.jpg 450w, https:\/\/franciscanos.org.br\/noticias\/wp-content\/uploads\/2012\/03\/17-338x450.jpg 338w, https:\/\/franciscanos.org.br\/noticias\/wp-content\/uploads\/2012\/03\/17-150x200.jpg 150w\" sizes=\"(max-width: 296px) 100vw, 296px\" \/>No dia em que o Semin\u00e1rio Frei Galv\u00e3o completava seus 70 anos de exist\u00eancia, cuja festa ser\u00e1 celebrada na pr\u00f3xima ter\u00e7a-feira, com missa solene presidida pelo Ministro Provincial Frei Fid\u00eancio Vamboemmel, o guardi\u00e3o do Semin\u00e1rio Frei Galv\u00e3o, Frei Daniel Dellandrea, presidiu o segundo dia do tr\u00edduo em prepara\u00e7\u00e3o a ordena\u00e7\u00e3o do Frei Jeferson Broca, igreja Nossa Senhora da Gl\u00f3ria, em Guaratinguet\u00e1.<\/p>\n<p>Na sua homilia, Frei Daniel ressaltou a import\u00e2ncia da profiss\u00e3o religiosa para os frades menores, enfatizando a fidelidade aos votos religiosos para a verdadeira realiza\u00e7\u00e3o dos religiosos.<\/p>\n<p>Ap\u00f3s a homilia, Frei Jeferson, conduzido por Frei Pedro da Silva, realizou a sua promessa de castidade, seguida da ora\u00e7\u00e3o de S\u00e3o Francisco diante do crucifixo.<\/p>\n<p>Depois da ora\u00e7\u00e3o p\u00f3s-comunh\u00e3o, o Sant\u00edssimo Sacramento foi exposto, sendo levado pelo meio do povo por Frei Jeferson. Em meio a muitas preces, pedidos, cantos e aclama\u00e7\u00f5es, o povo que lotava a igreja procurava uma forma de tocar no ostens\u00f3rio, expressando sua f\u00e9 e amor no verdadeiro P\u00e3o descido do c\u00e9u.<\/p>\n<p>Nesta sexta, \u00faltimo dia do tr\u00edduo preparat\u00f3rio, a celebra\u00e7\u00e3o ser\u00e1 presidida pelo primo e conterr\u00e2neo de Frei Jeferson, Frei Cl\u00e1udio Broca, que atualmente est\u00e1 morando em Paty do Alferes.<\/p>\n<p><strong><img loading=\"lazy\" class=\"alignright wp-image-199051\" src=\"https:\/\/franciscanos.org.br\/noticias\/wp-content\/uploads\/2012\/03\/05.jpg\" alt=\"\" width=\"271\" height=\"361\" srcset=\"https:\/\/franciscanos.org.br\/noticias\/wp-content\/uploads\/2012\/03\/05.jpg 450w, https:\/\/franciscanos.org.br\/noticias\/wp-content\/uploads\/2012\/03\/05-338x450.jpg 338w, https:\/\/franciscanos.org.br\/noticias\/wp-content\/uploads\/2012\/03\/05-150x200.jpg 150w\" sizes=\"(max-width: 271px) 100vw, 271px\" \/>1\u00ba DIA<\/strong><\/p>\n<p>A igreja Nossa Senhora da Gl\u00f3ria, em Guaratinguet\u00e1, par\u00f3quia que j\u00e1 foi franciscana, relembrou os tempos de outrora e acolheu numeroso grupo de frades para o in\u00edcio do Tr\u00edduo em prepara\u00e7\u00e3o a Ordena\u00e7\u00e3o Presbiteral do Frei Jeferson Palandi Broca, que acontecer\u00e1 nessa mesma igreja, no pr\u00f3ximo s\u00e1bado, \u00e0s 19 horas.<\/p>\n<p>Contando com a participa\u00e7\u00e3o dos fi\u00e9is devotos de nossa Senhora Aparecida, cuja homenagem lhe prestam com a novena de todas as quartas-feiras, a celebra\u00e7\u00e3o presidida por Frei Pedro da Silva transcorreu de modo harmonioso e tranq\u00fcilo.<\/p>\n<p>Al\u00e9m dos frades mission\u00e1rios, tamb\u00e9m estiveram presentes 6 postulantes que ao longo desse primeiro dia de miss\u00f5es tamb\u00e9m puderam acompanhar os frades nas visitas e b\u00ean\u00e7\u00e3os de casas.<\/p>\n<p>Nesta quinta-feira, segundo dia do Tr\u00edduo, a presid\u00eancia da celebra\u00e7\u00e3o ser\u00e1 de Frei Daniel Dellandrea, que atualmente \u00e9 guardi\u00e3o do Semin\u00e1rio Frei Galv\u00e3o.<\/p>\n<p><em><strong>Frei Diego Atalino de Melo<\/strong><\/em><\/p>\n","protected":false},"excerpt":{"rendered":"<p>Ordena\u00e7\u00e3o presbiteral de Frei Jeferson<\/p>\n","protected":false},"author":1,"featured_media":201085,"comment_status":"closed","ping_status":"open","sticky":false,"template":"","format":"standard","meta":[],"categories":[1],"tags":[160,157],"acf":[],"yoast_head":"<!-- This site is optimized with the Yoast SEO plugin v19.2 - https:\/\/yoast.com\/wordpress\/plugins\/seo\/ -->\n<title>Veja como foi o Tr\u00edduo preparat\u00f3rio - Not\u00edcias - Franciscanos<\/title>\n<meta name=\"robots\" content=\"index, follow, max-snippet:-1, max-image-preview:large, max-video-preview:-1\" \/>\n<link rel=\"canonical\" href=\"https:\/\/franciscanos.org.br\/noticias\/ultimo-dia-do-triduo-preparatorio.html\" \/>\n<meta property=\"og:locale\" content=\"pt_BR\" \/>\n<meta property=\"og:type\" content=\"article\" \/>\n<meta property=\"og:title\" content=\"Veja como foi o Tr\u00edduo preparat\u00f3rio - Not\u00edcias - Franciscanos\" \/>\n<meta property=\"og:description\" content=\"Ordena\u00e7\u00e3o presbiteral de Frei Jeferson\" \/>\n<meta property=\"og:url\" content=\"https:\/\/franciscanos.org.br\/noticias\/ultimo-dia-do-triduo-preparatorio.html\" \/>\n<meta property=\"og:site_name\" content=\"Not\u00edcias - Franciscanos\" \/>\n<meta property=\"article:published_time\" content=\"2012-03-03T15:56:22+00:00\" \/>\n<meta property=\"article:modified_time\" content=\"2021-07-05T22:50:56+00:00\" \/>\n<meta property=\"og:image\" content=\"https:\/\/franciscanos.org.br\/noticias\/wp-content\/uploads\/2012\/03\/05-338x450-1.jpg\" \/>\n\t<meta property=\"og:image:width\" content=\"273\" \/>\n\t<meta property=\"og:image:height\" content=\"181\" \/>\n\t<meta property=\"og:image:type\" content=\"image\/jpeg\" \/>\n<meta name=\"author\" content=\"admin\" \/>\n<meta name=\"twitter:card\" content=\"summary_large_image\" \/>\n<meta name=\"twitter:label1\" content=\"Escrito por\" \/>\n\t<meta name=\"twitter:data1\" content=\"admin\" \/>\n\t<meta name=\"twitter:label2\" content=\"Est. tempo de leitura\" \/>\n\t<meta name=\"twitter:data2\" content=\"3 minutos\" \/>\n<script type=\"application\/ld+json\" class=\"yoast-schema-graph\">{\"@context\":\"https:\/\/schema.org\",\"@graph\":[{\"@type\":\"WebSite\",\"@id\":\"https:\/\/franciscanos.org.br\/noticias\/#website\",\"url\":\"https:\/\/franciscanos.org.br\/noticias\/\",\"name\":\"Not\u00edcias - Franciscanos\",\"description\":\"Prov\u00edncia Franciscana da Imaculada Concei\u00e7\u00e3o do Brasil - Ordem dos Frades Menores - OFM\",\"potentialAction\":[{\"@type\":\"SearchAction\",\"target\":{\"@type\":\"EntryPoint\",\"urlTemplate\":\"https:\/\/franciscanos.org.br\/noticias\/?s={search_term_string}\"},\"query-input\":\"required name=search_term_string\"}],\"inLanguage\":\"pt-BR\"},{\"@type\":\"ImageObject\",\"inLanguage\":\"pt-BR\",\"@id\":\"https:\/\/franciscanos.org.br\/noticias\/ultimo-dia-do-triduo-preparatorio.html#primaryimage\",\"url\":\"https:\/\/franciscanos.org.br\/noticias\/wp-content\/uploads\/2012\/03\/05-338x450-1.jpg\",\"contentUrl\":\"https:\/\/franciscanos.org.br\/noticias\/wp-content\/uploads\/2012\/03\/05-338x450-1.jpg\",\"width\":273,\"height\":181},{\"@type\":\"WebPage\",\"@id\":\"https:\/\/franciscanos.org.br\/noticias\/ultimo-dia-do-triduo-preparatorio.html#webpage\",\"url\":\"https:\/\/franciscanos.org.br\/noticias\/ultimo-dia-do-triduo-preparatorio.html\",\"name\":\"Veja como foi o Tr\u00edduo preparat\u00f3rio - Not\u00edcias - Franciscanos\",\"isPartOf\":{\"@id\":\"https:\/\/franciscanos.org.br\/noticias\/#website\"},\"primaryImageOfPage\":{\"@id\":\"https:\/\/franciscanos.org.br\/noticias\/ultimo-dia-do-triduo-preparatorio.html#primaryimage\"},\"datePublished\":\"2012-03-03T15:56:22+00:00\",\"dateModified\":\"2021-07-05T22:50:56+00:00\",\"author\":{\"@id\":\"https:\/\/franciscanos.org.br\/noticias\/#\/schema\/person\/b38fbf43118f02820bd932f2e4b14ad3\"},\"breadcrumb\":{\"@id\":\"https:\/\/franciscanos.org.br\/noticias\/ultimo-dia-do-triduo-preparatorio.html#breadcrumb\"},\"inLanguage\":\"pt-BR\",\"potentialAction\":[{\"@type\":\"ReadAction\",\"target\":[\"https:\/\/franciscanos.org.br\/noticias\/ultimo-dia-do-triduo-preparatorio.html\"]}]},{\"@type\":\"BreadcrumbList\",\"@id\":\"https:\/\/franciscanos.org.br\/noticias\/ultimo-dia-do-triduo-preparatorio.html#breadcrumb\",\"itemListElement\":[{\"@type\":\"ListItem\",\"position\":1,\"name\":\"Home\",\"item\":\"https:\/\/franciscanos.org.br\/noticias\"},{\"@type\":\"ListItem\",\"position\":2,\"name\":\"Veja como foi o Tr\u00edduo preparat\u00f3rio\"}]},{\"@type\":\"Person\",\"@id\":\"https:\/\/franciscanos.org.br\/noticias\/#\/schema\/person\/b38fbf43118f02820bd932f2e4b14ad3\",\"name\":\"admin\",\"image\":{\"@type\":\"ImageObject\",\"inLanguage\":\"pt-BR\",\"@id\":\"https:\/\/franciscanos.org.br\/noticias\/#\/schema\/person\/image\/\",\"url\":\"https:\/\/secure.gravatar.com\/avatar\/e8495742d34d0ba6448ea1c628263b3e?s=96&d=mm&r=g\",\"contentUrl\":\"https:\/\/secure.gravatar.com\/avatar\/e8495742d34d0ba6448ea1c628263b3e?s=96&d=mm&r=g\",\"caption\":\"admin\"},\"url\":\"https:\/\/franciscanos.org.br\/noticias\/author\/admin\"}]}<\/script>\n<!-- \/ Yoast SEO plugin. -->","yoast_head_json":{"title":"Veja como foi o Tr\u00edduo preparat\u00f3rio - Not\u00edcias - Franciscanos","robots":{"index":"index","follow":"follow","max-snippet":"max-snippet:-1","max-image-preview":"max-image-preview:large","max-video-preview":"max-video-preview:-1"},"canonical":"https:\/\/franciscanos.org.br\/noticias\/ultimo-dia-do-triduo-preparatorio.html","og_locale":"pt_BR","og_type":"article","og_title":"Veja como foi o Tr\u00edduo preparat\u00f3rio - Not\u00edcias - Franciscanos","og_description":"Ordena\u00e7\u00e3o presbiteral de Frei Jeferson","og_url":"https:\/\/franciscanos.org.br\/noticias\/ultimo-dia-do-triduo-preparatorio.html","og_site_name":"Not\u00edcias - Franciscanos","article_published_time":"2012-03-03T15:56:22+00:00","article_modified_time":"2021-07-05T22:50:56+00:00","og_image":[{"width":273,"height":181,"url":"https:\/\/franciscanos.org.br\/noticias\/wp-content\/uploads\/2012\/03\/05-338x450-1.jpg","type":"image\/jpeg"}],"author":"admin","twitter_card":"summary_large_image","twitter_misc":{"Escrito por":"admin","Est. tempo de leitura":"3 minutos"},"schema":{"@context":"https:\/\/schema.org","@graph":[{"@type":"WebSite","@id":"https:\/\/franciscanos.org.br\/noticias\/#website","url":"https:\/\/franciscanos.org.br\/noticias\/","name":"Not\u00edcias - Franciscanos","description":"Prov\u00edncia Franciscana da Imaculada Concei\u00e7\u00e3o do Brasil - Ordem dos Frades Menores - OFM","potentialAction":[{"@type":"SearchAction","target":{"@type":"EntryPoint","urlTemplate":"https:\/\/franciscanos.org.br\/noticias\/?s={search_term_string}"},"query-input":"required name=search_term_string"}],"inLanguage":"pt-BR"},{"@type":"ImageObject","inLanguage":"pt-BR","@id":"https:\/\/franciscanos.org.br\/noticias\/ultimo-dia-do-triduo-preparatorio.html#primaryimage","url":"https:\/\/franciscanos.org.br\/noticias\/wp-content\/uploads\/2012\/03\/05-338x450-1.jpg","contentUrl":"https:\/\/franciscanos.org.br\/noticias\/wp-content\/uploads\/2012\/03\/05-338x450-1.jpg","width":273,"height":181},{"@type":"WebPage","@id":"https:\/\/franciscanos.org.br\/noticias\/ultimo-dia-do-triduo-preparatorio.html#webpage","url":"https:\/\/franciscanos.org.br\/noticias\/ultimo-dia-do-triduo-preparatorio.html","name":"Veja como foi o Tr\u00edduo preparat\u00f3rio - Not\u00edcias - Franciscanos","isPartOf":{"@id":"https:\/\/franciscanos.org.br\/noticias\/#website"},"primaryImageOfPage":{"@id":"https:\/\/franciscanos.org.br\/noticias\/ultimo-dia-do-triduo-preparatorio.html#primaryimage"},"datePublished":"2012-03-03T15:56:22+00:00","dateModified":"2021-07-05T22:50:56+00:00","author":{"@id":"https:\/\/franciscanos.org.br\/noticias\/#\/schema\/person\/b38fbf43118f02820bd932f2e4b14ad3"},"breadcrumb":{"@id":"https:\/\/franciscanos.org.br\/noticias\/ultimo-dia-do-triduo-preparatorio.html#breadcrumb"},"inLanguage":"pt-BR","potentialAction":[{"@type":"ReadAction","target":["https:\/\/franciscanos.org.br\/noticias\/ultimo-dia-do-triduo-preparatorio.html"]}]},{"@type":"BreadcrumbList","@id":"https:\/\/franciscanos.org.br\/noticias\/ultimo-dia-do-triduo-preparatorio.html#breadcrumb","itemListElement":[{"@type":"ListItem","position":1,"name":"Home","item":"https:\/\/franciscanos.org.br\/noticias"},{"@type":"ListItem","position":2,"name":"Veja como foi o Tr\u00edduo preparat\u00f3rio"}]},{"@type":"Person","@id":"https:\/\/franciscanos.org.br\/noticias\/#\/schema\/person\/b38fbf43118f02820bd932f2e4b14ad3","name":"admin","image":{"@type":"ImageObject","inLanguage":"pt-BR","@id":"https:\/\/franciscanos.org.br\/noticias\/#\/schema\/person\/image\/","url":"https:\/\/secure.gravatar.com\/avatar\/e8495742d34d0ba6448ea1c628263b3e?s=96&d=mm&r=g","contentUrl":"https:\/\/secure.gravatar.com\/avatar\/e8495742d34d0ba6448ea1c628263b3e?s=96&d=mm&r=g","caption":"admin"},"url":"https:\/\/franciscanos.org.br\/noticias\/author\/admin"}]}},"_links":{"self":[{"href":"https:\/\/franciscanos.org.br\/noticias\/wp-json\/wp\/v2\/posts\/12624"}],"collection":[{"href":"https:\/\/franciscanos.org.br\/noticias\/wp-json\/wp\/v2\/posts"}],"about":[{"href":"https:\/\/franciscanos.org.br\/noticias\/wp-json\/wp\/v2\/types\/post"}],"author":[{"embeddable":true,"href":"https:\/\/franciscanos.org.br\/noticias\/wp-json\/wp\/v2\/users\/1"}],"replies":[{"embeddable":true,"href":"https:\/\/franciscanos.org.br\/noticias\/wp-json\/wp\/v2\/comments?post=12624"}],"version-history":[{"count":1,"href":"https:\/\/franciscanos.org.br\/noticias\/wp-json\/wp\/v2\/posts\/12624\/revisions"}],"predecessor-version":[{"id":232860,"href":"https:\/\/franciscanos.org.br\/noticias\/wp-json\/wp\/v2\/posts\/12624\/revisions\/232860"}],"wp:featuredmedia":[{"embeddable":true,"href":"https:\/\/franciscanos.org.br\/noticias\/wp-json\/wp\/v2\/media\/201085"}],"wp:attachment":[{"href":"https:\/\/franciscanos.org.br\/noticias\/wp-json\/wp\/v2\/media?parent=12624"}],"wp:term":[{"taxonomy":"category","embeddable":true,"href":"https:\/\/franciscanos.org.br\/noticias\/wp-json\/wp\/v2\/categories?post=12624"},{"taxonomy":"post_tag","embeddable":true,"href":"https:\/\/franciscanos.org.br\/noticias\/wp-json\/wp\/v2\/tags?post=12624"}],"curies":[{"name":"wp","href":"https:\/\/api.w.org\/{rel}","templated":true}]}}