{"id":126153,"date":"2017-02-07T09:22:55","date_gmt":"2017-02-07T11:22:55","guid":{"rendered":"http:\/\/franciscanos.org.br\/?p=126153"},"modified":"2020-06-09T10:43:37","modified_gmt":"2020-06-09T13:43:37","slug":"papa-identidade-trabalho-e-amor-sao-os-dons-de-deus-ao-homem","status":"publish","type":"post","link":"https:\/\/franciscanos.org.br\/noticias\/papa-identidade-trabalho-e-amor-sao-os-dons-de-deus-ao-homem.html","title":{"rendered":"Identidade, trabalho e amor s\u00e3o os dons de Deus ao homem"},"content":{"rendered":"<p><img loading=\"lazy\" class=\"alignleft\" src=\"http:\/\/franciscanos.org.br\/wp-content\/uploads\/2017\/02\/martaG_070217.jpg\" alt=\"martaG_070217\" width=\"830\" height=\"401\" \/><strong>Cidade do Vaticano<\/strong> \u2013 O homem feito \u00e0 imagem de Deus, senhor da terra, tendo ao lado uma mulher para amar: a homilia do Papa na missa celebrada esta manh\u00e3 na Casa Santa Marta (07\/02) foi dedicada aos tr\u00eas grandes dons de Deus ao homem no ato da Cria\u00e7\u00e3o.<\/p>\n<p>\u201cSenhor, que \u00e9 o homem, para dele assim vos lembrardes\u201d. \u201cPouco abaixo de Deus o fizestes, coroando-o de gl\u00f3ria e esplendor\u201d. A reflex\u00e3o do Papa foi inspirada no Salmo 8 e pela narra\u00e7\u00e3o do G\u00eanesis, para exaltar a admira\u00e7\u00e3o pela \u201dternura\u201d e pelo \u201damor\u201d de Deus que, na Cria\u00e7\u00e3o, \u201cdeu tudo ao homem\u201d.<\/p>\n<p>O Papa destaca tr\u00eas grandes dons, come\u00e7ando pela identidade:<\/p>\n<p>\u201cAntes de tudo, nos deu o DNA, isto \u00e9, nos fez filhos, nos criou \u00e0 Sua imagem, \u00e0 Sua imagem e semelhan\u00e7a, como Ele. E quando algu\u00e9m faz um filho, n\u00e3o pode dar para tr\u00e1s: o filho est\u00e1 feito, est\u00e1 ali. E que o assemelhe muito ou pouco, \u00e9 seu filho; recebeu a identidade. E se o filho se torna bom, o pai fica orgulhoso, n\u00e3o?, \u201cmas olhe, que bom filho!\u201d. E se \u00e9 um pouquinho feio, o pai diz: \u00c9 bonito!\u201d, porque \u00e9 assim. Sempre. E se \u00e9 mau, o pai o justifica, o aguarda&#8230; Jesus nos ensinou como um pai sabe esperar os filhos. Ele nos deu esta identidade de filho: homem e mulher; devemos acrescentar: filhos. Somos como deuses, porque somos filhos de Deus\u201d.<\/p>\n<p>O segundo dom de Deus na Cria\u00e7\u00e3o \u00e9, para Francisco, uma \u201ctarefa\u201d: \u201cnos deu toda a terra\u201d, para dominar e subjugar, como diz o G\u00eanesis. \u00c9 uma \u201crealeza\u201d, acrescentou o Papa, porque Deus n\u00e3o quer o homem \u201cescravo\u201d, mas \u201csenhor\u201d, mas com uma tarefa:<\/p>\n<p>\u201cAssim como Ele trabalhou na Cria\u00e7\u00e3o, deu a n\u00f3s o trabalho, deu o trabalho de levar adiante a Cria\u00e7\u00e3o. N\u00e3o de destru\u00ed-la; mas faz\u00ea-la crescer, cuidar, proteger e faz\u00ea-la produzir fruto. Deu tudo. \u00c9 curioso, penso eu: mas n\u00e3o nos deu dinheiro. Temos tudo. Quem deu o dinheiro? Eu n\u00e3o sei. Dizem as av\u00f3s, que o diabo entra pelo bolso: pode ser \u2026 podemos pensar em quem deu dinheiro \u2026 Deu toda a Cria\u00e7\u00e3o para preserv\u00e1-la e lev\u00e1-la adiante: este \u00e9 o dom\u201d.<\/p>\n<p>Por fim, o Papa exaltou o terceiro e \u00faltimo dom contido no G\u00eanesis: o amor.<\/p>\n<p>\u201cHomem e mulher Ele os criou. N\u00e3o \u00e9 bom que o homem viva sozinho. E fez a companheira\u201d: um \u201cdi\u00e1logo de amor\u201d, disse Francisco. Portanto \u201cpreservar a Cria\u00e7\u00e3o e n\u00e3o destru\u00ed-la, lev\u00e1-la adiante com o trabalho cuja aus\u00eancia priva o homem de dignidade e, por fim, faz crescer o amor que tem in\u00edcio entre homem e mulher: esta \u00e9 a imagem da Cria\u00e7\u00e3o para o Papa, que fez sua exorta\u00e7\u00e3o final:<\/p>\n<p>\u201cAgrade\u00e7amos ao Senhor por esses tr\u00eas presentes que nos deu: a identidade, o dom-tarefa e o amor. E pe\u00e7amos a gra\u00e7a de proteger esta identidade de filhos, de trabalhar o dom que nos deu e levar avante com o nosso trabalho este dom, e a gra\u00e7a de aprender todos os dias a amar mais\u201d.<\/p>\n<hr \/>\n<p><em>Fonte: R\u00e1dio Vaticano<\/em><\/p>\n","protected":false},"excerpt":{"rendered":"<p>Missa em Santa Marta<\/p>\n","protected":false},"author":1,"featured_media":197043,"comment_status":"open","ping_status":"open","sticky":false,"template":"","format":"standard","meta":[],"categories":[1428],"tags":[1586],"acf":[],"yoast_head":"<!-- This site is optimized with the Yoast SEO plugin v19.2 - https:\/\/yoast.com\/wordpress\/plugins\/seo\/ -->\n<title>Identidade, trabalho e amor s\u00e3o os dons de Deus ao homem - Not\u00edcias - Franciscanos<\/title>\n<meta name=\"robots\" content=\"index, follow, max-snippet:-1, max-image-preview:large, max-video-preview:-1\" \/>\n<link rel=\"canonical\" href=\"https:\/\/franciscanos.org.br\/noticias\/papa-identidade-trabalho-e-amor-sao-os-dons-de-deus-ao-homem.html\" \/>\n<meta property=\"og:locale\" content=\"pt_BR\" \/>\n<meta property=\"og:type\" content=\"article\" \/>\n<meta property=\"og:title\" content=\"Identidade, trabalho e amor s\u00e3o os dons de Deus ao homem - Not\u00edcias - Franciscanos\" \/>\n<meta property=\"og:description\" content=\"Missa em Santa Marta\" \/>\n<meta property=\"og:url\" content=\"https:\/\/franciscanos.org.br\/noticias\/papa-identidade-trabalho-e-amor-sao-os-dons-de-deus-ao-homem.html\" \/>\n<meta property=\"og:site_name\" content=\"Not\u00edcias - Franciscanos\" \/>\n<meta property=\"article:published_time\" content=\"2017-02-07T11:22:55+00:00\" \/>\n<meta property=\"article:modified_time\" content=\"2020-06-09T13:43:37+00:00\" \/>\n<meta property=\"og:image\" content=\"https:\/\/franciscanos.org.br\/noticias\/wp-content\/uploads\/2017\/02\/martaG_070217.jpg\" \/>\n\t<meta property=\"og:image:width\" content=\"273\" \/>\n\t<meta property=\"og:image:height\" content=\"181\" \/>\n\t<meta property=\"og:image:type\" content=\"image\/jpeg\" \/>\n<meta name=\"author\" content=\"admin\" \/>\n<meta name=\"twitter:card\" content=\"summary_large_image\" \/>\n<meta name=\"twitter:label1\" content=\"Escrito por\" \/>\n\t<meta name=\"twitter:data1\" content=\"admin\" \/>\n\t<meta name=\"twitter:label2\" content=\"Est. tempo de leitura\" \/>\n\t<meta name=\"twitter:data2\" content=\"3 minutos\" \/>\n<script type=\"application\/ld+json\" class=\"yoast-schema-graph\">{\"@context\":\"https:\/\/schema.org\",\"@graph\":[{\"@type\":\"WebSite\",\"@id\":\"https:\/\/franciscanos.org.br\/noticias\/#website\",\"url\":\"https:\/\/franciscanos.org.br\/noticias\/\",\"name\":\"Not\u00edcias - Franciscanos\",\"description\":\"Prov\u00edncia Franciscana da Imaculada Concei\u00e7\u00e3o do Brasil - Ordem dos Frades Menores - OFM\",\"potentialAction\":[{\"@type\":\"SearchAction\",\"target\":{\"@type\":\"EntryPoint\",\"urlTemplate\":\"https:\/\/franciscanos.org.br\/noticias\/?s={search_term_string}\"},\"query-input\":\"required name=search_term_string\"}],\"inLanguage\":\"pt-BR\"},{\"@type\":\"ImageObject\",\"inLanguage\":\"pt-BR\",\"@id\":\"https:\/\/franciscanos.org.br\/noticias\/papa-identidade-trabalho-e-amor-sao-os-dons-de-deus-ao-homem.html#primaryimage\",\"url\":\"https:\/\/franciscanos.org.br\/noticias\/wp-content\/uploads\/2017\/02\/martaG_070217.jpg\",\"contentUrl\":\"https:\/\/franciscanos.org.br\/noticias\/wp-content\/uploads\/2017\/02\/martaG_070217.jpg\",\"width\":273,\"height\":181},{\"@type\":\"WebPage\",\"@id\":\"https:\/\/franciscanos.org.br\/noticias\/papa-identidade-trabalho-e-amor-sao-os-dons-de-deus-ao-homem.html#webpage\",\"url\":\"https:\/\/franciscanos.org.br\/noticias\/papa-identidade-trabalho-e-amor-sao-os-dons-de-deus-ao-homem.html\",\"name\":\"Identidade, trabalho e amor s\u00e3o os dons de Deus ao homem - Not\u00edcias - Franciscanos\",\"isPartOf\":{\"@id\":\"https:\/\/franciscanos.org.br\/noticias\/#website\"},\"primaryImageOfPage\":{\"@id\":\"https:\/\/franciscanos.org.br\/noticias\/papa-identidade-trabalho-e-amor-sao-os-dons-de-deus-ao-homem.html#primaryimage\"},\"datePublished\":\"2017-02-07T11:22:55+00:00\",\"dateModified\":\"2020-06-09T13:43:37+00:00\",\"author\":{\"@id\":\"https:\/\/franciscanos.org.br\/noticias\/#\/schema\/person\/b38fbf43118f02820bd932f2e4b14ad3\"},\"breadcrumb\":{\"@id\":\"https:\/\/franciscanos.org.br\/noticias\/papa-identidade-trabalho-e-amor-sao-os-dons-de-deus-ao-homem.html#breadcrumb\"},\"inLanguage\":\"pt-BR\",\"potentialAction\":[{\"@type\":\"ReadAction\",\"target\":[\"https:\/\/franciscanos.org.br\/noticias\/papa-identidade-trabalho-e-amor-sao-os-dons-de-deus-ao-homem.html\"]}]},{\"@type\":\"BreadcrumbList\",\"@id\":\"https:\/\/franciscanos.org.br\/noticias\/papa-identidade-trabalho-e-amor-sao-os-dons-de-deus-ao-homem.html#breadcrumb\",\"itemListElement\":[{\"@type\":\"ListItem\",\"position\":1,\"name\":\"Home\",\"item\":\"https:\/\/franciscanos.org.br\/noticias\"},{\"@type\":\"ListItem\",\"position\":2,\"name\":\"Identidade, trabalho e amor s\u00e3o os dons de Deus ao homem\"}]},{\"@type\":\"Person\",\"@id\":\"https:\/\/franciscanos.org.br\/noticias\/#\/schema\/person\/b38fbf43118f02820bd932f2e4b14ad3\",\"name\":\"admin\",\"image\":{\"@type\":\"ImageObject\",\"inLanguage\":\"pt-BR\",\"@id\":\"https:\/\/franciscanos.org.br\/noticias\/#\/schema\/person\/image\/\",\"url\":\"https:\/\/secure.gravatar.com\/avatar\/e8495742d34d0ba6448ea1c628263b3e?s=96&d=mm&r=g\",\"contentUrl\":\"https:\/\/secure.gravatar.com\/avatar\/e8495742d34d0ba6448ea1c628263b3e?s=96&d=mm&r=g\",\"caption\":\"admin\"},\"url\":\"https:\/\/franciscanos.org.br\/noticias\/author\/admin\"}]}<\/script>\n<!-- \/ Yoast SEO plugin. -->","yoast_head_json":{"title":"Identidade, trabalho e amor s\u00e3o os dons de Deus ao homem - Not\u00edcias - Franciscanos","robots":{"index":"index","follow":"follow","max-snippet":"max-snippet:-1","max-image-preview":"max-image-preview:large","max-video-preview":"max-video-preview:-1"},"canonical":"https:\/\/franciscanos.org.br\/noticias\/papa-identidade-trabalho-e-amor-sao-os-dons-de-deus-ao-homem.html","og_locale":"pt_BR","og_type":"article","og_title":"Identidade, trabalho e amor s\u00e3o os dons de Deus ao homem - Not\u00edcias - Franciscanos","og_description":"Missa em Santa Marta","og_url":"https:\/\/franciscanos.org.br\/noticias\/papa-identidade-trabalho-e-amor-sao-os-dons-de-deus-ao-homem.html","og_site_name":"Not\u00edcias - Franciscanos","article_published_time":"2017-02-07T11:22:55+00:00","article_modified_time":"2020-06-09T13:43:37+00:00","og_image":[{"width":273,"height":181,"url":"https:\/\/franciscanos.org.br\/noticias\/wp-content\/uploads\/2017\/02\/martaG_070217.jpg","type":"image\/jpeg"}],"author":"admin","twitter_card":"summary_large_image","twitter_misc":{"Escrito por":"admin","Est. tempo de leitura":"3 minutos"},"schema":{"@context":"https:\/\/schema.org","@graph":[{"@type":"WebSite","@id":"https:\/\/franciscanos.org.br\/noticias\/#website","url":"https:\/\/franciscanos.org.br\/noticias\/","name":"Not\u00edcias - Franciscanos","description":"Prov\u00edncia Franciscana da Imaculada Concei\u00e7\u00e3o do Brasil - Ordem dos Frades Menores - OFM","potentialAction":[{"@type":"SearchAction","target":{"@type":"EntryPoint","urlTemplate":"https:\/\/franciscanos.org.br\/noticias\/?s={search_term_string}"},"query-input":"required name=search_term_string"}],"inLanguage":"pt-BR"},{"@type":"ImageObject","inLanguage":"pt-BR","@id":"https:\/\/franciscanos.org.br\/noticias\/papa-identidade-trabalho-e-amor-sao-os-dons-de-deus-ao-homem.html#primaryimage","url":"https:\/\/franciscanos.org.br\/noticias\/wp-content\/uploads\/2017\/02\/martaG_070217.jpg","contentUrl":"https:\/\/franciscanos.org.br\/noticias\/wp-content\/uploads\/2017\/02\/martaG_070217.jpg","width":273,"height":181},{"@type":"WebPage","@id":"https:\/\/franciscanos.org.br\/noticias\/papa-identidade-trabalho-e-amor-sao-os-dons-de-deus-ao-homem.html#webpage","url":"https:\/\/franciscanos.org.br\/noticias\/papa-identidade-trabalho-e-amor-sao-os-dons-de-deus-ao-homem.html","name":"Identidade, trabalho e amor s\u00e3o os dons de Deus ao homem - Not\u00edcias - Franciscanos","isPartOf":{"@id":"https:\/\/franciscanos.org.br\/noticias\/#website"},"primaryImageOfPage":{"@id":"https:\/\/franciscanos.org.br\/noticias\/papa-identidade-trabalho-e-amor-sao-os-dons-de-deus-ao-homem.html#primaryimage"},"datePublished":"2017-02-07T11:22:55+00:00","dateModified":"2020-06-09T13:43:37+00:00","author":{"@id":"https:\/\/franciscanos.org.br\/noticias\/#\/schema\/person\/b38fbf43118f02820bd932f2e4b14ad3"},"breadcrumb":{"@id":"https:\/\/franciscanos.org.br\/noticias\/papa-identidade-trabalho-e-amor-sao-os-dons-de-deus-ao-homem.html#breadcrumb"},"inLanguage":"pt-BR","potentialAction":[{"@type":"ReadAction","target":["https:\/\/franciscanos.org.br\/noticias\/papa-identidade-trabalho-e-amor-sao-os-dons-de-deus-ao-homem.html"]}]},{"@type":"BreadcrumbList","@id":"https:\/\/franciscanos.org.br\/noticias\/papa-identidade-trabalho-e-amor-sao-os-dons-de-deus-ao-homem.html#breadcrumb","itemListElement":[{"@type":"ListItem","position":1,"name":"Home","item":"https:\/\/franciscanos.org.br\/noticias"},{"@type":"ListItem","position":2,"name":"Identidade, trabalho e amor s\u00e3o os dons de Deus ao homem"}]},{"@type":"Person","@id":"https:\/\/franciscanos.org.br\/noticias\/#\/schema\/person\/b38fbf43118f02820bd932f2e4b14ad3","name":"admin","image":{"@type":"ImageObject","inLanguage":"pt-BR","@id":"https:\/\/franciscanos.org.br\/noticias\/#\/schema\/person\/image\/","url":"https:\/\/secure.gravatar.com\/avatar\/e8495742d34d0ba6448ea1c628263b3e?s=96&d=mm&r=g","contentUrl":"https:\/\/secure.gravatar.com\/avatar\/e8495742d34d0ba6448ea1c628263b3e?s=96&d=mm&r=g","caption":"admin"},"url":"https:\/\/franciscanos.org.br\/noticias\/author\/admin"}]}},"_links":{"self":[{"href":"https:\/\/franciscanos.org.br\/noticias\/wp-json\/wp\/v2\/posts\/126153"}],"collection":[{"href":"https:\/\/franciscanos.org.br\/noticias\/wp-json\/wp\/v2\/posts"}],"about":[{"href":"https:\/\/franciscanos.org.br\/noticias\/wp-json\/wp\/v2\/types\/post"}],"author":[{"embeddable":true,"href":"https:\/\/franciscanos.org.br\/noticias\/wp-json\/wp\/v2\/users\/1"}],"replies":[{"embeddable":true,"href":"https:\/\/franciscanos.org.br\/noticias\/wp-json\/wp\/v2\/comments?post=126153"}],"version-history":[{"count":1,"href":"https:\/\/franciscanos.org.br\/noticias\/wp-json\/wp\/v2\/posts\/126153\/revisions"}],"predecessor-version":[{"id":225459,"href":"https:\/\/franciscanos.org.br\/noticias\/wp-json\/wp\/v2\/posts\/126153\/revisions\/225459"}],"wp:featuredmedia":[{"embeddable":true,"href":"https:\/\/franciscanos.org.br\/noticias\/wp-json\/wp\/v2\/media\/197043"}],"wp:attachment":[{"href":"https:\/\/franciscanos.org.br\/noticias\/wp-json\/wp\/v2\/media?parent=126153"}],"wp:term":[{"taxonomy":"category","embeddable":true,"href":"https:\/\/franciscanos.org.br\/noticias\/wp-json\/wp\/v2\/categories?post=126153"},{"taxonomy":"post_tag","embeddable":true,"href":"https:\/\/franciscanos.org.br\/noticias\/wp-json\/wp\/v2\/tags?post=126153"}],"curies":[{"name":"wp","href":"https:\/\/api.w.org\/{rel}","templated":true}]}}