{"id":126130,"date":"2017-02-07T07:14:17","date_gmt":"2017-02-07T09:14:17","guid":{"rendered":"http:\/\/franciscanos.org.br\/?p=126130"},"modified":"2020-06-09T10:44:44","modified_gmt":"2020-06-09T13:44:44","slug":"papa-a-catolicos-e-evangelicos-olhar-ao-passado-sem-rancor","status":"publish","type":"post","link":"https:\/\/franciscanos.org.br\/noticias\/papa-a-catolicos-e-evangelicos-olhar-ao-passado-sem-rancor.html","title":{"rendered":"Papa a cat\u00f3licos e evang\u00e9licos: olhar ao passado sem rancor"},"content":{"rendered":"<p><img loading=\"lazy\" class=\"alignleft\" src=\"http:\/\/franciscanos.org.br\/wp-content\/uploads\/2017\/02\/papa_070217.jpg\" alt=\"papa_070217\" width=\"820\" height=\"288\" \/><\/p>\n<p><strong>Cidade do Vaticano<\/strong> &#8211; O Papa Francisco recebeu em audi\u00eancia, nesta segunda-feira (06\/02), no Vaticano, a Delega\u00e7\u00e3o ecum\u00eanica da Igreja Evang\u00e9lica na Alemanha.<\/p>\n<p>O grupo, formado por vinte e tr\u00eas pessoas, foi acompanhado pelo Presidente da Confer\u00eancia Episcopal Alem\u00e3, Cardeal Reinhard Marx. Segundo o Pont\u00edfice, este \u201c\u00e9 o resultado de uma rela\u00e7\u00e3o ecum\u00eanica que amadureceu ao longo dos anos\u201d.<\/p>\n<p>\u201cQue voc\u00eas prossigam neste caminho aben\u00e7oado de comunh\u00e3o fraterna, continuando com coragem e determina\u00e7\u00e3o rumo \u00e0 unidade cada vez mais plena. Temos o mesmo Batismo: devemos caminhar juntos sem nos cansar\u201d, disse ainda o Papa.<\/p>\n<p><strong>Inten\u00e7\u00e3o dos reformadores<\/strong><br \/>\n\u201c\u00c9 significativo que evang\u00e9licos e cat\u00f3licos, por ocasi\u00e3o dos 500 anos da Reforma Protestante, comemorem juntos os eventos hist\u00f3ricos do passado a fim de colocar Cristo novamente no centro de sua rela\u00e7\u00e3o.&#8221;<\/p>\n<p>A esse prop\u00f3sito, o Pont\u00edfice recordou as palavras proferidas pelo Papa em\u00e9rito Bento XVI aos representantes da Igreja Evang\u00e9lica na Alemanha, em 23 de setembro de 2011: \u201cA quest\u00e3o sobre Deus\u201d, o \u201ccomo poder ter um Deus misericordioso\u201d era \u201ca paix\u00e3o profunda, a mola da vida e de todo o caminho\u201d de Lutero.<\/p>\n<p>&#8220;O que animava e inquietava os reformadores era indicar o caminho rumo a Cristo. Este \u00e9 tamb\u00e9m o nosso dever hoje, depois de empreender, gra\u00e7as a Deus, a estrada comum\u201d, disse ainda Francisco.<br \/>\nSegundo o Papa, \u201ceste ano de comemora\u00e7\u00e3o nos oferece a oportunidade de dar mais um passo adiante, olhando ao passado sem rancores, mas segundo Cristo e em comunh\u00e3o com Ele, a fim de repropor aos homens e mulheres de nosso tempo a novidade radical de Jesus, a miseric\u00f3rdia sem limites de Deus: Era isso que os reformadores, em seu tempo, queriam estimular\u201d.<\/p>\n<p>\u201c\u00c9 triste que esse chamado \u00e0 renova\u00e7\u00e3o tenha causado divis\u00f5es entre os crist\u00e3os. Os fi\u00e9is n\u00e3o se sentiram mais irm\u00e3os e irm\u00e3s na f\u00e9, mas advers\u00e1rios e concorrentes. Durante muito tempo, alimentaram hostilidades e se entregaram a lutas, fomentadas por interesses pol\u00edticos e de poder, usando viol\u00eancia uns contra outros, irm\u00e3os contra irm\u00e3os.\u201d<\/p>\n<p><strong>Eventos ecum\u00eanicos<\/strong><br \/>\nO Papa agradeceu aos membros da delega\u00e7\u00e3o ecum\u00eanica pela inten\u00e7\u00e3o de partilhar, em breve, um gesto importante de penit\u00eancia e reconcilia\u00e7\u00e3o: uma celebra\u00e7\u00e3o ecum\u00eanica intitulada \u201cReabilitar a mem\u00f3ria \u2013 testemunhar Jesus Cristo\u201d.<\/p>\n<p>Francisco convidou cat\u00f3licos e evang\u00e9licos alem\u00e3es a responderem, na ora\u00e7\u00e3o, \u201cao chamado de purificar a mem\u00f3ria em Deus para serem renovados interiormente e enviados pelo Esp\u00edrito a levar Jesus ao mundo de hoje\u201d.<br \/>\nA este prop\u00f3sito, o Papa recordou algumas iniciativas ecum\u00eanicas previstas para este ano a fim de celebrar a \u2018Festa de Cristo\u2019: como a peregrina\u00e7\u00e3o \u00e0 Terra Santa, o congresso b\u00edblico comum para apresentar juntos as tradu\u00e7\u00f5es novas da B\u00edblia e o dia ecum\u00eanico dedicado \u00e0 responsabilidade social dos crist\u00e3os.<\/p>\n<p>\u201cA redescoberta das fontes comuns de f\u00e9, a purifica\u00e7\u00e3o da mem\u00f3ria na ora\u00e7\u00e3o e na caridade, a colabora\u00e7\u00e3o concreta no an\u00fancio do Evangelho e o servi\u00e7o aos irm\u00e3os nos impulsione a avan\u00e7ar ainda mais rapidamente no caminho.\u201d<\/p>\n<p><strong>Desafios no percurso da unidade<\/strong><\/p>\n<p>\u201cAs diferen\u00e7as em quest\u00f5es de f\u00e9 e moral ainda subsistem. S\u00e3o desafios no percurso da unidade vis\u00edvel almejada pelos nossos fi\u00e9is. A dor \u00e9 sentida ainda mais pelos casais que pertencem a confiss\u00f5es diferentes. Devemos nos comprometer, com a ora\u00e7\u00e3o incessante e com todas as nossas for\u00e7as, a superar os obst\u00e1culos ainda existentes, intensificando o di\u00e1logo teol\u00f3gico e refor\u00e7ando a colabora\u00e7\u00e3o entre n\u00f3s, sobretudo no servi\u00e7o aos que sofrem e na prote\u00e7\u00e3o da Cria\u00e7\u00e3o amea\u00e7ada.\u201d<\/p>\n<p>Segundo o Papa, o chamado urgente de Jesus interpela toda a fam\u00edlia humana, num per\u00edodo de dilacera\u00e7\u00f5es e novas formas de exclus\u00e3o e marginaliza\u00e7\u00e3o.<br \/>\n\u201cTamb\u00e9m nisso a nossa responsabilidade \u00e9 grande. Na esperan\u00e7a de que este encontro aumente ainda mais a comunh\u00e3o entre n\u00f3s, pe\u00e7o ao Esp\u00edrito Santo, art\u00edfice e renovador da unidade, para nos fortalecer no caminho da comunh\u00e3o, com a consolo que vem de Deus, e nos indicar seus caminhos prof\u00e9ticos e audaciosos\u201d, concluiu Francisco.<\/p>\n","protected":false},"excerpt":{"rendered":"<p>Delega\u00e7\u00e3o ecum\u00eanica da Igreja Evang\u00e9lica na Alemanha<\/p>\n","protected":false},"author":1,"featured_media":197050,"comment_status":"open","ping_status":"open","sticky":false,"template":"","format":"standard","meta":[],"categories":[1428],"tags":[863],"acf":[],"yoast_head":"<!-- This site is optimized with the Yoast SEO plugin v19.2 - https:\/\/yoast.com\/wordpress\/plugins\/seo\/ -->\n<title>Papa a cat\u00f3licos e evang\u00e9licos: olhar ao passado sem rancor - Not\u00edcias - Franciscanos<\/title>\n<meta name=\"robots\" content=\"index, follow, max-snippet:-1, max-image-preview:large, max-video-preview:-1\" \/>\n<link rel=\"canonical\" href=\"https:\/\/franciscanos.org.br\/noticias\/papa-a-catolicos-e-evangelicos-olhar-ao-passado-sem-rancor.html\" \/>\n<meta property=\"og:locale\" content=\"pt_BR\" \/>\n<meta property=\"og:type\" content=\"article\" \/>\n<meta property=\"og:title\" content=\"Papa a cat\u00f3licos e evang\u00e9licos: olhar ao passado sem rancor - Not\u00edcias - Franciscanos\" \/>\n<meta property=\"og:description\" content=\"Delega\u00e7\u00e3o ecum\u00eanica da Igreja Evang\u00e9lica na Alemanha\" \/>\n<meta property=\"og:url\" content=\"https:\/\/franciscanos.org.br\/noticias\/papa-a-catolicos-e-evangelicos-olhar-ao-passado-sem-rancor.html\" \/>\n<meta property=\"og:site_name\" content=\"Not\u00edcias - Franciscanos\" \/>\n<meta property=\"article:published_time\" content=\"2017-02-07T09:14:17+00:00\" \/>\n<meta property=\"article:modified_time\" content=\"2020-06-09T13:44:44+00:00\" \/>\n<meta property=\"og:image\" content=\"https:\/\/franciscanos.org.br\/noticias\/wp-content\/uploads\/2017\/02\/37431230_303.jpg\" \/>\n\t<meta property=\"og:image:width\" content=\"273\" \/>\n\t<meta property=\"og:image:height\" content=\"181\" \/>\n\t<meta property=\"og:image:type\" content=\"image\/jpeg\" \/>\n<meta name=\"author\" content=\"admin\" \/>\n<meta name=\"twitter:card\" content=\"summary_large_image\" \/>\n<meta name=\"twitter:label1\" content=\"Escrito por\" \/>\n\t<meta name=\"twitter:data1\" content=\"admin\" \/>\n\t<meta name=\"twitter:label2\" content=\"Est. tempo de leitura\" \/>\n\t<meta name=\"twitter:data2\" content=\"4 minutos\" \/>\n<script type=\"application\/ld+json\" class=\"yoast-schema-graph\">{\"@context\":\"https:\/\/schema.org\",\"@graph\":[{\"@type\":\"WebSite\",\"@id\":\"https:\/\/franciscanos.org.br\/noticias\/#website\",\"url\":\"https:\/\/franciscanos.org.br\/noticias\/\",\"name\":\"Not\u00edcias - Franciscanos\",\"description\":\"Prov\u00edncia Franciscana da Imaculada Concei\u00e7\u00e3o do Brasil - Ordem dos Frades Menores - OFM\",\"potentialAction\":[{\"@type\":\"SearchAction\",\"target\":{\"@type\":\"EntryPoint\",\"urlTemplate\":\"https:\/\/franciscanos.org.br\/noticias\/?s={search_term_string}\"},\"query-input\":\"required name=search_term_string\"}],\"inLanguage\":\"pt-BR\"},{\"@type\":\"ImageObject\",\"inLanguage\":\"pt-BR\",\"@id\":\"https:\/\/franciscanos.org.br\/noticias\/papa-a-catolicos-e-evangelicos-olhar-ao-passado-sem-rancor.html#primaryimage\",\"url\":\"https:\/\/franciscanos.org.br\/noticias\/wp-content\/uploads\/2017\/02\/37431230_303.jpg\",\"contentUrl\":\"https:\/\/franciscanos.org.br\/noticias\/wp-content\/uploads\/2017\/02\/37431230_303.jpg\",\"width\":273,\"height\":181},{\"@type\":\"WebPage\",\"@id\":\"https:\/\/franciscanos.org.br\/noticias\/papa-a-catolicos-e-evangelicos-olhar-ao-passado-sem-rancor.html#webpage\",\"url\":\"https:\/\/franciscanos.org.br\/noticias\/papa-a-catolicos-e-evangelicos-olhar-ao-passado-sem-rancor.html\",\"name\":\"Papa a cat\u00f3licos e evang\u00e9licos: olhar ao passado sem rancor - Not\u00edcias - Franciscanos\",\"isPartOf\":{\"@id\":\"https:\/\/franciscanos.org.br\/noticias\/#website\"},\"primaryImageOfPage\":{\"@id\":\"https:\/\/franciscanos.org.br\/noticias\/papa-a-catolicos-e-evangelicos-olhar-ao-passado-sem-rancor.html#primaryimage\"},\"datePublished\":\"2017-02-07T09:14:17+00:00\",\"dateModified\":\"2020-06-09T13:44:44+00:00\",\"author\":{\"@id\":\"https:\/\/franciscanos.org.br\/noticias\/#\/schema\/person\/b38fbf43118f02820bd932f2e4b14ad3\"},\"breadcrumb\":{\"@id\":\"https:\/\/franciscanos.org.br\/noticias\/papa-a-catolicos-e-evangelicos-olhar-ao-passado-sem-rancor.html#breadcrumb\"},\"inLanguage\":\"pt-BR\",\"potentialAction\":[{\"@type\":\"ReadAction\",\"target\":[\"https:\/\/franciscanos.org.br\/noticias\/papa-a-catolicos-e-evangelicos-olhar-ao-passado-sem-rancor.html\"]}]},{\"@type\":\"BreadcrumbList\",\"@id\":\"https:\/\/franciscanos.org.br\/noticias\/papa-a-catolicos-e-evangelicos-olhar-ao-passado-sem-rancor.html#breadcrumb\",\"itemListElement\":[{\"@type\":\"ListItem\",\"position\":1,\"name\":\"Home\",\"item\":\"https:\/\/franciscanos.org.br\/noticias\"},{\"@type\":\"ListItem\",\"position\":2,\"name\":\"Papa a cat\u00f3licos e evang\u00e9licos: olhar ao passado sem rancor\"}]},{\"@type\":\"Person\",\"@id\":\"https:\/\/franciscanos.org.br\/noticias\/#\/schema\/person\/b38fbf43118f02820bd932f2e4b14ad3\",\"name\":\"admin\",\"image\":{\"@type\":\"ImageObject\",\"inLanguage\":\"pt-BR\",\"@id\":\"https:\/\/franciscanos.org.br\/noticias\/#\/schema\/person\/image\/\",\"url\":\"https:\/\/secure.gravatar.com\/avatar\/e8495742d34d0ba6448ea1c628263b3e?s=96&d=mm&r=g\",\"contentUrl\":\"https:\/\/secure.gravatar.com\/avatar\/e8495742d34d0ba6448ea1c628263b3e?s=96&d=mm&r=g\",\"caption\":\"admin\"},\"url\":\"https:\/\/franciscanos.org.br\/noticias\/author\/admin\"}]}<\/script>\n<!-- \/ Yoast SEO plugin. -->","yoast_head_json":{"title":"Papa a cat\u00f3licos e evang\u00e9licos: olhar ao passado sem rancor - Not\u00edcias - Franciscanos","robots":{"index":"index","follow":"follow","max-snippet":"max-snippet:-1","max-image-preview":"max-image-preview:large","max-video-preview":"max-video-preview:-1"},"canonical":"https:\/\/franciscanos.org.br\/noticias\/papa-a-catolicos-e-evangelicos-olhar-ao-passado-sem-rancor.html","og_locale":"pt_BR","og_type":"article","og_title":"Papa a cat\u00f3licos e evang\u00e9licos: olhar ao passado sem rancor - Not\u00edcias - Franciscanos","og_description":"Delega\u00e7\u00e3o ecum\u00eanica da Igreja Evang\u00e9lica na Alemanha","og_url":"https:\/\/franciscanos.org.br\/noticias\/papa-a-catolicos-e-evangelicos-olhar-ao-passado-sem-rancor.html","og_site_name":"Not\u00edcias - Franciscanos","article_published_time":"2017-02-07T09:14:17+00:00","article_modified_time":"2020-06-09T13:44:44+00:00","og_image":[{"width":273,"height":181,"url":"https:\/\/franciscanos.org.br\/noticias\/wp-content\/uploads\/2017\/02\/37431230_303.jpg","type":"image\/jpeg"}],"author":"admin","twitter_card":"summary_large_image","twitter_misc":{"Escrito por":"admin","Est. tempo de leitura":"4 minutos"},"schema":{"@context":"https:\/\/schema.org","@graph":[{"@type":"WebSite","@id":"https:\/\/franciscanos.org.br\/noticias\/#website","url":"https:\/\/franciscanos.org.br\/noticias\/","name":"Not\u00edcias - Franciscanos","description":"Prov\u00edncia Franciscana da Imaculada Concei\u00e7\u00e3o do Brasil - Ordem dos Frades Menores - OFM","potentialAction":[{"@type":"SearchAction","target":{"@type":"EntryPoint","urlTemplate":"https:\/\/franciscanos.org.br\/noticias\/?s={search_term_string}"},"query-input":"required name=search_term_string"}],"inLanguage":"pt-BR"},{"@type":"ImageObject","inLanguage":"pt-BR","@id":"https:\/\/franciscanos.org.br\/noticias\/papa-a-catolicos-e-evangelicos-olhar-ao-passado-sem-rancor.html#primaryimage","url":"https:\/\/franciscanos.org.br\/noticias\/wp-content\/uploads\/2017\/02\/37431230_303.jpg","contentUrl":"https:\/\/franciscanos.org.br\/noticias\/wp-content\/uploads\/2017\/02\/37431230_303.jpg","width":273,"height":181},{"@type":"WebPage","@id":"https:\/\/franciscanos.org.br\/noticias\/papa-a-catolicos-e-evangelicos-olhar-ao-passado-sem-rancor.html#webpage","url":"https:\/\/franciscanos.org.br\/noticias\/papa-a-catolicos-e-evangelicos-olhar-ao-passado-sem-rancor.html","name":"Papa a cat\u00f3licos e evang\u00e9licos: olhar ao passado sem rancor - Not\u00edcias - Franciscanos","isPartOf":{"@id":"https:\/\/franciscanos.org.br\/noticias\/#website"},"primaryImageOfPage":{"@id":"https:\/\/franciscanos.org.br\/noticias\/papa-a-catolicos-e-evangelicos-olhar-ao-passado-sem-rancor.html#primaryimage"},"datePublished":"2017-02-07T09:14:17+00:00","dateModified":"2020-06-09T13:44:44+00:00","author":{"@id":"https:\/\/franciscanos.org.br\/noticias\/#\/schema\/person\/b38fbf43118f02820bd932f2e4b14ad3"},"breadcrumb":{"@id":"https:\/\/franciscanos.org.br\/noticias\/papa-a-catolicos-e-evangelicos-olhar-ao-passado-sem-rancor.html#breadcrumb"},"inLanguage":"pt-BR","potentialAction":[{"@type":"ReadAction","target":["https:\/\/franciscanos.org.br\/noticias\/papa-a-catolicos-e-evangelicos-olhar-ao-passado-sem-rancor.html"]}]},{"@type":"BreadcrumbList","@id":"https:\/\/franciscanos.org.br\/noticias\/papa-a-catolicos-e-evangelicos-olhar-ao-passado-sem-rancor.html#breadcrumb","itemListElement":[{"@type":"ListItem","position":1,"name":"Home","item":"https:\/\/franciscanos.org.br\/noticias"},{"@type":"ListItem","position":2,"name":"Papa a cat\u00f3licos e evang\u00e9licos: olhar ao passado sem rancor"}]},{"@type":"Person","@id":"https:\/\/franciscanos.org.br\/noticias\/#\/schema\/person\/b38fbf43118f02820bd932f2e4b14ad3","name":"admin","image":{"@type":"ImageObject","inLanguage":"pt-BR","@id":"https:\/\/franciscanos.org.br\/noticias\/#\/schema\/person\/image\/","url":"https:\/\/secure.gravatar.com\/avatar\/e8495742d34d0ba6448ea1c628263b3e?s=96&d=mm&r=g","contentUrl":"https:\/\/secure.gravatar.com\/avatar\/e8495742d34d0ba6448ea1c628263b3e?s=96&d=mm&r=g","caption":"admin"},"url":"https:\/\/franciscanos.org.br\/noticias\/author\/admin"}]}},"_links":{"self":[{"href":"https:\/\/franciscanos.org.br\/noticias\/wp-json\/wp\/v2\/posts\/126130"}],"collection":[{"href":"https:\/\/franciscanos.org.br\/noticias\/wp-json\/wp\/v2\/posts"}],"about":[{"href":"https:\/\/franciscanos.org.br\/noticias\/wp-json\/wp\/v2\/types\/post"}],"author":[{"embeddable":true,"href":"https:\/\/franciscanos.org.br\/noticias\/wp-json\/wp\/v2\/users\/1"}],"replies":[{"embeddable":true,"href":"https:\/\/franciscanos.org.br\/noticias\/wp-json\/wp\/v2\/comments?post=126130"}],"version-history":[{"count":1,"href":"https:\/\/franciscanos.org.br\/noticias\/wp-json\/wp\/v2\/posts\/126130\/revisions"}],"predecessor-version":[{"id":225460,"href":"https:\/\/franciscanos.org.br\/noticias\/wp-json\/wp\/v2\/posts\/126130\/revisions\/225460"}],"wp:featuredmedia":[{"embeddable":true,"href":"https:\/\/franciscanos.org.br\/noticias\/wp-json\/wp\/v2\/media\/197050"}],"wp:attachment":[{"href":"https:\/\/franciscanos.org.br\/noticias\/wp-json\/wp\/v2\/media?parent=126130"}],"wp:term":[{"taxonomy":"category","embeddable":true,"href":"https:\/\/franciscanos.org.br\/noticias\/wp-json\/wp\/v2\/categories?post=126130"},{"taxonomy":"post_tag","embeddable":true,"href":"https:\/\/franciscanos.org.br\/noticias\/wp-json\/wp\/v2\/tags?post=126130"}],"curies":[{"name":"wp","href":"https:\/\/api.w.org\/{rel}","templated":true}]}}