{"id":126027,"date":"2017-02-06T22:41:55","date_gmt":"2017-02-07T00:41:55","guid":{"rendered":"http:\/\/franciscanos.org.br\/?p=126027"},"modified":"2019-01-28T11:24:33","modified_gmt":"2019-01-28T13:24:33","slug":"116a-turma-do-noviciado-agora-esta-completa","status":"publish","type":"post","link":"https:\/\/franciscanos.org.br\/noticias\/116a-turma-do-noviciado-agora-esta-completa.html","title":{"rendered":"116\u00aa turma do Noviciado agora est\u00e1 completa"},"content":{"rendered":"<p><img loading=\"lazy\" class=\"alignleft\" src=\"http:\/\/franciscanos.org.br\/wp-content\/uploads\/2017\/02\/admissaog_060217-1.jpg\" alt=\"admissaog_060217-1\" width=\"830\" height=\"450\" \/><strong>\u00c9rika Augusto<\/strong><\/p>\n<p><strong>S\u00e3o Paulo (SP) &#8211; <\/strong>Nesta segunda-feira, 6 de fevereiro, \u00e0s 18h, a Par\u00f3quia S\u00e3o Francisco, na Vila Clementino, em S\u00e3o Paulo (SP), acolheu a celebra\u00e7\u00e3o de admiss\u00e3o de 11 novi\u00e7os franciscanos. Logo no in\u00edcio, o Ministro Provincial, Frei Fid\u00eancio Vanboemmel, ressaltou que o fato talvez fosse in\u00e9dito para a Prov\u00edncia, para o noviciado e para a Par\u00f3quia S\u00e3o Francisco, em S\u00e3o Paulo.<\/p>\n<p>A admiss\u00e3o dos novi\u00e7os acontece em Rodeio (SC), no pr\u00f3prio noviciado. O Ministro afirmou que por conta de atrasos da emiss\u00e3o dos vistos dos postulantes em Angola, eles s\u00f3 conseguiram viajar agora, e por isso, a admiss\u00e3o aconteceu em duas etapas, em Rodeio e em S\u00e3o Paulo.<\/p>\n<p>Outros 9 novi\u00e7os foram admitidos no dia 14 de janeiro, e o grupo que recebeu o h\u00e1bito nesta noite seguir\u00e1 para Santa Catarina amanh\u00e3, 7, acompanhados do mestre de novi\u00e7os, Frei Samuel Ferreira de Lima, para darem in\u00edcio a esta etapa da forma\u00e7\u00e3o. Durante o dia, os postulantes puderam conhecer um pouco sobre a vida no noviciado e \u00e0s 18 horas, celebraram com a comunidade e os frades sua admiss\u00e3o. Al\u00e9m dos jovens vindos de Angola, foi acolhido tamb\u00e9m Rodrigo Jos\u00e9 da Silva, de Campo Largo (PR), que fez o Postulantado no ano passado e por quest\u00f5es familiares n\u00e3o participou da celebra\u00e7\u00e3o em janeiro.<\/p>\n<p>A missa foi presidida pelo Ministro Provincial e concelebrada pelo Vig\u00e1rio Provincial, Frei C\u00e9sar K\u00fclkamp, pelo definidor Frei Jo\u00e3o Francisco da Silva, por Dom Evaristo Pascoal Spengler, bispo da Prelazia do Maraj\u00f3, Frei Valdecir Schwambach, p\u00e1roco da Par\u00f3quia S\u00e3o Francisco, Frei Valdemiro Wastchuk,\u00a0mission\u00e1rio em Angola e Frei Jos\u00e9 Zanchet, do Largo S\u00e3o Francisco. Os frades de S\u00e3o Paulo e de Guaratinguet\u00e1 tamb\u00e9m participaram da celebra\u00e7\u00e3o festiva.<\/p>\n<p>Antes de sua homilia, Frei Fid\u00eancio convidou Frei Valdemiro para que fizesse a apresenta\u00e7\u00e3o e chamada dos candidatos. Foram apresentados: Alberto Capingala Martinho Sambei, Angelino Socopia Sicaleta, Ant\u00f3nio Sacaputo Maimo, Domingos Macuva Paulo, Eduardo Jos\u00e9 Cavita Camunha, Inoc Joaquim Jo\u00e3o, Jo\u00e3o Baptista Culiaquita, Jo\u00e3o Tchivandja Lino, Jos\u00e9 Francisco Inito, Silveio Munga Cajonde e Rodrigo Jos\u00e9 da Silva. Ao serem perguntados qual era o pedido para a Ordem dos Frades Menores, eles responderam:<\/p>\n<p><em>\u201cSentindo-nos inspirados por Deus, desejamos participar da vida da Fam\u00edlia Franciscana na Ordem dos Frades Menores. De cora\u00e7\u00e3o vos pedimos que nos revestissem das vestes de prova\u00e7\u00e3o e nos ajudeis a trilhar o caminho da penit\u00eancia, a viver segundo a forma do Santo Evangelho, a observar a humildade e a pobreza de Nosso Senhor Jesus Cristo, a possuir o Esp\u00edrito do Senhor, a rezar sempre de cora\u00e7\u00e3o puro, a alimentar sem cessar o amor fraterno\u201d.<\/em><\/p>\n<p>O Ministro Provincial e os demais frades rezam pelos postulantes e aceitam o pedido feito.<\/p>\n<p>Em seguida, Frei Fid\u00eancio Vanboemmel deu sequ\u00eancia \u00e0 celebra\u00e7\u00e3o com a homilia. Ele falou aos 11 jovens sobre a etapa do noviciado. \u201cHoje voc\u00eas conclu\u00edram a primeira etapa da forma\u00e7\u00e3o inicial para a vida religiosa franciscana que chamamos de Postulantado. Ao longo do per\u00edodo do Postulantado, tanto em Quibala como em Guaratinguet\u00e1, com a ajuda dos formadores, voc\u00eas tiveram o tempo necess\u00e1rio para clarear o chamado de Deus e manifestar o desejo de abra\u00e7ar a Forma de Vida inspirada por Deus a S\u00e3o Francisco de Assis. Assim, todo o ano formativo do Postulantado foi um exercitar-se (ora\u00e7\u00e3o, trabalho, estudo, vida fraterna, etc.) para chegar a este momento: a admiss\u00e3o ao Noviciado\u201d, afirmou o Ministro Provincial.<\/p>\n<p>Frei Fid\u00eancio ressaltou tamb\u00e9m que o noviciado n\u00e3o \u00e9 uma casa, mas \u00e9 a vida, e que esta etapa se completa com os dons e virtudes de cada um, novi\u00e7os e fraternidade formadora, e que esta nova etapa de vida exige deles criatividade.<\/p>\n<h2><iframe loading=\"lazy\" src=\"https:\/\/www.youtube.com\/embed\/g_Cy3XFmrqs\" width=\"100%\" height=\"480\" frameborder=\"0\" allowfullscreen=\"allowfullscreen\"><\/iframe><\/h2>\n<h2>\n<strong>\u201c\u00c9 na simplicidade do cotidiano que o Esp\u00edrito Santo vai agir\u201d, afirma Frei Fid\u00eancio aos novi\u00e7os<\/strong><\/h2>\n<p>Sobre o Evangelho do dia, retirado de Mc 6, 53-56, o frade afirmou: \u201cO tempo do Noviciado tamb\u00e9m pode ser identificado com o in\u00edcio do Evangelho de hoje: \u2018tendo Jesus e seus disc\u00edpulos acabado de atravessar o mar\u2019. E a palavra que eu aqui quero acentuar \u00e9 \u2018atravessar o mar\u2019. O Noviciado \u00e9 uma travessia, com todos os riscos que isso implica: ter um timoneiro (Mestre e fraternidade), ter clareza para onde se quer ir (vida franciscana); remar juntos (vida fraterna); sujeito a tempestades (import\u00e2ncia da f\u00e9)\u201d, destacou.<\/p>\n<p><img loading=\"lazy\" class=\"wp-image-126030 aligncenter\" src=\"http:\/\/franciscanos.org.br\/wp-content\/uploads\/2017\/02\/admissao_060217-27.jpg\" alt=\"admissao_060217-27\" width=\"450\" height=\"299\" \/><\/p>\n<p>Frei Fid\u00eancio falou ainda que a rotina do noviciado pode parecer cansativa, at\u00e9 mesmo chata, afirmou, mas que \u00e9 na simplicidade do cotidiano que o Esp\u00edrito Santo vai agir. \u201cCada manh\u00e3 e cada tarde \u00e9 o tempo da gra\u00e7a\u201d, acrescentou.<\/p>\n<p>Ao final da homilia, os novi\u00e7os receberam das m\u00e3os do Ministro Provincial o h\u00e1bito franciscano e, em seguida, j\u00e1 com as novas vestes, receberam um abra\u00e7o dos confrades. Em seguida, eles assinaram a ata do noviciado.<\/p>\n<p>Ap\u00f3s a comunh\u00e3o, Frei Fid\u00eancio chamou o mestre dos novi\u00e7os, Frei Samuel, agradeceu pelo trabalho realizado e literalmente, entregou nas m\u00e3os do confrade os novi\u00e7os. Os dez frades angolanos cantaram em a\u00e7\u00e3o de gra\u00e7as, e a comunidade toda aplaudiu.<\/p>\n<p>Os novi\u00e7os seguem nesta ter\u00e7a-feira, 7, para Rodeio (SC) onde dar\u00e3o in\u00edcio ao noviciado, que termina no final do ano.<\/p>\n","protected":false},"excerpt":{"rendered":"<p>Forma\u00e7\u00e3o e Estudos<\/p>\n","protected":false},"author":1,"featured_media":197055,"comment_status":"open","ping_status":"open","sticky":false,"template":"","format":"standard","meta":[],"categories":[1],"tags":[135],"acf":[],"yoast_head":"<!-- This site is optimized with the Yoast SEO plugin v19.2 - https:\/\/yoast.com\/wordpress\/plugins\/seo\/ -->\n<title>116\u00aa turma do Noviciado agora est\u00e1 completa - Not\u00edcias - Franciscanos<\/title>\n<meta name=\"robots\" content=\"index, follow, max-snippet:-1, max-image-preview:large, max-video-preview:-1\" \/>\n<link rel=\"canonical\" href=\"https:\/\/franciscanos.org.br\/noticias\/116a-turma-do-noviciado-agora-esta-completa.html\" \/>\n<meta property=\"og:locale\" content=\"pt_BR\" \/>\n<meta property=\"og:type\" content=\"article\" \/>\n<meta property=\"og:title\" content=\"116\u00aa turma do Noviciado agora est\u00e1 completa - Not\u00edcias - Franciscanos\" \/>\n<meta property=\"og:description\" content=\"Forma\u00e7\u00e3o e Estudos\" \/>\n<meta property=\"og:url\" content=\"https:\/\/franciscanos.org.br\/noticias\/116a-turma-do-noviciado-agora-esta-completa.html\" \/>\n<meta property=\"og:site_name\" content=\"Not\u00edcias - Franciscanos\" \/>\n<meta property=\"article:published_time\" content=\"2017-02-07T00:41:55+00:00\" \/>\n<meta property=\"article:modified_time\" content=\"2019-01-28T13:24:33+00:00\" \/>\n<meta property=\"og:image\" content=\"https:\/\/franciscanos.org.br\/noticias\/wp-content\/uploads\/2017\/02\/admissao_060217-24.jpg\" \/>\n\t<meta property=\"og:image:width\" content=\"273\" \/>\n\t<meta property=\"og:image:height\" content=\"181\" \/>\n\t<meta property=\"og:image:type\" content=\"image\/jpeg\" \/>\n<meta name=\"author\" content=\"admin\" \/>\n<meta name=\"twitter:card\" content=\"summary_large_image\" \/>\n<meta name=\"twitter:label1\" content=\"Escrito por\" \/>\n\t<meta name=\"twitter:data1\" content=\"admin\" \/>\n\t<meta name=\"twitter:label2\" content=\"Est. tempo de leitura\" \/>\n\t<meta name=\"twitter:data2\" content=\"5 minutos\" \/>\n<script type=\"application\/ld+json\" class=\"yoast-schema-graph\">{\"@context\":\"https:\/\/schema.org\",\"@graph\":[{\"@type\":\"WebSite\",\"@id\":\"https:\/\/franciscanos.org.br\/noticias\/#website\",\"url\":\"https:\/\/franciscanos.org.br\/noticias\/\",\"name\":\"Not\u00edcias - Franciscanos\",\"description\":\"Prov\u00edncia Franciscana da Imaculada Concei\u00e7\u00e3o do Brasil - Ordem dos Frades Menores - OFM\",\"potentialAction\":[{\"@type\":\"SearchAction\",\"target\":{\"@type\":\"EntryPoint\",\"urlTemplate\":\"https:\/\/franciscanos.org.br\/noticias\/?s={search_term_string}\"},\"query-input\":\"required name=search_term_string\"}],\"inLanguage\":\"pt-BR\"},{\"@type\":\"ImageObject\",\"inLanguage\":\"pt-BR\",\"@id\":\"https:\/\/franciscanos.org.br\/noticias\/116a-turma-do-noviciado-agora-esta-completa.html#primaryimage\",\"url\":\"https:\/\/franciscanos.org.br\/noticias\/wp-content\/uploads\/2017\/02\/admissao_060217-24.jpg\",\"contentUrl\":\"https:\/\/franciscanos.org.br\/noticias\/wp-content\/uploads\/2017\/02\/admissao_060217-24.jpg\",\"width\":273,\"height\":181},{\"@type\":\"WebPage\",\"@id\":\"https:\/\/franciscanos.org.br\/noticias\/116a-turma-do-noviciado-agora-esta-completa.html#webpage\",\"url\":\"https:\/\/franciscanos.org.br\/noticias\/116a-turma-do-noviciado-agora-esta-completa.html\",\"name\":\"116\u00aa turma do Noviciado agora est\u00e1 completa - Not\u00edcias - Franciscanos\",\"isPartOf\":{\"@id\":\"https:\/\/franciscanos.org.br\/noticias\/#website\"},\"primaryImageOfPage\":{\"@id\":\"https:\/\/franciscanos.org.br\/noticias\/116a-turma-do-noviciado-agora-esta-completa.html#primaryimage\"},\"datePublished\":\"2017-02-07T00:41:55+00:00\",\"dateModified\":\"2019-01-28T13:24:33+00:00\",\"author\":{\"@id\":\"https:\/\/franciscanos.org.br\/noticias\/#\/schema\/person\/b38fbf43118f02820bd932f2e4b14ad3\"},\"breadcrumb\":{\"@id\":\"https:\/\/franciscanos.org.br\/noticias\/116a-turma-do-noviciado-agora-esta-completa.html#breadcrumb\"},\"inLanguage\":\"pt-BR\",\"potentialAction\":[{\"@type\":\"ReadAction\",\"target\":[\"https:\/\/franciscanos.org.br\/noticias\/116a-turma-do-noviciado-agora-esta-completa.html\"]}]},{\"@type\":\"BreadcrumbList\",\"@id\":\"https:\/\/franciscanos.org.br\/noticias\/116a-turma-do-noviciado-agora-esta-completa.html#breadcrumb\",\"itemListElement\":[{\"@type\":\"ListItem\",\"position\":1,\"name\":\"Home\",\"item\":\"https:\/\/franciscanos.org.br\/noticias\"},{\"@type\":\"ListItem\",\"position\":2,\"name\":\"116\u00aa turma do Noviciado agora est\u00e1 completa\"}]},{\"@type\":\"Person\",\"@id\":\"https:\/\/franciscanos.org.br\/noticias\/#\/schema\/person\/b38fbf43118f02820bd932f2e4b14ad3\",\"name\":\"admin\",\"image\":{\"@type\":\"ImageObject\",\"inLanguage\":\"pt-BR\",\"@id\":\"https:\/\/franciscanos.org.br\/noticias\/#\/schema\/person\/image\/\",\"url\":\"https:\/\/secure.gravatar.com\/avatar\/e8495742d34d0ba6448ea1c628263b3e?s=96&d=mm&r=g\",\"contentUrl\":\"https:\/\/secure.gravatar.com\/avatar\/e8495742d34d0ba6448ea1c628263b3e?s=96&d=mm&r=g\",\"caption\":\"admin\"},\"url\":\"https:\/\/franciscanos.org.br\/noticias\/author\/admin\"}]}<\/script>\n<!-- \/ Yoast SEO plugin. -->","yoast_head_json":{"title":"116\u00aa turma do Noviciado agora est\u00e1 completa - Not\u00edcias - Franciscanos","robots":{"index":"index","follow":"follow","max-snippet":"max-snippet:-1","max-image-preview":"max-image-preview:large","max-video-preview":"max-video-preview:-1"},"canonical":"https:\/\/franciscanos.org.br\/noticias\/116a-turma-do-noviciado-agora-esta-completa.html","og_locale":"pt_BR","og_type":"article","og_title":"116\u00aa turma do Noviciado agora est\u00e1 completa - Not\u00edcias - Franciscanos","og_description":"Forma\u00e7\u00e3o e Estudos","og_url":"https:\/\/franciscanos.org.br\/noticias\/116a-turma-do-noviciado-agora-esta-completa.html","og_site_name":"Not\u00edcias - Franciscanos","article_published_time":"2017-02-07T00:41:55+00:00","article_modified_time":"2019-01-28T13:24:33+00:00","og_image":[{"width":273,"height":181,"url":"https:\/\/franciscanos.org.br\/noticias\/wp-content\/uploads\/2017\/02\/admissao_060217-24.jpg","type":"image\/jpeg"}],"author":"admin","twitter_card":"summary_large_image","twitter_misc":{"Escrito por":"admin","Est. tempo de leitura":"5 minutos"},"schema":{"@context":"https:\/\/schema.org","@graph":[{"@type":"WebSite","@id":"https:\/\/franciscanos.org.br\/noticias\/#website","url":"https:\/\/franciscanos.org.br\/noticias\/","name":"Not\u00edcias - Franciscanos","description":"Prov\u00edncia Franciscana da Imaculada Concei\u00e7\u00e3o do Brasil - Ordem dos Frades Menores - OFM","potentialAction":[{"@type":"SearchAction","target":{"@type":"EntryPoint","urlTemplate":"https:\/\/franciscanos.org.br\/noticias\/?s={search_term_string}"},"query-input":"required name=search_term_string"}],"inLanguage":"pt-BR"},{"@type":"ImageObject","inLanguage":"pt-BR","@id":"https:\/\/franciscanos.org.br\/noticias\/116a-turma-do-noviciado-agora-esta-completa.html#primaryimage","url":"https:\/\/franciscanos.org.br\/noticias\/wp-content\/uploads\/2017\/02\/admissao_060217-24.jpg","contentUrl":"https:\/\/franciscanos.org.br\/noticias\/wp-content\/uploads\/2017\/02\/admissao_060217-24.jpg","width":273,"height":181},{"@type":"WebPage","@id":"https:\/\/franciscanos.org.br\/noticias\/116a-turma-do-noviciado-agora-esta-completa.html#webpage","url":"https:\/\/franciscanos.org.br\/noticias\/116a-turma-do-noviciado-agora-esta-completa.html","name":"116\u00aa turma do Noviciado agora est\u00e1 completa - Not\u00edcias - Franciscanos","isPartOf":{"@id":"https:\/\/franciscanos.org.br\/noticias\/#website"},"primaryImageOfPage":{"@id":"https:\/\/franciscanos.org.br\/noticias\/116a-turma-do-noviciado-agora-esta-completa.html#primaryimage"},"datePublished":"2017-02-07T00:41:55+00:00","dateModified":"2019-01-28T13:24:33+00:00","author":{"@id":"https:\/\/franciscanos.org.br\/noticias\/#\/schema\/person\/b38fbf43118f02820bd932f2e4b14ad3"},"breadcrumb":{"@id":"https:\/\/franciscanos.org.br\/noticias\/116a-turma-do-noviciado-agora-esta-completa.html#breadcrumb"},"inLanguage":"pt-BR","potentialAction":[{"@type":"ReadAction","target":["https:\/\/franciscanos.org.br\/noticias\/116a-turma-do-noviciado-agora-esta-completa.html"]}]},{"@type":"BreadcrumbList","@id":"https:\/\/franciscanos.org.br\/noticias\/116a-turma-do-noviciado-agora-esta-completa.html#breadcrumb","itemListElement":[{"@type":"ListItem","position":1,"name":"Home","item":"https:\/\/franciscanos.org.br\/noticias"},{"@type":"ListItem","position":2,"name":"116\u00aa turma do Noviciado agora est\u00e1 completa"}]},{"@type":"Person","@id":"https:\/\/franciscanos.org.br\/noticias\/#\/schema\/person\/b38fbf43118f02820bd932f2e4b14ad3","name":"admin","image":{"@type":"ImageObject","inLanguage":"pt-BR","@id":"https:\/\/franciscanos.org.br\/noticias\/#\/schema\/person\/image\/","url":"https:\/\/secure.gravatar.com\/avatar\/e8495742d34d0ba6448ea1c628263b3e?s=96&d=mm&r=g","contentUrl":"https:\/\/secure.gravatar.com\/avatar\/e8495742d34d0ba6448ea1c628263b3e?s=96&d=mm&r=g","caption":"admin"},"url":"https:\/\/franciscanos.org.br\/noticias\/author\/admin"}]}},"_links":{"self":[{"href":"https:\/\/franciscanos.org.br\/noticias\/wp-json\/wp\/v2\/posts\/126027"}],"collection":[{"href":"https:\/\/franciscanos.org.br\/noticias\/wp-json\/wp\/v2\/posts"}],"about":[{"href":"https:\/\/franciscanos.org.br\/noticias\/wp-json\/wp\/v2\/types\/post"}],"author":[{"embeddable":true,"href":"https:\/\/franciscanos.org.br\/noticias\/wp-json\/wp\/v2\/users\/1"}],"replies":[{"embeddable":true,"href":"https:\/\/franciscanos.org.br\/noticias\/wp-json\/wp\/v2\/comments?post=126027"}],"version-history":[{"count":0,"href":"https:\/\/franciscanos.org.br\/noticias\/wp-json\/wp\/v2\/posts\/126027\/revisions"}],"wp:featuredmedia":[{"embeddable":true,"href":"https:\/\/franciscanos.org.br\/noticias\/wp-json\/wp\/v2\/media\/197055"}],"wp:attachment":[{"href":"https:\/\/franciscanos.org.br\/noticias\/wp-json\/wp\/v2\/media?parent=126027"}],"wp:term":[{"taxonomy":"category","embeddable":true,"href":"https:\/\/franciscanos.org.br\/noticias\/wp-json\/wp\/v2\/categories?post=126027"},{"taxonomy":"post_tag","embeddable":true,"href":"https:\/\/franciscanos.org.br\/noticias\/wp-json\/wp\/v2\/tags?post=126027"}],"curies":[{"name":"wp","href":"https:\/\/api.w.org\/{rel}","templated":true}]}}