{"id":125987,"date":"2017-02-06T13:01:00","date_gmt":"2017-02-06T15:01:00","guid":{"rendered":"http:\/\/franciscanos.org.br\/?p=125987"},"modified":"2019-01-28T11:27:21","modified_gmt":"2019-01-28T13:27:21","slug":"tau-das-missoes-nas-comunidades-de-agudos","status":"publish","type":"post","link":"https:\/\/franciscanos.org.br\/noticias\/tau-das-missoes-nas-comunidades-de-agudos.html","title":{"rendered":"Comunidades de Agudos recebem Tau das Miss\u00f5es"},"content":{"rendered":"<p><img loading=\"lazy\" class=\"aligncenter\" src=\"http:\/\/franciscanos.org.br\/wp-content\/uploads\/2017\/02\/tau_060217.jpg\" alt=\"tau_060217\" width=\"830\" height=\"506\" \/><\/p>\n<p>Na noite deste domingo (05\/02), jovens de nossa Par\u00f3quia S\u00e3o Paulo Ap\u00f3stolo e da Par\u00f3quia Santo Ant\u00f4nio se reuniram para Missa que recebeu o Tau, s\u00edmbolo das Miss\u00f5es Franciscanas da Juventude, que em 2018 ser\u00e1 realizada nas cidades de Agudos e Bauru.<\/p>\n<p>Em janeiro deste ano, mais de 40 jovens das duas Par\u00f3quias participaram da quarta edi\u00e7\u00e3o das Miss\u00f5es na cidade de Curitiba (PR) e trouxeram o s\u00edmbolo, que vai percorrer as comunidades de nossa Par\u00f3quia nos pr\u00f3ximos dias<em> (confira a programa\u00e7\u00e3o no final do texto).<\/em><\/p>\n<p>As Miss\u00f5es Franciscanas da Juventude contam com atividades solid\u00e1rias e de cuidado com o meio ambiente. S\u00e3o um espa\u00e7o de conviv\u00eancia, partilha e troca de experi\u00eancias entre os jovens de toda a Prov\u00edncia, da qual as par\u00f3quias agudenses fazem parte. \u00c9 tamb\u00e9m um momento forte de espiritualidade e di\u00e1logo ecum\u00eanico \u2013 uma vez que jovens de diversas denomina\u00e7\u00f5es crist\u00e3s s\u00e3o convidados a participar.<\/p>\n<p><strong>PROGRAMA\u00c7\u00c3O:<\/strong><\/p>\n<p>Confira os dias e hor\u00e1rios que o Tau passar\u00e1 nas comunidades:<br \/>\n12\/02 S\u00e3o Francisco, \u00e0s 7h30<br \/>\n19\/02 S\u00e3o Jo\u00e3o Batista, \u00e0s 17h30<br \/>\n26\/02 Nossa Senhora Aparecida, \u00e0s 10h30<br \/>\n05\/03 Nossa Senhora das Gra\u00e7as, \u00e0s 8h<br \/>\n12\/03 Santa Cecilia, \u00e0s 17h<\/p>\n<p><em><strong>Por\u00a0Isabela Gaspar , especial para este site.<\/strong><\/em><\/p>\n","protected":false},"excerpt":{"rendered":"<p>Juventude<\/p>\n","protected":false},"author":1,"featured_media":197060,"comment_status":"open","ping_status":"open","sticky":false,"template":"","format":"standard","meta":[],"categories":[1],"tags":[1206],"acf":[],"yoast_head":"<!-- This site is optimized with the Yoast SEO plugin v19.2 - https:\/\/yoast.com\/wordpress\/plugins\/seo\/ -->\n<title>Comunidades de Agudos recebem Tau das Miss\u00f5es - Not\u00edcias - Franciscanos<\/title>\n<meta name=\"robots\" content=\"index, follow, max-snippet:-1, max-image-preview:large, max-video-preview:-1\" \/>\n<link rel=\"canonical\" href=\"https:\/\/franciscanos.org.br\/noticias\/tau-das-missoes-nas-comunidades-de-agudos.html\" \/>\n<meta property=\"og:locale\" content=\"pt_BR\" \/>\n<meta property=\"og:type\" content=\"article\" \/>\n<meta property=\"og:title\" content=\"Comunidades de Agudos recebem Tau das Miss\u00f5es - Not\u00edcias - Franciscanos\" \/>\n<meta property=\"og:description\" content=\"Juventude\" \/>\n<meta property=\"og:url\" content=\"https:\/\/franciscanos.org.br\/noticias\/tau-das-missoes-nas-comunidades-de-agudos.html\" \/>\n<meta property=\"og:site_name\" content=\"Not\u00edcias - Franciscanos\" \/>\n<meta property=\"article:published_time\" content=\"2017-02-06T15:01:00+00:00\" \/>\n<meta property=\"article:modified_time\" content=\"2019-01-28T13:27:21+00:00\" \/>\n<meta property=\"og:image\" content=\"https:\/\/franciscanos.org.br\/noticias\/wp-content\/uploads\/2017\/02\/tau_060217.jpg\" \/>\n\t<meta property=\"og:image:width\" content=\"273\" \/>\n\t<meta property=\"og:image:height\" content=\"181\" \/>\n\t<meta property=\"og:image:type\" content=\"image\/jpeg\" \/>\n<meta name=\"author\" content=\"admin\" \/>\n<meta name=\"twitter:card\" content=\"summary_large_image\" \/>\n<meta name=\"twitter:label1\" content=\"Escrito por\" \/>\n\t<meta name=\"twitter:data1\" content=\"admin\" \/>\n\t<meta name=\"twitter:label2\" content=\"Est. tempo de leitura\" \/>\n\t<meta name=\"twitter:data2\" content=\"1 minuto\" \/>\n<script type=\"application\/ld+json\" class=\"yoast-schema-graph\">{\"@context\":\"https:\/\/schema.org\",\"@graph\":[{\"@type\":\"WebSite\",\"@id\":\"https:\/\/franciscanos.org.br\/noticias\/#website\",\"url\":\"https:\/\/franciscanos.org.br\/noticias\/\",\"name\":\"Not\u00edcias - Franciscanos\",\"description\":\"Prov\u00edncia Franciscana da Imaculada Concei\u00e7\u00e3o do Brasil - Ordem dos Frades Menores - OFM\",\"potentialAction\":[{\"@type\":\"SearchAction\",\"target\":{\"@type\":\"EntryPoint\",\"urlTemplate\":\"https:\/\/franciscanos.org.br\/noticias\/?s={search_term_string}\"},\"query-input\":\"required name=search_term_string\"}],\"inLanguage\":\"pt-BR\"},{\"@type\":\"ImageObject\",\"inLanguage\":\"pt-BR\",\"@id\":\"https:\/\/franciscanos.org.br\/noticias\/tau-das-missoes-nas-comunidades-de-agudos.html#primaryimage\",\"url\":\"https:\/\/franciscanos.org.br\/noticias\/wp-content\/uploads\/2017\/02\/tau_060217.jpg\",\"contentUrl\":\"https:\/\/franciscanos.org.br\/noticias\/wp-content\/uploads\/2017\/02\/tau_060217.jpg\",\"width\":273,\"height\":181},{\"@type\":\"WebPage\",\"@id\":\"https:\/\/franciscanos.org.br\/noticias\/tau-das-missoes-nas-comunidades-de-agudos.html#webpage\",\"url\":\"https:\/\/franciscanos.org.br\/noticias\/tau-das-missoes-nas-comunidades-de-agudos.html\",\"name\":\"Comunidades de Agudos recebem Tau das Miss\u00f5es - Not\u00edcias - Franciscanos\",\"isPartOf\":{\"@id\":\"https:\/\/franciscanos.org.br\/noticias\/#website\"},\"primaryImageOfPage\":{\"@id\":\"https:\/\/franciscanos.org.br\/noticias\/tau-das-missoes-nas-comunidades-de-agudos.html#primaryimage\"},\"datePublished\":\"2017-02-06T15:01:00+00:00\",\"dateModified\":\"2019-01-28T13:27:21+00:00\",\"author\":{\"@id\":\"https:\/\/franciscanos.org.br\/noticias\/#\/schema\/person\/b38fbf43118f02820bd932f2e4b14ad3\"},\"breadcrumb\":{\"@id\":\"https:\/\/franciscanos.org.br\/noticias\/tau-das-missoes-nas-comunidades-de-agudos.html#breadcrumb\"},\"inLanguage\":\"pt-BR\",\"potentialAction\":[{\"@type\":\"ReadAction\",\"target\":[\"https:\/\/franciscanos.org.br\/noticias\/tau-das-missoes-nas-comunidades-de-agudos.html\"]}]},{\"@type\":\"BreadcrumbList\",\"@id\":\"https:\/\/franciscanos.org.br\/noticias\/tau-das-missoes-nas-comunidades-de-agudos.html#breadcrumb\",\"itemListElement\":[{\"@type\":\"ListItem\",\"position\":1,\"name\":\"Home\",\"item\":\"https:\/\/franciscanos.org.br\/noticias\"},{\"@type\":\"ListItem\",\"position\":2,\"name\":\"Comunidades de Agudos recebem Tau das Miss\u00f5es\"}]},{\"@type\":\"Person\",\"@id\":\"https:\/\/franciscanos.org.br\/noticias\/#\/schema\/person\/b38fbf43118f02820bd932f2e4b14ad3\",\"name\":\"admin\",\"image\":{\"@type\":\"ImageObject\",\"inLanguage\":\"pt-BR\",\"@id\":\"https:\/\/franciscanos.org.br\/noticias\/#\/schema\/person\/image\/\",\"url\":\"https:\/\/secure.gravatar.com\/avatar\/e8495742d34d0ba6448ea1c628263b3e?s=96&d=mm&r=g\",\"contentUrl\":\"https:\/\/secure.gravatar.com\/avatar\/e8495742d34d0ba6448ea1c628263b3e?s=96&d=mm&r=g\",\"caption\":\"admin\"},\"url\":\"https:\/\/franciscanos.org.br\/noticias\/author\/admin\"}]}<\/script>\n<!-- \/ Yoast SEO plugin. -->","yoast_head_json":{"title":"Comunidades de Agudos recebem Tau das Miss\u00f5es - Not\u00edcias - Franciscanos","robots":{"index":"index","follow":"follow","max-snippet":"max-snippet:-1","max-image-preview":"max-image-preview:large","max-video-preview":"max-video-preview:-1"},"canonical":"https:\/\/franciscanos.org.br\/noticias\/tau-das-missoes-nas-comunidades-de-agudos.html","og_locale":"pt_BR","og_type":"article","og_title":"Comunidades de Agudos recebem Tau das Miss\u00f5es - Not\u00edcias - Franciscanos","og_description":"Juventude","og_url":"https:\/\/franciscanos.org.br\/noticias\/tau-das-missoes-nas-comunidades-de-agudos.html","og_site_name":"Not\u00edcias - Franciscanos","article_published_time":"2017-02-06T15:01:00+00:00","article_modified_time":"2019-01-28T13:27:21+00:00","og_image":[{"width":273,"height":181,"url":"https:\/\/franciscanos.org.br\/noticias\/wp-content\/uploads\/2017\/02\/tau_060217.jpg","type":"image\/jpeg"}],"author":"admin","twitter_card":"summary_large_image","twitter_misc":{"Escrito por":"admin","Est. tempo de leitura":"1 minuto"},"schema":{"@context":"https:\/\/schema.org","@graph":[{"@type":"WebSite","@id":"https:\/\/franciscanos.org.br\/noticias\/#website","url":"https:\/\/franciscanos.org.br\/noticias\/","name":"Not\u00edcias - Franciscanos","description":"Prov\u00edncia Franciscana da Imaculada Concei\u00e7\u00e3o do Brasil - Ordem dos Frades Menores - OFM","potentialAction":[{"@type":"SearchAction","target":{"@type":"EntryPoint","urlTemplate":"https:\/\/franciscanos.org.br\/noticias\/?s={search_term_string}"},"query-input":"required name=search_term_string"}],"inLanguage":"pt-BR"},{"@type":"ImageObject","inLanguage":"pt-BR","@id":"https:\/\/franciscanos.org.br\/noticias\/tau-das-missoes-nas-comunidades-de-agudos.html#primaryimage","url":"https:\/\/franciscanos.org.br\/noticias\/wp-content\/uploads\/2017\/02\/tau_060217.jpg","contentUrl":"https:\/\/franciscanos.org.br\/noticias\/wp-content\/uploads\/2017\/02\/tau_060217.jpg","width":273,"height":181},{"@type":"WebPage","@id":"https:\/\/franciscanos.org.br\/noticias\/tau-das-missoes-nas-comunidades-de-agudos.html#webpage","url":"https:\/\/franciscanos.org.br\/noticias\/tau-das-missoes-nas-comunidades-de-agudos.html","name":"Comunidades de Agudos recebem Tau das Miss\u00f5es - Not\u00edcias - Franciscanos","isPartOf":{"@id":"https:\/\/franciscanos.org.br\/noticias\/#website"},"primaryImageOfPage":{"@id":"https:\/\/franciscanos.org.br\/noticias\/tau-das-missoes-nas-comunidades-de-agudos.html#primaryimage"},"datePublished":"2017-02-06T15:01:00+00:00","dateModified":"2019-01-28T13:27:21+00:00","author":{"@id":"https:\/\/franciscanos.org.br\/noticias\/#\/schema\/person\/b38fbf43118f02820bd932f2e4b14ad3"},"breadcrumb":{"@id":"https:\/\/franciscanos.org.br\/noticias\/tau-das-missoes-nas-comunidades-de-agudos.html#breadcrumb"},"inLanguage":"pt-BR","potentialAction":[{"@type":"ReadAction","target":["https:\/\/franciscanos.org.br\/noticias\/tau-das-missoes-nas-comunidades-de-agudos.html"]}]},{"@type":"BreadcrumbList","@id":"https:\/\/franciscanos.org.br\/noticias\/tau-das-missoes-nas-comunidades-de-agudos.html#breadcrumb","itemListElement":[{"@type":"ListItem","position":1,"name":"Home","item":"https:\/\/franciscanos.org.br\/noticias"},{"@type":"ListItem","position":2,"name":"Comunidades de Agudos recebem Tau das Miss\u00f5es"}]},{"@type":"Person","@id":"https:\/\/franciscanos.org.br\/noticias\/#\/schema\/person\/b38fbf43118f02820bd932f2e4b14ad3","name":"admin","image":{"@type":"ImageObject","inLanguage":"pt-BR","@id":"https:\/\/franciscanos.org.br\/noticias\/#\/schema\/person\/image\/","url":"https:\/\/secure.gravatar.com\/avatar\/e8495742d34d0ba6448ea1c628263b3e?s=96&d=mm&r=g","contentUrl":"https:\/\/secure.gravatar.com\/avatar\/e8495742d34d0ba6448ea1c628263b3e?s=96&d=mm&r=g","caption":"admin"},"url":"https:\/\/franciscanos.org.br\/noticias\/author\/admin"}]}},"_links":{"self":[{"href":"https:\/\/franciscanos.org.br\/noticias\/wp-json\/wp\/v2\/posts\/125987"}],"collection":[{"href":"https:\/\/franciscanos.org.br\/noticias\/wp-json\/wp\/v2\/posts"}],"about":[{"href":"https:\/\/franciscanos.org.br\/noticias\/wp-json\/wp\/v2\/types\/post"}],"author":[{"embeddable":true,"href":"https:\/\/franciscanos.org.br\/noticias\/wp-json\/wp\/v2\/users\/1"}],"replies":[{"embeddable":true,"href":"https:\/\/franciscanos.org.br\/noticias\/wp-json\/wp\/v2\/comments?post=125987"}],"version-history":[{"count":0,"href":"https:\/\/franciscanos.org.br\/noticias\/wp-json\/wp\/v2\/posts\/125987\/revisions"}],"wp:featuredmedia":[{"embeddable":true,"href":"https:\/\/franciscanos.org.br\/noticias\/wp-json\/wp\/v2\/media\/197060"}],"wp:attachment":[{"href":"https:\/\/franciscanos.org.br\/noticias\/wp-json\/wp\/v2\/media?parent=125987"}],"wp:term":[{"taxonomy":"category","embeddable":true,"href":"https:\/\/franciscanos.org.br\/noticias\/wp-json\/wp\/v2\/categories?post=125987"},{"taxonomy":"post_tag","embeddable":true,"href":"https:\/\/franciscanos.org.br\/noticias\/wp-json\/wp\/v2\/tags?post=125987"}],"curies":[{"name":"wp","href":"https:\/\/api.w.org\/{rel}","templated":true}]}}