{"id":125906,"date":"2017-02-05T15:26:27","date_gmt":"2017-02-05T17:26:27","guid":{"rendered":"http:\/\/franciscanos.org.br\/?p=125906"},"modified":"2020-06-09T10:45:50","modified_gmt":"2020-06-09T13:45:50","slug":"a-missao-dos-cristaos-e-a-dar-sabor-a-vida","status":"publish","type":"post","link":"https:\/\/franciscanos.org.br\/noticias\/a-missao-dos-cristaos-e-a-dar-sabor-a-vida.html","title":{"rendered":"A miss\u00e3o dos crist\u00e3os \u00e9 a dar \u201csabor\u201d \u00e0 vida com f\u00e9 e amor"},"content":{"rendered":"<p><img loading=\"lazy\" class=\"alignleft\" src=\"http:\/\/franciscanos.org.br\/wp-content\/uploads\/2017\/02\/papa_050217.jpg\" alt=\"papa_050217\" width=\"820\" height=\"392\" \/><\/p>\n<p><strong>Cidade do Vaticano<\/strong> \u2013 Na ora\u00e7\u00e3o do Angelus na Pra\u00e7a S\u00e3o Pedro (05\/02), o Papa falou aos fi\u00e9is das met\u00e1foras do sal e da luz propostas pelo Evangelho de Mateus neste V Domingo do Tempo Comum. \u201cAs palavras de Jesus s\u00e3o endere\u00e7adas aos disc\u00edpulos de todos os tempos, portanto tamb\u00e9m a n\u00f3s\u201d, comentou Francisco. Ele nos convida a ser um reflexo da sua luz, atrav\u00e9s do testemunho das boas obras. De fato, \u00e9 sobretudo o nosso comportamento que \u2013 no bem e no mal \u2013 deixa um sinal nos outros. A luz da f\u00e9 n\u00e3o \u00e9 nossa propriedade, mas somos chamados a faz\u00ea-la resplandecer no mundo mediante as boas obras, n\u00e3o as palavras. \u201cE quanta necessidade o mundo tem da luz do Evangelho que transforma, cura e garante a salva\u00e7\u00e3o a quem o acolhe!\u201d, afirmou o Papa.<\/p>\n<p>J\u00e1 o sal \u00e9 um elemento que, enquanto d\u00e1 sabor, preserva o alimento da altera\u00e7\u00e3o e da deteriora\u00e7\u00e3o \u2013 \u201cna \u00e9poca de Jesus n\u00e3o tinha geladeira!\u201d, brincou Francisco.\u00a0Portanto, a miss\u00e3o dos crist\u00e3os na sociedade \u00e9 a dar \u201csabor\u201d \u00e0 vida com a f\u00e9 e o amor que Cristo nos doou e, ao mesmo tempo, &#8220;manter distantes os germes poluidores do ego\u00edsmo, da inveja, da maledic\u00eancia e assim por diante. Esses germes corrompem o tecido das nossas comunidades, que devem ao inv\u00e9s brilhar como locais de acolhimento, de solidariedade e de reconcilia\u00e7\u00e3o&#8221;.<\/p>\n<p>Para realizar esta miss\u00e3o, acrescentou, &#8220;\u00e9 preciso que n\u00f3s, por primeiro, sejamos libertados da degenera\u00e7\u00e3o corruptora dos influ\u00eancias mundanas, contr\u00e1rias a Cristo e ao Evangelho; e esta purifica\u00e7\u00e3o jamais acaba, deve ser feita continuamente. Deve ser feita todos os dias!&#8221;.<\/p>\n<p>O Papa concluiu: \u201cCada um de n\u00f3s \u00e9 chamado a ser luz e sal no pr\u00f3prio ambiente de vida cotidiana. Que a nossa M\u00e3e nos ajude a deixar-nos sempre purificar e iluminar pelo Senhor, para nos tornar \u2018sal da terra\u2019 e \u2018luz do mundo\u2019&#8221;.<\/p>\n<p><strong>JORNADA PELA VIDA<\/strong><\/p>\n<p>\u201cLevemos adiante a cultura da vida como resposta \u00e0 l\u00f3gica do descarte e da queda demogr\u00e1fica\u201d: esta foi a exorta\u00e7\u00e3o do Papa aos fi\u00e9is italianos, que este domingo celebram a \u201cJornada pela Vida\u201d.<\/p>\n<p>\u201cEstejamos pr\u00f3ximos e juntos rezemos pelas mulheres que pensam em interromper uma gravidez, assim como pelas pessoas que est\u00e3o em fim de vida; para que ningu\u00e9m seja deixado s\u00f3 e o amor defenda o sentido da vida\u201d, disse ainda Francisco.<\/p>\n<p>O Pont\u00edfice citou as palavras de Santa Teresa de Calcut\u00e1: \u201cA vida \u00e9 beleza, admire-a; a vida \u00e9 vida, defenda-a!\u201d. De fato, o tema da edi\u00e7\u00e3o 2017 desta Jornada \u00e9: \u201cMulheres e homens pela vida nas pegadas de Santa Teresa de Calcut\u00e1\u201d.<\/p>\n<p>O Papa saudou ainda o Movimento pela Vida, os docentes das Universidades romanas e todos os que colaboram para a forma\u00e7\u00e3o das novas gera\u00e7\u00f5es, \u201cpara que sejam capazes de construir uma sociedade acolhedora e digna para cada pessoa\u201d.<\/p>\n<p><strong>ECONOMIA DE COMUNH\u00c3O<\/strong><\/p>\n<p>O Santo Padre recebeu, na manh\u00e3 do s\u00e1bado (04\/02), na Sala Paulo VI, mais de mil representantes da \u201cEconomia de Comunh\u00e3o\u201d, promovido pelo Movimento dos Focolares, que realiza um encontro em Castelgandolfo de 1\u00b0 a 5 de fevereiro.<\/p>\n<p>O Projeto \u201cEconomia de Comunh\u00e3o\u201d (EdC) surgiu em maio de 1991, ap\u00f3s uma visita de Chiara Lubich ao Brasil, como resposta concreta ao problema social e ao desequil\u00edbrio econ\u00f4mico do pa\u00eds e do capitalismo em geral.<\/p>\n<p>Com efeito, em seu discurso aos numerosos presentes, provenientes de 49 pa\u00edses, o Papa refletiu sobre os termos \u201cEconomia e Comunh\u00e3o\u201d de particular interesse:\u00a0\u201cEconomia e comunh\u00e3o: duas palavras que a cultura de hoje mant\u00e9m bem separadas e, muitas vezes, at\u00e9 as considera opostas. Duas palavras que, ao inv\u00e9s, voc\u00eas uniram, respondendo ao convite que Chiara Lubich fez no Brasil, h\u00e1 25 anos. Diante das desigualdades que percebeu na cidade de S\u00e3o Paulo, ela exortou aos empres\u00e1rios a se tornarem agentes criativos e competentes de comunh\u00e3o\u201d.<\/p>\n<p>De fato, ponderou Francisco, o empres\u00e1rio \u00e9 considerado pelo Movimento dos Focolares como \u201cagente de comunh\u00e3o\u201d, um novo modo de encarar as empresas e a economia. Uma empresa n\u00e3o deve destruir a comunh\u00e3o entre as pessoas, mas edific\u00e1-la e promov\u00ea-la. A comunh\u00e3o espiritual dos cora\u00e7\u00f5es \u00e9 mais plena quando se torna comunh\u00e3o de bens, de talentos e de lucros.<\/p>\n<p>Aqui o Santo Padre refletiu sobre tr\u00eas aspectos concernentes ao Projeto dos Focolares: o dinheiro, a pobreza e o futuro. Sobre o primeiro aspecto, disse:\u00a0\u201c\u00c9 muito importante que ao centro da economia de comunh\u00e3o esteja a comunh\u00e3o das entradas. A economia de comunh\u00e3o tamb\u00e9m \u00e9 comunh\u00e3o de lucros, express\u00e3o da comunh\u00e3o de vida. Muitas vezes falei sobre o dinheiro como \u00eddolo, quando se torna objetivo de vida e pecado de idolatria. Mas, o dinheiro \u00e9 importante, sobretudo, quando falta e quando dele dependem a alimenta\u00e7\u00e3o, a escola e o futuro dos filhos\u201d.<\/p>\n<p>A riqueza, acrescentou o Pont\u00edfice, \u00e9 a mais nova divindade, em nossos dias, que destr\u00f3i milh\u00f5es de fam\u00edlias no mundo. Diante desta realidade, os Focolares escolheram colocar os lucros em comum, compartilhando-os com os pobres e para dar instru\u00e7\u00e3o e trabalho aos jovens. Assim, o Papa passou ao segundo aspecto da sua reflex\u00e3o: a pobreza, um tema central para o Movimento fundado por Chiara Lubich: \u201cHoje, s\u00e3o lan\u00e7adas diversas iniciativas, p\u00fablicas e particulares, para combater a pobreza, para o crescimento da humanidade. Na B\u00edblia, os pobres, os \u00f3rf\u00e3os e as vi\u00favas eram descartados pela sociedade. Hoje, foram inventados diversos modos para ajudar, matar a fome e instruir os pobres. N\u00e3o obstante, o capitalismo continua a produzir descartes e exclus\u00f5es\u201d.<\/p>\n<p>A economia de comunh\u00e3o, afirmou Francisco, se quiser ser fiel ao seu carisma, deve criar um sistema econ\u00f4mico-social para salvar as v\u00edtimas do capitalismo. Um empres\u00e1rio de comunh\u00e3o deve ser como o pai misericordioso da par\u00e1bola evang\u00e9lica do Filho Pr\u00f3digo. Por fim, o Papa falou sobre o terceiro aspecto da Economia de Comunh\u00e3o: o futuro: \u201cEstes 25 anos da hist\u00f3ria da Economia de Comunh\u00e3o confirmam que a comunh\u00e3o e as empresas podem crescer lado a lado. Comunh\u00e3o \u00e9 a multiplica\u00e7\u00e3o dos bens para todos. A economia de hoje precisa da alma dos empres\u00e1rios e da fraternidade respeitosa e humilde. \u00c9 preciso compartilhar mais os lucros para combater a idolatria do dinheiro\u201d.<\/p>\n<p>O Santo Padre concluiu seu pronunciamento aos numerosos participantes no encontro de \u201cEconomia e Comunh\u00e3o\u201d convidando o Movimento dos Focolares a continuar a mudar as estruturas sociais para evitar as v\u00edtimas do descarte e da exclus\u00e3o. \u201cContinuem, disse, a ser sal e fermento de uma nova economia, a Economia do Reino, onde os ricos partilham suas riquezas e os pobres s\u00e3o chamados bem-aventurados\u201d.<\/p>\n<p><strong>Representantes brasileiros com Francisco<\/strong><\/p>\n<p>Antes de o Papa pronunciar o seu discurso, a curitibana Maria Helena Ferreira Fonseca Faller, Presidente da Associa\u00e7\u00e3o Brasileira de Economia e Comunh\u00e3o, fez a seguinte sauda\u00e7\u00e3o:<\/p>\n<p><strong>Origem do Projeto<\/strong><\/p>\n<p>Dirigida de modo particular \u00e0s Empresas, a proposta da \u201cEconomia de Comunh\u00e3o\u201d, lan\u00e7ada no Brasil, em 1991, por Chiara Lubich, fundadora do Movimento dos Focolares, coloca em comum a riqueza produzida e fundamenta a din\u00e2mica operacional sobre a comunh\u00e3o e a fraternidade. Atualmente centenas de empresas, no mundo inteiro, inspiram-se neste Projeto para adotar um controle centralizado na fraternidade e partilhar a riqueza produzida.<\/p>\n<p>A \u201cEconomia de Comunh\u00e3o\u201d suscita o surgimento dos chamados \u201cpolos industriais\u201d, inseridos nas Mari\u00e1polis permanentes, pequenos \u201cn\u00facleos de testemunho\u201d do Movimento dos Focolares.<\/p>\n<p>Os polos industriais, constru\u00eddos nestes anos no Brasil, Argentina, It\u00e1lia, Cro\u00e1cia, B\u00e9lgica e Portugal, indicam uma economia onde, produzir e trabalhar, s\u00e3o verdadeiras express\u00f5es da lei evang\u00e9lica do amor rec\u00edproco.<\/p>\n<p>O Projeto \u201cEconomia de Comunh\u00e3o\u201d, na sua totalidade, tem o objetivo de trabalhar por uma humanidade \u201csem indigentes\u201d, em v\u00e1rios n\u00edveis. Com a cria\u00e7\u00e3o de trabalho, pode-se envolver os exclu\u00eddos do sistema econ\u00f4mico e social, mediante uma cultura da partilha e da comunh\u00e3o, a cria\u00e7\u00e3o de iniciativas educativas e culturais e ajudas concretas aos projetos de desenvolvimento.<\/p>\n<hr \/>\n<p><em>Fonte: R\u00e1dio Vaticano<\/em><\/p>\n","protected":false},"excerpt":{"rendered":"<p>Angelus<\/p>\n","protected":false},"author":1,"featured_media":197066,"comment_status":"open","ping_status":"open","sticky":false,"template":"","format":"standard","meta":[],"categories":[1428],"tags":[403],"acf":[],"yoast_head":"<!-- This site is optimized with the Yoast SEO plugin v19.2 - https:\/\/yoast.com\/wordpress\/plugins\/seo\/ -->\n<title>A miss\u00e3o dos crist\u00e3os \u00e9 a dar \u201csabor\u201d \u00e0 vida com f\u00e9 e amor - Not\u00edcias - Franciscanos<\/title>\n<meta name=\"robots\" content=\"index, follow, max-snippet:-1, max-image-preview:large, max-video-preview:-1\" \/>\n<link rel=\"canonical\" href=\"https:\/\/franciscanos.org.br\/noticias\/a-missao-dos-cristaos-e-a-dar-sabor-a-vida.html\" \/>\n<meta property=\"og:locale\" content=\"pt_BR\" \/>\n<meta property=\"og:type\" content=\"article\" \/>\n<meta property=\"og:title\" content=\"A miss\u00e3o dos crist\u00e3os \u00e9 a dar \u201csabor\u201d \u00e0 vida com f\u00e9 e amor - Not\u00edcias - Franciscanos\" \/>\n<meta property=\"og:description\" content=\"Angelus\" \/>\n<meta property=\"og:url\" content=\"https:\/\/franciscanos.org.br\/noticias\/a-missao-dos-cristaos-e-a-dar-sabor-a-vida.html\" \/>\n<meta property=\"og:site_name\" content=\"Not\u00edcias - Franciscanos\" \/>\n<meta property=\"article:published_time\" content=\"2017-02-05T17:26:27+00:00\" \/>\n<meta property=\"article:modified_time\" content=\"2020-06-09T13:45:50+00:00\" \/>\n<meta property=\"og:image\" content=\"https:\/\/franciscanos.org.br\/noticias\/wp-content\/uploads\/2017\/02\/papa_050217.jpg\" \/>\n\t<meta property=\"og:image:width\" content=\"273\" \/>\n\t<meta property=\"og:image:height\" content=\"181\" \/>\n\t<meta property=\"og:image:type\" content=\"image\/jpeg\" \/>\n<meta name=\"author\" content=\"admin\" \/>\n<meta name=\"twitter:card\" content=\"summary_large_image\" \/>\n<meta name=\"twitter:label1\" content=\"Escrito por\" \/>\n\t<meta name=\"twitter:data1\" content=\"admin\" \/>\n\t<meta name=\"twitter:label2\" content=\"Est. tempo de leitura\" \/>\n\t<meta name=\"twitter:data2\" content=\"7 minutos\" \/>\n<script type=\"application\/ld+json\" class=\"yoast-schema-graph\">{\"@context\":\"https:\/\/schema.org\",\"@graph\":[{\"@type\":\"WebSite\",\"@id\":\"https:\/\/franciscanos.org.br\/noticias\/#website\",\"url\":\"https:\/\/franciscanos.org.br\/noticias\/\",\"name\":\"Not\u00edcias - Franciscanos\",\"description\":\"Prov\u00edncia Franciscana da Imaculada Concei\u00e7\u00e3o do Brasil - Ordem dos Frades Menores - OFM\",\"potentialAction\":[{\"@type\":\"SearchAction\",\"target\":{\"@type\":\"EntryPoint\",\"urlTemplate\":\"https:\/\/franciscanos.org.br\/noticias\/?s={search_term_string}\"},\"query-input\":\"required name=search_term_string\"}],\"inLanguage\":\"pt-BR\"},{\"@type\":\"ImageObject\",\"inLanguage\":\"pt-BR\",\"@id\":\"https:\/\/franciscanos.org.br\/noticias\/a-missao-dos-cristaos-e-a-dar-sabor-a-vida.html#primaryimage\",\"url\":\"https:\/\/franciscanos.org.br\/noticias\/wp-content\/uploads\/2017\/02\/papa_050217.jpg\",\"contentUrl\":\"https:\/\/franciscanos.org.br\/noticias\/wp-content\/uploads\/2017\/02\/papa_050217.jpg\",\"width\":273,\"height\":181},{\"@type\":\"WebPage\",\"@id\":\"https:\/\/franciscanos.org.br\/noticias\/a-missao-dos-cristaos-e-a-dar-sabor-a-vida.html#webpage\",\"url\":\"https:\/\/franciscanos.org.br\/noticias\/a-missao-dos-cristaos-e-a-dar-sabor-a-vida.html\",\"name\":\"A miss\u00e3o dos crist\u00e3os \u00e9 a dar \u201csabor\u201d \u00e0 vida com f\u00e9 e amor - Not\u00edcias - Franciscanos\",\"isPartOf\":{\"@id\":\"https:\/\/franciscanos.org.br\/noticias\/#website\"},\"primaryImageOfPage\":{\"@id\":\"https:\/\/franciscanos.org.br\/noticias\/a-missao-dos-cristaos-e-a-dar-sabor-a-vida.html#primaryimage\"},\"datePublished\":\"2017-02-05T17:26:27+00:00\",\"dateModified\":\"2020-06-09T13:45:50+00:00\",\"author\":{\"@id\":\"https:\/\/franciscanos.org.br\/noticias\/#\/schema\/person\/b38fbf43118f02820bd932f2e4b14ad3\"},\"breadcrumb\":{\"@id\":\"https:\/\/franciscanos.org.br\/noticias\/a-missao-dos-cristaos-e-a-dar-sabor-a-vida.html#breadcrumb\"},\"inLanguage\":\"pt-BR\",\"potentialAction\":[{\"@type\":\"ReadAction\",\"target\":[\"https:\/\/franciscanos.org.br\/noticias\/a-missao-dos-cristaos-e-a-dar-sabor-a-vida.html\"]}]},{\"@type\":\"BreadcrumbList\",\"@id\":\"https:\/\/franciscanos.org.br\/noticias\/a-missao-dos-cristaos-e-a-dar-sabor-a-vida.html#breadcrumb\",\"itemListElement\":[{\"@type\":\"ListItem\",\"position\":1,\"name\":\"Home\",\"item\":\"https:\/\/franciscanos.org.br\/noticias\"},{\"@type\":\"ListItem\",\"position\":2,\"name\":\"A miss\u00e3o dos crist\u00e3os \u00e9 a dar \u201csabor\u201d \u00e0 vida com f\u00e9 e amor\"}]},{\"@type\":\"Person\",\"@id\":\"https:\/\/franciscanos.org.br\/noticias\/#\/schema\/person\/b38fbf43118f02820bd932f2e4b14ad3\",\"name\":\"admin\",\"image\":{\"@type\":\"ImageObject\",\"inLanguage\":\"pt-BR\",\"@id\":\"https:\/\/franciscanos.org.br\/noticias\/#\/schema\/person\/image\/\",\"url\":\"https:\/\/secure.gravatar.com\/avatar\/e8495742d34d0ba6448ea1c628263b3e?s=96&d=mm&r=g\",\"contentUrl\":\"https:\/\/secure.gravatar.com\/avatar\/e8495742d34d0ba6448ea1c628263b3e?s=96&d=mm&r=g\",\"caption\":\"admin\"},\"url\":\"https:\/\/franciscanos.org.br\/noticias\/author\/admin\"}]}<\/script>\n<!-- \/ Yoast SEO plugin. -->","yoast_head_json":{"title":"A miss\u00e3o dos crist\u00e3os \u00e9 a dar \u201csabor\u201d \u00e0 vida com f\u00e9 e amor - Not\u00edcias - Franciscanos","robots":{"index":"index","follow":"follow","max-snippet":"max-snippet:-1","max-image-preview":"max-image-preview:large","max-video-preview":"max-video-preview:-1"},"canonical":"https:\/\/franciscanos.org.br\/noticias\/a-missao-dos-cristaos-e-a-dar-sabor-a-vida.html","og_locale":"pt_BR","og_type":"article","og_title":"A miss\u00e3o dos crist\u00e3os \u00e9 a dar \u201csabor\u201d \u00e0 vida com f\u00e9 e amor - Not\u00edcias - Franciscanos","og_description":"Angelus","og_url":"https:\/\/franciscanos.org.br\/noticias\/a-missao-dos-cristaos-e-a-dar-sabor-a-vida.html","og_site_name":"Not\u00edcias - Franciscanos","article_published_time":"2017-02-05T17:26:27+00:00","article_modified_time":"2020-06-09T13:45:50+00:00","og_image":[{"width":273,"height":181,"url":"https:\/\/franciscanos.org.br\/noticias\/wp-content\/uploads\/2017\/02\/papa_050217.jpg","type":"image\/jpeg"}],"author":"admin","twitter_card":"summary_large_image","twitter_misc":{"Escrito por":"admin","Est. tempo de leitura":"7 minutos"},"schema":{"@context":"https:\/\/schema.org","@graph":[{"@type":"WebSite","@id":"https:\/\/franciscanos.org.br\/noticias\/#website","url":"https:\/\/franciscanos.org.br\/noticias\/","name":"Not\u00edcias - Franciscanos","description":"Prov\u00edncia Franciscana da Imaculada Concei\u00e7\u00e3o do Brasil - Ordem dos Frades Menores - OFM","potentialAction":[{"@type":"SearchAction","target":{"@type":"EntryPoint","urlTemplate":"https:\/\/franciscanos.org.br\/noticias\/?s={search_term_string}"},"query-input":"required name=search_term_string"}],"inLanguage":"pt-BR"},{"@type":"ImageObject","inLanguage":"pt-BR","@id":"https:\/\/franciscanos.org.br\/noticias\/a-missao-dos-cristaos-e-a-dar-sabor-a-vida.html#primaryimage","url":"https:\/\/franciscanos.org.br\/noticias\/wp-content\/uploads\/2017\/02\/papa_050217.jpg","contentUrl":"https:\/\/franciscanos.org.br\/noticias\/wp-content\/uploads\/2017\/02\/papa_050217.jpg","width":273,"height":181},{"@type":"WebPage","@id":"https:\/\/franciscanos.org.br\/noticias\/a-missao-dos-cristaos-e-a-dar-sabor-a-vida.html#webpage","url":"https:\/\/franciscanos.org.br\/noticias\/a-missao-dos-cristaos-e-a-dar-sabor-a-vida.html","name":"A miss\u00e3o dos crist\u00e3os \u00e9 a dar \u201csabor\u201d \u00e0 vida com f\u00e9 e amor - Not\u00edcias - Franciscanos","isPartOf":{"@id":"https:\/\/franciscanos.org.br\/noticias\/#website"},"primaryImageOfPage":{"@id":"https:\/\/franciscanos.org.br\/noticias\/a-missao-dos-cristaos-e-a-dar-sabor-a-vida.html#primaryimage"},"datePublished":"2017-02-05T17:26:27+00:00","dateModified":"2020-06-09T13:45:50+00:00","author":{"@id":"https:\/\/franciscanos.org.br\/noticias\/#\/schema\/person\/b38fbf43118f02820bd932f2e4b14ad3"},"breadcrumb":{"@id":"https:\/\/franciscanos.org.br\/noticias\/a-missao-dos-cristaos-e-a-dar-sabor-a-vida.html#breadcrumb"},"inLanguage":"pt-BR","potentialAction":[{"@type":"ReadAction","target":["https:\/\/franciscanos.org.br\/noticias\/a-missao-dos-cristaos-e-a-dar-sabor-a-vida.html"]}]},{"@type":"BreadcrumbList","@id":"https:\/\/franciscanos.org.br\/noticias\/a-missao-dos-cristaos-e-a-dar-sabor-a-vida.html#breadcrumb","itemListElement":[{"@type":"ListItem","position":1,"name":"Home","item":"https:\/\/franciscanos.org.br\/noticias"},{"@type":"ListItem","position":2,"name":"A miss\u00e3o dos crist\u00e3os \u00e9 a dar \u201csabor\u201d \u00e0 vida com f\u00e9 e amor"}]},{"@type":"Person","@id":"https:\/\/franciscanos.org.br\/noticias\/#\/schema\/person\/b38fbf43118f02820bd932f2e4b14ad3","name":"admin","image":{"@type":"ImageObject","inLanguage":"pt-BR","@id":"https:\/\/franciscanos.org.br\/noticias\/#\/schema\/person\/image\/","url":"https:\/\/secure.gravatar.com\/avatar\/e8495742d34d0ba6448ea1c628263b3e?s=96&d=mm&r=g","contentUrl":"https:\/\/secure.gravatar.com\/avatar\/e8495742d34d0ba6448ea1c628263b3e?s=96&d=mm&r=g","caption":"admin"},"url":"https:\/\/franciscanos.org.br\/noticias\/author\/admin"}]}},"_links":{"self":[{"href":"https:\/\/franciscanos.org.br\/noticias\/wp-json\/wp\/v2\/posts\/125906"}],"collection":[{"href":"https:\/\/franciscanos.org.br\/noticias\/wp-json\/wp\/v2\/posts"}],"about":[{"href":"https:\/\/franciscanos.org.br\/noticias\/wp-json\/wp\/v2\/types\/post"}],"author":[{"embeddable":true,"href":"https:\/\/franciscanos.org.br\/noticias\/wp-json\/wp\/v2\/users\/1"}],"replies":[{"embeddable":true,"href":"https:\/\/franciscanos.org.br\/noticias\/wp-json\/wp\/v2\/comments?post=125906"}],"version-history":[{"count":2,"href":"https:\/\/franciscanos.org.br\/noticias\/wp-json\/wp\/v2\/posts\/125906\/revisions"}],"predecessor-version":[{"id":225462,"href":"https:\/\/franciscanos.org.br\/noticias\/wp-json\/wp\/v2\/posts\/125906\/revisions\/225462"}],"wp:featuredmedia":[{"embeddable":true,"href":"https:\/\/franciscanos.org.br\/noticias\/wp-json\/wp\/v2\/media\/197066"}],"wp:attachment":[{"href":"https:\/\/franciscanos.org.br\/noticias\/wp-json\/wp\/v2\/media?parent=125906"}],"wp:term":[{"taxonomy":"category","embeddable":true,"href":"https:\/\/franciscanos.org.br\/noticias\/wp-json\/wp\/v2\/categories?post=125906"},{"taxonomy":"post_tag","embeddable":true,"href":"https:\/\/franciscanos.org.br\/noticias\/wp-json\/wp\/v2\/tags?post=125906"}],"curies":[{"name":"wp","href":"https:\/\/api.w.org\/{rel}","templated":true}]}}