{"id":125772,"date":"2017-02-03T08:33:16","date_gmt":"2017-02-03T10:33:16","guid":{"rendered":"http:\/\/franciscanos.org.br\/?p=125772"},"modified":"2019-01-28T11:33:05","modified_gmt":"2019-01-28T13:33:05","slug":"lancamentos-da-semana-25","status":"publish","type":"post","link":"https:\/\/franciscanos.org.br\/noticias\/lancamentos-da-semana-25.html","title":{"rendered":"Lan\u00e7amentos da semana"},"content":{"rendered":"<h3><strong><a href=\"http:\/\/franciscanos.org.br\/wp-content\/uploads\/2017\/02\/retornar-a-jess.jpg\"><img loading=\"lazy\" class=\"alignleft size-full wp-image-125779\" src=\"http:\/\/franciscanos.org.br\/wp-content\/uploads\/2017\/02\/retornar-a-jess.jpg\" alt=\"retornar-a-jess\" width=\"200\" height=\"319\" \/><\/a>Retornar a Jesus de Nazar\u00e9<br \/>\n<\/strong><strong>Conhecer a Deus e o ser humano atrav\u00e9s de Jesus<\/strong><\/h3>\n<p><strong>Rafael Luciani<\/strong><\/p>\n<p>\u201cRetornar a Jesus\u201d significa em primeiro lugar aceitar a humanidade hist\u00f3rica de Jesus como paradigma de nosso modo de ser humanos: o que nos revela em Jesus \u00e9 o modo de viver mais humano e humanizador que pode haver.<\/p>\n<p>Em segundo lugar, \u00e9 necess\u00e1rio colocar em pr\u00e1tica essa pr\u00e1xis concreta de Jesus como realidade \u00faltima e definitiva: ao assim faz\u00ea-lo confessamos que Jesus \u00e9 o Messias, o Cristo da f\u00e9, cuja mensagem transcende a condi\u00e7\u00e3o moral, a cren\u00e7a religiosa e a posi\u00e7\u00e3o pol\u00edtica de cada pessoa, e nos ajuda a viver fraternalmente.<\/p>\n<p>Por \u00faltimo, \u201cretornar a Jesus\u201d exige comprometer-se, como ele, com a causa do Reino de Deus, o Pai bom e compassivo. Este \u00e9 um compromisso que se concretiza numa atua\u00e7\u00e3o firme contra as condi\u00e7\u00f5es hist\u00f3ricas que obstaculizam seu reinado de paz e justi\u00e7a, e no desenvolvimento de uma pr\u00e1tica fraterna a servi\u00e7o de todas as v\u00edtimas.<\/p>\n<p>Deste modo, o Reino de Deus continua acontecendo em nossos dias.<\/p>\n<p style=\"padding-left: 30px;\"><strong>Rafael Luciani<\/strong> <em>\u00e9 doutor em Teologia pela Pontif\u00edcia Universidade Gregoriana (Roma), onde tamb\u00e9m fez a licenciatura em Teologia Dogm\u00e1tica. \u00c9 licenciado em Educa\u00e7\u00e3o, com qualifica\u00e7\u00e3o em Filosofia, pela Universidade Cat\u00f3lica Andr\u00e9s Bello (Caracas), e estudou Filosofia na Universidade Pontif\u00edcia Salesiana, de Roma. Esteve v\u00e1rios anos na Julius MaxililiansUniversit\u00e4t de W\u00fcrzburg. Foi diretor de estudos de Teologia da Universidade Cat\u00f3lica Andr\u00e9s Bello. \u00c9 professor de Cristologia b\u00edblica e dogm\u00e1tica, Origens do Cristianismo e Mist\u00e9rio de Deus. Atualmente \u00e9 professor titular da Universidade Cat\u00f3lica Andr\u00e9s Bello e da Universidade Pontif\u00edcia Salesiana.<\/em><\/p>\n<p><strong>N\u00ba DE P\u00c1GINAS<\/strong><strong>: 368<\/strong><\/p>\n<p><strong>\u00a0<\/strong><\/p>\n<h3><strong><a href=\"http:\/\/franciscanos.org.br\/wp-content\/uploads\/2017\/02\/quem-e.jpg\"><img loading=\"lazy\" class=\"alignleft size-full wp-image-125780\" src=\"http:\/\/franciscanos.org.br\/wp-content\/uploads\/2017\/02\/quem-e.jpg\" alt=\"quem-e\" width=\"200\" height=\"284\" \/><\/a>Quem \u00e9 o catequizando?<\/strong><\/h3>\n<p><strong>Paulo Cesar Gil<\/strong><\/p>\n<p>A catequese est\u00e1 a servi\u00e7o de todos os homens e do homem todo, em suas diferentes faixas et\u00e1rias e dimens\u00f5es. Conhecer os catequizandos, portanto, \u00e9 essencial para ajud\u00e1-los a crescer na f\u00e9 e caminhar ao encontro de Jesus, tendo os olhos fixos nele.<\/p>\n<p>Nesta obra, o autor contempla as caracter\u00edsticas pr\u00f3prias das diferentes faixas et\u00e1rias que precisam ser respeitadas e consideradas nos encontros de catequese. Assim, motiva o catequista a acolher e educar na f\u00e9 crian\u00e7as, adolescentes, jovens e adultos de sua comunidade, assumindo a sua miss\u00e3o ao fazer com que, a partir dos encontros catequ\u00e9ticos, sintam-se encantados por Jesus Cristo e por seus ensinamentos.<\/p>\n<p><strong>N\u00ba DE P\u00c1GINAS<\/strong><strong>: 64<\/strong><\/p>\n<p>&nbsp;<\/p>\n<p>&nbsp;<\/p>\n<h3><strong><a href=\"http:\/\/franciscanos.org.br\/wp-content\/uploads\/2017\/02\/ano-liturgico.jpg\"><img loading=\"lazy\" class=\"alignleft size-full wp-image-125781\" src=\"http:\/\/franciscanos.org.br\/wp-content\/uploads\/2017\/02\/ano-liturgico.jpg\" alt=\"ano-liturgico\" width=\"200\" height=\"283\" \/><\/a>O Ano Lit\u00fargico<br \/>\nJogos, artes e din\u00e2micas para a catequese<\/strong><\/h3>\n<p><strong>Francine Porfirio Ortiz<\/strong><em> e <\/em><strong>Viviane Mayer Daldegan<\/strong><\/p>\n<p><em>O Ano lit\u00fargico \u2013 jogos, artes e din\u00e2micas para a catequese <\/em>\u00e9 um livro que re\u00fane diferentes propostas de atividades para apresentar dinamicamente o tema do Ano Lit\u00fargico, sendo este um conte\u00fado presente no programa e em muitos manuais de catequese. \u00c9 um recurso que visa contribuir para explorar junto aos catequizandos alguns aspectos presentes nas celebra\u00e7\u00f5es. \u00c9, portanto, um subs\u00eddio complementar \u00e0 pr\u00e1tica catequ\u00e9tica.<\/p>\n<p><strong>N\u00ba DE P\u00c1GINAS<\/strong><strong>: 56<\/strong><\/p>\n<p>&nbsp;<\/p>\n<p>&nbsp;<\/p>\n<p>&nbsp;<\/p>\n<h3><strong><a href=\"http:\/\/franciscanos.org.br\/wp-content\/uploads\/2017\/02\/empirismo.jpg\"><img loading=\"lazy\" class=\"alignleft size-full wp-image-125782\" src=\"http:\/\/franciscanos.org.br\/wp-content\/uploads\/2017\/02\/empirismo.jpg\" alt=\"empirismo\" width=\"200\" height=\"319\" \/><\/a>Empirismo<\/strong><\/h3>\n<p><strong>Robert G. Meyers<\/strong><\/p>\n<p>Esta obra traz uma introdu\u00e7\u00e3o \u00e0 tradi\u00e7\u00e3o empirista em filosofia. O livro examina as mais importantes quest\u00f5es filos\u00f3ficas sobre o tema, mantendo dist\u00e2ncia suficiente das complexidades acad\u00eamicas acerca de Locke, Berkeley e Hume para permitir aos leitores uma vis\u00e3o geral clara do empirismo, sem se perder em detalhes de disputas exeg\u00e9ticas sobre fil\u00f3sofos espec\u00edficos.<\/p>\n<p>Robert Meyers come\u00e7a por distinguir entre as vers\u00f5es epistemol\u00f3gica e psicol\u00f3gica de empirismo, mostrando como a primeira \u00e9 de interesse primordial para os fil\u00f3sofos. Faz ent\u00e3o uma excelente introdu\u00e7\u00e3o sobre os principais protagonistas da tradi\u00e7\u00e3o empirista brit\u00e2nica a partir dessa perspectiva, antes de focalizar algumas quest\u00f5es centrais, como o fundacionismo, a no\u00e7\u00e3o de <em>a priori<\/em>, o desafio do ceticismo e a situa\u00e7\u00e3o da cren\u00e7a religiosa dentro do empirismo. As ideias de fil\u00f3sofos recentes, incluindo Sellars, Goodman e Quine, s\u00e3o examinadas a par dos desdobramentos de Stuart Mill e Peirce e das cr\u00edticas de Leibniz. As discuss\u00f5es s\u00e3o mantidas em um n\u00edvel introdut\u00f3rio em toda a obra para ajudar os leitores a situar os princ\u00edpios do empirismo em rela\u00e7\u00e3o \u00e0 filosofia moderna.<\/p>\n<p style=\"padding-left: 30px;\"><strong>Robert G. Meyers <\/strong><em>\u00e9 Professor de Filosofia na Universidade do Estado de Nova York, em Albany.<\/em><\/p>\n<p><strong>N\u00ba DE P\u00c1GINAS<\/strong><strong>: 280<\/strong><\/p>\n<p>&nbsp;<\/p>\n<h3><strong><a href=\"http:\/\/franciscanos.org.br\/wp-content\/uploads\/2017\/02\/hegenialismo.jpg\"><img loading=\"lazy\" class=\"alignleft size-full wp-image-125783\" src=\"http:\/\/franciscanos.org.br\/wp-content\/uploads\/2017\/02\/hegenialismo.jpg\" alt=\"hegenialismo\" width=\"200\" height=\"316\" \/><\/a>Hegelianismo<\/strong><\/h3>\n<p><strong>Robert Sinnerbrink<\/strong><\/p>\n<p>Este livro pretende introduzir um dos mais ricos movimentos da filosofia moderna. O hegelianismo apresenta um caminho poss\u00edvel para a filosofia moderna europeia ou \u201ccontinental\u201d, que podemos entender como uma s\u00e9rie de respostas complexas a Hegel. O autor mostra como Hegel e as correntes anti-hegelianas de pensamento moldaram alguns dos movimentos mais significativos da filosofia europeia do s\u00e9culo XX, do existencialismo, o marxismo e a fenomenologia \u00e0 Teoria Cr\u00edtica e o p\u00f3s-estruturalismo.<\/p>\n<p>Ele ressalta os temas hegelianos da consci\u00eancia infeliz, da dial\u00e9tica do senhor e do escravo, e da luta pelo reconhecimento, que se t\u00eam revelado muito f\u00e9rteis para a Teoria Cr\u00edtica alem\u00e3, assim como para a filosofia francesa do p\u00f3s-guerra. Sinnerbrink considera o problema da Modernidade, as teorias do reconhecimento e a desconstru\u00e7\u00e3o da dial\u00e9tica temas importantes que s\u00e3o todos profundamente devedores do pensamento hegeliano. Por outro lado, Hegel teve um impacto principalmente negativo sobre o desenvolvimento da filosofia anal\u00edtica; felizmente, isso recentemente come\u00e7ou a mudar com o surgimento do \u201cneo-hegelianismo anal\u00edtico\u201d (cf. Rockmore 2005).<\/p>\n<p>Juntos, esses textos demonstram que o jovem Hegel era uma voz a ser reconhecida no movimento emergente do idealismo p\u00f3s-kantiano ou \u201calem\u00e3o\u201d. Tamb\u00e9m antecipam alguns dos elementos b\u00e1sicos do seu sistema filos\u00f3fico e do intrigante m\u00e9todo filos\u00f3fico conhecido como a \u201cdial\u00e9tica\u201d de Hegel.<\/p>\n<p style=\"padding-left: 30px;\"><strong>Robert Sinnerbrink<\/strong> \u00e9 professor de Filosofia Europeia na Universidade Macquarie, Sydney<\/p>\n<p><strong>N\u00ba DE P\u00c1GINAS: 336<\/strong><\/p>\n","protected":false},"excerpt":{"rendered":"<p>Editora Vozes<\/p>\n","protected":false},"author":1,"featured_media":194592,"comment_status":"open","ping_status":"open","sticky":false,"template":"","format":"standard","meta":[],"categories":[1],"tags":[238],"acf":[],"yoast_head":"<!-- This site is optimized with the Yoast SEO plugin v19.2 - https:\/\/yoast.com\/wordpress\/plugins\/seo\/ -->\n<title>Lan\u00e7amentos da semana - Not\u00edcias - Franciscanos<\/title>\n<meta name=\"robots\" content=\"index, follow, max-snippet:-1, max-image-preview:large, max-video-preview:-1\" \/>\n<link rel=\"canonical\" href=\"https:\/\/franciscanos.org.br\/noticias\/lancamentos-da-semana-25.html\" \/>\n<meta property=\"og:locale\" content=\"pt_BR\" \/>\n<meta property=\"og:type\" content=\"article\" \/>\n<meta property=\"og:title\" content=\"Lan\u00e7amentos da semana - Not\u00edcias - Franciscanos\" \/>\n<meta property=\"og:description\" content=\"Editora Vozes\" \/>\n<meta property=\"og:url\" content=\"https:\/\/franciscanos.org.br\/noticias\/lancamentos-da-semana-25.html\" \/>\n<meta property=\"og:site_name\" content=\"Not\u00edcias - Franciscanos\" \/>\n<meta property=\"article:published_time\" content=\"2017-02-03T10:33:16+00:00\" \/>\n<meta property=\"article:modified_time\" content=\"2019-01-28T13:33:05+00:00\" \/>\n<meta property=\"og:image\" content=\"https:\/\/franciscanos.org.br\/noticias\/wp-content\/uploads\/2017\/11\/vozes.png\" \/>\n\t<meta property=\"og:image:width\" content=\"273\" \/>\n\t<meta property=\"og:image:height\" content=\"181\" \/>\n\t<meta property=\"og:image:type\" content=\"image\/png\" \/>\n<meta name=\"author\" content=\"admin\" \/>\n<meta name=\"twitter:card\" content=\"summary_large_image\" \/>\n<meta name=\"twitter:label1\" content=\"Escrito por\" \/>\n\t<meta name=\"twitter:data1\" content=\"admin\" \/>\n\t<meta name=\"twitter:label2\" content=\"Est. tempo de leitura\" \/>\n\t<meta name=\"twitter:data2\" content=\"5 minutos\" \/>\n<script type=\"application\/ld+json\" class=\"yoast-schema-graph\">{\"@context\":\"https:\/\/schema.org\",\"@graph\":[{\"@type\":\"WebSite\",\"@id\":\"https:\/\/franciscanos.org.br\/noticias\/#website\",\"url\":\"https:\/\/franciscanos.org.br\/noticias\/\",\"name\":\"Not\u00edcias - Franciscanos\",\"description\":\"Prov\u00edncia Franciscana da Imaculada Concei\u00e7\u00e3o do Brasil - Ordem dos Frades Menores - OFM\",\"potentialAction\":[{\"@type\":\"SearchAction\",\"target\":{\"@type\":\"EntryPoint\",\"urlTemplate\":\"https:\/\/franciscanos.org.br\/noticias\/?s={search_term_string}\"},\"query-input\":\"required name=search_term_string\"}],\"inLanguage\":\"pt-BR\"},{\"@type\":\"ImageObject\",\"inLanguage\":\"pt-BR\",\"@id\":\"https:\/\/franciscanos.org.br\/noticias\/lancamentos-da-semana-25.html#primaryimage\",\"url\":\"https:\/\/franciscanos.org.br\/noticias\/wp-content\/uploads\/2017\/11\/vozes.png\",\"contentUrl\":\"https:\/\/franciscanos.org.br\/noticias\/wp-content\/uploads\/2017\/11\/vozes.png\",\"width\":273,\"height\":181},{\"@type\":\"WebPage\",\"@id\":\"https:\/\/franciscanos.org.br\/noticias\/lancamentos-da-semana-25.html#webpage\",\"url\":\"https:\/\/franciscanos.org.br\/noticias\/lancamentos-da-semana-25.html\",\"name\":\"Lan\u00e7amentos da semana - Not\u00edcias - Franciscanos\",\"isPartOf\":{\"@id\":\"https:\/\/franciscanos.org.br\/noticias\/#website\"},\"primaryImageOfPage\":{\"@id\":\"https:\/\/franciscanos.org.br\/noticias\/lancamentos-da-semana-25.html#primaryimage\"},\"datePublished\":\"2017-02-03T10:33:16+00:00\",\"dateModified\":\"2019-01-28T13:33:05+00:00\",\"author\":{\"@id\":\"https:\/\/franciscanos.org.br\/noticias\/#\/schema\/person\/b38fbf43118f02820bd932f2e4b14ad3\"},\"breadcrumb\":{\"@id\":\"https:\/\/franciscanos.org.br\/noticias\/lancamentos-da-semana-25.html#breadcrumb\"},\"inLanguage\":\"pt-BR\",\"potentialAction\":[{\"@type\":\"ReadAction\",\"target\":[\"https:\/\/franciscanos.org.br\/noticias\/lancamentos-da-semana-25.html\"]}]},{\"@type\":\"BreadcrumbList\",\"@id\":\"https:\/\/franciscanos.org.br\/noticias\/lancamentos-da-semana-25.html#breadcrumb\",\"itemListElement\":[{\"@type\":\"ListItem\",\"position\":1,\"name\":\"Home\",\"item\":\"https:\/\/franciscanos.org.br\/noticias\"},{\"@type\":\"ListItem\",\"position\":2,\"name\":\"Lan\u00e7amentos da semana\"}]},{\"@type\":\"Person\",\"@id\":\"https:\/\/franciscanos.org.br\/noticias\/#\/schema\/person\/b38fbf43118f02820bd932f2e4b14ad3\",\"name\":\"admin\",\"image\":{\"@type\":\"ImageObject\",\"inLanguage\":\"pt-BR\",\"@id\":\"https:\/\/franciscanos.org.br\/noticias\/#\/schema\/person\/image\/\",\"url\":\"https:\/\/secure.gravatar.com\/avatar\/e8495742d34d0ba6448ea1c628263b3e?s=96&d=mm&r=g\",\"contentUrl\":\"https:\/\/secure.gravatar.com\/avatar\/e8495742d34d0ba6448ea1c628263b3e?s=96&d=mm&r=g\",\"caption\":\"admin\"},\"url\":\"https:\/\/franciscanos.org.br\/noticias\/author\/admin\"}]}<\/script>\n<!-- \/ Yoast SEO plugin. -->","yoast_head_json":{"title":"Lan\u00e7amentos da semana - Not\u00edcias - Franciscanos","robots":{"index":"index","follow":"follow","max-snippet":"max-snippet:-1","max-image-preview":"max-image-preview:large","max-video-preview":"max-video-preview:-1"},"canonical":"https:\/\/franciscanos.org.br\/noticias\/lancamentos-da-semana-25.html","og_locale":"pt_BR","og_type":"article","og_title":"Lan\u00e7amentos da semana - Not\u00edcias - Franciscanos","og_description":"Editora Vozes","og_url":"https:\/\/franciscanos.org.br\/noticias\/lancamentos-da-semana-25.html","og_site_name":"Not\u00edcias - Franciscanos","article_published_time":"2017-02-03T10:33:16+00:00","article_modified_time":"2019-01-28T13:33:05+00:00","og_image":[{"width":273,"height":181,"url":"https:\/\/franciscanos.org.br\/noticias\/wp-content\/uploads\/2017\/11\/vozes.png","type":"image\/png"}],"author":"admin","twitter_card":"summary_large_image","twitter_misc":{"Escrito por":"admin","Est. tempo de leitura":"5 minutos"},"schema":{"@context":"https:\/\/schema.org","@graph":[{"@type":"WebSite","@id":"https:\/\/franciscanos.org.br\/noticias\/#website","url":"https:\/\/franciscanos.org.br\/noticias\/","name":"Not\u00edcias - Franciscanos","description":"Prov\u00edncia Franciscana da Imaculada Concei\u00e7\u00e3o do Brasil - Ordem dos Frades Menores - OFM","potentialAction":[{"@type":"SearchAction","target":{"@type":"EntryPoint","urlTemplate":"https:\/\/franciscanos.org.br\/noticias\/?s={search_term_string}"},"query-input":"required name=search_term_string"}],"inLanguage":"pt-BR"},{"@type":"ImageObject","inLanguage":"pt-BR","@id":"https:\/\/franciscanos.org.br\/noticias\/lancamentos-da-semana-25.html#primaryimage","url":"https:\/\/franciscanos.org.br\/noticias\/wp-content\/uploads\/2017\/11\/vozes.png","contentUrl":"https:\/\/franciscanos.org.br\/noticias\/wp-content\/uploads\/2017\/11\/vozes.png","width":273,"height":181},{"@type":"WebPage","@id":"https:\/\/franciscanos.org.br\/noticias\/lancamentos-da-semana-25.html#webpage","url":"https:\/\/franciscanos.org.br\/noticias\/lancamentos-da-semana-25.html","name":"Lan\u00e7amentos da semana - Not\u00edcias - Franciscanos","isPartOf":{"@id":"https:\/\/franciscanos.org.br\/noticias\/#website"},"primaryImageOfPage":{"@id":"https:\/\/franciscanos.org.br\/noticias\/lancamentos-da-semana-25.html#primaryimage"},"datePublished":"2017-02-03T10:33:16+00:00","dateModified":"2019-01-28T13:33:05+00:00","author":{"@id":"https:\/\/franciscanos.org.br\/noticias\/#\/schema\/person\/b38fbf43118f02820bd932f2e4b14ad3"},"breadcrumb":{"@id":"https:\/\/franciscanos.org.br\/noticias\/lancamentos-da-semana-25.html#breadcrumb"},"inLanguage":"pt-BR","potentialAction":[{"@type":"ReadAction","target":["https:\/\/franciscanos.org.br\/noticias\/lancamentos-da-semana-25.html"]}]},{"@type":"BreadcrumbList","@id":"https:\/\/franciscanos.org.br\/noticias\/lancamentos-da-semana-25.html#breadcrumb","itemListElement":[{"@type":"ListItem","position":1,"name":"Home","item":"https:\/\/franciscanos.org.br\/noticias"},{"@type":"ListItem","position":2,"name":"Lan\u00e7amentos da semana"}]},{"@type":"Person","@id":"https:\/\/franciscanos.org.br\/noticias\/#\/schema\/person\/b38fbf43118f02820bd932f2e4b14ad3","name":"admin","image":{"@type":"ImageObject","inLanguage":"pt-BR","@id":"https:\/\/franciscanos.org.br\/noticias\/#\/schema\/person\/image\/","url":"https:\/\/secure.gravatar.com\/avatar\/e8495742d34d0ba6448ea1c628263b3e?s=96&d=mm&r=g","contentUrl":"https:\/\/secure.gravatar.com\/avatar\/e8495742d34d0ba6448ea1c628263b3e?s=96&d=mm&r=g","caption":"admin"},"url":"https:\/\/franciscanos.org.br\/noticias\/author\/admin"}]}},"_links":{"self":[{"href":"https:\/\/franciscanos.org.br\/noticias\/wp-json\/wp\/v2\/posts\/125772"}],"collection":[{"href":"https:\/\/franciscanos.org.br\/noticias\/wp-json\/wp\/v2\/posts"}],"about":[{"href":"https:\/\/franciscanos.org.br\/noticias\/wp-json\/wp\/v2\/types\/post"}],"author":[{"embeddable":true,"href":"https:\/\/franciscanos.org.br\/noticias\/wp-json\/wp\/v2\/users\/1"}],"replies":[{"embeddable":true,"href":"https:\/\/franciscanos.org.br\/noticias\/wp-json\/wp\/v2\/comments?post=125772"}],"version-history":[{"count":0,"href":"https:\/\/franciscanos.org.br\/noticias\/wp-json\/wp\/v2\/posts\/125772\/revisions"}],"wp:featuredmedia":[{"embeddable":true,"href":"https:\/\/franciscanos.org.br\/noticias\/wp-json\/wp\/v2\/media\/194592"}],"wp:attachment":[{"href":"https:\/\/franciscanos.org.br\/noticias\/wp-json\/wp\/v2\/media?parent=125772"}],"wp:term":[{"taxonomy":"category","embeddable":true,"href":"https:\/\/franciscanos.org.br\/noticias\/wp-json\/wp\/v2\/categories?post=125772"},{"taxonomy":"post_tag","embeddable":true,"href":"https:\/\/franciscanos.org.br\/noticias\/wp-json\/wp\/v2\/tags?post=125772"}],"curies":[{"name":"wp","href":"https:\/\/api.w.org\/{rel}","templated":true}]}}