{"id":125656,"date":"2017-02-02T10:43:10","date_gmt":"2017-02-02T12:43:10","guid":{"rendered":"http:\/\/franciscanos.org.br\/?p=125656"},"modified":"2019-01-28T11:47:26","modified_gmt":"2019-01-28T13:47:26","slug":"sete-jovens-admitidos-no-postulantado-de-angola","status":"publish","type":"post","link":"https:\/\/franciscanos.org.br\/noticias\/sete-jovens-admitidos-no-postulantado-de-angola.html","title":{"rendered":"Sete jovens admitidos no Postulantado da Miss\u00e3o de Angola"},"content":{"rendered":"<p><img loading=\"lazy\" class=\"aligncenter\" src=\"http:\/\/franciscanos.org.br\/wp-content\/uploads\/2017\/02\/angola_020217_1.jpg\" alt=\"angola_020217_1\" width=\"820\" height=\"431\" \/><\/p>\n<p>Com muita alegria, a Funda\u00e7\u00e3o Imaculada M\u00e3e de Deus de Angola admitiu, neste dia 1\u00ba de fevereiro, sete jovens ao Postulantado Santo Ant\u00f4nio, em Kibala. A celebra\u00e7\u00e3o foi presidida pelo presidente da Funda\u00e7\u00e3o, Frei Jos\u00e9 Ant\u00f4nio dos Santos, e concelebrada pelo guardi\u00e3o da Fraternidade, Frei Alisson Luiz Zanetti, e pelo mestre dos postulantes, Frei Marco Ant\u00f4nio dos Santos.<\/p>\n<p>Foram admitidos para fazer essa experi\u00eancia, os jovens: Abel Ndala Cahuma Nganji, Clementino Samuel Miguel, David Vicente da Concei\u00e7\u00e3o Gaeita, Lucas Eduardo Maur\u00edcio, Luiz Antonio Gungo, Silvano Kessongo Pinto Leitura e Val\u00f3dia Jo\u00e3o Manuel Baptista Domingos.<\/p>\n<p>Frei Jos\u00e9 Ant\u00f4nio, com suas palavras acolhedoras, admitiu os sete candidatos para fazer a experi\u00eancia de um ano no Postulantado de Kibala, preparando-se para ingressar na Ordem dos Frades Menores. Na homilia contou-nos uma f\u00e1bula sobre o fasc\u00ednio que a chama de uma vela exercia sobre as mariposas. O que as deslumbrava? Seria a luz ou o calor?<\/p>\n<p>Ent\u00e3o, pediram a ajuda da mariposa-rainha. Depois de meditar sobre o assunto, ela aconselhou que cada uma, individualmente, procurasse encontrar a resposta. Todas sa\u00edram procurando desvendar o segredo do fogo. Passado algum tempo, uma mariposa voltou cega de um olho, afirmando que havia chegado perto demais e que a luminosidade da vela lhe tinha ofuscado, e que continuava sem entender os mist\u00e9rios da luz. Outra voltou com uma asa queimada, reconhecendo que sua experi\u00eancia n\u00e3o fora satisfat\u00f3ria.<\/p>\n<p><img loading=\"lazy\" src=\"http:\/\/franciscanos.org.br\/wp-content\/uploads\/2017\/02\/angola_020217_3.jpg\" alt=\"angola_020217_3\" width=\"820\" height=\"399\" \/><\/p>\n<p>Por s\u00e9culos, as mariposas n\u00e3o entenderam por que a luz lhes extasiava tanto. At\u00e9 que um dia uma voou na dire\u00e7\u00e3o de uma lamparina com tanta determina\u00e7\u00e3o que morreu queimada. Nesse dia, a mariposa-rainha falou: \u201cSomente esta mariposa conheceu o mist\u00e9rio do fogo, mas n\u00f3s nunca saberemos\u201d<\/p>\n<p>Segundo o presidente da Funda\u00e7\u00e3o, devemos viver \u201ccomo as mariposas\u201d, que procuram entender o que \u00e9 a luz da vela. &#8220;N\u00e3o bastam a\u00e7\u00f5es como se aproximar da chama para sentir o aquecimento, ou ver de longe para apreciar o seu brilho; \u00e9 preciso mergulhar dentro da chama para fazer a experi\u00eancia radical&#8221;, ensinou, indicando que a experi\u00eancia no postulantado deve ser total. Segundo o frade, deve ser assim a nossa experi\u00eancia em Cristo: devemos mergulhar Nele para tornarmos num s\u00f3. N\u00e3o olhar distante, mas mergulhar dentro do Amor de Deus, porque s\u00f3 assim seremos perseverantes e quem perseverar at\u00e9 ao fim ser\u00e1 salvo.<\/p>\n<p>O sete jovens receberam simbolicamente o Tau franciscano, sinalizando o compromisso com o Cristo e Francisco.<\/p>\n<p>Ap\u00f3s a celebra\u00e7\u00e3o, o dia foi de confraterniza\u00e7\u00e3o, no caf\u00e9 da manh\u00e3, no futebol e durante o almo\u00e7o, momentos onde celebramos a verdadeira festa de nossa vida que \u00e9 a vida em fraternidade.<\/p>\n<p>Que Deus aben\u00e7oe estes jovens que cotidianamente d\u00e3o seu sim a Deus. Que aben\u00e7oe a Fraternidade de Santo Ant\u00f4nio, em Kibala, que os acolhem e os formam no caminho do discipulado de Cristo.<\/p>\n<p><strong>Frei Pedro Isa\u00edas L. Vitangui, ofm<\/strong><\/p>\n","protected":false},"excerpt":{"rendered":"<p>Forma\u00e7\u00e3o e Estudos<\/p>\n","protected":false},"author":1,"featured_media":197085,"comment_status":"open","ping_status":"open","sticky":false,"template":"","format":"standard","meta":[],"categories":[1],"tags":[360],"acf":[],"yoast_head":"<!-- This site is optimized with the Yoast SEO plugin v19.2 - https:\/\/yoast.com\/wordpress\/plugins\/seo\/ -->\n<title>Sete jovens admitidos no Postulantado da Miss\u00e3o de Angola - Not\u00edcias - Franciscanos<\/title>\n<meta name=\"robots\" content=\"index, follow, max-snippet:-1, max-image-preview:large, max-video-preview:-1\" \/>\n<link rel=\"canonical\" href=\"https:\/\/franciscanos.org.br\/noticias\/sete-jovens-admitidos-no-postulantado-de-angola.html\" \/>\n<meta property=\"og:locale\" content=\"pt_BR\" \/>\n<meta property=\"og:type\" content=\"article\" \/>\n<meta property=\"og:title\" content=\"Sete jovens admitidos no Postulantado da Miss\u00e3o de Angola - Not\u00edcias - Franciscanos\" \/>\n<meta property=\"og:description\" content=\"Forma\u00e7\u00e3o e Estudos\" \/>\n<meta property=\"og:url\" content=\"https:\/\/franciscanos.org.br\/noticias\/sete-jovens-admitidos-no-postulantado-de-angola.html\" \/>\n<meta property=\"og:site_name\" content=\"Not\u00edcias - Franciscanos\" \/>\n<meta property=\"article:published_time\" content=\"2017-02-02T12:43:10+00:00\" \/>\n<meta property=\"article:modified_time\" content=\"2019-01-28T13:47:26+00:00\" \/>\n<meta property=\"og:image\" content=\"https:\/\/franciscanos.org.br\/noticias\/wp-content\/uploads\/2017\/02\/angolapostulantes-1.jpg\" \/>\n\t<meta property=\"og:image:width\" content=\"273\" \/>\n\t<meta property=\"og:image:height\" content=\"181\" \/>\n\t<meta property=\"og:image:type\" content=\"image\/jpeg\" \/>\n<meta name=\"author\" content=\"admin\" \/>\n<meta name=\"twitter:card\" content=\"summary_large_image\" \/>\n<meta name=\"twitter:label1\" content=\"Escrito por\" \/>\n\t<meta name=\"twitter:data1\" content=\"admin\" \/>\n\t<meta name=\"twitter:label2\" content=\"Est. tempo de leitura\" \/>\n\t<meta name=\"twitter:data2\" content=\"3 minutos\" \/>\n<script type=\"application\/ld+json\" class=\"yoast-schema-graph\">{\"@context\":\"https:\/\/schema.org\",\"@graph\":[{\"@type\":\"WebSite\",\"@id\":\"https:\/\/franciscanos.org.br\/noticias\/#website\",\"url\":\"https:\/\/franciscanos.org.br\/noticias\/\",\"name\":\"Not\u00edcias - Franciscanos\",\"description\":\"Prov\u00edncia Franciscana da Imaculada Concei\u00e7\u00e3o do Brasil - Ordem dos Frades Menores - OFM\",\"potentialAction\":[{\"@type\":\"SearchAction\",\"target\":{\"@type\":\"EntryPoint\",\"urlTemplate\":\"https:\/\/franciscanos.org.br\/noticias\/?s={search_term_string}\"},\"query-input\":\"required name=search_term_string\"}],\"inLanguage\":\"pt-BR\"},{\"@type\":\"ImageObject\",\"inLanguage\":\"pt-BR\",\"@id\":\"https:\/\/franciscanos.org.br\/noticias\/sete-jovens-admitidos-no-postulantado-de-angola.html#primaryimage\",\"url\":\"https:\/\/franciscanos.org.br\/noticias\/wp-content\/uploads\/2017\/02\/angolapostulantes-1.jpg\",\"contentUrl\":\"https:\/\/franciscanos.org.br\/noticias\/wp-content\/uploads\/2017\/02\/angolapostulantes-1.jpg\",\"width\":273,\"height\":181},{\"@type\":\"WebPage\",\"@id\":\"https:\/\/franciscanos.org.br\/noticias\/sete-jovens-admitidos-no-postulantado-de-angola.html#webpage\",\"url\":\"https:\/\/franciscanos.org.br\/noticias\/sete-jovens-admitidos-no-postulantado-de-angola.html\",\"name\":\"Sete jovens admitidos no Postulantado da Miss\u00e3o de Angola - Not\u00edcias - Franciscanos\",\"isPartOf\":{\"@id\":\"https:\/\/franciscanos.org.br\/noticias\/#website\"},\"primaryImageOfPage\":{\"@id\":\"https:\/\/franciscanos.org.br\/noticias\/sete-jovens-admitidos-no-postulantado-de-angola.html#primaryimage\"},\"datePublished\":\"2017-02-02T12:43:10+00:00\",\"dateModified\":\"2019-01-28T13:47:26+00:00\",\"author\":{\"@id\":\"https:\/\/franciscanos.org.br\/noticias\/#\/schema\/person\/b38fbf43118f02820bd932f2e4b14ad3\"},\"breadcrumb\":{\"@id\":\"https:\/\/franciscanos.org.br\/noticias\/sete-jovens-admitidos-no-postulantado-de-angola.html#breadcrumb\"},\"inLanguage\":\"pt-BR\",\"potentialAction\":[{\"@type\":\"ReadAction\",\"target\":[\"https:\/\/franciscanos.org.br\/noticias\/sete-jovens-admitidos-no-postulantado-de-angola.html\"]}]},{\"@type\":\"BreadcrumbList\",\"@id\":\"https:\/\/franciscanos.org.br\/noticias\/sete-jovens-admitidos-no-postulantado-de-angola.html#breadcrumb\",\"itemListElement\":[{\"@type\":\"ListItem\",\"position\":1,\"name\":\"Home\",\"item\":\"https:\/\/franciscanos.org.br\/noticias\"},{\"@type\":\"ListItem\",\"position\":2,\"name\":\"Sete jovens admitidos no Postulantado da Miss\u00e3o de Angola\"}]},{\"@type\":\"Person\",\"@id\":\"https:\/\/franciscanos.org.br\/noticias\/#\/schema\/person\/b38fbf43118f02820bd932f2e4b14ad3\",\"name\":\"admin\",\"image\":{\"@type\":\"ImageObject\",\"inLanguage\":\"pt-BR\",\"@id\":\"https:\/\/franciscanos.org.br\/noticias\/#\/schema\/person\/image\/\",\"url\":\"https:\/\/secure.gravatar.com\/avatar\/e8495742d34d0ba6448ea1c628263b3e?s=96&d=mm&r=g\",\"contentUrl\":\"https:\/\/secure.gravatar.com\/avatar\/e8495742d34d0ba6448ea1c628263b3e?s=96&d=mm&r=g\",\"caption\":\"admin\"},\"url\":\"https:\/\/franciscanos.org.br\/noticias\/author\/admin\"}]}<\/script>\n<!-- \/ Yoast SEO plugin. -->","yoast_head_json":{"title":"Sete jovens admitidos no Postulantado da Miss\u00e3o de Angola - Not\u00edcias - Franciscanos","robots":{"index":"index","follow":"follow","max-snippet":"max-snippet:-1","max-image-preview":"max-image-preview:large","max-video-preview":"max-video-preview:-1"},"canonical":"https:\/\/franciscanos.org.br\/noticias\/sete-jovens-admitidos-no-postulantado-de-angola.html","og_locale":"pt_BR","og_type":"article","og_title":"Sete jovens admitidos no Postulantado da Miss\u00e3o de Angola - Not\u00edcias - Franciscanos","og_description":"Forma\u00e7\u00e3o e Estudos","og_url":"https:\/\/franciscanos.org.br\/noticias\/sete-jovens-admitidos-no-postulantado-de-angola.html","og_site_name":"Not\u00edcias - Franciscanos","article_published_time":"2017-02-02T12:43:10+00:00","article_modified_time":"2019-01-28T13:47:26+00:00","og_image":[{"width":273,"height":181,"url":"https:\/\/franciscanos.org.br\/noticias\/wp-content\/uploads\/2017\/02\/angolapostulantes-1.jpg","type":"image\/jpeg"}],"author":"admin","twitter_card":"summary_large_image","twitter_misc":{"Escrito por":"admin","Est. tempo de leitura":"3 minutos"},"schema":{"@context":"https:\/\/schema.org","@graph":[{"@type":"WebSite","@id":"https:\/\/franciscanos.org.br\/noticias\/#website","url":"https:\/\/franciscanos.org.br\/noticias\/","name":"Not\u00edcias - Franciscanos","description":"Prov\u00edncia Franciscana da Imaculada Concei\u00e7\u00e3o do Brasil - Ordem dos Frades Menores - OFM","potentialAction":[{"@type":"SearchAction","target":{"@type":"EntryPoint","urlTemplate":"https:\/\/franciscanos.org.br\/noticias\/?s={search_term_string}"},"query-input":"required name=search_term_string"}],"inLanguage":"pt-BR"},{"@type":"ImageObject","inLanguage":"pt-BR","@id":"https:\/\/franciscanos.org.br\/noticias\/sete-jovens-admitidos-no-postulantado-de-angola.html#primaryimage","url":"https:\/\/franciscanos.org.br\/noticias\/wp-content\/uploads\/2017\/02\/angolapostulantes-1.jpg","contentUrl":"https:\/\/franciscanos.org.br\/noticias\/wp-content\/uploads\/2017\/02\/angolapostulantes-1.jpg","width":273,"height":181},{"@type":"WebPage","@id":"https:\/\/franciscanos.org.br\/noticias\/sete-jovens-admitidos-no-postulantado-de-angola.html#webpage","url":"https:\/\/franciscanos.org.br\/noticias\/sete-jovens-admitidos-no-postulantado-de-angola.html","name":"Sete jovens admitidos no Postulantado da Miss\u00e3o de Angola - Not\u00edcias - Franciscanos","isPartOf":{"@id":"https:\/\/franciscanos.org.br\/noticias\/#website"},"primaryImageOfPage":{"@id":"https:\/\/franciscanos.org.br\/noticias\/sete-jovens-admitidos-no-postulantado-de-angola.html#primaryimage"},"datePublished":"2017-02-02T12:43:10+00:00","dateModified":"2019-01-28T13:47:26+00:00","author":{"@id":"https:\/\/franciscanos.org.br\/noticias\/#\/schema\/person\/b38fbf43118f02820bd932f2e4b14ad3"},"breadcrumb":{"@id":"https:\/\/franciscanos.org.br\/noticias\/sete-jovens-admitidos-no-postulantado-de-angola.html#breadcrumb"},"inLanguage":"pt-BR","potentialAction":[{"@type":"ReadAction","target":["https:\/\/franciscanos.org.br\/noticias\/sete-jovens-admitidos-no-postulantado-de-angola.html"]}]},{"@type":"BreadcrumbList","@id":"https:\/\/franciscanos.org.br\/noticias\/sete-jovens-admitidos-no-postulantado-de-angola.html#breadcrumb","itemListElement":[{"@type":"ListItem","position":1,"name":"Home","item":"https:\/\/franciscanos.org.br\/noticias"},{"@type":"ListItem","position":2,"name":"Sete jovens admitidos no Postulantado da Miss\u00e3o de Angola"}]},{"@type":"Person","@id":"https:\/\/franciscanos.org.br\/noticias\/#\/schema\/person\/b38fbf43118f02820bd932f2e4b14ad3","name":"admin","image":{"@type":"ImageObject","inLanguage":"pt-BR","@id":"https:\/\/franciscanos.org.br\/noticias\/#\/schema\/person\/image\/","url":"https:\/\/secure.gravatar.com\/avatar\/e8495742d34d0ba6448ea1c628263b3e?s=96&d=mm&r=g","contentUrl":"https:\/\/secure.gravatar.com\/avatar\/e8495742d34d0ba6448ea1c628263b3e?s=96&d=mm&r=g","caption":"admin"},"url":"https:\/\/franciscanos.org.br\/noticias\/author\/admin"}]}},"_links":{"self":[{"href":"https:\/\/franciscanos.org.br\/noticias\/wp-json\/wp\/v2\/posts\/125656"}],"collection":[{"href":"https:\/\/franciscanos.org.br\/noticias\/wp-json\/wp\/v2\/posts"}],"about":[{"href":"https:\/\/franciscanos.org.br\/noticias\/wp-json\/wp\/v2\/types\/post"}],"author":[{"embeddable":true,"href":"https:\/\/franciscanos.org.br\/noticias\/wp-json\/wp\/v2\/users\/1"}],"replies":[{"embeddable":true,"href":"https:\/\/franciscanos.org.br\/noticias\/wp-json\/wp\/v2\/comments?post=125656"}],"version-history":[{"count":0,"href":"https:\/\/franciscanos.org.br\/noticias\/wp-json\/wp\/v2\/posts\/125656\/revisions"}],"wp:featuredmedia":[{"embeddable":true,"href":"https:\/\/franciscanos.org.br\/noticias\/wp-json\/wp\/v2\/media\/197085"}],"wp:attachment":[{"href":"https:\/\/franciscanos.org.br\/noticias\/wp-json\/wp\/v2\/media?parent=125656"}],"wp:term":[{"taxonomy":"category","embeddable":true,"href":"https:\/\/franciscanos.org.br\/noticias\/wp-json\/wp\/v2\/categories?post=125656"},{"taxonomy":"post_tag","embeddable":true,"href":"https:\/\/franciscanos.org.br\/noticias\/wp-json\/wp\/v2\/tags?post=125656"}],"curies":[{"name":"wp","href":"https:\/\/api.w.org\/{rel}","templated":true}]}}