{"id":125622,"date":"2017-02-02T07:38:15","date_gmt":"2017-02-02T09:38:15","guid":{"rendered":"http:\/\/franciscanos.org.br\/?p=125622"},"modified":"2019-01-29T09:36:56","modified_gmt":"2019-01-29T11:36:56","slug":"ofertas-e-oferendas-luminosas","status":"publish","type":"post","link":"https:\/\/franciscanos.org.br\/noticias\/ofertas-e-oferendas-luminosas.html","title":{"rendered":"Apresenta\u00e7\u00e3o do Senhor: oferendas luminosas"},"content":{"rendered":"<p><img loading=\"lazy\" class=\"aligncenter\" src=\"http:\/\/franciscanos.org.br\/wp-content\/uploads\/2017\/02\/vela_020227_g.jpg\" alt=\"vela_020227_g\" width=\"830\" height=\"454\" \/><\/p>\n<blockquote>\n<p style=\"padding-left: 60px;\">Do mesmo modo que a M\u00e3e de Deus e Virgem Imaculada trouxe nos bra\u00e7os a verdadeira luz e a comunicou aos que jaziam nas trevas, assim tamb\u00e9m n\u00f3s, iluminados pelo seu fulgor e trazendo nas m\u00e3os uma luz que brilha diante de todos, corramos pressurosos ao encontro Daquele que \u00e9 a verdadeira luz (S\u00e3o Sofr\u00f4nio)<\/p>\n<\/blockquote>\n<p>Um homem, uma mulher e uma crian\u00e7a. O pai levava uma gaiola com um par de rolas ou dois pombinhos. Iam ao Templo para a apresenta\u00e7\u00e3o do menino (*). Gesto de fidelidade \u00e0 f\u00e9 e de gratid\u00e3o. Com o cora\u00e7\u00e3o em festa, os pais iam apresentar ao Senhor o que dele haviam recebido.<\/p>\n<p>Oferta, oferenda, entrega a Deus. Momento de louvor e de apresenta\u00e7\u00e3o das batidas do cora\u00e7\u00e3o ao Senhor.<\/p>\n<p>Pessoas simples. Um homem de m\u00e3os de trabalhador. Um mulher de chinelinhos nos p\u00e9s ou p\u00e9s descal\u00e7os. Uma crian\u00e7a enrolada em panos e a vontade de dizer a Deus coisas de seus cora\u00e7\u00f5es.<\/p>\n<p>\u00c0 porta do Templo um homem avan\u00e7ado em anos. Um homem de barbas brancas, de rosto sereno e agradecido. Tinha ido ao Templo, naquele momento, inspirado pelo Esp\u00edrito Santo. N\u00e3o queria morrer sem ver a salva\u00e7\u00e3o. Pode despedir-se alegremente da vida.<\/p>\n<p>\u201cSenhor, podes deixar teu servo ir em paz, porque meu olhos viram a tua salva\u00e7\u00e3o que preparaste para todos os povos, luz para iluminar as na\u00e7\u00f5es e gl\u00f3ria do teu povo Israel\u201d<\/p>\n<p>Os pais n\u00e3o devem ter entendido todo alcance daquelas palavras. Lucas acrescenta um pormenor misterioso. \u201cEste menino vai ser causa tanto de queda como de reerguimento para muitos em Israel. Ele ser\u00e1 um sinal de contradi\u00e7\u00e3o. Assim ser\u00e3o revelados os pensamentos de muitos cora\u00e7\u00f5es\u201d. E voltando-se para Maria: \u201cQuanto a ti, uma espada de dor te traspassar\u00e1 a alma\u201d.<\/p>\n<p>Tempo de oferenda e de gratid\u00e3o. Nesse dia ocorre a comemora\u00e7\u00e3o, a data dos religiosos, desses que chamamos de consagrados. De alguma forma v\u00e3o eles ao templo para, prostrados por terra, oferecer ao Senhor toda a sua vida. Jovens, colocam-se pobre, casta e obedientemente nas m\u00e3os do Senhor e fazem de sua vida uma abertura total para o Senhor. Fazem suas as palavras do salmo que abre a liturgia da missa do dia: \u201cRecebemos, \u00f3 Deus, a vossa miseric\u00f3rdia no meio do vosso templo. Vosso louvor se estende, como o vosso nome, at\u00e9 os confins de toda a terra; toda justi\u00e7a se encontra em vossas m\u00e3os\u201d (Sl 47, 10s).<\/p>\n<p><strong>Frei Almir Guimar\u00e3es<\/strong><\/p>\n<hr \/>\n<p style=\"padding-left: 60px;\">(*)\u00a0A festa da Apresenta\u00e7\u00e3o do Senhor \u00e9 bem antiga, e j\u00e1 houve tempo em que era celebrada em 14 de fevereiro, quarenta dias ap\u00f3s a festa da Epifania (manifesta\u00e7\u00e3o aos magos). Tamb\u00e9m j\u00e1 foi considerada como festa mariana, com o nome de \u201cPurifica\u00e7\u00e3o da Bem-aventurada Virgem Maria\u201d. Mas, a partir das recentes reformas lit\u00fargicas, o nome da festa foi mudado para \u201cApresenta\u00e7\u00e3o do Senhor\u201d e ela passou a ser celebrada quarenta dias depois do Natal. O novo t\u00edtulo e data da celebra\u00e7\u00e3o s\u00e3o uma indica\u00e7\u00e3o mais correta da natureza e do objeto dessa festa, visto que nesse dia a Igreja celebra um aspecto importante do mist\u00e9rio salv\u00edfico, e n\u00e3o simplesmente um acontecimento da inf\u00e2ncia de Jesus.<\/p>\n","protected":false},"excerpt":{"rendered":"<p>Festa<\/p>\n","protected":false},"author":1,"featured_media":197090,"comment_status":"open","ping_status":"open","sticky":false,"template":"","format":"standard","meta":[],"categories":[1],"tags":[58],"acf":[],"yoast_head":"<!-- This site is optimized with the Yoast SEO plugin v19.2 - https:\/\/yoast.com\/wordpress\/plugins\/seo\/ -->\n<title>Apresenta\u00e7\u00e3o do Senhor: oferendas luminosas - Not\u00edcias - Franciscanos<\/title>\n<meta name=\"robots\" content=\"index, follow, max-snippet:-1, max-image-preview:large, max-video-preview:-1\" \/>\n<link rel=\"canonical\" href=\"https:\/\/franciscanos.org.br\/noticias\/ofertas-e-oferendas-luminosas.html\" \/>\n<meta property=\"og:locale\" content=\"pt_BR\" \/>\n<meta property=\"og:type\" content=\"article\" \/>\n<meta property=\"og:title\" content=\"Apresenta\u00e7\u00e3o do Senhor: oferendas luminosas - Not\u00edcias - Franciscanos\" \/>\n<meta property=\"og:description\" content=\"Festa\" \/>\n<meta property=\"og:url\" content=\"https:\/\/franciscanos.org.br\/noticias\/ofertas-e-oferendas-luminosas.html\" \/>\n<meta property=\"og:site_name\" content=\"Not\u00edcias - Franciscanos\" \/>\n<meta property=\"article:published_time\" content=\"2017-02-02T09:38:15+00:00\" \/>\n<meta property=\"article:modified_time\" content=\"2019-01-29T11:36:56+00:00\" \/>\n<meta property=\"og:image\" content=\"https:\/\/franciscanos.org.br\/noticias\/wp-content\/uploads\/2017\/02\/vela_020227_g.jpg\" \/>\n\t<meta property=\"og:image:width\" content=\"273\" \/>\n\t<meta property=\"og:image:height\" content=\"181\" \/>\n\t<meta property=\"og:image:type\" content=\"image\/jpeg\" \/>\n<meta name=\"author\" content=\"admin\" \/>\n<meta name=\"twitter:card\" content=\"summary_large_image\" \/>\n<meta name=\"twitter:label1\" content=\"Escrito por\" \/>\n\t<meta name=\"twitter:data1\" content=\"admin\" \/>\n\t<meta name=\"twitter:label2\" content=\"Est. tempo de leitura\" \/>\n\t<meta name=\"twitter:data2\" content=\"3 minutos\" \/>\n<script type=\"application\/ld+json\" class=\"yoast-schema-graph\">{\"@context\":\"https:\/\/schema.org\",\"@graph\":[{\"@type\":\"WebSite\",\"@id\":\"https:\/\/franciscanos.org.br\/noticias\/#website\",\"url\":\"https:\/\/franciscanos.org.br\/noticias\/\",\"name\":\"Not\u00edcias - Franciscanos\",\"description\":\"Prov\u00edncia Franciscana da Imaculada Concei\u00e7\u00e3o do Brasil - Ordem dos Frades Menores - OFM\",\"potentialAction\":[{\"@type\":\"SearchAction\",\"target\":{\"@type\":\"EntryPoint\",\"urlTemplate\":\"https:\/\/franciscanos.org.br\/noticias\/?s={search_term_string}\"},\"query-input\":\"required name=search_term_string\"}],\"inLanguage\":\"pt-BR\"},{\"@type\":\"ImageObject\",\"inLanguage\":\"pt-BR\",\"@id\":\"https:\/\/franciscanos.org.br\/noticias\/ofertas-e-oferendas-luminosas.html#primaryimage\",\"url\":\"https:\/\/franciscanos.org.br\/noticias\/wp-content\/uploads\/2017\/02\/vela_020227_g.jpg\",\"contentUrl\":\"https:\/\/franciscanos.org.br\/noticias\/wp-content\/uploads\/2017\/02\/vela_020227_g.jpg\",\"width\":273,\"height\":181},{\"@type\":\"WebPage\",\"@id\":\"https:\/\/franciscanos.org.br\/noticias\/ofertas-e-oferendas-luminosas.html#webpage\",\"url\":\"https:\/\/franciscanos.org.br\/noticias\/ofertas-e-oferendas-luminosas.html\",\"name\":\"Apresenta\u00e7\u00e3o do Senhor: oferendas luminosas - Not\u00edcias - Franciscanos\",\"isPartOf\":{\"@id\":\"https:\/\/franciscanos.org.br\/noticias\/#website\"},\"primaryImageOfPage\":{\"@id\":\"https:\/\/franciscanos.org.br\/noticias\/ofertas-e-oferendas-luminosas.html#primaryimage\"},\"datePublished\":\"2017-02-02T09:38:15+00:00\",\"dateModified\":\"2019-01-29T11:36:56+00:00\",\"author\":{\"@id\":\"https:\/\/franciscanos.org.br\/noticias\/#\/schema\/person\/b38fbf43118f02820bd932f2e4b14ad3\"},\"breadcrumb\":{\"@id\":\"https:\/\/franciscanos.org.br\/noticias\/ofertas-e-oferendas-luminosas.html#breadcrumb\"},\"inLanguage\":\"pt-BR\",\"potentialAction\":[{\"@type\":\"ReadAction\",\"target\":[\"https:\/\/franciscanos.org.br\/noticias\/ofertas-e-oferendas-luminosas.html\"]}]},{\"@type\":\"BreadcrumbList\",\"@id\":\"https:\/\/franciscanos.org.br\/noticias\/ofertas-e-oferendas-luminosas.html#breadcrumb\",\"itemListElement\":[{\"@type\":\"ListItem\",\"position\":1,\"name\":\"Home\",\"item\":\"https:\/\/franciscanos.org.br\/noticias\"},{\"@type\":\"ListItem\",\"position\":2,\"name\":\"Apresenta\u00e7\u00e3o do Senhor: oferendas luminosas\"}]},{\"@type\":\"Person\",\"@id\":\"https:\/\/franciscanos.org.br\/noticias\/#\/schema\/person\/b38fbf43118f02820bd932f2e4b14ad3\",\"name\":\"admin\",\"image\":{\"@type\":\"ImageObject\",\"inLanguage\":\"pt-BR\",\"@id\":\"https:\/\/franciscanos.org.br\/noticias\/#\/schema\/person\/image\/\",\"url\":\"https:\/\/secure.gravatar.com\/avatar\/e8495742d34d0ba6448ea1c628263b3e?s=96&d=mm&r=g\",\"contentUrl\":\"https:\/\/secure.gravatar.com\/avatar\/e8495742d34d0ba6448ea1c628263b3e?s=96&d=mm&r=g\",\"caption\":\"admin\"},\"url\":\"https:\/\/franciscanos.org.br\/noticias\/author\/admin\"}]}<\/script>\n<!-- \/ Yoast SEO plugin. -->","yoast_head_json":{"title":"Apresenta\u00e7\u00e3o do Senhor: oferendas luminosas - Not\u00edcias - Franciscanos","robots":{"index":"index","follow":"follow","max-snippet":"max-snippet:-1","max-image-preview":"max-image-preview:large","max-video-preview":"max-video-preview:-1"},"canonical":"https:\/\/franciscanos.org.br\/noticias\/ofertas-e-oferendas-luminosas.html","og_locale":"pt_BR","og_type":"article","og_title":"Apresenta\u00e7\u00e3o do Senhor: oferendas luminosas - Not\u00edcias - Franciscanos","og_description":"Festa","og_url":"https:\/\/franciscanos.org.br\/noticias\/ofertas-e-oferendas-luminosas.html","og_site_name":"Not\u00edcias - Franciscanos","article_published_time":"2017-02-02T09:38:15+00:00","article_modified_time":"2019-01-29T11:36:56+00:00","og_image":[{"width":273,"height":181,"url":"https:\/\/franciscanos.org.br\/noticias\/wp-content\/uploads\/2017\/02\/vela_020227_g.jpg","type":"image\/jpeg"}],"author":"admin","twitter_card":"summary_large_image","twitter_misc":{"Escrito por":"admin","Est. tempo de leitura":"3 minutos"},"schema":{"@context":"https:\/\/schema.org","@graph":[{"@type":"WebSite","@id":"https:\/\/franciscanos.org.br\/noticias\/#website","url":"https:\/\/franciscanos.org.br\/noticias\/","name":"Not\u00edcias - Franciscanos","description":"Prov\u00edncia Franciscana da Imaculada Concei\u00e7\u00e3o do Brasil - Ordem dos Frades Menores - OFM","potentialAction":[{"@type":"SearchAction","target":{"@type":"EntryPoint","urlTemplate":"https:\/\/franciscanos.org.br\/noticias\/?s={search_term_string}"},"query-input":"required name=search_term_string"}],"inLanguage":"pt-BR"},{"@type":"ImageObject","inLanguage":"pt-BR","@id":"https:\/\/franciscanos.org.br\/noticias\/ofertas-e-oferendas-luminosas.html#primaryimage","url":"https:\/\/franciscanos.org.br\/noticias\/wp-content\/uploads\/2017\/02\/vela_020227_g.jpg","contentUrl":"https:\/\/franciscanos.org.br\/noticias\/wp-content\/uploads\/2017\/02\/vela_020227_g.jpg","width":273,"height":181},{"@type":"WebPage","@id":"https:\/\/franciscanos.org.br\/noticias\/ofertas-e-oferendas-luminosas.html#webpage","url":"https:\/\/franciscanos.org.br\/noticias\/ofertas-e-oferendas-luminosas.html","name":"Apresenta\u00e7\u00e3o do Senhor: oferendas luminosas - Not\u00edcias - Franciscanos","isPartOf":{"@id":"https:\/\/franciscanos.org.br\/noticias\/#website"},"primaryImageOfPage":{"@id":"https:\/\/franciscanos.org.br\/noticias\/ofertas-e-oferendas-luminosas.html#primaryimage"},"datePublished":"2017-02-02T09:38:15+00:00","dateModified":"2019-01-29T11:36:56+00:00","author":{"@id":"https:\/\/franciscanos.org.br\/noticias\/#\/schema\/person\/b38fbf43118f02820bd932f2e4b14ad3"},"breadcrumb":{"@id":"https:\/\/franciscanos.org.br\/noticias\/ofertas-e-oferendas-luminosas.html#breadcrumb"},"inLanguage":"pt-BR","potentialAction":[{"@type":"ReadAction","target":["https:\/\/franciscanos.org.br\/noticias\/ofertas-e-oferendas-luminosas.html"]}]},{"@type":"BreadcrumbList","@id":"https:\/\/franciscanos.org.br\/noticias\/ofertas-e-oferendas-luminosas.html#breadcrumb","itemListElement":[{"@type":"ListItem","position":1,"name":"Home","item":"https:\/\/franciscanos.org.br\/noticias"},{"@type":"ListItem","position":2,"name":"Apresenta\u00e7\u00e3o do Senhor: oferendas luminosas"}]},{"@type":"Person","@id":"https:\/\/franciscanos.org.br\/noticias\/#\/schema\/person\/b38fbf43118f02820bd932f2e4b14ad3","name":"admin","image":{"@type":"ImageObject","inLanguage":"pt-BR","@id":"https:\/\/franciscanos.org.br\/noticias\/#\/schema\/person\/image\/","url":"https:\/\/secure.gravatar.com\/avatar\/e8495742d34d0ba6448ea1c628263b3e?s=96&d=mm&r=g","contentUrl":"https:\/\/secure.gravatar.com\/avatar\/e8495742d34d0ba6448ea1c628263b3e?s=96&d=mm&r=g","caption":"admin"},"url":"https:\/\/franciscanos.org.br\/noticias\/author\/admin"}]}},"_links":{"self":[{"href":"https:\/\/franciscanos.org.br\/noticias\/wp-json\/wp\/v2\/posts\/125622"}],"collection":[{"href":"https:\/\/franciscanos.org.br\/noticias\/wp-json\/wp\/v2\/posts"}],"about":[{"href":"https:\/\/franciscanos.org.br\/noticias\/wp-json\/wp\/v2\/types\/post"}],"author":[{"embeddable":true,"href":"https:\/\/franciscanos.org.br\/noticias\/wp-json\/wp\/v2\/users\/1"}],"replies":[{"embeddable":true,"href":"https:\/\/franciscanos.org.br\/noticias\/wp-json\/wp\/v2\/comments?post=125622"}],"version-history":[{"count":0,"href":"https:\/\/franciscanos.org.br\/noticias\/wp-json\/wp\/v2\/posts\/125622\/revisions"}],"wp:featuredmedia":[{"embeddable":true,"href":"https:\/\/franciscanos.org.br\/noticias\/wp-json\/wp\/v2\/media\/197090"}],"wp:attachment":[{"href":"https:\/\/franciscanos.org.br\/noticias\/wp-json\/wp\/v2\/media?parent=125622"}],"wp:term":[{"taxonomy":"category","embeddable":true,"href":"https:\/\/franciscanos.org.br\/noticias\/wp-json\/wp\/v2\/categories?post=125622"},{"taxonomy":"post_tag","embeddable":true,"href":"https:\/\/franciscanos.org.br\/noticias\/wp-json\/wp\/v2\/tags?post=125622"}],"curies":[{"name":"wp","href":"https:\/\/api.w.org\/{rel}","templated":true}]}}