{"id":125262,"date":"2017-01-30T11:12:42","date_gmt":"2017-01-30T13:12:42","guid":{"rendered":"http:\/\/franciscanos.org.br\/?p=125262"},"modified":"2019-01-22T11:15:09","modified_gmt":"2019-01-22T13:15:09","slug":"convite-do-ministro-geral-para-o-sinodo-dos-bispos-2018","status":"publish","type":"post","link":"https:\/\/franciscanos.org.br\/noticias\/convite-do-ministro-geral-para-o-sinodo-dos-bispos-2018.html","title":{"rendered":"Convite do Ministro Geral para o S\u00ednodo dos Bispos 2018"},"content":{"rendered":"<h3><strong><img loading=\"lazy\" class=\"alignleft size-full wp-image-179114\" src=\"https:\/\/franciscanos.org.br\/noticias\/wp-content\/uploads\/2015\/10\/michael_perry_1.jpg\" alt=\"\" width=\"840\" height=\"500\" srcset=\"https:\/\/franciscanos.org.br\/noticias\/wp-content\/uploads\/2015\/10\/michael_perry_1.jpg 840w, https:\/\/franciscanos.org.br\/noticias\/wp-content\/uploads\/2015\/10\/michael_perry_1-450x268.jpg 450w, https:\/\/franciscanos.org.br\/noticias\/wp-content\/uploads\/2015\/10\/michael_perry_1-768x457.jpg 768w, https:\/\/franciscanos.org.br\/noticias\/wp-content\/uploads\/2015\/10\/michael_perry_1-150x89.jpg 150w\" sizes=\"(max-width: 840px) 100vw, 840px\" \/>Os jovens, a f\u00e9 e o discernimento vocacional<\/strong><\/h3>\n<p><em>Meus queridos irm\u00e3os da Ordem dos Frades Menores<\/em><\/p>\n<p><em>Que o Senhor vos d\u00ea a paz!<\/em><\/p>\n<p>A XV Assembleia do S\u00ednodo dos Bispos para 2018, recentemente convocada, promete ser um acontecimento extraordin\u00e1rio para a vida da Igreja. Como o descreve o Documento Preparat\u00f3rio recentemente publicado:<\/p>\n<p>&#8220;Em continuidade com este caminho, atrav\u00e9s de um novo percurso sinodal sobre o tema: \u00abOs jovens, a f\u00e9 e o discernimento vocacional\u00bb, a Igreja decidiu interrogar-se sobre o modo de ajudar os jovens a reconhecer e a acolher o convite ao amor e a vida em plenitude, e tamb\u00e9m pedir aos pr\u00f3prios jovens que a ajudem a identificar as modalidades hoje mais eficazes para anunciar a Boa Not\u00edcia. Atrav\u00e9s dos jovens, a Igreja poder\u00e1 ouvir a voz do Senhor que ressoa inclusive nos dias de hoje. Assim como outrora Samuel (cf. 1 Sm 3, 1-21) e Jeremias (cf. Jr 1, 4-10), existem jovens que sabem vislumbrar aqueles sinais do nosso tempo, apontados pelo Esp\u00edrito. Ouvindo as suas aspira\u00e7\u00f5es, podemos entrever o mundo de amanh\u00e3 que vem ao nosso encontro e os caminhos que a Igreja \u00e9 chamada a percorrer&#8221;.<\/p>\n<p>&#8220;Escutando&#8230;&#8221;. Creio que estas palavras s\u00e3o a chave para compreender o que o Papa Francisco est\u00e1 pedindo \u00e0 Igreja neste S\u00ednodo: entrar numa din\u00e2mica de escuta m\u00fatua da voz do Senhor que fala a n\u00f3s hoje como membros do seu Corpo, em particular a seus membros mais jovens. Como o pr\u00f3prio Santo Padre disse na carta por ocasi\u00e3o da apresenta\u00e7\u00e3o do Documento preparat\u00f3rio da Assembleia Geral\u00a0 Ordin\u00e1ria do S\u00ednodo dos Bispos:<\/p>\n<p>\u201cEu quis que voc\u00eas estivessem no centro da aten\u00e7\u00e3o, porque os trago no cora\u00e7\u00e3o. Exatamente hoje \u00e9 apresentado o Documento preparat\u00f3rio, que confio tamb\u00e9m a voc\u00eas como \u00abb\u00fassola\u00bb ao longo deste caminho sinodal. N\u00e3o tenham medo de ouvir o Esp\u00edrito que lhes sugere escolhas corajosas, n\u00e3o hesitem quando a consci\u00eancia lhes pedir que assumam o risco de \u00a0seguir o Mestre. Tamb\u00e9m a Igreja deseja colocar-se \u00e0 escuta da voz, da sensibilidade, da f\u00e9 de voc\u00eas; at\u00e9 das suas d\u00favidas e das suas cr\u00edticas. Fa\u00e7am ouvir a sua voz, deixem-na ressoar nas comunidades e a fa\u00e7am chegar aos pastores. S\u00e3o Bento recomendava aos abades que, antes de cada decis\u00e3o importante, consultassem tamb\u00e9m os jovens porque \u00abmuitas vezes \u00e9 exatamente ao mais jovem que o Senhor revela a melhor solu\u00e7\u00e3o\u00bb <em>(Regra de S\u00e3o Bento III, 3)\u201d.<\/em><\/p>\n<p>Caros Irm\u00e3os Menores, chamados pelo Senhor &#8220;a escutar com rever\u00eancia aos demais com aut\u00eantica caridade e respeito (e) aprender com as pessoas com as quais vivemos (<em>CCGG 93 paragrafo 1<\/em>), o convite do Papa Francisco deveria ressoar profundamente em nossos cora\u00e7\u00f5es e nas nossas mentes, e encontrar-nos dispostos \u00a0a responder com humildade e rever\u00eancia para ouvir os jovens a quem temos o privil\u00e9gio de servir e a criar espa\u00e7os onde suas vozes possam ser escutadas, para juntos \u00a0prepararmos o S\u00ednodo de 2018.<\/p>\n<p>Assim pois, Irm\u00e3os, \u00a0os convido a compartilhar com os jovens a quem serves, a carta do Santo Padre e o Documento Preparat\u00f3rio do S\u00ednodo. Este material est\u00e1 dispon\u00edvel, em muitas l\u00ednguas, na p\u00e1gina da Santa S\u00e9: <a href=\"http:\/\/www.vatican.va\">www.vatican.va<\/a>.<\/p>\n<p>De maneira adequada \u00e0s pessoas e lugares em que prestam seu servi\u00e7o, e com a ajuda de seus Ministros Provinciais e Cust\u00f3dios, criem f\u00f3runs nos quais nossos irm\u00e3os e irm\u00e3s jovens em Cristo possam escutar profundamente a voz do Senhor que fala a eles e os fala com toda a liberdade do cora\u00e7\u00e3o de sua f\u00e9. Depois, recopiem o que foi compartilhado e, atrav\u00e9s de suas Prov\u00edncias e Cust\u00f3dias, enviem \u00e0 C\u00faria Geral, em nome do Secretariado Geral das Miss\u00f5es e Evangeliza\u00e7\u00e3o, para que possamos compartilhar com o Santo Padre e o Conselho Sinodal. A data final para envio deste material \u00e9 1\u00ba de setembro de 2017.<\/p>\n<p>Por favor, n\u00e3o se esque\u00e7am de que no m\u00eas de maio de 2017, o Conselho Sinodal lan\u00e7ar\u00e1 uma p\u00e1gina especialmente para os jovens, de maneira que possam enviar suas contribui\u00e7\u00f5es diretamente para a Santa S\u00e9. O endere\u00e7o desta p\u00e1gina ser\u00e1:\u00a0 www.sinodogiovani.va. Talvez no espa\u00e7o que criarem para seus irm\u00e3os e irm\u00e3s mais jovens possam incluir tempo para que eles respondam ao Santo Padre por meio desta p\u00e1gina. Este seria certamente um modo criativo para demonstrar-lhes o amor do Santo Padre e nosso pr\u00f3prio amor.<\/p>\n<p>Obrigado, irm\u00e3os, por tudo o que fazem a servi\u00e7o do Evangelho, anunciando com alegria a Boa Nova do Senhor a todas as gentes &#8211; especialmente aos nossos jovens &#8211; de forma que eles possam compartilhar sua alegria e sua alegria chegue \u00e0 plenitude. Que o Senhor leve a bom termo esta boa obra que Ele come\u00e7ou em n\u00f3s (cf, Fl 1,6).<\/p>\n<p>Paz e Bem!<\/p>\n<p><em><strong>Frei Michael A. Perry, OFM<\/strong><\/em><\/p>\n<p><em><strong>Ministro Geral e Servo\u00a0<\/strong><\/em><\/p>\n","protected":false},"excerpt":{"rendered":"<p>C\u00faria Geral<\/p>\n","protected":false},"author":1,"featured_media":195418,"comment_status":"open","ping_status":"open","sticky":false,"template":"","format":"standard","meta":[],"categories":[1],"tags":[723],"acf":[],"yoast_head":"<!-- This site is optimized with the Yoast SEO plugin v19.2 - https:\/\/yoast.com\/wordpress\/plugins\/seo\/ -->\n<title>Convite do Ministro Geral para o S\u00ednodo dos Bispos 2018 - Not\u00edcias - Franciscanos<\/title>\n<meta name=\"robots\" content=\"index, follow, max-snippet:-1, max-image-preview:large, max-video-preview:-1\" \/>\n<link rel=\"canonical\" href=\"https:\/\/franciscanos.org.br\/noticias\/convite-do-ministro-geral-para-o-sinodo-dos-bispos-2018.html\" \/>\n<meta property=\"og:locale\" content=\"pt_BR\" \/>\n<meta property=\"og:type\" content=\"article\" \/>\n<meta property=\"og:title\" content=\"Convite do Ministro Geral para o S\u00ednodo dos Bispos 2018 - Not\u00edcias - Franciscanos\" \/>\n<meta property=\"og:description\" content=\"C\u00faria Geral\" \/>\n<meta property=\"og:url\" content=\"https:\/\/franciscanos.org.br\/noticias\/convite-do-ministro-geral-para-o-sinodo-dos-bispos-2018.html\" \/>\n<meta property=\"og:site_name\" content=\"Not\u00edcias - Franciscanos\" \/>\n<meta property=\"article:published_time\" content=\"2017-01-30T13:12:42+00:00\" \/>\n<meta property=\"article:modified_time\" content=\"2019-01-22T13:15:09+00:00\" \/>\n<meta property=\"og:image\" content=\"https:\/\/franciscanos.org.br\/noticias\/wp-content\/uploads\/2017\/01\/michael_perry_1.jpg\" \/>\n\t<meta property=\"og:image:width\" content=\"273\" \/>\n\t<meta property=\"og:image:height\" content=\"181\" \/>\n\t<meta property=\"og:image:type\" content=\"image\/jpeg\" \/>\n<meta name=\"author\" content=\"admin\" \/>\n<meta name=\"twitter:card\" content=\"summary_large_image\" \/>\n<meta name=\"twitter:label1\" content=\"Escrito por\" \/>\n\t<meta name=\"twitter:data1\" content=\"admin\" \/>\n\t<meta name=\"twitter:label2\" content=\"Est. tempo de leitura\" \/>\n\t<meta name=\"twitter:data2\" content=\"4 minutos\" \/>\n<script type=\"application\/ld+json\" class=\"yoast-schema-graph\">{\"@context\":\"https:\/\/schema.org\",\"@graph\":[{\"@type\":\"WebSite\",\"@id\":\"https:\/\/franciscanos.org.br\/noticias\/#website\",\"url\":\"https:\/\/franciscanos.org.br\/noticias\/\",\"name\":\"Not\u00edcias - Franciscanos\",\"description\":\"Prov\u00edncia Franciscana da Imaculada Concei\u00e7\u00e3o do Brasil - Ordem dos Frades Menores - OFM\",\"potentialAction\":[{\"@type\":\"SearchAction\",\"target\":{\"@type\":\"EntryPoint\",\"urlTemplate\":\"https:\/\/franciscanos.org.br\/noticias\/?s={search_term_string}\"},\"query-input\":\"required name=search_term_string\"}],\"inLanguage\":\"pt-BR\"},{\"@type\":\"ImageObject\",\"inLanguage\":\"pt-BR\",\"@id\":\"https:\/\/franciscanos.org.br\/noticias\/convite-do-ministro-geral-para-o-sinodo-dos-bispos-2018.html#primaryimage\",\"url\":\"https:\/\/franciscanos.org.br\/noticias\/wp-content\/uploads\/2017\/01\/michael_perry_1.jpg\",\"contentUrl\":\"https:\/\/franciscanos.org.br\/noticias\/wp-content\/uploads\/2017\/01\/michael_perry_1.jpg\",\"width\":273,\"height\":181},{\"@type\":\"WebPage\",\"@id\":\"https:\/\/franciscanos.org.br\/noticias\/convite-do-ministro-geral-para-o-sinodo-dos-bispos-2018.html#webpage\",\"url\":\"https:\/\/franciscanos.org.br\/noticias\/convite-do-ministro-geral-para-o-sinodo-dos-bispos-2018.html\",\"name\":\"Convite do Ministro Geral para o S\u00ednodo dos Bispos 2018 - Not\u00edcias - Franciscanos\",\"isPartOf\":{\"@id\":\"https:\/\/franciscanos.org.br\/noticias\/#website\"},\"primaryImageOfPage\":{\"@id\":\"https:\/\/franciscanos.org.br\/noticias\/convite-do-ministro-geral-para-o-sinodo-dos-bispos-2018.html#primaryimage\"},\"datePublished\":\"2017-01-30T13:12:42+00:00\",\"dateModified\":\"2019-01-22T13:15:09+00:00\",\"author\":{\"@id\":\"https:\/\/franciscanos.org.br\/noticias\/#\/schema\/person\/b38fbf43118f02820bd932f2e4b14ad3\"},\"breadcrumb\":{\"@id\":\"https:\/\/franciscanos.org.br\/noticias\/convite-do-ministro-geral-para-o-sinodo-dos-bispos-2018.html#breadcrumb\"},\"inLanguage\":\"pt-BR\",\"potentialAction\":[{\"@type\":\"ReadAction\",\"target\":[\"https:\/\/franciscanos.org.br\/noticias\/convite-do-ministro-geral-para-o-sinodo-dos-bispos-2018.html\"]}]},{\"@type\":\"BreadcrumbList\",\"@id\":\"https:\/\/franciscanos.org.br\/noticias\/convite-do-ministro-geral-para-o-sinodo-dos-bispos-2018.html#breadcrumb\",\"itemListElement\":[{\"@type\":\"ListItem\",\"position\":1,\"name\":\"Home\",\"item\":\"https:\/\/franciscanos.org.br\/noticias\"},{\"@type\":\"ListItem\",\"position\":2,\"name\":\"Convite do Ministro Geral para o S\u00ednodo dos Bispos 2018\"}]},{\"@type\":\"Person\",\"@id\":\"https:\/\/franciscanos.org.br\/noticias\/#\/schema\/person\/b38fbf43118f02820bd932f2e4b14ad3\",\"name\":\"admin\",\"image\":{\"@type\":\"ImageObject\",\"inLanguage\":\"pt-BR\",\"@id\":\"https:\/\/franciscanos.org.br\/noticias\/#\/schema\/person\/image\/\",\"url\":\"https:\/\/secure.gravatar.com\/avatar\/e8495742d34d0ba6448ea1c628263b3e?s=96&d=mm&r=g\",\"contentUrl\":\"https:\/\/secure.gravatar.com\/avatar\/e8495742d34d0ba6448ea1c628263b3e?s=96&d=mm&r=g\",\"caption\":\"admin\"},\"url\":\"https:\/\/franciscanos.org.br\/noticias\/author\/admin\"}]}<\/script>\n<!-- \/ Yoast SEO plugin. -->","yoast_head_json":{"title":"Convite do Ministro Geral para o S\u00ednodo dos Bispos 2018 - Not\u00edcias - Franciscanos","robots":{"index":"index","follow":"follow","max-snippet":"max-snippet:-1","max-image-preview":"max-image-preview:large","max-video-preview":"max-video-preview:-1"},"canonical":"https:\/\/franciscanos.org.br\/noticias\/convite-do-ministro-geral-para-o-sinodo-dos-bispos-2018.html","og_locale":"pt_BR","og_type":"article","og_title":"Convite do Ministro Geral para o S\u00ednodo dos Bispos 2018 - Not\u00edcias - Franciscanos","og_description":"C\u00faria Geral","og_url":"https:\/\/franciscanos.org.br\/noticias\/convite-do-ministro-geral-para-o-sinodo-dos-bispos-2018.html","og_site_name":"Not\u00edcias - Franciscanos","article_published_time":"2017-01-30T13:12:42+00:00","article_modified_time":"2019-01-22T13:15:09+00:00","og_image":[{"width":273,"height":181,"url":"https:\/\/franciscanos.org.br\/noticias\/wp-content\/uploads\/2017\/01\/michael_perry_1.jpg","type":"image\/jpeg"}],"author":"admin","twitter_card":"summary_large_image","twitter_misc":{"Escrito por":"admin","Est. tempo de leitura":"4 minutos"},"schema":{"@context":"https:\/\/schema.org","@graph":[{"@type":"WebSite","@id":"https:\/\/franciscanos.org.br\/noticias\/#website","url":"https:\/\/franciscanos.org.br\/noticias\/","name":"Not\u00edcias - Franciscanos","description":"Prov\u00edncia Franciscana da Imaculada Concei\u00e7\u00e3o do Brasil - Ordem dos Frades Menores - OFM","potentialAction":[{"@type":"SearchAction","target":{"@type":"EntryPoint","urlTemplate":"https:\/\/franciscanos.org.br\/noticias\/?s={search_term_string}"},"query-input":"required name=search_term_string"}],"inLanguage":"pt-BR"},{"@type":"ImageObject","inLanguage":"pt-BR","@id":"https:\/\/franciscanos.org.br\/noticias\/convite-do-ministro-geral-para-o-sinodo-dos-bispos-2018.html#primaryimage","url":"https:\/\/franciscanos.org.br\/noticias\/wp-content\/uploads\/2017\/01\/michael_perry_1.jpg","contentUrl":"https:\/\/franciscanos.org.br\/noticias\/wp-content\/uploads\/2017\/01\/michael_perry_1.jpg","width":273,"height":181},{"@type":"WebPage","@id":"https:\/\/franciscanos.org.br\/noticias\/convite-do-ministro-geral-para-o-sinodo-dos-bispos-2018.html#webpage","url":"https:\/\/franciscanos.org.br\/noticias\/convite-do-ministro-geral-para-o-sinodo-dos-bispos-2018.html","name":"Convite do Ministro Geral para o S\u00ednodo dos Bispos 2018 - Not\u00edcias - Franciscanos","isPartOf":{"@id":"https:\/\/franciscanos.org.br\/noticias\/#website"},"primaryImageOfPage":{"@id":"https:\/\/franciscanos.org.br\/noticias\/convite-do-ministro-geral-para-o-sinodo-dos-bispos-2018.html#primaryimage"},"datePublished":"2017-01-30T13:12:42+00:00","dateModified":"2019-01-22T13:15:09+00:00","author":{"@id":"https:\/\/franciscanos.org.br\/noticias\/#\/schema\/person\/b38fbf43118f02820bd932f2e4b14ad3"},"breadcrumb":{"@id":"https:\/\/franciscanos.org.br\/noticias\/convite-do-ministro-geral-para-o-sinodo-dos-bispos-2018.html#breadcrumb"},"inLanguage":"pt-BR","potentialAction":[{"@type":"ReadAction","target":["https:\/\/franciscanos.org.br\/noticias\/convite-do-ministro-geral-para-o-sinodo-dos-bispos-2018.html"]}]},{"@type":"BreadcrumbList","@id":"https:\/\/franciscanos.org.br\/noticias\/convite-do-ministro-geral-para-o-sinodo-dos-bispos-2018.html#breadcrumb","itemListElement":[{"@type":"ListItem","position":1,"name":"Home","item":"https:\/\/franciscanos.org.br\/noticias"},{"@type":"ListItem","position":2,"name":"Convite do Ministro Geral para o S\u00ednodo dos Bispos 2018"}]},{"@type":"Person","@id":"https:\/\/franciscanos.org.br\/noticias\/#\/schema\/person\/b38fbf43118f02820bd932f2e4b14ad3","name":"admin","image":{"@type":"ImageObject","inLanguage":"pt-BR","@id":"https:\/\/franciscanos.org.br\/noticias\/#\/schema\/person\/image\/","url":"https:\/\/secure.gravatar.com\/avatar\/e8495742d34d0ba6448ea1c628263b3e?s=96&d=mm&r=g","contentUrl":"https:\/\/secure.gravatar.com\/avatar\/e8495742d34d0ba6448ea1c628263b3e?s=96&d=mm&r=g","caption":"admin"},"url":"https:\/\/franciscanos.org.br\/noticias\/author\/admin"}]}},"_links":{"self":[{"href":"https:\/\/franciscanos.org.br\/noticias\/wp-json\/wp\/v2\/posts\/125262"}],"collection":[{"href":"https:\/\/franciscanos.org.br\/noticias\/wp-json\/wp\/v2\/posts"}],"about":[{"href":"https:\/\/franciscanos.org.br\/noticias\/wp-json\/wp\/v2\/types\/post"}],"author":[{"embeddable":true,"href":"https:\/\/franciscanos.org.br\/noticias\/wp-json\/wp\/v2\/users\/1"}],"replies":[{"embeddable":true,"href":"https:\/\/franciscanos.org.br\/noticias\/wp-json\/wp\/v2\/comments?post=125262"}],"version-history":[{"count":0,"href":"https:\/\/franciscanos.org.br\/noticias\/wp-json\/wp\/v2\/posts\/125262\/revisions"}],"wp:featuredmedia":[{"embeddable":true,"href":"https:\/\/franciscanos.org.br\/noticias\/wp-json\/wp\/v2\/media\/195418"}],"wp:attachment":[{"href":"https:\/\/franciscanos.org.br\/noticias\/wp-json\/wp\/v2\/media?parent=125262"}],"wp:term":[{"taxonomy":"category","embeddable":true,"href":"https:\/\/franciscanos.org.br\/noticias\/wp-json\/wp\/v2\/categories?post=125262"},{"taxonomy":"post_tag","embeddable":true,"href":"https:\/\/franciscanos.org.br\/noticias\/wp-json\/wp\/v2\/tags?post=125262"}],"curies":[{"name":"wp","href":"https:\/\/api.w.org\/{rel}","templated":true}]}}