{"id":125245,"date":"2017-01-30T08:39:03","date_gmt":"2017-01-30T10:39:03","guid":{"rendered":"http:\/\/franciscanos.org.br\/?p=125245"},"modified":"2020-06-09T10:53:48","modified_gmt":"2020-06-09T13:53:48","slug":"uma-igreja-sem-martires-e-uma-igreja-sem-jesus-afirma-papa","status":"publish","type":"post","link":"https:\/\/franciscanos.org.br\/noticias\/uma-igreja-sem-martires-e-uma-igreja-sem-jesus-afirma-papa.html","title":{"rendered":"&#8220;Uma Igreja sem m\u00e1rtires \u00e9 uma Igreja sem Jesus&#8221;"},"content":{"rendered":"<p><img loading=\"lazy\" class=\"alignleft\" src=\"http:\/\/franciscanos.org.br\/wp-content\/uploads\/2017\/01\/martaG_300117.jpg\" alt=\"martaG_300117\" width=\"830\" height=\"450\" \/><strong>Cidade do Vaticano<\/strong> \u2013 &#8220;Uma Igreja sem m\u00e1rtires \u00e9 uma Igreja sem Jesus&#8221;, foi o que disse o Papa na missa celebrada na manh\u00e3 desta segunda-feira (30\/01) na Casa Santa Marta. A homilia do Pont\u00edfice foi dedicada aos m\u00e1rtires.<\/p>\n<p>\u201cSem mem\u00f3ria n\u00e3o h\u00e1 esperan\u00e7a\u201d, afirmou o Papa comentando a Carta aos Hebreus, na qual se exorta a recordar toda a hist\u00f3ria do povo do Senhor. Antes de tudo, uma \u201cmem\u00f3ria de docilidade\u201d, \u201ca mem\u00f3ria da docilidade de tantas pessoas, come\u00e7ando por Abr\u00e3ao que, obediente, saiu de sua terra sem saber onde ia. Em especial, no 11\u00ba cap\u00edtulo da primeira leitura, se fala de outras duas mem\u00f3rias. A mem\u00f3ria dos grandes gestos do Senhor, realizado por Gede\u00e3o, Barac, Sans\u00e3o, Davi \u201ctantas pessoas \u2013 disse o Papa \u2013 que fizeram grandes gestos na hist\u00f3ria de Israel\u201d.<\/p>\n<p><strong>A m\u00eddia n\u00e3o fala dos m\u00e1rtires de hoje<\/strong><\/p>\n<p>E depois h\u00e1 um terceiro grupo do qual fazer mem\u00f3ria, a \u201cmem\u00f3ria dos m\u00e1rtires\u201d: \u201cos que sofreram e deram a vida como Jesus\u201d, que \u201cforam lapidados, torturados, mortos na espada\u201d. De fato, a Igreja \u00e9 \u201ceste povo de Deus\u201d, \u201cpecador, mas d\u00f3cil\u201d, \u201cque faz grandes coisas e testemunha tamb\u00e9m Jesus Cristo at\u00e9 o mart\u00edrio\u201d:<\/p>\n<p>\u201cOs m\u00e1rtires s\u00e3o aqueles que levam avante a Igreja, s\u00e3o os que a amparam, que a ampararam no passado e a ampararam hoje. E hoje existem mais m\u00e1rtires do que nos primeiros s\u00e9culos. A m\u00eddia n\u00e3o fala porque n\u00e3o faz not\u00edcia, mas muitos crist\u00e3os no mundo hoje s\u00e3o bem-aventurados porque perseguidos, insultados, presos. H\u00e1 muitos nas pris\u00f5es, somente por carregar uma cruz ou por confessar Jesus Cristo! Esta \u00e9\u00a0a gl\u00f3ria da Igreja e o nosso amparo e tamb\u00e9m a nossa humilha\u00e7\u00e3o: n\u00f3s que temos tudo, tudo parece f\u00e1cil para n\u00f3s e se nos falta alguma coisa reclamamos&#8230; Mas pensemos nesses irm\u00e3os e irm\u00e3s que hoje, num n\u00famero maior do que nos primeiros s\u00e9culo, sofrem o mart\u00edrio!\u201d.<\/p>\n<p>\u201cN\u00e3o me esque\u00e7o\u201d, prosseguiu Francisco, \u201co testemunho daquele sacerdote e daquela religiosa na catedral de Tirana: anos e anos de pris\u00e3o, trabalho for\u00e7ado e humilha\u00e7\u00e3o\u201d, para os quais n\u00e3o existiam os direitos humanos.<\/p>\n<p><strong>A for\u00e7a da Igreja s\u00e3o as pequenas Igrejas perseguidas<\/strong><\/p>\n<p>O Papa recordou que a maior for\u00e7a da Igreja hoje est\u00e1 nas \u201cpequenas Igrejas perseguidas\u201d:<\/p>\n<p>\u201cTamb\u00e9m n\u00f3s, \u00e9 verdade e tamb\u00e9m justo, ficamos satisfeitos quando vemos uma a\u00e7\u00e3o eclesial grande, que teve muito sucesso, os crist\u00e3os que se manifestam. Isso \u00e9 bonito!<\/p>\n<p>Esta \u00e9 a for\u00e7a? Sim, \u00e9 for\u00e7a, mas a for\u00e7a maior da Igreja hoje est\u00e1 nas pequenas Igrejas, pequeninas, com pouca gente, Igrejas perseguidas, com os seus bispos no c\u00e1rcere. Esta \u00e9 a nossa gl\u00f3ria hoje. Esta \u00e9 a nossa gl\u00f3ria e a nossa for\u00e7a hoje.\u201d<\/p>\n<p><strong>Sangue dos m\u00e1rtires \u00e9 semente de crist\u00e3os<\/strong><\/p>\n<p>\u201cOusaria dizer: Uma Igreja sem m\u00e1rtires \u00e9 uma Igreja sem Jesus\u201d, afirmou e na conclus\u00e3o o Papa convidou a rezar \u201cpelos nossos m\u00e1rtires que sofrem muito\u201d, \u201cpor aquelas Igrejas que n\u00e3o s\u00e3o livres de se expressar\u201d. \u201cElas s\u00e3o a nossa esperan\u00e7a\u201d. O Papa recordou que nos primeiros s\u00e9culos da Igreja um antigo escritor dizia: \u201cO sangue dos crist\u00e3os, o sangue dos m\u00e1rtires, \u00e9 semente dos crist\u00e3os.\u201d<\/p>\n<p>\u201cEles com o seu mart\u00edrio, o seu testemunho, com o seu sofrimento, doando a vida, oferecendo a vida, semeiam crist\u00e3os para o futuro e em outras Igrejas. Ofere\u00e7amos esta missa pelos nossos m\u00e1rtires, por aqueles que agora sofrem, pelas Igrejas que sofrem, que n\u00e3o t\u00eam liberdade, e agrade\u00e7amos ao Senhor por Ele estar presente com a for\u00e7a de seu Esp\u00edrito nesses nossos irm\u00e3os e irm\u00e3s que hoje d\u00e3o testemunho Dele.\u201d<\/p>\n<hr \/>\n<p><em>Fonte: R\u00e1dio Vaticano<\/em><\/p>\n","protected":false},"excerpt":{"rendered":"<p>Missa em Santa Marta<\/p>\n","protected":false},"author":1,"featured_media":195421,"comment_status":"open","ping_status":"open","sticky":false,"template":"","format":"standard","meta":[],"categories":[1428],"tags":[1586],"acf":[],"yoast_head":"<!-- This site is optimized with the Yoast SEO plugin v19.2 - https:\/\/yoast.com\/wordpress\/plugins\/seo\/ -->\n<title>&quot;Uma Igreja sem m\u00e1rtires \u00e9 uma Igreja sem Jesus&quot; - Not\u00edcias - Franciscanos<\/title>\n<meta name=\"robots\" content=\"index, follow, max-snippet:-1, max-image-preview:large, max-video-preview:-1\" \/>\n<link rel=\"canonical\" href=\"https:\/\/franciscanos.org.br\/noticias\/uma-igreja-sem-martires-e-uma-igreja-sem-jesus-afirma-papa.html\" \/>\n<meta property=\"og:locale\" content=\"pt_BR\" \/>\n<meta property=\"og:type\" content=\"article\" \/>\n<meta property=\"og:title\" content=\"&quot;Uma Igreja sem m\u00e1rtires \u00e9 uma Igreja sem Jesus&quot; - Not\u00edcias - Franciscanos\" \/>\n<meta property=\"og:description\" content=\"Missa em Santa Marta\" \/>\n<meta property=\"og:url\" content=\"https:\/\/franciscanos.org.br\/noticias\/uma-igreja-sem-martires-e-uma-igreja-sem-jesus-afirma-papa.html\" \/>\n<meta property=\"og:site_name\" content=\"Not\u00edcias - Franciscanos\" \/>\n<meta property=\"article:published_time\" content=\"2017-01-30T10:39:03+00:00\" \/>\n<meta property=\"article:modified_time\" content=\"2020-06-09T13:53:48+00:00\" \/>\n<meta property=\"og:image\" content=\"https:\/\/franciscanos.org.br\/noticias\/wp-content\/uploads\/2017\/01\/martaG_300117.jpg\" \/>\n\t<meta property=\"og:image:width\" content=\"273\" \/>\n\t<meta property=\"og:image:height\" content=\"181\" \/>\n\t<meta property=\"og:image:type\" content=\"image\/jpeg\" \/>\n<meta name=\"author\" content=\"admin\" \/>\n<meta name=\"twitter:card\" content=\"summary_large_image\" \/>\n<meta name=\"twitter:label1\" content=\"Escrito por\" \/>\n\t<meta name=\"twitter:data1\" content=\"admin\" \/>\n\t<meta name=\"twitter:label2\" content=\"Est. tempo de leitura\" \/>\n\t<meta name=\"twitter:data2\" content=\"3 minutos\" \/>\n<script type=\"application\/ld+json\" class=\"yoast-schema-graph\">{\"@context\":\"https:\/\/schema.org\",\"@graph\":[{\"@type\":\"WebSite\",\"@id\":\"https:\/\/franciscanos.org.br\/noticias\/#website\",\"url\":\"https:\/\/franciscanos.org.br\/noticias\/\",\"name\":\"Not\u00edcias - Franciscanos\",\"description\":\"Prov\u00edncia Franciscana da Imaculada Concei\u00e7\u00e3o do Brasil - Ordem dos Frades Menores - OFM\",\"potentialAction\":[{\"@type\":\"SearchAction\",\"target\":{\"@type\":\"EntryPoint\",\"urlTemplate\":\"https:\/\/franciscanos.org.br\/noticias\/?s={search_term_string}\"},\"query-input\":\"required name=search_term_string\"}],\"inLanguage\":\"pt-BR\"},{\"@type\":\"ImageObject\",\"inLanguage\":\"pt-BR\",\"@id\":\"https:\/\/franciscanos.org.br\/noticias\/uma-igreja-sem-martires-e-uma-igreja-sem-jesus-afirma-papa.html#primaryimage\",\"url\":\"https:\/\/franciscanos.org.br\/noticias\/wp-content\/uploads\/2017\/01\/martaG_300117.jpg\",\"contentUrl\":\"https:\/\/franciscanos.org.br\/noticias\/wp-content\/uploads\/2017\/01\/martaG_300117.jpg\",\"width\":273,\"height\":181},{\"@type\":\"WebPage\",\"@id\":\"https:\/\/franciscanos.org.br\/noticias\/uma-igreja-sem-martires-e-uma-igreja-sem-jesus-afirma-papa.html#webpage\",\"url\":\"https:\/\/franciscanos.org.br\/noticias\/uma-igreja-sem-martires-e-uma-igreja-sem-jesus-afirma-papa.html\",\"name\":\"\\\"Uma Igreja sem m\u00e1rtires \u00e9 uma Igreja sem Jesus\\\" - Not\u00edcias - Franciscanos\",\"isPartOf\":{\"@id\":\"https:\/\/franciscanos.org.br\/noticias\/#website\"},\"primaryImageOfPage\":{\"@id\":\"https:\/\/franciscanos.org.br\/noticias\/uma-igreja-sem-martires-e-uma-igreja-sem-jesus-afirma-papa.html#primaryimage\"},\"datePublished\":\"2017-01-30T10:39:03+00:00\",\"dateModified\":\"2020-06-09T13:53:48+00:00\",\"author\":{\"@id\":\"https:\/\/franciscanos.org.br\/noticias\/#\/schema\/person\/b38fbf43118f02820bd932f2e4b14ad3\"},\"breadcrumb\":{\"@id\":\"https:\/\/franciscanos.org.br\/noticias\/uma-igreja-sem-martires-e-uma-igreja-sem-jesus-afirma-papa.html#breadcrumb\"},\"inLanguage\":\"pt-BR\",\"potentialAction\":[{\"@type\":\"ReadAction\",\"target\":[\"https:\/\/franciscanos.org.br\/noticias\/uma-igreja-sem-martires-e-uma-igreja-sem-jesus-afirma-papa.html\"]}]},{\"@type\":\"BreadcrumbList\",\"@id\":\"https:\/\/franciscanos.org.br\/noticias\/uma-igreja-sem-martires-e-uma-igreja-sem-jesus-afirma-papa.html#breadcrumb\",\"itemListElement\":[{\"@type\":\"ListItem\",\"position\":1,\"name\":\"Home\",\"item\":\"https:\/\/franciscanos.org.br\/noticias\"},{\"@type\":\"ListItem\",\"position\":2,\"name\":\"&#8220;Uma Igreja sem m\u00e1rtires \u00e9 uma Igreja sem Jesus&#8221;\"}]},{\"@type\":\"Person\",\"@id\":\"https:\/\/franciscanos.org.br\/noticias\/#\/schema\/person\/b38fbf43118f02820bd932f2e4b14ad3\",\"name\":\"admin\",\"image\":{\"@type\":\"ImageObject\",\"inLanguage\":\"pt-BR\",\"@id\":\"https:\/\/franciscanos.org.br\/noticias\/#\/schema\/person\/image\/\",\"url\":\"https:\/\/secure.gravatar.com\/avatar\/e8495742d34d0ba6448ea1c628263b3e?s=96&d=mm&r=g\",\"contentUrl\":\"https:\/\/secure.gravatar.com\/avatar\/e8495742d34d0ba6448ea1c628263b3e?s=96&d=mm&r=g\",\"caption\":\"admin\"},\"url\":\"https:\/\/franciscanos.org.br\/noticias\/author\/admin\"}]}<\/script>\n<!-- \/ Yoast SEO plugin. -->","yoast_head_json":{"title":"\"Uma Igreja sem m\u00e1rtires \u00e9 uma Igreja sem Jesus\" - Not\u00edcias - Franciscanos","robots":{"index":"index","follow":"follow","max-snippet":"max-snippet:-1","max-image-preview":"max-image-preview:large","max-video-preview":"max-video-preview:-1"},"canonical":"https:\/\/franciscanos.org.br\/noticias\/uma-igreja-sem-martires-e-uma-igreja-sem-jesus-afirma-papa.html","og_locale":"pt_BR","og_type":"article","og_title":"\"Uma Igreja sem m\u00e1rtires \u00e9 uma Igreja sem Jesus\" - Not\u00edcias - Franciscanos","og_description":"Missa em Santa Marta","og_url":"https:\/\/franciscanos.org.br\/noticias\/uma-igreja-sem-martires-e-uma-igreja-sem-jesus-afirma-papa.html","og_site_name":"Not\u00edcias - Franciscanos","article_published_time":"2017-01-30T10:39:03+00:00","article_modified_time":"2020-06-09T13:53:48+00:00","og_image":[{"width":273,"height":181,"url":"https:\/\/franciscanos.org.br\/noticias\/wp-content\/uploads\/2017\/01\/martaG_300117.jpg","type":"image\/jpeg"}],"author":"admin","twitter_card":"summary_large_image","twitter_misc":{"Escrito por":"admin","Est. tempo de leitura":"3 minutos"},"schema":{"@context":"https:\/\/schema.org","@graph":[{"@type":"WebSite","@id":"https:\/\/franciscanos.org.br\/noticias\/#website","url":"https:\/\/franciscanos.org.br\/noticias\/","name":"Not\u00edcias - Franciscanos","description":"Prov\u00edncia Franciscana da Imaculada Concei\u00e7\u00e3o do Brasil - Ordem dos Frades Menores - OFM","potentialAction":[{"@type":"SearchAction","target":{"@type":"EntryPoint","urlTemplate":"https:\/\/franciscanos.org.br\/noticias\/?s={search_term_string}"},"query-input":"required name=search_term_string"}],"inLanguage":"pt-BR"},{"@type":"ImageObject","inLanguage":"pt-BR","@id":"https:\/\/franciscanos.org.br\/noticias\/uma-igreja-sem-martires-e-uma-igreja-sem-jesus-afirma-papa.html#primaryimage","url":"https:\/\/franciscanos.org.br\/noticias\/wp-content\/uploads\/2017\/01\/martaG_300117.jpg","contentUrl":"https:\/\/franciscanos.org.br\/noticias\/wp-content\/uploads\/2017\/01\/martaG_300117.jpg","width":273,"height":181},{"@type":"WebPage","@id":"https:\/\/franciscanos.org.br\/noticias\/uma-igreja-sem-martires-e-uma-igreja-sem-jesus-afirma-papa.html#webpage","url":"https:\/\/franciscanos.org.br\/noticias\/uma-igreja-sem-martires-e-uma-igreja-sem-jesus-afirma-papa.html","name":"\"Uma Igreja sem m\u00e1rtires \u00e9 uma Igreja sem Jesus\" - Not\u00edcias - Franciscanos","isPartOf":{"@id":"https:\/\/franciscanos.org.br\/noticias\/#website"},"primaryImageOfPage":{"@id":"https:\/\/franciscanos.org.br\/noticias\/uma-igreja-sem-martires-e-uma-igreja-sem-jesus-afirma-papa.html#primaryimage"},"datePublished":"2017-01-30T10:39:03+00:00","dateModified":"2020-06-09T13:53:48+00:00","author":{"@id":"https:\/\/franciscanos.org.br\/noticias\/#\/schema\/person\/b38fbf43118f02820bd932f2e4b14ad3"},"breadcrumb":{"@id":"https:\/\/franciscanos.org.br\/noticias\/uma-igreja-sem-martires-e-uma-igreja-sem-jesus-afirma-papa.html#breadcrumb"},"inLanguage":"pt-BR","potentialAction":[{"@type":"ReadAction","target":["https:\/\/franciscanos.org.br\/noticias\/uma-igreja-sem-martires-e-uma-igreja-sem-jesus-afirma-papa.html"]}]},{"@type":"BreadcrumbList","@id":"https:\/\/franciscanos.org.br\/noticias\/uma-igreja-sem-martires-e-uma-igreja-sem-jesus-afirma-papa.html#breadcrumb","itemListElement":[{"@type":"ListItem","position":1,"name":"Home","item":"https:\/\/franciscanos.org.br\/noticias"},{"@type":"ListItem","position":2,"name":"&#8220;Uma Igreja sem m\u00e1rtires \u00e9 uma Igreja sem Jesus&#8221;"}]},{"@type":"Person","@id":"https:\/\/franciscanos.org.br\/noticias\/#\/schema\/person\/b38fbf43118f02820bd932f2e4b14ad3","name":"admin","image":{"@type":"ImageObject","inLanguage":"pt-BR","@id":"https:\/\/franciscanos.org.br\/noticias\/#\/schema\/person\/image\/","url":"https:\/\/secure.gravatar.com\/avatar\/e8495742d34d0ba6448ea1c628263b3e?s=96&d=mm&r=g","contentUrl":"https:\/\/secure.gravatar.com\/avatar\/e8495742d34d0ba6448ea1c628263b3e?s=96&d=mm&r=g","caption":"admin"},"url":"https:\/\/franciscanos.org.br\/noticias\/author\/admin"}]}},"_links":{"self":[{"href":"https:\/\/franciscanos.org.br\/noticias\/wp-json\/wp\/v2\/posts\/125245"}],"collection":[{"href":"https:\/\/franciscanos.org.br\/noticias\/wp-json\/wp\/v2\/posts"}],"about":[{"href":"https:\/\/franciscanos.org.br\/noticias\/wp-json\/wp\/v2\/types\/post"}],"author":[{"embeddable":true,"href":"https:\/\/franciscanos.org.br\/noticias\/wp-json\/wp\/v2\/users\/1"}],"replies":[{"embeddable":true,"href":"https:\/\/franciscanos.org.br\/noticias\/wp-json\/wp\/v2\/comments?post=125245"}],"version-history":[{"count":1,"href":"https:\/\/franciscanos.org.br\/noticias\/wp-json\/wp\/v2\/posts\/125245\/revisions"}],"predecessor-version":[{"id":225467,"href":"https:\/\/franciscanos.org.br\/noticias\/wp-json\/wp\/v2\/posts\/125245\/revisions\/225467"}],"wp:featuredmedia":[{"embeddable":true,"href":"https:\/\/franciscanos.org.br\/noticias\/wp-json\/wp\/v2\/media\/195421"}],"wp:attachment":[{"href":"https:\/\/franciscanos.org.br\/noticias\/wp-json\/wp\/v2\/media?parent=125245"}],"wp:term":[{"taxonomy":"category","embeddable":true,"href":"https:\/\/franciscanos.org.br\/noticias\/wp-json\/wp\/v2\/categories?post=125245"},{"taxonomy":"post_tag","embeddable":true,"href":"https:\/\/franciscanos.org.br\/noticias\/wp-json\/wp\/v2\/tags?post=125245"}],"curies":[{"name":"wp","href":"https:\/\/api.w.org\/{rel}","templated":true}]}}