{"id":125211,"date":"2017-01-29T17:38:09","date_gmt":"2017-01-29T19:38:09","guid":{"rendered":"http:\/\/franciscanos.org.br\/?p=125211"},"modified":"2020-06-09T10:55:22","modified_gmt":"2020-06-09T13:55:22","slug":"papa-diz-que-consumo-voraz-mata-a-alma","status":"publish","type":"post","link":"https:\/\/franciscanos.org.br\/noticias\/papa-diz-que-consumo-voraz-mata-a-alma.html","title":{"rendered":"Papa Francisco diz que consumo voraz mata a alma"},"content":{"rendered":"<p><img loading=\"lazy\" class=\"alignleft\" src=\"http:\/\/franciscanos.org.br\/wp-content\/uploads\/2017\/01\/papa_290117.jpg\" alt=\"papa_290117\" width=\"820\" height=\"346\" \/><\/p>\n<p><strong>Cidade do Vaticano<\/strong> &#8211; Quanto mais tenho, mais quero: isso mata a alma. E o homem ou a mulher que tem essa atitude n\u00e3o \u00e9 feliz e n\u00e3o alcan\u00e7ar\u00e1 a felicidade: disse o Papa Francisco no Angelus deste domingo, ao meio-dia, na alocu\u00e7\u00e3o que precedeu a ora\u00e7\u00e3o mariana.<\/p>\n<p>Francisco havia partido das Bem-aventuran\u00e7as, \u201ccarta magna\u201d do Novo Testamento, que caracterizam a liturgia deste IV Domingo do Tempo Comum. No serm\u00e3o da montanha \u201cJesus manifesta a vontade de Deus de conduzir os homens \u00e0 felicidade\u201d, destacou.<\/p>\n<p>Nesta sua prega\u00e7\u00e3o Jesus segue um caminho particular: come\u00e7a com o termo \u201cbem-aventurados\u201d, ou seja, \u201cfelizes\u201d; prossegue com a indica\u00e7\u00e3o da condi\u00e7\u00e3o para ser tais; e conclui fazendo uma promessa, explicou o Pont\u00edfice.<\/p>\n<p>Francisco acrescentou que o motivo da bem-aventuran\u00e7a n\u00e3o est\u00e1 na condi\u00e7\u00e3o de \u201cpobres em esp\u00edrito\u201d, \u201caflitos\u201d, \u201cfamintos de justi\u00e7a\u201d, \u201cperseguidos\u201d, mas na promessa sucessiva, a ser acolhida com f\u00e9 como dom de Deus. \u201cParte-se da condi\u00e7\u00e3o de dificuldade para abrir-se ao dom de Deus e aceder ao mundo novo, o \u2018reino\u2019 anunciado por Jesus.\u201d<\/p>\n<p>N\u00e3o \u00e9 um mecanismo autom\u00e1tico, disse o Papa. \u201cN\u00e3o podem ser bem-aventurados se n\u00e3o se converteram\u201d, se n\u00e3o se tornaram \u201ccapazes de apreciar e viver os dons de Deus\u201d.<br \/>\nFrancisco quis ater-se \u00e0 primeira bem-aventuran\u00e7a: \u201cBem-aventurados os pobres em esp\u00edrito, porque deles \u00e9 o reino dos c\u00e9us\u201d (Mt 5,4), para em seguida explicitar quem s\u00e3o estes: \u201cO pobre em esp\u00edrito \u00e9 aquele que assumiu os sentimentos e a atitude daqueles pobres que em sua condi\u00e7\u00e3o n\u00e3o se rebelam, mas sabem ser humildes, d\u00f3ceis, dispon\u00edveis \u00e0 gra\u00e7a de Deus.\u201d<\/p>\n<p>A felicidade dos pobres \u2013 dos pobres em esp\u00edrito \u2013 tem uma d\u00faplice dimens\u00e3o: em rela\u00e7\u00e3o aos bens e em rela\u00e7\u00e3o a Deus, explicou o Santo Padre, acrescentando:<br \/>\n\u201cEm rela\u00e7\u00e3o aos bens, aos bens materiais, esta pobreza em esp\u00edrito \u00e9 sobriedade: n\u00e3o necessariamente ren\u00fancia, mas capacidade de experimentar o essencial, de partilha; capacidade de renovar todos os dias a admira\u00e7\u00e3o pela bondade das coisas, sem sucumbir na opacidade do consumo voraz.&#8221;<\/p>\n<p>\u201cQuanto mais tenho, mais quero; mais tenho, mais quero: esse \u00e9 o consumo voraz. E isso mata a alma. E o homem ou a mulher que faz isso, que tem essa atitude \u2018mais tenho, mais quero\u2019, n\u00e3o \u00e9 feliz e n\u00e3o alcan\u00e7ar\u00e1 a felicidade.\u201d<\/p>\n<p>Em rela\u00e7\u00e3o a Deus, afirmou, \u201c\u00e9 louvor e reconhecimento que o mundo \u00e9 b\u00ean\u00e7\u00e3o e que na sua origem est\u00e1 o amor criador do Pai. Mas \u00e9 tamb\u00e9m abertura a Ele, docilidade a sua senhoria: \u201c\u00e9 Ele, o Senhor, \u00e9 Ele o Grande, n\u00e3o eu sou grande porque tenho tantas coisas! \u00c9 Ele: Ele que quis o mundo para todos os homens e o quis para que os homens fossem felizes\u201d, acrescentou.<\/p>\n<p>O pobre em esp\u00edrito \u00e9 o crist\u00e3o que n\u00e3o deposita sua confian\u00e7a em si mesmo, nas riquezas materiais, n\u00e3o \u00e9 obstinado nas pr\u00f3prias opini\u00f5es\u201d, disse ainda o Papa fazendo em seguida uma observa\u00e7\u00e3o pertinente \u00e0 conviv\u00eancia nas comunidades crist\u00e3s: \u201cSe em nossas comunidades existissem mais pobres em esp\u00edrito, haveria menos divis\u00f5es, contrastes e pol\u00eamicas. A humildade, como a caridade, \u00e9 uma virtude essencial para a conviv\u00eancia nas comunidades crist\u00e3s. Os pobres, nesse sentido evang\u00e9lico, se mostram como aqueles que mant\u00eam firme a meta do Reino dos c\u00e9us, fazendo entrever que este \u00e9 antecipado de forma germinal na comunidade fraterna, que privilegia a partilha \u00e0 posse.\u201d<\/p>\n<p>Ap\u00f3s a ora\u00e7\u00e3o mariana, o Pont\u00edfice lembrou a celebra\u00e7\u00e3o, neste domingo, do Dia mundial de luta contra a hansen\u00edase, ressaltando que esta doen\u00e7a, mesmo em diminui\u00e7\u00e3o, encontra-se ainda entre as mais temidas e atinge os mais pobres e marginalizados. \u201c\u00c9 importante lutar contra esta enfermidade, mas tamb\u00e9m contra as discrimina\u00e7\u00f5es que ela gera\u201d, exortou.<\/p>\n<p>Encontravam-se presentes na Pra\u00e7a S\u00e3o Pedro, em meio aos cerca de 25 mil fi\u00e9is e peregrinos, tr\u00eas mil jovens da A\u00e7\u00e3o Cat\u00f3lica de Roma, formando a \u201cCaravana da Paz\u201d. Dois deles, um garoto e uma garota, se juntaram ao Santo Padre durante a sauda\u00e7\u00e3o do Pont\u00edfice aos diversos grupos de fi\u00e9is e peregrinos reunidos na Pra\u00e7a. O garoto leu uma breve mensagem aos presentes. Em seguida, foram soltos alguns bal\u00f5es, s\u00edmbolo da paz.<\/p>\n<p>O Papa lembrou mais uma vez as popula\u00e7\u00f5es do centro da It\u00e1lia, expressando sua proximidade a estes que ainda sofrem as consequ\u00eancias do terremoto e das dif\u00edceis condi\u00e7\u00f5es atmosf\u00e9ricas deste inverno europeu.<\/p>\n<p>O Pont\u00edfice despediu-se dos presentes pedindo que n\u00e3o se esquecessem de rezar por ele.<\/p>\n<hr \/>\n<p><em>Fonte: R\u00e1dio Vaticano<\/em><\/p>\n","protected":false},"excerpt":{"rendered":"<p>Angelus<\/p>\n","protected":false},"author":1,"featured_media":195424,"comment_status":"open","ping_status":"open","sticky":false,"template":"","format":"standard","meta":[],"categories":[1428],"tags":[403],"acf":[],"yoast_head":"<!-- This site is optimized with the Yoast SEO plugin v19.2 - https:\/\/yoast.com\/wordpress\/plugins\/seo\/ -->\n<title>Papa Francisco diz que consumo voraz mata a alma - Not\u00edcias - Franciscanos<\/title>\n<meta name=\"robots\" content=\"index, follow, max-snippet:-1, max-image-preview:large, max-video-preview:-1\" \/>\n<link rel=\"canonical\" href=\"https:\/\/franciscanos.org.br\/noticias\/papa-diz-que-consumo-voraz-mata-a-alma.html\" \/>\n<meta property=\"og:locale\" content=\"pt_BR\" \/>\n<meta property=\"og:type\" content=\"article\" \/>\n<meta property=\"og:title\" content=\"Papa Francisco diz que consumo voraz mata a alma - Not\u00edcias - Franciscanos\" \/>\n<meta property=\"og:description\" content=\"Angelus\" \/>\n<meta property=\"og:url\" content=\"https:\/\/franciscanos.org.br\/noticias\/papa-diz-que-consumo-voraz-mata-a-alma.html\" \/>\n<meta property=\"og:site_name\" content=\"Not\u00edcias - Franciscanos\" \/>\n<meta property=\"article:published_time\" content=\"2017-01-29T19:38:09+00:00\" \/>\n<meta property=\"article:modified_time\" content=\"2020-06-09T13:55:22+00:00\" \/>\n<meta property=\"og:image\" content=\"https:\/\/franciscanos.org.br\/noticias\/wp-content\/uploads\/2017\/01\/papa_290117.jpg\" \/>\n\t<meta property=\"og:image:width\" content=\"273\" \/>\n\t<meta property=\"og:image:height\" content=\"181\" \/>\n\t<meta property=\"og:image:type\" content=\"image\/jpeg\" \/>\n<meta name=\"author\" content=\"admin\" \/>\n<meta name=\"twitter:card\" content=\"summary_large_image\" \/>\n<meta name=\"twitter:label1\" content=\"Escrito por\" \/>\n\t<meta name=\"twitter:data1\" content=\"admin\" \/>\n\t<meta name=\"twitter:label2\" content=\"Est. tempo de leitura\" \/>\n\t<meta name=\"twitter:data2\" content=\"4 minutos\" \/>\n<script type=\"application\/ld+json\" class=\"yoast-schema-graph\">{\"@context\":\"https:\/\/schema.org\",\"@graph\":[{\"@type\":\"WebSite\",\"@id\":\"https:\/\/franciscanos.org.br\/noticias\/#website\",\"url\":\"https:\/\/franciscanos.org.br\/noticias\/\",\"name\":\"Not\u00edcias - Franciscanos\",\"description\":\"Prov\u00edncia Franciscana da Imaculada Concei\u00e7\u00e3o do Brasil - Ordem dos Frades Menores - OFM\",\"potentialAction\":[{\"@type\":\"SearchAction\",\"target\":{\"@type\":\"EntryPoint\",\"urlTemplate\":\"https:\/\/franciscanos.org.br\/noticias\/?s={search_term_string}\"},\"query-input\":\"required name=search_term_string\"}],\"inLanguage\":\"pt-BR\"},{\"@type\":\"ImageObject\",\"inLanguage\":\"pt-BR\",\"@id\":\"https:\/\/franciscanos.org.br\/noticias\/papa-diz-que-consumo-voraz-mata-a-alma.html#primaryimage\",\"url\":\"https:\/\/franciscanos.org.br\/noticias\/wp-content\/uploads\/2017\/01\/papa_290117.jpg\",\"contentUrl\":\"https:\/\/franciscanos.org.br\/noticias\/wp-content\/uploads\/2017\/01\/papa_290117.jpg\",\"width\":273,\"height\":181},{\"@type\":\"WebPage\",\"@id\":\"https:\/\/franciscanos.org.br\/noticias\/papa-diz-que-consumo-voraz-mata-a-alma.html#webpage\",\"url\":\"https:\/\/franciscanos.org.br\/noticias\/papa-diz-que-consumo-voraz-mata-a-alma.html\",\"name\":\"Papa Francisco diz que consumo voraz mata a alma - Not\u00edcias - Franciscanos\",\"isPartOf\":{\"@id\":\"https:\/\/franciscanos.org.br\/noticias\/#website\"},\"primaryImageOfPage\":{\"@id\":\"https:\/\/franciscanos.org.br\/noticias\/papa-diz-que-consumo-voraz-mata-a-alma.html#primaryimage\"},\"datePublished\":\"2017-01-29T19:38:09+00:00\",\"dateModified\":\"2020-06-09T13:55:22+00:00\",\"author\":{\"@id\":\"https:\/\/franciscanos.org.br\/noticias\/#\/schema\/person\/b38fbf43118f02820bd932f2e4b14ad3\"},\"breadcrumb\":{\"@id\":\"https:\/\/franciscanos.org.br\/noticias\/papa-diz-que-consumo-voraz-mata-a-alma.html#breadcrumb\"},\"inLanguage\":\"pt-BR\",\"potentialAction\":[{\"@type\":\"ReadAction\",\"target\":[\"https:\/\/franciscanos.org.br\/noticias\/papa-diz-que-consumo-voraz-mata-a-alma.html\"]}]},{\"@type\":\"BreadcrumbList\",\"@id\":\"https:\/\/franciscanos.org.br\/noticias\/papa-diz-que-consumo-voraz-mata-a-alma.html#breadcrumb\",\"itemListElement\":[{\"@type\":\"ListItem\",\"position\":1,\"name\":\"Home\",\"item\":\"https:\/\/franciscanos.org.br\/noticias\"},{\"@type\":\"ListItem\",\"position\":2,\"name\":\"Papa Francisco diz que consumo voraz mata a alma\"}]},{\"@type\":\"Person\",\"@id\":\"https:\/\/franciscanos.org.br\/noticias\/#\/schema\/person\/b38fbf43118f02820bd932f2e4b14ad3\",\"name\":\"admin\",\"image\":{\"@type\":\"ImageObject\",\"inLanguage\":\"pt-BR\",\"@id\":\"https:\/\/franciscanos.org.br\/noticias\/#\/schema\/person\/image\/\",\"url\":\"https:\/\/secure.gravatar.com\/avatar\/e8495742d34d0ba6448ea1c628263b3e?s=96&d=mm&r=g\",\"contentUrl\":\"https:\/\/secure.gravatar.com\/avatar\/e8495742d34d0ba6448ea1c628263b3e?s=96&d=mm&r=g\",\"caption\":\"admin\"},\"url\":\"https:\/\/franciscanos.org.br\/noticias\/author\/admin\"}]}<\/script>\n<!-- \/ Yoast SEO plugin. -->","yoast_head_json":{"title":"Papa Francisco diz que consumo voraz mata a alma - Not\u00edcias - Franciscanos","robots":{"index":"index","follow":"follow","max-snippet":"max-snippet:-1","max-image-preview":"max-image-preview:large","max-video-preview":"max-video-preview:-1"},"canonical":"https:\/\/franciscanos.org.br\/noticias\/papa-diz-que-consumo-voraz-mata-a-alma.html","og_locale":"pt_BR","og_type":"article","og_title":"Papa Francisco diz que consumo voraz mata a alma - Not\u00edcias - Franciscanos","og_description":"Angelus","og_url":"https:\/\/franciscanos.org.br\/noticias\/papa-diz-que-consumo-voraz-mata-a-alma.html","og_site_name":"Not\u00edcias - Franciscanos","article_published_time":"2017-01-29T19:38:09+00:00","article_modified_time":"2020-06-09T13:55:22+00:00","og_image":[{"width":273,"height":181,"url":"https:\/\/franciscanos.org.br\/noticias\/wp-content\/uploads\/2017\/01\/papa_290117.jpg","type":"image\/jpeg"}],"author":"admin","twitter_card":"summary_large_image","twitter_misc":{"Escrito por":"admin","Est. tempo de leitura":"4 minutos"},"schema":{"@context":"https:\/\/schema.org","@graph":[{"@type":"WebSite","@id":"https:\/\/franciscanos.org.br\/noticias\/#website","url":"https:\/\/franciscanos.org.br\/noticias\/","name":"Not\u00edcias - Franciscanos","description":"Prov\u00edncia Franciscana da Imaculada Concei\u00e7\u00e3o do Brasil - Ordem dos Frades Menores - OFM","potentialAction":[{"@type":"SearchAction","target":{"@type":"EntryPoint","urlTemplate":"https:\/\/franciscanos.org.br\/noticias\/?s={search_term_string}"},"query-input":"required name=search_term_string"}],"inLanguage":"pt-BR"},{"@type":"ImageObject","inLanguage":"pt-BR","@id":"https:\/\/franciscanos.org.br\/noticias\/papa-diz-que-consumo-voraz-mata-a-alma.html#primaryimage","url":"https:\/\/franciscanos.org.br\/noticias\/wp-content\/uploads\/2017\/01\/papa_290117.jpg","contentUrl":"https:\/\/franciscanos.org.br\/noticias\/wp-content\/uploads\/2017\/01\/papa_290117.jpg","width":273,"height":181},{"@type":"WebPage","@id":"https:\/\/franciscanos.org.br\/noticias\/papa-diz-que-consumo-voraz-mata-a-alma.html#webpage","url":"https:\/\/franciscanos.org.br\/noticias\/papa-diz-que-consumo-voraz-mata-a-alma.html","name":"Papa Francisco diz que consumo voraz mata a alma - Not\u00edcias - Franciscanos","isPartOf":{"@id":"https:\/\/franciscanos.org.br\/noticias\/#website"},"primaryImageOfPage":{"@id":"https:\/\/franciscanos.org.br\/noticias\/papa-diz-que-consumo-voraz-mata-a-alma.html#primaryimage"},"datePublished":"2017-01-29T19:38:09+00:00","dateModified":"2020-06-09T13:55:22+00:00","author":{"@id":"https:\/\/franciscanos.org.br\/noticias\/#\/schema\/person\/b38fbf43118f02820bd932f2e4b14ad3"},"breadcrumb":{"@id":"https:\/\/franciscanos.org.br\/noticias\/papa-diz-que-consumo-voraz-mata-a-alma.html#breadcrumb"},"inLanguage":"pt-BR","potentialAction":[{"@type":"ReadAction","target":["https:\/\/franciscanos.org.br\/noticias\/papa-diz-que-consumo-voraz-mata-a-alma.html"]}]},{"@type":"BreadcrumbList","@id":"https:\/\/franciscanos.org.br\/noticias\/papa-diz-que-consumo-voraz-mata-a-alma.html#breadcrumb","itemListElement":[{"@type":"ListItem","position":1,"name":"Home","item":"https:\/\/franciscanos.org.br\/noticias"},{"@type":"ListItem","position":2,"name":"Papa Francisco diz que consumo voraz mata a alma"}]},{"@type":"Person","@id":"https:\/\/franciscanos.org.br\/noticias\/#\/schema\/person\/b38fbf43118f02820bd932f2e4b14ad3","name":"admin","image":{"@type":"ImageObject","inLanguage":"pt-BR","@id":"https:\/\/franciscanos.org.br\/noticias\/#\/schema\/person\/image\/","url":"https:\/\/secure.gravatar.com\/avatar\/e8495742d34d0ba6448ea1c628263b3e?s=96&d=mm&r=g","contentUrl":"https:\/\/secure.gravatar.com\/avatar\/e8495742d34d0ba6448ea1c628263b3e?s=96&d=mm&r=g","caption":"admin"},"url":"https:\/\/franciscanos.org.br\/noticias\/author\/admin"}]}},"_links":{"self":[{"href":"https:\/\/franciscanos.org.br\/noticias\/wp-json\/wp\/v2\/posts\/125211"}],"collection":[{"href":"https:\/\/franciscanos.org.br\/noticias\/wp-json\/wp\/v2\/posts"}],"about":[{"href":"https:\/\/franciscanos.org.br\/noticias\/wp-json\/wp\/v2\/types\/post"}],"author":[{"embeddable":true,"href":"https:\/\/franciscanos.org.br\/noticias\/wp-json\/wp\/v2\/users\/1"}],"replies":[{"embeddable":true,"href":"https:\/\/franciscanos.org.br\/noticias\/wp-json\/wp\/v2\/comments?post=125211"}],"version-history":[{"count":1,"href":"https:\/\/franciscanos.org.br\/noticias\/wp-json\/wp\/v2\/posts\/125211\/revisions"}],"predecessor-version":[{"id":225468,"href":"https:\/\/franciscanos.org.br\/noticias\/wp-json\/wp\/v2\/posts\/125211\/revisions\/225468"}],"wp:featuredmedia":[{"embeddable":true,"href":"https:\/\/franciscanos.org.br\/noticias\/wp-json\/wp\/v2\/media\/195424"}],"wp:attachment":[{"href":"https:\/\/franciscanos.org.br\/noticias\/wp-json\/wp\/v2\/media?parent=125211"}],"wp:term":[{"taxonomy":"category","embeddable":true,"href":"https:\/\/franciscanos.org.br\/noticias\/wp-json\/wp\/v2\/categories?post=125211"},{"taxonomy":"post_tag","embeddable":true,"href":"https:\/\/franciscanos.org.br\/noticias\/wp-json\/wp\/v2\/tags?post=125211"}],"curies":[{"name":"wp","href":"https:\/\/api.w.org\/{rel}","templated":true}]}}