{"id":125205,"date":"2017-01-27T11:03:47","date_gmt":"2017-01-27T13:03:47","guid":{"rendered":"http:\/\/franciscanos.org.br\/?p=125205"},"modified":"2020-06-09T10:56:28","modified_gmt":"2020-06-09T13:56:28","slug":"papa-ser-cristao-e-ser-corajoso-nao-covarde","status":"publish","type":"post","link":"https:\/\/franciscanos.org.br\/noticias\/papa-ser-cristao-e-ser-corajoso-nao-covarde.html","title":{"rendered":"&#8220;O crist\u00e3o \u00e9 um homem de mem\u00f3ria&#8221;, afirma Papa"},"content":{"rendered":"<p><img loading=\"lazy\" class=\"aligncenter\" src=\"http:\/\/franciscanos.org.br\/wp-content\/uploads\/2017\/01\/marta_270117.jpg\" alt=\"marta_270117\" width=\"830\" height=\"419\" \/><strong>Cidade do Vaticano<\/strong> \u2013 O Papa Francisco celebrou nesta sexta-feira (27\/01) a missa na capela da Casa Santa Marta.\u00a0A Carta aos Hebreus proposta pela liturgia do dia \u2013 afirmou o Papa \u2013 exorta a viver a vida crist\u00e3 com tr\u00eas pontos de refer\u00eancia: o passado, o presente e o futuro. Antes de tudo, nos convida a fazer mem\u00f3ria, porque \u201ca vida crist\u00e3 n\u00e3o come\u00e7a hoje: continua hoje\u201d. Fazer mem\u00f3ria \u00e9 \u201crecordar tudo\u201d: as coisas boas e menos boas, \u00e9 colocar a minha hist\u00f3ria \u201cdiante de Deus\u201d, sem cobri-la ou escond\u00ea-la:<\/p>\n<p>\u201cIrm\u00e3os, evoquem na mem\u00f3ria aqueles primeiros dias\u2019: os dias do entusiasmo, de ir avante na f\u00e9, quando se come\u00e7ou a viver a f\u00e9, as tribula\u00e7\u00f5es sofridas \u2026 N\u00e3o se entende a vida crist\u00e3, inclusive a vida espiritual de todos os dias, sem mem\u00f3ria. N\u00e3o somente n\u00e3o se entende: n\u00e3o se pode viver de modo crist\u00e3o sem mem\u00f3ria. A mem\u00f3ria da salva\u00e7\u00e3o de Deus na minha vida, a mem\u00f3ria dos problemas na minha vida; mas como o Senhor me salvou desses problemas? A memoria \u00e9 uma gra\u00e7a: uma gra\u00e7a a ser pedida. \u2018Senhor, que n\u00e3o esque\u00e7a o teu passo na minha vida, que n\u00e3o esque\u00e7a os bons momentos, inclusive os maus; as alegrias e as cruzes\u2019. Mas o crist\u00e3o \u00e9 um homem de mem\u00f3ria\u201d.<\/p>\n<p>Depois, o autor da Carta nos faz entender que \u201cestamos em caminho a espera de algo\u201d, a espera de \u201cchegar a um ponto: um encontro; encontro o Senhor\u201d. \u201cE nos exorta a viver por f\u00e9\u201d:\u00a0\u201cA esperan\u00e7a: olhar para o futuro. Assim como n\u00e3o se pode viver uma vida crist\u00e3 sem a mem\u00f3ria dos passos feitos, n\u00e3o se pode viver uma vida crist\u00e3 sem olhar para o futuro com esperan\u00e7a&#8230; para o encontro com o Senhor. E ele diz uma bela frase: \u2018Ainda bem pouco \u2026\u2019. Eh, a vida \u00e9 um sopro, eh? Passa. Quando se \u00e9 jovem, se pensa que temos tanto tempo pela frente, mas depois a vida nos ensina que aquela frase que todos dizemos: \u2018Mas como passa o tempo! Eu o conheci quando era crian\u00e7a, e agora est\u00e1 casando! Como passa o tempo!\u2019. Logo chega. Mas a esperan\u00e7a de encontr\u00e1-lo \u00e9 uma vida em tens\u00e3o, entre a mem\u00f3ria e a esperan\u00e7a, o passado e o futuro\u201d.<\/p>\n<p>Por fim, a Carta convida a viver o presente, \u201cmuitas vezes doloroso e triste\u201d, com \u201ccoragem e paci\u00eancia\u201d: isto \u00e9, com franqueza, sem vergonha, e suportando as vicissitudes da vida. Somos pecadores \u2013 explicou o Papa \u2013 \u201ctodos somos. Quem antes e quem depois\u2026 se quiserem, podemos fazer a lista depois, mas todos somos pecadores. Todos. Mas prossigamos com coragem e com paci\u00eancia. N\u00e3o fiquemos ali, parados, porque isso n\u00e3o nos far\u00e1 crescer\u201d. Por fim, o autor da Carta aos Hebreus exorta a n\u00e3o cometer o pecado que n\u00e3o nos deixa ter mem\u00f3ria, esperan\u00e7a, coragem e paci\u00eancia: a covardia. \u201c\u00c9 um pecado que n\u00e3o deixa ir para frente por medo\u201d, enquanto Jesus diz: \u201cN\u00e3o tenham medo\u201d. Covardes s\u00e3o \u201cos que v\u00e3o sempre para tr\u00e1s, que protegem demasiado a si mesmos, que t\u00eam medo de tudo\u201d:<\/p>\n<p>\u201c\u2018N\u00e3o arrisque, por favor, n\u00e3o\u2026prud\u00eancia\u2026\u2019 Os mandamentos todos, todos\u2026 Sim, \u00e9 verdade, mas isso tamb\u00e9m paralisa, faz esquecer as muitas gra\u00e7as recebidas, tira a mem\u00f3ria, tira a esperan\u00e7a porque n\u00e3o deixa ir. E o presente de um crist\u00e3o, de uma crist\u00e3 assim \u00e9 como quando algu\u00e9m est\u00e1 na rua e come\u00e7a a chover de repente e o vestido n\u00e3o \u00e9 bom e o tecido encurta&#8230; Almas pequenas \u2026 esta \u00e9 a covardia: este \u00e9 o pecado contra a mem\u00f3ria, a coragem, a paci\u00eancia e a esperan\u00e7a. Que o Senhor nos fa\u00e7a crescer na mem\u00f3ria, nos fa\u00e7a crescer na esperan\u00e7a, nos d\u00ea todos os dias coragem e paci\u00eancia e nos liberte daquilo que \u00e9 a covardia, ter medo de tudo&#8230; Almas pequenas para preservar-se. E Jesus diz: \u2018Quem quer preservar a pr\u00f3pria vida, a perde\u2019\u201d.<\/p>\n<hr \/>\n<p><em>Fonte: R\u00e1dio Vaticano<\/em><\/p>\n","protected":false},"excerpt":{"rendered":"<p>Missa em Santa Marta<\/p>\n","protected":false},"author":1,"featured_media":195426,"comment_status":"open","ping_status":"open","sticky":false,"template":"","format":"standard","meta":[],"categories":[1428],"tags":[1586],"acf":[],"yoast_head":"<!-- This site is optimized with the Yoast SEO plugin v19.2 - https:\/\/yoast.com\/wordpress\/plugins\/seo\/ -->\n<title>&quot;O crist\u00e3o \u00e9 um homem de mem\u00f3ria&quot;, afirma Papa - Not\u00edcias - Franciscanos<\/title>\n<meta name=\"robots\" content=\"index, follow, max-snippet:-1, max-image-preview:large, max-video-preview:-1\" \/>\n<link rel=\"canonical\" href=\"https:\/\/franciscanos.org.br\/noticias\/papa-ser-cristao-e-ser-corajoso-nao-covarde.html\" \/>\n<meta property=\"og:locale\" content=\"pt_BR\" \/>\n<meta property=\"og:type\" content=\"article\" \/>\n<meta property=\"og:title\" content=\"&quot;O crist\u00e3o \u00e9 um homem de mem\u00f3ria&quot;, afirma Papa - Not\u00edcias - Franciscanos\" \/>\n<meta property=\"og:description\" content=\"Missa em Santa Marta\" \/>\n<meta property=\"og:url\" content=\"https:\/\/franciscanos.org.br\/noticias\/papa-ser-cristao-e-ser-corajoso-nao-covarde.html\" \/>\n<meta property=\"og:site_name\" content=\"Not\u00edcias - Franciscanos\" \/>\n<meta property=\"article:published_time\" content=\"2017-01-27T13:03:47+00:00\" \/>\n<meta property=\"article:modified_time\" content=\"2020-06-09T13:56:28+00:00\" \/>\n<meta property=\"og:image\" content=\"https:\/\/franciscanos.org.br\/noticias\/wp-content\/uploads\/2017\/01\/marta_270117.jpg\" \/>\n\t<meta property=\"og:image:width\" content=\"273\" \/>\n\t<meta property=\"og:image:height\" content=\"181\" \/>\n\t<meta property=\"og:image:type\" content=\"image\/jpeg\" \/>\n<meta name=\"author\" content=\"admin\" \/>\n<meta name=\"twitter:card\" content=\"summary_large_image\" \/>\n<meta name=\"twitter:label1\" content=\"Escrito por\" \/>\n\t<meta name=\"twitter:data1\" content=\"admin\" \/>\n\t<meta name=\"twitter:label2\" content=\"Est. tempo de leitura\" \/>\n\t<meta name=\"twitter:data2\" content=\"4 minutos\" \/>\n<script type=\"application\/ld+json\" class=\"yoast-schema-graph\">{\"@context\":\"https:\/\/schema.org\",\"@graph\":[{\"@type\":\"WebSite\",\"@id\":\"https:\/\/franciscanos.org.br\/noticias\/#website\",\"url\":\"https:\/\/franciscanos.org.br\/noticias\/\",\"name\":\"Not\u00edcias - Franciscanos\",\"description\":\"Prov\u00edncia Franciscana da Imaculada Concei\u00e7\u00e3o do Brasil - Ordem dos Frades Menores - OFM\",\"potentialAction\":[{\"@type\":\"SearchAction\",\"target\":{\"@type\":\"EntryPoint\",\"urlTemplate\":\"https:\/\/franciscanos.org.br\/noticias\/?s={search_term_string}\"},\"query-input\":\"required name=search_term_string\"}],\"inLanguage\":\"pt-BR\"},{\"@type\":\"ImageObject\",\"inLanguage\":\"pt-BR\",\"@id\":\"https:\/\/franciscanos.org.br\/noticias\/papa-ser-cristao-e-ser-corajoso-nao-covarde.html#primaryimage\",\"url\":\"https:\/\/franciscanos.org.br\/noticias\/wp-content\/uploads\/2017\/01\/marta_270117.jpg\",\"contentUrl\":\"https:\/\/franciscanos.org.br\/noticias\/wp-content\/uploads\/2017\/01\/marta_270117.jpg\",\"width\":273,\"height\":181},{\"@type\":\"WebPage\",\"@id\":\"https:\/\/franciscanos.org.br\/noticias\/papa-ser-cristao-e-ser-corajoso-nao-covarde.html#webpage\",\"url\":\"https:\/\/franciscanos.org.br\/noticias\/papa-ser-cristao-e-ser-corajoso-nao-covarde.html\",\"name\":\"\\\"O crist\u00e3o \u00e9 um homem de mem\u00f3ria\\\", afirma Papa - Not\u00edcias - Franciscanos\",\"isPartOf\":{\"@id\":\"https:\/\/franciscanos.org.br\/noticias\/#website\"},\"primaryImageOfPage\":{\"@id\":\"https:\/\/franciscanos.org.br\/noticias\/papa-ser-cristao-e-ser-corajoso-nao-covarde.html#primaryimage\"},\"datePublished\":\"2017-01-27T13:03:47+00:00\",\"dateModified\":\"2020-06-09T13:56:28+00:00\",\"author\":{\"@id\":\"https:\/\/franciscanos.org.br\/noticias\/#\/schema\/person\/b38fbf43118f02820bd932f2e4b14ad3\"},\"breadcrumb\":{\"@id\":\"https:\/\/franciscanos.org.br\/noticias\/papa-ser-cristao-e-ser-corajoso-nao-covarde.html#breadcrumb\"},\"inLanguage\":\"pt-BR\",\"potentialAction\":[{\"@type\":\"ReadAction\",\"target\":[\"https:\/\/franciscanos.org.br\/noticias\/papa-ser-cristao-e-ser-corajoso-nao-covarde.html\"]}]},{\"@type\":\"BreadcrumbList\",\"@id\":\"https:\/\/franciscanos.org.br\/noticias\/papa-ser-cristao-e-ser-corajoso-nao-covarde.html#breadcrumb\",\"itemListElement\":[{\"@type\":\"ListItem\",\"position\":1,\"name\":\"Home\",\"item\":\"https:\/\/franciscanos.org.br\/noticias\"},{\"@type\":\"ListItem\",\"position\":2,\"name\":\"&#8220;O crist\u00e3o \u00e9 um homem de mem\u00f3ria&#8221;, afirma Papa\"}]},{\"@type\":\"Person\",\"@id\":\"https:\/\/franciscanos.org.br\/noticias\/#\/schema\/person\/b38fbf43118f02820bd932f2e4b14ad3\",\"name\":\"admin\",\"image\":{\"@type\":\"ImageObject\",\"inLanguage\":\"pt-BR\",\"@id\":\"https:\/\/franciscanos.org.br\/noticias\/#\/schema\/person\/image\/\",\"url\":\"https:\/\/secure.gravatar.com\/avatar\/e8495742d34d0ba6448ea1c628263b3e?s=96&d=mm&r=g\",\"contentUrl\":\"https:\/\/secure.gravatar.com\/avatar\/e8495742d34d0ba6448ea1c628263b3e?s=96&d=mm&r=g\",\"caption\":\"admin\"},\"url\":\"https:\/\/franciscanos.org.br\/noticias\/author\/admin\"}]}<\/script>\n<!-- \/ Yoast SEO plugin. -->","yoast_head_json":{"title":"\"O crist\u00e3o \u00e9 um homem de mem\u00f3ria\", afirma Papa - Not\u00edcias - Franciscanos","robots":{"index":"index","follow":"follow","max-snippet":"max-snippet:-1","max-image-preview":"max-image-preview:large","max-video-preview":"max-video-preview:-1"},"canonical":"https:\/\/franciscanos.org.br\/noticias\/papa-ser-cristao-e-ser-corajoso-nao-covarde.html","og_locale":"pt_BR","og_type":"article","og_title":"\"O crist\u00e3o \u00e9 um homem de mem\u00f3ria\", afirma Papa - Not\u00edcias - Franciscanos","og_description":"Missa em Santa Marta","og_url":"https:\/\/franciscanos.org.br\/noticias\/papa-ser-cristao-e-ser-corajoso-nao-covarde.html","og_site_name":"Not\u00edcias - Franciscanos","article_published_time":"2017-01-27T13:03:47+00:00","article_modified_time":"2020-06-09T13:56:28+00:00","og_image":[{"width":273,"height":181,"url":"https:\/\/franciscanos.org.br\/noticias\/wp-content\/uploads\/2017\/01\/marta_270117.jpg","type":"image\/jpeg"}],"author":"admin","twitter_card":"summary_large_image","twitter_misc":{"Escrito por":"admin","Est. tempo de leitura":"4 minutos"},"schema":{"@context":"https:\/\/schema.org","@graph":[{"@type":"WebSite","@id":"https:\/\/franciscanos.org.br\/noticias\/#website","url":"https:\/\/franciscanos.org.br\/noticias\/","name":"Not\u00edcias - Franciscanos","description":"Prov\u00edncia Franciscana da Imaculada Concei\u00e7\u00e3o do Brasil - Ordem dos Frades Menores - OFM","potentialAction":[{"@type":"SearchAction","target":{"@type":"EntryPoint","urlTemplate":"https:\/\/franciscanos.org.br\/noticias\/?s={search_term_string}"},"query-input":"required name=search_term_string"}],"inLanguage":"pt-BR"},{"@type":"ImageObject","inLanguage":"pt-BR","@id":"https:\/\/franciscanos.org.br\/noticias\/papa-ser-cristao-e-ser-corajoso-nao-covarde.html#primaryimage","url":"https:\/\/franciscanos.org.br\/noticias\/wp-content\/uploads\/2017\/01\/marta_270117.jpg","contentUrl":"https:\/\/franciscanos.org.br\/noticias\/wp-content\/uploads\/2017\/01\/marta_270117.jpg","width":273,"height":181},{"@type":"WebPage","@id":"https:\/\/franciscanos.org.br\/noticias\/papa-ser-cristao-e-ser-corajoso-nao-covarde.html#webpage","url":"https:\/\/franciscanos.org.br\/noticias\/papa-ser-cristao-e-ser-corajoso-nao-covarde.html","name":"\"O crist\u00e3o \u00e9 um homem de mem\u00f3ria\", afirma Papa - Not\u00edcias - Franciscanos","isPartOf":{"@id":"https:\/\/franciscanos.org.br\/noticias\/#website"},"primaryImageOfPage":{"@id":"https:\/\/franciscanos.org.br\/noticias\/papa-ser-cristao-e-ser-corajoso-nao-covarde.html#primaryimage"},"datePublished":"2017-01-27T13:03:47+00:00","dateModified":"2020-06-09T13:56:28+00:00","author":{"@id":"https:\/\/franciscanos.org.br\/noticias\/#\/schema\/person\/b38fbf43118f02820bd932f2e4b14ad3"},"breadcrumb":{"@id":"https:\/\/franciscanos.org.br\/noticias\/papa-ser-cristao-e-ser-corajoso-nao-covarde.html#breadcrumb"},"inLanguage":"pt-BR","potentialAction":[{"@type":"ReadAction","target":["https:\/\/franciscanos.org.br\/noticias\/papa-ser-cristao-e-ser-corajoso-nao-covarde.html"]}]},{"@type":"BreadcrumbList","@id":"https:\/\/franciscanos.org.br\/noticias\/papa-ser-cristao-e-ser-corajoso-nao-covarde.html#breadcrumb","itemListElement":[{"@type":"ListItem","position":1,"name":"Home","item":"https:\/\/franciscanos.org.br\/noticias"},{"@type":"ListItem","position":2,"name":"&#8220;O crist\u00e3o \u00e9 um homem de mem\u00f3ria&#8221;, afirma Papa"}]},{"@type":"Person","@id":"https:\/\/franciscanos.org.br\/noticias\/#\/schema\/person\/b38fbf43118f02820bd932f2e4b14ad3","name":"admin","image":{"@type":"ImageObject","inLanguage":"pt-BR","@id":"https:\/\/franciscanos.org.br\/noticias\/#\/schema\/person\/image\/","url":"https:\/\/secure.gravatar.com\/avatar\/e8495742d34d0ba6448ea1c628263b3e?s=96&d=mm&r=g","contentUrl":"https:\/\/secure.gravatar.com\/avatar\/e8495742d34d0ba6448ea1c628263b3e?s=96&d=mm&r=g","caption":"admin"},"url":"https:\/\/franciscanos.org.br\/noticias\/author\/admin"}]}},"_links":{"self":[{"href":"https:\/\/franciscanos.org.br\/noticias\/wp-json\/wp\/v2\/posts\/125205"}],"collection":[{"href":"https:\/\/franciscanos.org.br\/noticias\/wp-json\/wp\/v2\/posts"}],"about":[{"href":"https:\/\/franciscanos.org.br\/noticias\/wp-json\/wp\/v2\/types\/post"}],"author":[{"embeddable":true,"href":"https:\/\/franciscanos.org.br\/noticias\/wp-json\/wp\/v2\/users\/1"}],"replies":[{"embeddable":true,"href":"https:\/\/franciscanos.org.br\/noticias\/wp-json\/wp\/v2\/comments?post=125205"}],"version-history":[{"count":1,"href":"https:\/\/franciscanos.org.br\/noticias\/wp-json\/wp\/v2\/posts\/125205\/revisions"}],"predecessor-version":[{"id":225469,"href":"https:\/\/franciscanos.org.br\/noticias\/wp-json\/wp\/v2\/posts\/125205\/revisions\/225469"}],"wp:featuredmedia":[{"embeddable":true,"href":"https:\/\/franciscanos.org.br\/noticias\/wp-json\/wp\/v2\/media\/195426"}],"wp:attachment":[{"href":"https:\/\/franciscanos.org.br\/noticias\/wp-json\/wp\/v2\/media?parent=125205"}],"wp:term":[{"taxonomy":"category","embeddable":true,"href":"https:\/\/franciscanos.org.br\/noticias\/wp-json\/wp\/v2\/categories?post=125205"},{"taxonomy":"post_tag","embeddable":true,"href":"https:\/\/franciscanos.org.br\/noticias\/wp-json\/wp\/v2\/tags?post=125205"}],"curies":[{"name":"wp","href":"https:\/\/api.w.org\/{rel}","templated":true}]}}