{"id":125046,"date":"2017-01-26T07:37:07","date_gmt":"2017-01-26T09:37:07","guid":{"rendered":"http:\/\/franciscanos.org.br\/?p=125046"},"modified":"2020-06-09T10:57:21","modified_gmt":"2020-06-09T13:57:21","slug":"fraternidade-santo-antonio-alerta-sobre-hanseniase","status":"publish","type":"post","link":"https:\/\/franciscanos.org.br\/noticias\/fraternidade-santo-antonio-alerta-sobre-hanseniase.html","title":{"rendered":"Fraternidade Santo Ant\u00f4nio alerta sobre hansen\u00edase"},"content":{"rendered":"<p><img loading=\"lazy\" class=\"alignright size-full wp-image-125047\" src=\"http:\/\/franciscanos.org.br\/wp-content\/uploads\/2017\/01\/ofs_260117_2.jpg\" alt=\"ofs_260117_2\" width=\"500\" height=\"328\" \/>O Dia Mundial de Luta contra a Hansen\u00edase foi institu\u00eddo em 1954 pela Organiza\u00e7\u00e3o Mundial de Sa\u00fade (OMS) e \u00e9 lembrado no \u00faltimo domingo de janeiro(<strong>dia 29 de janeiro<\/strong>). No Brasil, a data foi institu\u00edda pela Lei n.\u00ba 12.135, de 2009. A Fraternidade Santo Ant\u00f4nio de Duque de Caxias (RJ) da Ordem Franciscana Secular do Brasil (OFS) promover\u00e1 uma campanha de conscientiza\u00e7\u00e3o sobre a import\u00e2ncia do diagn\u00f3stico precoce da doen\u00e7a, al\u00e9m de combater o preconceito e o estigma aos hansenianos.<\/p>\n<p>A Fraternidade aderiu \u00e0 Campanha \u201cFranciscanos pela elimina\u00e7\u00e3o da Hanen\u00edase\u201d, em outubro de 2011 e, desde ent\u00e3o, divulga informa\u00e7\u00f5es de como prevenir e curar a doen\u00e7a. O objetivo geral do projeto \u00e9 realizar um trabalho socioeducativo e de articula\u00e7\u00e3o com o poder p\u00fablico e com a sociedade civil para a elimina\u00e7\u00e3o da hansen\u00edase no Brasil, alertando-a sobre a import\u00e2ncia do diagn\u00f3stico precoce da doen\u00e7a e oferecendo informa\u00e7\u00f5es.<\/p>\n<p>A Hansen\u00edase \u00e9 uma doen\u00e7a silenciosa e end\u00eamica, causada pelo bacilo \u2018Mycobacterium leprae\u2019, que ataca a pele e nervos perif\u00e9ricos, mas que tamb\u00e9m pode afetar outros \u00f3rg\u00e3os como o f\u00edgado, os test\u00edculos e os olhos. A doen\u00e7a se apresenta de maneira contagiosa ou n\u00e3o, sendo transmitida pelo ar. Os principais sinais da doen\u00e7a s\u00e3o manchas avermelhadas pelo corpo e sem sensibilidade. Al\u00e9m disso, o paciente pode ter dor neural (nos nervos), dorm\u00eancia, cansa\u00e7o e fisgadas nas pernas e nos p\u00e9s. Se esses sintomas surgirem \u00e9 necess\u00e1rio buscar um especialista. Quanto mais cedo a doen\u00e7a for diagnosticada, \u00e9 poss\u00edvel evitar les\u00f5es permanentes e poss\u00edveis amputa\u00e7\u00f5es. Em geral, os primeiros sintomas da doen\u00e7a aparecem entre tr\u00eas e cinco anos depois do contato com a bact\u00e9ria.<\/p>\n<p>O Brasil registrou 28.761 novos casos de hansen\u00edase em 2015, incluindo 24.612 novos casos. Segundo a OMS, foram registrados 211.973 novos casos em todo o mundo. A \u00cdndia det\u00e9m cerca de 60% dos casos mundiais, seguido pelo Brasil e a Indon\u00e9sia. Juntos, esses pa\u00edses respondem por 81% dos novos pacientes.<\/p>\n<p>A doen\u00e7a, que durante s\u00e9culos foi chamada de lepra, \u00e9 considerada praticamente extinta em pa\u00edses desenvolvidos. Os avan\u00e7os da ci\u00eancia garantiram o tratamento e cura da doen\u00e7a, mas para reduzir as estat\u00edsticas \u00e9 preciso que se intensifiquem esfor\u00e7os nas a\u00e7\u00f5es de preven\u00e7\u00e3o e no tratamento da doen\u00e7a sem interrup\u00e7\u00f5es.<\/p>\n<p><strong><img loading=\"lazy\" class=\"alignleft wp-image-125048\" src=\"http:\/\/franciscanos.org.br\/wp-content\/uploads\/2017\/01\/ofs_260117.jpg\" alt=\"ofs_260117\" width=\"330\" height=\"272\" \/>PLANEJAMENTO PARA 2017<\/strong><\/p>\n<p>A Fraternidade Santo Ant\u00f4nio de Duque de Caxias realizou, no \u00faltimo dia 22, a primeira reuni\u00e3o mensal de 2017. A fraternidade apresentou os resultados do Cap\u00edtulo Avaliativo realizado no \u00faltimo m\u00eas de novembro e o novo calend\u00e1rio de atividades para o corrente ano.<\/p>\n<p>Trazer para a realidade cotidiana as orienta\u00e7\u00f5es da Igreja e da Ordem Franciscana Secular \u00e9 a meta do Cap\u00edtulo Avaliativo e do trabalho de planejamento. O Esp\u00edrito Santo vem conduzindo a Igreja, abrindo novos caminhos pr\u00f3prios para os tempos de hoje.<\/p>\n<p>As delibera\u00e7\u00f5es foram aprovadas ap\u00f3s um intenso trabalho de consulta e avalia\u00e7\u00e3o que envolveu toda a fraternidade, de forma que os irm\u00e3os puderam construir propostas que pretendem contribuir para o avan\u00e7o da a\u00e7\u00e3o pastoral da Igreja consoantes com as Diretrizes Gerais da A\u00e7\u00e3o Evangelizadora da Igreja no Brasil.<\/p>\n<p>A ministra local, Aline Milani, fez uma retrospectiva com fotos das principais atividades promovidas em 2016 e dos eventos nos quais a fraternidade se fez presente na Catedral de Santo Ant\u00f4nio e no Regional Sudeste 2 da Ordem Franciscana Secular.<\/p>\n<p>Em 2017, por ocasi\u00e3o do Ano Vocacional e da celebra\u00e7\u00e3o dos 300 anos da devo\u00e7\u00e3o a Nossa Senhora Aparecida, a fraternidade desenvolver\u00e1 novos projetos vocacionais e de forma\u00e7\u00e3o, al\u00e9m do apostolado com as fam\u00edlias na perspectiva de uma Igreja em sa\u00edda segundo exorta\u00e7\u00e3o do Papa Francisco na Exorta\u00e7\u00e3o Apost\u00f3lica Evangelii Gaudium (do latim, \u2018Alegria do Evangelho\u2019).<\/p>\n<p>Que o Senhor da messe ajude-nos a perseverar nesta peregrina\u00e7\u00e3o rumo ao c\u00e9u, concedendo-nos coragem e entendimento para servi-lo com humildade onde for preciso.<\/p>\n<p style=\"padding-left: 30px;\"><em>Informa\u00e7\u00f5es sobre como ingressar na OFS podem ser obtidas pelo telefone (21) 2240-4565 ou pelo correio eletr\u00f4nico: ofsbr@terra.com.br<\/em><\/p>\n<p style=\"padding-left: 30px;\">\n","protected":false},"excerpt":{"rendered":"<p>OFS Duque de Caxias<\/p>\n","protected":false},"author":1,"featured_media":195434,"comment_status":"open","ping_status":"open","sticky":false,"template":"","format":"standard","meta":[],"categories":[1],"tags":[60],"acf":[],"yoast_head":"<!-- This site is optimized with the Yoast SEO plugin v19.2 - https:\/\/yoast.com\/wordpress\/plugins\/seo\/ -->\n<title>Fraternidade Santo Ant\u00f4nio alerta sobre hansen\u00edase - Not\u00edcias - Franciscanos<\/title>\n<meta name=\"robots\" content=\"index, follow, max-snippet:-1, max-image-preview:large, max-video-preview:-1\" \/>\n<link rel=\"canonical\" href=\"https:\/\/franciscanos.org.br\/noticias\/fraternidade-santo-antonio-alerta-sobre-hanseniase.html\" \/>\n<meta property=\"og:locale\" content=\"pt_BR\" \/>\n<meta property=\"og:type\" content=\"article\" \/>\n<meta property=\"og:title\" content=\"Fraternidade Santo Ant\u00f4nio alerta sobre hansen\u00edase - Not\u00edcias - Franciscanos\" \/>\n<meta property=\"og:description\" content=\"OFS Duque de Caxias\" \/>\n<meta property=\"og:url\" content=\"https:\/\/franciscanos.org.br\/noticias\/fraternidade-santo-antonio-alerta-sobre-hanseniase.html\" \/>\n<meta property=\"og:site_name\" content=\"Not\u00edcias - Franciscanos\" \/>\n<meta property=\"article:published_time\" content=\"2017-01-26T09:37:07+00:00\" \/>\n<meta property=\"article:modified_time\" content=\"2020-06-09T13:57:21+00:00\" \/>\n<meta property=\"og:image\" content=\"https:\/\/franciscanos.org.br\/noticias\/wp-content\/uploads\/2017\/01\/ofs_260117_2.jpg\" \/>\n\t<meta property=\"og:image:width\" content=\"273\" \/>\n\t<meta property=\"og:image:height\" content=\"181\" \/>\n\t<meta property=\"og:image:type\" content=\"image\/jpeg\" \/>\n<meta name=\"author\" content=\"admin\" \/>\n<meta name=\"twitter:card\" content=\"summary_large_image\" \/>\n<meta name=\"twitter:label1\" content=\"Escrito por\" \/>\n\t<meta name=\"twitter:data1\" content=\"admin\" \/>\n\t<meta name=\"twitter:label2\" content=\"Est. tempo de leitura\" \/>\n\t<meta name=\"twitter:data2\" content=\"4 minutos\" \/>\n<script type=\"application\/ld+json\" class=\"yoast-schema-graph\">{\"@context\":\"https:\/\/schema.org\",\"@graph\":[{\"@type\":\"WebSite\",\"@id\":\"https:\/\/franciscanos.org.br\/noticias\/#website\",\"url\":\"https:\/\/franciscanos.org.br\/noticias\/\",\"name\":\"Not\u00edcias - Franciscanos\",\"description\":\"Prov\u00edncia Franciscana da Imaculada Concei\u00e7\u00e3o do Brasil - Ordem dos Frades Menores - OFM\",\"potentialAction\":[{\"@type\":\"SearchAction\",\"target\":{\"@type\":\"EntryPoint\",\"urlTemplate\":\"https:\/\/franciscanos.org.br\/noticias\/?s={search_term_string}\"},\"query-input\":\"required name=search_term_string\"}],\"inLanguage\":\"pt-BR\"},{\"@type\":\"ImageObject\",\"inLanguage\":\"pt-BR\",\"@id\":\"https:\/\/franciscanos.org.br\/noticias\/fraternidade-santo-antonio-alerta-sobre-hanseniase.html#primaryimage\",\"url\":\"https:\/\/franciscanos.org.br\/noticias\/wp-content\/uploads\/2017\/01\/ofs_260117_2.jpg\",\"contentUrl\":\"https:\/\/franciscanos.org.br\/noticias\/wp-content\/uploads\/2017\/01\/ofs_260117_2.jpg\",\"width\":273,\"height\":181},{\"@type\":\"WebPage\",\"@id\":\"https:\/\/franciscanos.org.br\/noticias\/fraternidade-santo-antonio-alerta-sobre-hanseniase.html#webpage\",\"url\":\"https:\/\/franciscanos.org.br\/noticias\/fraternidade-santo-antonio-alerta-sobre-hanseniase.html\",\"name\":\"Fraternidade Santo Ant\u00f4nio alerta sobre hansen\u00edase - Not\u00edcias - Franciscanos\",\"isPartOf\":{\"@id\":\"https:\/\/franciscanos.org.br\/noticias\/#website\"},\"primaryImageOfPage\":{\"@id\":\"https:\/\/franciscanos.org.br\/noticias\/fraternidade-santo-antonio-alerta-sobre-hanseniase.html#primaryimage\"},\"datePublished\":\"2017-01-26T09:37:07+00:00\",\"dateModified\":\"2020-06-09T13:57:21+00:00\",\"author\":{\"@id\":\"https:\/\/franciscanos.org.br\/noticias\/#\/schema\/person\/b38fbf43118f02820bd932f2e4b14ad3\"},\"breadcrumb\":{\"@id\":\"https:\/\/franciscanos.org.br\/noticias\/fraternidade-santo-antonio-alerta-sobre-hanseniase.html#breadcrumb\"},\"inLanguage\":\"pt-BR\",\"potentialAction\":[{\"@type\":\"ReadAction\",\"target\":[\"https:\/\/franciscanos.org.br\/noticias\/fraternidade-santo-antonio-alerta-sobre-hanseniase.html\"]}]},{\"@type\":\"BreadcrumbList\",\"@id\":\"https:\/\/franciscanos.org.br\/noticias\/fraternidade-santo-antonio-alerta-sobre-hanseniase.html#breadcrumb\",\"itemListElement\":[{\"@type\":\"ListItem\",\"position\":1,\"name\":\"Home\",\"item\":\"https:\/\/franciscanos.org.br\/noticias\"},{\"@type\":\"ListItem\",\"position\":2,\"name\":\"Fraternidade Santo Ant\u00f4nio alerta sobre hansen\u00edase\"}]},{\"@type\":\"Person\",\"@id\":\"https:\/\/franciscanos.org.br\/noticias\/#\/schema\/person\/b38fbf43118f02820bd932f2e4b14ad3\",\"name\":\"admin\",\"image\":{\"@type\":\"ImageObject\",\"inLanguage\":\"pt-BR\",\"@id\":\"https:\/\/franciscanos.org.br\/noticias\/#\/schema\/person\/image\/\",\"url\":\"https:\/\/secure.gravatar.com\/avatar\/e8495742d34d0ba6448ea1c628263b3e?s=96&d=mm&r=g\",\"contentUrl\":\"https:\/\/secure.gravatar.com\/avatar\/e8495742d34d0ba6448ea1c628263b3e?s=96&d=mm&r=g\",\"caption\":\"admin\"},\"url\":\"https:\/\/franciscanos.org.br\/noticias\/author\/admin\"}]}<\/script>\n<!-- \/ Yoast SEO plugin. -->","yoast_head_json":{"title":"Fraternidade Santo Ant\u00f4nio alerta sobre hansen\u00edase - Not\u00edcias - Franciscanos","robots":{"index":"index","follow":"follow","max-snippet":"max-snippet:-1","max-image-preview":"max-image-preview:large","max-video-preview":"max-video-preview:-1"},"canonical":"https:\/\/franciscanos.org.br\/noticias\/fraternidade-santo-antonio-alerta-sobre-hanseniase.html","og_locale":"pt_BR","og_type":"article","og_title":"Fraternidade Santo Ant\u00f4nio alerta sobre hansen\u00edase - Not\u00edcias - Franciscanos","og_description":"OFS Duque de Caxias","og_url":"https:\/\/franciscanos.org.br\/noticias\/fraternidade-santo-antonio-alerta-sobre-hanseniase.html","og_site_name":"Not\u00edcias - Franciscanos","article_published_time":"2017-01-26T09:37:07+00:00","article_modified_time":"2020-06-09T13:57:21+00:00","og_image":[{"width":273,"height":181,"url":"https:\/\/franciscanos.org.br\/noticias\/wp-content\/uploads\/2017\/01\/ofs_260117_2.jpg","type":"image\/jpeg"}],"author":"admin","twitter_card":"summary_large_image","twitter_misc":{"Escrito por":"admin","Est. tempo de leitura":"4 minutos"},"schema":{"@context":"https:\/\/schema.org","@graph":[{"@type":"WebSite","@id":"https:\/\/franciscanos.org.br\/noticias\/#website","url":"https:\/\/franciscanos.org.br\/noticias\/","name":"Not\u00edcias - Franciscanos","description":"Prov\u00edncia Franciscana da Imaculada Concei\u00e7\u00e3o do Brasil - Ordem dos Frades Menores - OFM","potentialAction":[{"@type":"SearchAction","target":{"@type":"EntryPoint","urlTemplate":"https:\/\/franciscanos.org.br\/noticias\/?s={search_term_string}"},"query-input":"required name=search_term_string"}],"inLanguage":"pt-BR"},{"@type":"ImageObject","inLanguage":"pt-BR","@id":"https:\/\/franciscanos.org.br\/noticias\/fraternidade-santo-antonio-alerta-sobre-hanseniase.html#primaryimage","url":"https:\/\/franciscanos.org.br\/noticias\/wp-content\/uploads\/2017\/01\/ofs_260117_2.jpg","contentUrl":"https:\/\/franciscanos.org.br\/noticias\/wp-content\/uploads\/2017\/01\/ofs_260117_2.jpg","width":273,"height":181},{"@type":"WebPage","@id":"https:\/\/franciscanos.org.br\/noticias\/fraternidade-santo-antonio-alerta-sobre-hanseniase.html#webpage","url":"https:\/\/franciscanos.org.br\/noticias\/fraternidade-santo-antonio-alerta-sobre-hanseniase.html","name":"Fraternidade Santo Ant\u00f4nio alerta sobre hansen\u00edase - Not\u00edcias - Franciscanos","isPartOf":{"@id":"https:\/\/franciscanos.org.br\/noticias\/#website"},"primaryImageOfPage":{"@id":"https:\/\/franciscanos.org.br\/noticias\/fraternidade-santo-antonio-alerta-sobre-hanseniase.html#primaryimage"},"datePublished":"2017-01-26T09:37:07+00:00","dateModified":"2020-06-09T13:57:21+00:00","author":{"@id":"https:\/\/franciscanos.org.br\/noticias\/#\/schema\/person\/b38fbf43118f02820bd932f2e4b14ad3"},"breadcrumb":{"@id":"https:\/\/franciscanos.org.br\/noticias\/fraternidade-santo-antonio-alerta-sobre-hanseniase.html#breadcrumb"},"inLanguage":"pt-BR","potentialAction":[{"@type":"ReadAction","target":["https:\/\/franciscanos.org.br\/noticias\/fraternidade-santo-antonio-alerta-sobre-hanseniase.html"]}]},{"@type":"BreadcrumbList","@id":"https:\/\/franciscanos.org.br\/noticias\/fraternidade-santo-antonio-alerta-sobre-hanseniase.html#breadcrumb","itemListElement":[{"@type":"ListItem","position":1,"name":"Home","item":"https:\/\/franciscanos.org.br\/noticias"},{"@type":"ListItem","position":2,"name":"Fraternidade Santo Ant\u00f4nio alerta sobre hansen\u00edase"}]},{"@type":"Person","@id":"https:\/\/franciscanos.org.br\/noticias\/#\/schema\/person\/b38fbf43118f02820bd932f2e4b14ad3","name":"admin","image":{"@type":"ImageObject","inLanguage":"pt-BR","@id":"https:\/\/franciscanos.org.br\/noticias\/#\/schema\/person\/image\/","url":"https:\/\/secure.gravatar.com\/avatar\/e8495742d34d0ba6448ea1c628263b3e?s=96&d=mm&r=g","contentUrl":"https:\/\/secure.gravatar.com\/avatar\/e8495742d34d0ba6448ea1c628263b3e?s=96&d=mm&r=g","caption":"admin"},"url":"https:\/\/franciscanos.org.br\/noticias\/author\/admin"}]}},"_links":{"self":[{"href":"https:\/\/franciscanos.org.br\/noticias\/wp-json\/wp\/v2\/posts\/125046"}],"collection":[{"href":"https:\/\/franciscanos.org.br\/noticias\/wp-json\/wp\/v2\/posts"}],"about":[{"href":"https:\/\/franciscanos.org.br\/noticias\/wp-json\/wp\/v2\/types\/post"}],"author":[{"embeddable":true,"href":"https:\/\/franciscanos.org.br\/noticias\/wp-json\/wp\/v2\/users\/1"}],"replies":[{"embeddable":true,"href":"https:\/\/franciscanos.org.br\/noticias\/wp-json\/wp\/v2\/comments?post=125046"}],"version-history":[{"count":1,"href":"https:\/\/franciscanos.org.br\/noticias\/wp-json\/wp\/v2\/posts\/125046\/revisions"}],"predecessor-version":[{"id":225471,"href":"https:\/\/franciscanos.org.br\/noticias\/wp-json\/wp\/v2\/posts\/125046\/revisions\/225471"}],"wp:featuredmedia":[{"embeddable":true,"href":"https:\/\/franciscanos.org.br\/noticias\/wp-json\/wp\/v2\/media\/195434"}],"wp:attachment":[{"href":"https:\/\/franciscanos.org.br\/noticias\/wp-json\/wp\/v2\/media?parent=125046"}],"wp:term":[{"taxonomy":"category","embeddable":true,"href":"https:\/\/franciscanos.org.br\/noticias\/wp-json\/wp\/v2\/categories?post=125046"},{"taxonomy":"post_tag","embeddable":true,"href":"https:\/\/franciscanos.org.br\/noticias\/wp-json\/wp\/v2\/tags?post=125046"}],"curies":[{"name":"wp","href":"https:\/\/api.w.org\/{rel}","templated":true}]}}