{"id":124922,"date":"2017-01-23T07:21:47","date_gmt":"2017-01-23T09:21:47","guid":{"rendered":"http:\/\/franciscanos.org.br\/?p=124922"},"modified":"2020-08-05T11:27:33","modified_gmt":"2020-08-05T14:27:33","slug":"papa-converter-se-nao-e-mudar-de-roupa-mas-de-atitude","status":"publish","type":"post","link":"https:\/\/franciscanos.org.br\/noticias\/papa-converter-se-nao-e-mudar-de-roupa-mas-de-atitude.html","title":{"rendered":"Papa: Converter-se n\u00e3o \u00e9 mudar de roupa mas de atitude"},"content":{"rendered":"<div id=\"attachment_227457\" style=\"width: 1010px\" class=\"wp-caption alignnone\"><img aria-describedby=\"caption-attachment-227457\" loading=\"lazy\" class=\"wp-image-227457 size-full\" src=\"https:\/\/franciscanos.org.br\/noticias\/wp-content\/uploads\/2018\/04\/papa_vatican_0408.jpg\" alt=\"\" width=\"1000\" height=\"563\" srcset=\"https:\/\/franciscanos.org.br\/noticias\/wp-content\/uploads\/2018\/04\/papa_vatican_0408.jpg 1000w, https:\/\/franciscanos.org.br\/noticias\/wp-content\/uploads\/2018\/04\/papa_vatican_0408-450x253.jpg 450w, https:\/\/franciscanos.org.br\/noticias\/wp-content\/uploads\/2018\/04\/papa_vatican_0408-768x432.jpg 768w, https:\/\/franciscanos.org.br\/noticias\/wp-content\/uploads\/2018\/04\/papa_vatican_0408-150x84.jpg 150w\" sizes=\"(max-width: 1000px) 100vw, 1000px\" \/><p id=\"caption-attachment-227457\" class=\"wp-caption-text\">\u00a0 \u00a0 \u00a0 \u00a0 \u00a0 \u00a0 \u00a0 \u00a0 \u00a0 \u00a0 \u00a0 \u00a0 \u00a0 \u00a0 \u00a0 \u00a0 \u00a0 \u00a0 \u00a0 \u00a0 \u00a0 \u00a0 \u00a0 \u00a0 \u00a0 \u00a0 \u00a0 \u00a0 \u00a0 \u00a0 \u00a0 \u00a0 \u00a0 \u00a0 \u00a0 \u00a0 \u00a0 \u00a0 \u00a0 \u00a0 \u00a0 \u00a0 \u00a0 \u00a0 \u00a0 \u00a0 \u00a0 \u00a0 \u00a0 \u00a0 \u00a0 \u00a0 \u00a0 \u00a0 \u00a0 \u00a0 \u00a0 \u00a0 \u00a0 \u00a0 \u00a0 \u00a0 \u00a0 \u00a0 \u00a0 \u00a0 \u00a0 \u00a0 <em>\u00a0 \u00a0 \u00a0 \u00a0 \u00a0 \u00a0Imagem: Vatican News<\/em><\/p><\/div>\n<p><strong>Cidade do Vaticano<\/strong> \u2013 \u201cN\u00f3s, crist\u00e3os de hoje, temos a alegria de proclamar e testemunhar a nossa f\u00e9, porque houve aquele primeiro an\u00fancio, porque houve aqueles homens humildes e corajosos que responderam generosamente ao chamado de Jesus\u201d. Foi o que disse o Papa Francisco na sua alocu\u00e7\u00e3o que precedeu a ora\u00e7\u00e3o mariana do Angelus na Pra\u00e7a de S\u00e3o Pedro neste domingo (22\/1), na qual ele comentou a passagem do Evangelho sobre o in\u00edcio da prega\u00e7\u00e3o de Jesus na Galileia e o chamado dos ap\u00f3stolos.<\/p>\n<p>&#8220;O Evangelho deste domingo narra o in\u00edcio da prega\u00e7\u00e3o de Jesus na Galileia. Ele deixa Nazar\u00e9, um vilarejo nas montanhas, e se estabelece em Cafarnaum, um importante centro \u00e0 margem do lago, habitado principalmente por pag\u00e3os, o ponto de cruzamento entre o Mediterr\u00e2neo e o interior da Mesopot\u00e2mia. Esta escolha significa que os destinat\u00e1rios de sua prega\u00e7\u00e3o n\u00e3o s\u00e3o apenas seus compatriotas, mas todos aqueles que chegam \u00e0 cosmopolita \u201cGalileia das na\u00e7\u00f5es\u201d.<\/p>\n<p>Vista da capital Jerusal\u00e9m, aquela terra &#8211; continuou Francisco &#8211; \u00e9 geograficamente perif\u00e9rica e religiosamente impura, por causa da mistura com aqueles que n\u00e3o pertenciam a Israel. Da Galileia n\u00e3o se esperavam certamente grandes coisas para a hist\u00f3ria da salva\u00e7\u00e3o. No entanto, dali se espalha a \u201cluz\u201d sobre a qual refletimos nos domingos passados: a luz de Cristo.<\/p>\n<p>A mensagem de Jesus espelha a de Batista, anunciando o \u201creino dos c\u00e9us\u201d. Este reino n\u00e3o comporta o estabelecimento de um novo poder pol\u00edtico, mas o cumprimento da alian\u00e7a entre Deus e seu povo, que vai inaugurar uma \u00e9poca de paz e justi\u00e7a. Para realizar este pacto de alian\u00e7a com Deus, &#8211; afirmou o Papa &#8211; cada um \u00e9 chamado a converter-se, transformando sua maneira de pensar e de viver. N\u00e3o se trata de mudar as roupas, mas as atitudes!<br \/>\n&#8220;O que diferencia Jesus de Jo\u00e3o Batista \u2013 destacou o Papa \u2013 \u00e9 o estio, o m\u00e9todo. Jesus escolhe ser profeta itinerante. Ele n\u00e3o espera as pessoas, mas se move ao encontro delas&#8221;.<\/p>\n<p>As primeiras sa\u00eddas mission\u00e1rias de Jesus ocorrem ao longo do lago da Galileia, em contato com a multid\u00e3o, especialmente com os pescadores. Al\u00ed Jesus n\u00e3o s\u00f3 proclama a vinda do reino de Deus, mas procura os companheiros para associar \u00e0 sua miss\u00e3o de salva\u00e7\u00e3o. Neste mesmo lugar encontra dois pares de irm\u00e3os: Sim\u00e3o e Andr\u00e9, Tiago e Jo\u00e3o; Ele os chama dizendo: &#8220;Sigam-me, eu vos farei pescadores de homens&#8221;. O chamado os alcan\u00e7a no auge de suas atividades di\u00e1rias: o Senhor se revela a n\u00f3s n\u00e3o de modo extraordin\u00e1rio ou sensacional, mas na quotidianidade de nossas vidas. A resposta dos quatro pescadores \u00e9 imediata e pronta: &#8220;No mesmo instante eles deixaram as suas redes e o seguiram&#8221;.<\/p>\n<p>&#8220;N\u00f3s, os crist\u00e3os de hoje, temos a alegria de proclamar e testemunhar a nossa f\u00e9 porque houve aquele primeiro an\u00fancio, porque houve aqueles homens humildes e corajosos que responderam generosamente ao chamado de Jesus&#8221;.<\/p>\n<p>&#8220;\u00c0s margens do lago, em uma terra impens\u00e1vel, nasceu a primeira comunidade de disc\u00edpulos de Cristo. A consci\u00eancia destes princ\u00edpios inspire em n\u00f3s o desejo de levar a palavra, o amor e a ternura de Jesus em todos os contextos, at\u00e9 mesmo ao mais imperme\u00e1vel e resistente. Todos os espa\u00e7os da vida humana s\u00e3o terreno onde lan\u00e7ar as sementes do Evangelho, para dar frutos de salva\u00e7\u00e3o&#8221;.<\/p>\n<p>Francisco concluiu pedindo que a Virgem Maria nos ajude com a sua intercess\u00e3o materna a responder com alegria ao chamado de Jesus e nos coloque a servi\u00e7o do Reino de Deus.<\/p>\n<p>Em seguida concedeu a todos a sua Ben\u00e7\u00e3o Apost\u00f3lica.<\/p>\n<p>Ap\u00f3s a ora\u00e7\u00e3o do Angelus o Papa Francisco dirigiu novamente suas palavras aos fi\u00e9is reunidos na Pra\u00e7a S\u00e3o Pedro recordando que estamos vivendo a \u201cSemana de Ora\u00e7\u00e3o pela Unidade dos Crist\u00e3os\u201d, que no Brasil celebramos entre Ascens\u00e3o e Pentecostes. Este ano o tema escolhida \u00e9 uma express\u00e3o de S\u00e3o Paulo que indica o caminho a seguir: \u201cO amor de Cristo nos impulsione \u00e0 reconcilia\u00e7\u00e3o\u201d.<\/p>\n<p>O Santo Padre recordou que na pr\u00f3xima quarta-feira, na conclus\u00e3o da Semana de Ora\u00e7\u00e3o ir\u00e1 presidir a celebra\u00e7\u00e3o das V\u00e9speras na Bas\u00edlica S\u00e3o Paulo fora dos Muros, da qual participar\u00e3o os fi\u00e9is e as irm\u00e3s de outras Igrejas e Comunidades crist\u00e3s presentes em Roma. A R\u00e1dio Vaticano transmite ao vivo a celebra\u00e7\u00e3o com coment\u00e1rios em portugu\u00eas, a partir das 14h25, hora de Bras\u00edlia.<\/p>\n<p><strong>Terremoto na It\u00e1lia<\/strong><\/p>\n<p>O Papa Francisco recordou ainda os momentos dif\u00edceis que a popula\u00e7\u00e3o da It\u00e1lia central est\u00e1 passando devido ao terremoto e as fortes nevadas que novamente colocaram \u00e0 dura prova principalmente as regi\u00f5es de Abruzzo, Marcas e L\u00e1zio.<\/p>\n<p>\u201cEstou pr\u00f3ximo com a ora\u00e7\u00e3o e afeto \u00e0s fam\u00edlias que tiveram v\u00edtimas entre seus entes queridos &#8211; acrescentou. Encorajo todos aqueles envolvidos com grande generosidade nos trabalhos de aux\u00edlio e assist\u00eancia; bem como as Igrejas locais, que est\u00e3o trabalhando para aliviar os sofrimentos e as dificuldades. Muito obrigado por essa proximidade, pelo seu trabalho e ajuda concreta que que voc\u00eas levam\u201d.<\/p>\n<p>Obrigado, disse ainda o Papa e convido voc\u00eas \u2013 dirigindo-se ao fi\u00e9is &#8211; para rezar juntos a Nossa Senhora pelas v\u00edtimas e tamb\u00e9m por aqueles que com grande generosidade se empenham nos trabalhos de socorro\u201d. Francisco ent\u00e3o recitou uma Ave Maria com os fi\u00e9is e peregrinos na Pra\u00e7a S\u00e3o Pedro.<\/p>\n<p><strong>Ano Novo Lunar em 28 de janeiro<\/strong><\/p>\n<p>O Papa Francisco dirigiu ainda uma sauda\u00e7\u00e3o aos &#8220;milh\u00f5es de homens e mulheres que se preparam para comemorar o Ano Novo Lunar em 28 de janeiro, no Extremo Oriente e v\u00e1rias partes do mundo\u201d.\u00a0\u201cA minha sauda\u00e7\u00e3o cordial chegue a todos os seus familiares &#8211; disse Bergoglio &#8211; com a esperan\u00e7a de que esses se tornem sempre mais uma escola onde se aprenda a respeitar o outro, a comunicar e a cuidar uns dos outros de modo desinteressado. Que a alegria do amor propague-se no seio das fam\u00edlias e a partir delas irradie-se em toda a sociedade\u201d.<\/p>\n<p>O Papa saudou ainda os \u201cfi\u00e9is de Roma e os peregrinos de v\u00e1rios pa\u00edses, em especialmente o grupo de jovens do Panam\u00e1 e estudantes Instituto \u201cDiego S\u00e1nchez\u201d de Talavera la Real (Espanha).<\/p>\n<hr \/>\n<p><em>Fonte: R\u00e1dio Vaticano<\/em><\/p>\n","protected":false},"excerpt":{"rendered":"<p>Angelus<\/p>\n","protected":false},"author":1,"featured_media":227458,"comment_status":"open","ping_status":"open","sticky":false,"template":"","format":"standard","meta":[],"categories":[1428],"tags":[403],"acf":[],"yoast_head":"<!-- This site is optimized with the Yoast SEO plugin v19.2 - https:\/\/yoast.com\/wordpress\/plugins\/seo\/ -->\n<title>Papa: Converter-se n\u00e3o \u00e9 mudar de roupa mas de atitude - Not\u00edcias - Franciscanos<\/title>\n<meta name=\"robots\" content=\"index, follow, max-snippet:-1, max-image-preview:large, max-video-preview:-1\" \/>\n<link rel=\"canonical\" href=\"https:\/\/franciscanos.org.br\/noticias\/papa-converter-se-nao-e-mudar-de-roupa-mas-de-atitude.html\" \/>\n<meta property=\"og:locale\" content=\"pt_BR\" \/>\n<meta property=\"og:type\" content=\"article\" \/>\n<meta property=\"og:title\" content=\"Papa: Converter-se n\u00e3o \u00e9 mudar de roupa mas de atitude - Not\u00edcias - Franciscanos\" \/>\n<meta property=\"og:description\" content=\"Angelus\" \/>\n<meta property=\"og:url\" content=\"https:\/\/franciscanos.org.br\/noticias\/papa-converter-se-nao-e-mudar-de-roupa-mas-de-atitude.html\" \/>\n<meta property=\"og:site_name\" content=\"Not\u00edcias - Franciscanos\" \/>\n<meta property=\"article:published_time\" content=\"2017-01-23T09:21:47+00:00\" \/>\n<meta property=\"article:modified_time\" content=\"2020-08-05T14:27:33+00:00\" \/>\n<meta property=\"og:image\" content=\"https:\/\/franciscanos.org.br\/noticias\/wp-content\/uploads\/2018\/04\/papa_vatican_0408d.jpg\" \/>\n\t<meta property=\"og:image:width\" content=\"800\" \/>\n\t<meta property=\"og:image:height\" content=\"601\" \/>\n\t<meta property=\"og:image:type\" content=\"image\/jpeg\" \/>\n<meta name=\"author\" content=\"admin\" \/>\n<meta name=\"twitter:card\" content=\"summary_large_image\" \/>\n<meta name=\"twitter:label1\" content=\"Escrito por\" \/>\n\t<meta name=\"twitter:data1\" content=\"admin\" \/>\n\t<meta name=\"twitter:label2\" content=\"Est. tempo de leitura\" \/>\n\t<meta name=\"twitter:data2\" content=\"6 minutos\" \/>\n<script type=\"application\/ld+json\" class=\"yoast-schema-graph\">{\"@context\":\"https:\/\/schema.org\",\"@graph\":[{\"@type\":\"WebSite\",\"@id\":\"https:\/\/franciscanos.org.br\/noticias\/#website\",\"url\":\"https:\/\/franciscanos.org.br\/noticias\/\",\"name\":\"Not\u00edcias - Franciscanos\",\"description\":\"Prov\u00edncia Franciscana da Imaculada Concei\u00e7\u00e3o do Brasil - Ordem dos Frades Menores - OFM\",\"potentialAction\":[{\"@type\":\"SearchAction\",\"target\":{\"@type\":\"EntryPoint\",\"urlTemplate\":\"https:\/\/franciscanos.org.br\/noticias\/?s={search_term_string}\"},\"query-input\":\"required name=search_term_string\"}],\"inLanguage\":\"pt-BR\"},{\"@type\":\"ImageObject\",\"inLanguage\":\"pt-BR\",\"@id\":\"https:\/\/franciscanos.org.br\/noticias\/papa-converter-se-nao-e-mudar-de-roupa-mas-de-atitude.html#primaryimage\",\"url\":\"https:\/\/franciscanos.org.br\/noticias\/wp-content\/uploads\/2018\/04\/papa_vatican_0408d.jpg\",\"contentUrl\":\"https:\/\/franciscanos.org.br\/noticias\/wp-content\/uploads\/2018\/04\/papa_vatican_0408d.jpg\",\"width\":800,\"height\":601},{\"@type\":\"WebPage\",\"@id\":\"https:\/\/franciscanos.org.br\/noticias\/papa-converter-se-nao-e-mudar-de-roupa-mas-de-atitude.html#webpage\",\"url\":\"https:\/\/franciscanos.org.br\/noticias\/papa-converter-se-nao-e-mudar-de-roupa-mas-de-atitude.html\",\"name\":\"Papa: Converter-se n\u00e3o \u00e9 mudar de roupa mas de atitude - Not\u00edcias - Franciscanos\",\"isPartOf\":{\"@id\":\"https:\/\/franciscanos.org.br\/noticias\/#website\"},\"primaryImageOfPage\":{\"@id\":\"https:\/\/franciscanos.org.br\/noticias\/papa-converter-se-nao-e-mudar-de-roupa-mas-de-atitude.html#primaryimage\"},\"datePublished\":\"2017-01-23T09:21:47+00:00\",\"dateModified\":\"2020-08-05T14:27:33+00:00\",\"author\":{\"@id\":\"https:\/\/franciscanos.org.br\/noticias\/#\/schema\/person\/b38fbf43118f02820bd932f2e4b14ad3\"},\"breadcrumb\":{\"@id\":\"https:\/\/franciscanos.org.br\/noticias\/papa-converter-se-nao-e-mudar-de-roupa-mas-de-atitude.html#breadcrumb\"},\"inLanguage\":\"pt-BR\",\"potentialAction\":[{\"@type\":\"ReadAction\",\"target\":[\"https:\/\/franciscanos.org.br\/noticias\/papa-converter-se-nao-e-mudar-de-roupa-mas-de-atitude.html\"]}]},{\"@type\":\"BreadcrumbList\",\"@id\":\"https:\/\/franciscanos.org.br\/noticias\/papa-converter-se-nao-e-mudar-de-roupa-mas-de-atitude.html#breadcrumb\",\"itemListElement\":[{\"@type\":\"ListItem\",\"position\":1,\"name\":\"Home\",\"item\":\"https:\/\/franciscanos.org.br\/noticias\"},{\"@type\":\"ListItem\",\"position\":2,\"name\":\"Papa: Converter-se n\u00e3o \u00e9 mudar de roupa mas de atitude\"}]},{\"@type\":\"Person\",\"@id\":\"https:\/\/franciscanos.org.br\/noticias\/#\/schema\/person\/b38fbf43118f02820bd932f2e4b14ad3\",\"name\":\"admin\",\"image\":{\"@type\":\"ImageObject\",\"inLanguage\":\"pt-BR\",\"@id\":\"https:\/\/franciscanos.org.br\/noticias\/#\/schema\/person\/image\/\",\"url\":\"https:\/\/secure.gravatar.com\/avatar\/e8495742d34d0ba6448ea1c628263b3e?s=96&d=mm&r=g\",\"contentUrl\":\"https:\/\/secure.gravatar.com\/avatar\/e8495742d34d0ba6448ea1c628263b3e?s=96&d=mm&r=g\",\"caption\":\"admin\"},\"url\":\"https:\/\/franciscanos.org.br\/noticias\/author\/admin\"}]}<\/script>\n<!-- \/ Yoast SEO plugin. -->","yoast_head_json":{"title":"Papa: Converter-se n\u00e3o \u00e9 mudar de roupa mas de atitude - Not\u00edcias - Franciscanos","robots":{"index":"index","follow":"follow","max-snippet":"max-snippet:-1","max-image-preview":"max-image-preview:large","max-video-preview":"max-video-preview:-1"},"canonical":"https:\/\/franciscanos.org.br\/noticias\/papa-converter-se-nao-e-mudar-de-roupa-mas-de-atitude.html","og_locale":"pt_BR","og_type":"article","og_title":"Papa: Converter-se n\u00e3o \u00e9 mudar de roupa mas de atitude - Not\u00edcias - Franciscanos","og_description":"Angelus","og_url":"https:\/\/franciscanos.org.br\/noticias\/papa-converter-se-nao-e-mudar-de-roupa-mas-de-atitude.html","og_site_name":"Not\u00edcias - Franciscanos","article_published_time":"2017-01-23T09:21:47+00:00","article_modified_time":"2020-08-05T14:27:33+00:00","og_image":[{"width":800,"height":601,"url":"https:\/\/franciscanos.org.br\/noticias\/wp-content\/uploads\/2018\/04\/papa_vatican_0408d.jpg","type":"image\/jpeg"}],"author":"admin","twitter_card":"summary_large_image","twitter_misc":{"Escrito por":"admin","Est. tempo de leitura":"6 minutos"},"schema":{"@context":"https:\/\/schema.org","@graph":[{"@type":"WebSite","@id":"https:\/\/franciscanos.org.br\/noticias\/#website","url":"https:\/\/franciscanos.org.br\/noticias\/","name":"Not\u00edcias - Franciscanos","description":"Prov\u00edncia Franciscana da Imaculada Concei\u00e7\u00e3o do Brasil - Ordem dos Frades Menores - OFM","potentialAction":[{"@type":"SearchAction","target":{"@type":"EntryPoint","urlTemplate":"https:\/\/franciscanos.org.br\/noticias\/?s={search_term_string}"},"query-input":"required name=search_term_string"}],"inLanguage":"pt-BR"},{"@type":"ImageObject","inLanguage":"pt-BR","@id":"https:\/\/franciscanos.org.br\/noticias\/papa-converter-se-nao-e-mudar-de-roupa-mas-de-atitude.html#primaryimage","url":"https:\/\/franciscanos.org.br\/noticias\/wp-content\/uploads\/2018\/04\/papa_vatican_0408d.jpg","contentUrl":"https:\/\/franciscanos.org.br\/noticias\/wp-content\/uploads\/2018\/04\/papa_vatican_0408d.jpg","width":800,"height":601},{"@type":"WebPage","@id":"https:\/\/franciscanos.org.br\/noticias\/papa-converter-se-nao-e-mudar-de-roupa-mas-de-atitude.html#webpage","url":"https:\/\/franciscanos.org.br\/noticias\/papa-converter-se-nao-e-mudar-de-roupa-mas-de-atitude.html","name":"Papa: Converter-se n\u00e3o \u00e9 mudar de roupa mas de atitude - Not\u00edcias - Franciscanos","isPartOf":{"@id":"https:\/\/franciscanos.org.br\/noticias\/#website"},"primaryImageOfPage":{"@id":"https:\/\/franciscanos.org.br\/noticias\/papa-converter-se-nao-e-mudar-de-roupa-mas-de-atitude.html#primaryimage"},"datePublished":"2017-01-23T09:21:47+00:00","dateModified":"2020-08-05T14:27:33+00:00","author":{"@id":"https:\/\/franciscanos.org.br\/noticias\/#\/schema\/person\/b38fbf43118f02820bd932f2e4b14ad3"},"breadcrumb":{"@id":"https:\/\/franciscanos.org.br\/noticias\/papa-converter-se-nao-e-mudar-de-roupa-mas-de-atitude.html#breadcrumb"},"inLanguage":"pt-BR","potentialAction":[{"@type":"ReadAction","target":["https:\/\/franciscanos.org.br\/noticias\/papa-converter-se-nao-e-mudar-de-roupa-mas-de-atitude.html"]}]},{"@type":"BreadcrumbList","@id":"https:\/\/franciscanos.org.br\/noticias\/papa-converter-se-nao-e-mudar-de-roupa-mas-de-atitude.html#breadcrumb","itemListElement":[{"@type":"ListItem","position":1,"name":"Home","item":"https:\/\/franciscanos.org.br\/noticias"},{"@type":"ListItem","position":2,"name":"Papa: Converter-se n\u00e3o \u00e9 mudar de roupa mas de atitude"}]},{"@type":"Person","@id":"https:\/\/franciscanos.org.br\/noticias\/#\/schema\/person\/b38fbf43118f02820bd932f2e4b14ad3","name":"admin","image":{"@type":"ImageObject","inLanguage":"pt-BR","@id":"https:\/\/franciscanos.org.br\/noticias\/#\/schema\/person\/image\/","url":"https:\/\/secure.gravatar.com\/avatar\/e8495742d34d0ba6448ea1c628263b3e?s=96&d=mm&r=g","contentUrl":"https:\/\/secure.gravatar.com\/avatar\/e8495742d34d0ba6448ea1c628263b3e?s=96&d=mm&r=g","caption":"admin"},"url":"https:\/\/franciscanos.org.br\/noticias\/author\/admin"}]}},"_links":{"self":[{"href":"https:\/\/franciscanos.org.br\/noticias\/wp-json\/wp\/v2\/posts\/124922"}],"collection":[{"href":"https:\/\/franciscanos.org.br\/noticias\/wp-json\/wp\/v2\/posts"}],"about":[{"href":"https:\/\/franciscanos.org.br\/noticias\/wp-json\/wp\/v2\/types\/post"}],"author":[{"embeddable":true,"href":"https:\/\/franciscanos.org.br\/noticias\/wp-json\/wp\/v2\/users\/1"}],"replies":[{"embeddable":true,"href":"https:\/\/franciscanos.org.br\/noticias\/wp-json\/wp\/v2\/comments?post=124922"}],"version-history":[{"count":2,"href":"https:\/\/franciscanos.org.br\/noticias\/wp-json\/wp\/v2\/posts\/124922\/revisions"}],"predecessor-version":[{"id":227493,"href":"https:\/\/franciscanos.org.br\/noticias\/wp-json\/wp\/v2\/posts\/124922\/revisions\/227493"}],"wp:featuredmedia":[{"embeddable":true,"href":"https:\/\/franciscanos.org.br\/noticias\/wp-json\/wp\/v2\/media\/227458"}],"wp:attachment":[{"href":"https:\/\/franciscanos.org.br\/noticias\/wp-json\/wp\/v2\/media?parent=124922"}],"wp:term":[{"taxonomy":"category","embeddable":true,"href":"https:\/\/franciscanos.org.br\/noticias\/wp-json\/wp\/v2\/categories?post=124922"},{"taxonomy":"post_tag","embeddable":true,"href":"https:\/\/franciscanos.org.br\/noticias\/wp-json\/wp\/v2\/tags?post=124922"}],"curies":[{"name":"wp","href":"https:\/\/api.w.org\/{rel}","templated":true}]}}