{"id":124917,"date":"2017-01-23T07:14:39","date_gmt":"2017-01-23T09:14:39","guid":{"rendered":"http:\/\/franciscanos.org.br\/?p=124917"},"modified":"2019-01-22T13:53:28","modified_gmt":"2019-01-22T15:53:28","slug":"catedral-de-santo-antonio-promove-vigilia-pela-paz","status":"publish","type":"post","link":"https:\/\/franciscanos.org.br\/noticias\/catedral-de-santo-antonio-promove-vigilia-pela-paz.html","title":{"rendered":"Catedral de Santo Ant\u00f4nio promove Vig\u00edlia pela Paz"},"content":{"rendered":"<p><strong><a href=\"http:\/\/franciscanos.org.br\/wp-content\/uploads\/2017\/01\/ofs_230117-830.jpg\"><img loading=\"lazy\" class=\"alignleft\" src=\"http:\/\/franciscanos.org.br\/wp-content\/uploads\/2017\/01\/ofs_230117-830.jpg\" alt=\"ofs_230117-830\" width=\"830\" height=\"467\" \/><\/a><\/strong><\/p>\n<p><strong>Cl\u00e1udio Santos<\/strong><\/p>\n<p>A Catedral de Santo Ant\u00f4nio de Duque de Caxias (RJ) promoveu na tarde do \u00faltimo dia 20 de janeiro, uma Vig\u00edlia pela Paz com momentos de ora\u00e7\u00e3o, medita\u00e7\u00e3o e uni\u00e3o contra a viol\u00eancia, a guerra e a intoler\u00e2ncia religiosa contra refugiados e migrantes.<\/p>\n<p>O objetivo \u00e9 transmitir a sociedade uma mensagem de que \u00e9 poss\u00edvel dialogar pela paz em um mundo marcado por guerras e dram\u00e1ticas assimetrias socioecon\u00f4micas, pol\u00edticas e ambientais. A vig\u00edlia pretende ainda afirmar os valores da solidariedade, bondade, perd\u00e3o e da paz.<\/p>\n<p>Hoje h\u00e1 no mundo um acirramento de debates pol\u00edticos, religiosos e sociais, que t\u00eam apontado para um aumento cada vez maior da intoler\u00e2ncia. O pluralismo de pensamentos e ideologias j\u00e1 n\u00e3o encontram espa\u00e7os em nosso meio e cresce a intoler\u00e2ncia e a viol\u00eancia em todos os ambientes.<\/p>\n<p>A vig\u00edlia \u00e9 promovida h\u00e1 mais de duas d\u00e9cadas e \u00e9 apoiada pelo Apostolado da Ora\u00e7\u00e3o, Fraternidade Santo Ant\u00f4nio de Duque de Caxias, vinculada \u00e0 Ordem Franciscana Secular do Brasil (OFS), e por movimentos e pastorais locais que se re\u00fanem para celebrar a paz e rezar por todas as situa\u00e7\u00f5es de conflitos, nos mais diferentes locais do mundo.<\/p>\n<p>O papa Francisco, em sua mensagem para o 50.\u00ba Dia Mundial da Paz, a quarta de seu pontificado, prop\u00f4s como tema \u201cA n\u00e3o-viol\u00eancia: estilo de uma pol\u00edtica para a paz\u201d.<\/p>\n<p>\u201cAlmejo paz a todo o homem, mulher, menino e menina, e rezo para que a imagem e semelhan\u00e7a de Deus em cada pessoa nos permitam reconhecer-nos mutuamente como dons sagrados com uma dignidade imensa. Sobretudo nas situa\u00e7\u00f5es de conflito, respeitemos esta \u2018dignidade mais profunda\u2019 e fa\u00e7amos da n\u00e3o-viol\u00eancia ativa o nosso estilo de vida\u201d.<\/p>\n<p>\u201cSejam a caridade e a n\u00e3o-viol\u00eancia a guiar o modo como nos tratamos uns aos outros nas rela\u00e7\u00f5es interpessoais, sociais e internacionais. Quando sabem resistir \u00e0 tenta\u00e7\u00e3o da vingan\u00e7a, as v\u00edtimas da viol\u00eancia podem ser os protagonistas mais cred\u00edveis de processos n\u00e3o-violentos de constru\u00e7\u00e3o da paz\u201d \u2013 escreveu o pont\u00edfice.<\/p>\n<p>A Mensagem do Papa \u00e9 enviada a todas as Chancelarias do mundo e assinala as diretrizes diplom\u00e1ticas da Santa S\u00e9.<\/p>\n","protected":false},"excerpt":{"rendered":"<p>OFS &#8211; DUQUE DE CAXIAS<\/p>\n","protected":false},"author":1,"featured_media":195463,"comment_status":"open","ping_status":"open","sticky":false,"template":"","format":"standard","meta":[],"categories":[1],"tags":[185],"acf":[],"yoast_head":"<!-- This site is optimized with the Yoast SEO plugin v19.2 - https:\/\/yoast.com\/wordpress\/plugins\/seo\/ -->\n<title>Catedral de Santo Ant\u00f4nio promove Vig\u00edlia pela Paz - Not\u00edcias - Franciscanos<\/title>\n<meta name=\"robots\" content=\"index, follow, max-snippet:-1, max-image-preview:large, max-video-preview:-1\" \/>\n<link rel=\"canonical\" href=\"https:\/\/franciscanos.org.br\/noticias\/catedral-de-santo-antonio-promove-vigilia-pela-paz.html\" \/>\n<meta property=\"og:locale\" content=\"pt_BR\" \/>\n<meta property=\"og:type\" content=\"article\" \/>\n<meta property=\"og:title\" content=\"Catedral de Santo Ant\u00f4nio promove Vig\u00edlia pela Paz - Not\u00edcias - Franciscanos\" \/>\n<meta property=\"og:description\" content=\"OFS - DUQUE DE CAXIAS\" \/>\n<meta property=\"og:url\" content=\"https:\/\/franciscanos.org.br\/noticias\/catedral-de-santo-antonio-promove-vigilia-pela-paz.html\" \/>\n<meta property=\"og:site_name\" content=\"Not\u00edcias - Franciscanos\" \/>\n<meta property=\"article:published_time\" content=\"2017-01-23T09:14:39+00:00\" \/>\n<meta property=\"article:modified_time\" content=\"2019-01-22T15:53:28+00:00\" \/>\n<meta property=\"og:image\" content=\"https:\/\/franciscanos.org.br\/noticias\/wp-content\/uploads\/2017\/01\/ofs_230117-830.jpg\" \/>\n\t<meta property=\"og:image:width\" content=\"273\" \/>\n\t<meta property=\"og:image:height\" content=\"181\" \/>\n\t<meta property=\"og:image:type\" content=\"image\/jpeg\" \/>\n<meta name=\"author\" content=\"admin\" \/>\n<meta name=\"twitter:card\" content=\"summary_large_image\" \/>\n<meta name=\"twitter:label1\" content=\"Escrito por\" \/>\n\t<meta name=\"twitter:data1\" content=\"admin\" \/>\n\t<meta name=\"twitter:label2\" content=\"Est. tempo de leitura\" \/>\n\t<meta name=\"twitter:data2\" content=\"2 minutos\" \/>\n<script type=\"application\/ld+json\" class=\"yoast-schema-graph\">{\"@context\":\"https:\/\/schema.org\",\"@graph\":[{\"@type\":\"WebSite\",\"@id\":\"https:\/\/franciscanos.org.br\/noticias\/#website\",\"url\":\"https:\/\/franciscanos.org.br\/noticias\/\",\"name\":\"Not\u00edcias - Franciscanos\",\"description\":\"Prov\u00edncia Franciscana da Imaculada Concei\u00e7\u00e3o do Brasil - Ordem dos Frades Menores - OFM\",\"potentialAction\":[{\"@type\":\"SearchAction\",\"target\":{\"@type\":\"EntryPoint\",\"urlTemplate\":\"https:\/\/franciscanos.org.br\/noticias\/?s={search_term_string}\"},\"query-input\":\"required name=search_term_string\"}],\"inLanguage\":\"pt-BR\"},{\"@type\":\"ImageObject\",\"inLanguage\":\"pt-BR\",\"@id\":\"https:\/\/franciscanos.org.br\/noticias\/catedral-de-santo-antonio-promove-vigilia-pela-paz.html#primaryimage\",\"url\":\"https:\/\/franciscanos.org.br\/noticias\/wp-content\/uploads\/2017\/01\/ofs_230117-830.jpg\",\"contentUrl\":\"https:\/\/franciscanos.org.br\/noticias\/wp-content\/uploads\/2017\/01\/ofs_230117-830.jpg\",\"width\":273,\"height\":181},{\"@type\":\"WebPage\",\"@id\":\"https:\/\/franciscanos.org.br\/noticias\/catedral-de-santo-antonio-promove-vigilia-pela-paz.html#webpage\",\"url\":\"https:\/\/franciscanos.org.br\/noticias\/catedral-de-santo-antonio-promove-vigilia-pela-paz.html\",\"name\":\"Catedral de Santo Ant\u00f4nio promove Vig\u00edlia pela Paz - Not\u00edcias - Franciscanos\",\"isPartOf\":{\"@id\":\"https:\/\/franciscanos.org.br\/noticias\/#website\"},\"primaryImageOfPage\":{\"@id\":\"https:\/\/franciscanos.org.br\/noticias\/catedral-de-santo-antonio-promove-vigilia-pela-paz.html#primaryimage\"},\"datePublished\":\"2017-01-23T09:14:39+00:00\",\"dateModified\":\"2019-01-22T15:53:28+00:00\",\"author\":{\"@id\":\"https:\/\/franciscanos.org.br\/noticias\/#\/schema\/person\/b38fbf43118f02820bd932f2e4b14ad3\"},\"breadcrumb\":{\"@id\":\"https:\/\/franciscanos.org.br\/noticias\/catedral-de-santo-antonio-promove-vigilia-pela-paz.html#breadcrumb\"},\"inLanguage\":\"pt-BR\",\"potentialAction\":[{\"@type\":\"ReadAction\",\"target\":[\"https:\/\/franciscanos.org.br\/noticias\/catedral-de-santo-antonio-promove-vigilia-pela-paz.html\"]}]},{\"@type\":\"BreadcrumbList\",\"@id\":\"https:\/\/franciscanos.org.br\/noticias\/catedral-de-santo-antonio-promove-vigilia-pela-paz.html#breadcrumb\",\"itemListElement\":[{\"@type\":\"ListItem\",\"position\":1,\"name\":\"Home\",\"item\":\"https:\/\/franciscanos.org.br\/noticias\"},{\"@type\":\"ListItem\",\"position\":2,\"name\":\"Catedral de Santo Ant\u00f4nio promove Vig\u00edlia pela Paz\"}]},{\"@type\":\"Person\",\"@id\":\"https:\/\/franciscanos.org.br\/noticias\/#\/schema\/person\/b38fbf43118f02820bd932f2e4b14ad3\",\"name\":\"admin\",\"image\":{\"@type\":\"ImageObject\",\"inLanguage\":\"pt-BR\",\"@id\":\"https:\/\/franciscanos.org.br\/noticias\/#\/schema\/person\/image\/\",\"url\":\"https:\/\/secure.gravatar.com\/avatar\/e8495742d34d0ba6448ea1c628263b3e?s=96&d=mm&r=g\",\"contentUrl\":\"https:\/\/secure.gravatar.com\/avatar\/e8495742d34d0ba6448ea1c628263b3e?s=96&d=mm&r=g\",\"caption\":\"admin\"},\"url\":\"https:\/\/franciscanos.org.br\/noticias\/author\/admin\"}]}<\/script>\n<!-- \/ Yoast SEO plugin. -->","yoast_head_json":{"title":"Catedral de Santo Ant\u00f4nio promove Vig\u00edlia pela Paz - Not\u00edcias - Franciscanos","robots":{"index":"index","follow":"follow","max-snippet":"max-snippet:-1","max-image-preview":"max-image-preview:large","max-video-preview":"max-video-preview:-1"},"canonical":"https:\/\/franciscanos.org.br\/noticias\/catedral-de-santo-antonio-promove-vigilia-pela-paz.html","og_locale":"pt_BR","og_type":"article","og_title":"Catedral de Santo Ant\u00f4nio promove Vig\u00edlia pela Paz - Not\u00edcias - Franciscanos","og_description":"OFS - DUQUE DE CAXIAS","og_url":"https:\/\/franciscanos.org.br\/noticias\/catedral-de-santo-antonio-promove-vigilia-pela-paz.html","og_site_name":"Not\u00edcias - Franciscanos","article_published_time":"2017-01-23T09:14:39+00:00","article_modified_time":"2019-01-22T15:53:28+00:00","og_image":[{"width":273,"height":181,"url":"https:\/\/franciscanos.org.br\/noticias\/wp-content\/uploads\/2017\/01\/ofs_230117-830.jpg","type":"image\/jpeg"}],"author":"admin","twitter_card":"summary_large_image","twitter_misc":{"Escrito por":"admin","Est. tempo de leitura":"2 minutos"},"schema":{"@context":"https:\/\/schema.org","@graph":[{"@type":"WebSite","@id":"https:\/\/franciscanos.org.br\/noticias\/#website","url":"https:\/\/franciscanos.org.br\/noticias\/","name":"Not\u00edcias - Franciscanos","description":"Prov\u00edncia Franciscana da Imaculada Concei\u00e7\u00e3o do Brasil - Ordem dos Frades Menores - OFM","potentialAction":[{"@type":"SearchAction","target":{"@type":"EntryPoint","urlTemplate":"https:\/\/franciscanos.org.br\/noticias\/?s={search_term_string}"},"query-input":"required name=search_term_string"}],"inLanguage":"pt-BR"},{"@type":"ImageObject","inLanguage":"pt-BR","@id":"https:\/\/franciscanos.org.br\/noticias\/catedral-de-santo-antonio-promove-vigilia-pela-paz.html#primaryimage","url":"https:\/\/franciscanos.org.br\/noticias\/wp-content\/uploads\/2017\/01\/ofs_230117-830.jpg","contentUrl":"https:\/\/franciscanos.org.br\/noticias\/wp-content\/uploads\/2017\/01\/ofs_230117-830.jpg","width":273,"height":181},{"@type":"WebPage","@id":"https:\/\/franciscanos.org.br\/noticias\/catedral-de-santo-antonio-promove-vigilia-pela-paz.html#webpage","url":"https:\/\/franciscanos.org.br\/noticias\/catedral-de-santo-antonio-promove-vigilia-pela-paz.html","name":"Catedral de Santo Ant\u00f4nio promove Vig\u00edlia pela Paz - Not\u00edcias - Franciscanos","isPartOf":{"@id":"https:\/\/franciscanos.org.br\/noticias\/#website"},"primaryImageOfPage":{"@id":"https:\/\/franciscanos.org.br\/noticias\/catedral-de-santo-antonio-promove-vigilia-pela-paz.html#primaryimage"},"datePublished":"2017-01-23T09:14:39+00:00","dateModified":"2019-01-22T15:53:28+00:00","author":{"@id":"https:\/\/franciscanos.org.br\/noticias\/#\/schema\/person\/b38fbf43118f02820bd932f2e4b14ad3"},"breadcrumb":{"@id":"https:\/\/franciscanos.org.br\/noticias\/catedral-de-santo-antonio-promove-vigilia-pela-paz.html#breadcrumb"},"inLanguage":"pt-BR","potentialAction":[{"@type":"ReadAction","target":["https:\/\/franciscanos.org.br\/noticias\/catedral-de-santo-antonio-promove-vigilia-pela-paz.html"]}]},{"@type":"BreadcrumbList","@id":"https:\/\/franciscanos.org.br\/noticias\/catedral-de-santo-antonio-promove-vigilia-pela-paz.html#breadcrumb","itemListElement":[{"@type":"ListItem","position":1,"name":"Home","item":"https:\/\/franciscanos.org.br\/noticias"},{"@type":"ListItem","position":2,"name":"Catedral de Santo Ant\u00f4nio promove Vig\u00edlia pela Paz"}]},{"@type":"Person","@id":"https:\/\/franciscanos.org.br\/noticias\/#\/schema\/person\/b38fbf43118f02820bd932f2e4b14ad3","name":"admin","image":{"@type":"ImageObject","inLanguage":"pt-BR","@id":"https:\/\/franciscanos.org.br\/noticias\/#\/schema\/person\/image\/","url":"https:\/\/secure.gravatar.com\/avatar\/e8495742d34d0ba6448ea1c628263b3e?s=96&d=mm&r=g","contentUrl":"https:\/\/secure.gravatar.com\/avatar\/e8495742d34d0ba6448ea1c628263b3e?s=96&d=mm&r=g","caption":"admin"},"url":"https:\/\/franciscanos.org.br\/noticias\/author\/admin"}]}},"_links":{"self":[{"href":"https:\/\/franciscanos.org.br\/noticias\/wp-json\/wp\/v2\/posts\/124917"}],"collection":[{"href":"https:\/\/franciscanos.org.br\/noticias\/wp-json\/wp\/v2\/posts"}],"about":[{"href":"https:\/\/franciscanos.org.br\/noticias\/wp-json\/wp\/v2\/types\/post"}],"author":[{"embeddable":true,"href":"https:\/\/franciscanos.org.br\/noticias\/wp-json\/wp\/v2\/users\/1"}],"replies":[{"embeddable":true,"href":"https:\/\/franciscanos.org.br\/noticias\/wp-json\/wp\/v2\/comments?post=124917"}],"version-history":[{"count":0,"href":"https:\/\/franciscanos.org.br\/noticias\/wp-json\/wp\/v2\/posts\/124917\/revisions"}],"wp:featuredmedia":[{"embeddable":true,"href":"https:\/\/franciscanos.org.br\/noticias\/wp-json\/wp\/v2\/media\/195463"}],"wp:attachment":[{"href":"https:\/\/franciscanos.org.br\/noticias\/wp-json\/wp\/v2\/media?parent=124917"}],"wp:term":[{"taxonomy":"category","embeddable":true,"href":"https:\/\/franciscanos.org.br\/noticias\/wp-json\/wp\/v2\/categories?post=124917"},{"taxonomy":"post_tag","embeddable":true,"href":"https:\/\/franciscanos.org.br\/noticias\/wp-json\/wp\/v2\/tags?post=124917"}],"curies":[{"name":"wp","href":"https:\/\/api.w.org\/{rel}","templated":true}]}}