{"id":124825,"date":"2017-01-23T02:29:34","date_gmt":"2017-01-23T04:29:34","guid":{"rendered":"http:\/\/franciscanos.org.br\/?p=124825"},"modified":"2020-03-05T13:52:49","modified_gmt":"2020-03-05T16:52:49","slug":"abracar-e-seguir-o-projeto-de-deus-pede-frei-cesar-aos-jovens-missionarios","status":"publish","type":"post","link":"https:\/\/franciscanos.org.br\/noticias\/abracar-e-seguir-o-projeto-de-deus-pede-frei-cesar-aos-jovens-missionarios.html","title":{"rendered":"Abra\u00e7ar e seguir o Projeto de Deus, pede Vig\u00e1rio Provincial"},"content":{"rendered":"<p><strong><img loading=\"lazy\" class=\"size-full wp-image-195467 aligncenter\" src=\"https:\/\/franciscanos.org.br\/noticias\/wp-content\/uploads\/2017\/01\/missoes-2017.jpg\" alt=\"\" width=\"980\" height=\"550\" srcset=\"https:\/\/franciscanos.org.br\/noticias\/wp-content\/uploads\/2017\/01\/missoes-2017.jpg 980w, https:\/\/franciscanos.org.br\/noticias\/wp-content\/uploads\/2017\/01\/missoes-2017-450x253.jpg 450w, https:\/\/franciscanos.org.br\/noticias\/wp-content\/uploads\/2017\/01\/missoes-2017-768x431.jpg 768w, https:\/\/franciscanos.org.br\/noticias\/wp-content\/uploads\/2017\/01\/missoes-2017-150x84.jpg 150w\" sizes=\"(max-width: 980px) 100vw, 980px\" \/><br \/>\n<\/strong><\/p>\n<p>Neste domingo, 22, os quase 500 jovens mission\u00e1rios que estavam espalhados pela grande Curitiba voltaram a se reunir na igreja Bom Jesus dos Perd\u00f5es, na regi\u00e3o central da capital paranaense, para celebrar a Eucaristia de encerramento da 4\u00aa edi\u00e7\u00e3o das Miss\u00f5es Franciscanas da Juventude.<\/p>\n<p>A missa foi presidida por Frei C\u00e9sar K\u00fclkamp, Vig\u00e1rio Provincial, Frei Jo\u00e3o Mannes, Definidor Provincial e Presidente da Associa\u00e7\u00e3o Bom Jesus, Frei Alexandre Magno, p\u00e1roco da Bom Jesus, e outros frades, religiosos e religiosas que estiveram presentes em todos os momentos das Miss\u00f5es Franciscanas. A bonita igreja ficou tomada de jovens mission\u00e1rios, que dividiam espa\u00e7o com as fam\u00edlias acolhedoras e outros paroquianos. O clima era de festa!<\/p>\n<p>Em sua homilia, Frei C\u00e9sar destacou que eles estavam celebrando n\u00e3o apenas o encerramento de um evento. \u201cN\u00f3s n\u00e3o estamos reunidos em Curitiba apenas para um evento, apenas para um momento forte de emo\u00e7\u00f5es. N\u00f3s estamos aqui para fazer brilhar mais forte em nossos cora\u00e7\u00f5es a luz da qual a Palavra de Deus nos fala: \u2018Para o povo que habitava nas trevas, brilhou uma luz\u2019\u201d, afirmou.<\/p>\n<p><strong><img loading=\"lazy\" class=\"alignleft wp-image-124848\" src=\"http:\/\/franciscanos.org.br\/wp-content\/uploads\/2017\/01\/missoes_230117_-23.jpg\" alt=\"missoes_230117_ (23)\" width=\"350\" height=\"528\" \/>Jesus que convida a cada um\/a<\/strong><\/p>\n<p>O Evangelho deste 3\u00ba domingo do Tempo Comum, retirado de Mt 4, 12-23, fala do chamado dos primeiros disc\u00edpulos, um tema muito tocante para a juventude. \u201cOs disc\u00edpulos Ele vai escolhendo, come\u00e7a a cham\u00e1-los, ali naquele lugar. E n\u00e3o eram pessoas mais ilustres, n\u00e3o eram as pessoas mais influentes, poderosas. Ele escolhe homens simples, do povo, pescadores. Ali Ele chama Pedro e Andr\u00e9\u201d, acrescentou.<\/p>\n<p>O Vig\u00e1rio Provincial recordou as palavras do Papa Francisco, ao criticar as pessoas que parecem anestesiadas diante da realidade, insens\u00edveis, por causa do consumismo, das tecnologias e de outras coisas, que quando usadas corretamente s\u00e3o boas, mas que distraem do foco principal e nos faz esquecer o mais importante: o nosso pr\u00f3ximo. \u201cCristo se apresenta como a luz que traz esperan\u00e7a, que traz um sentido novo para a nossa vida. N\u00f3s nos reunimos neste tempo para nos deixarmos iluminar, tocar por essa luz. A luz da verdade, a luz da f\u00e9, a luz que torna a nossa vida totalmente diferente, d\u00e1 um sentido totalmente novo\u201d, disse Frei C\u00e9sar.<\/p>\n<p>\u201cHoje tamb\u00e9m Ele nos convida para sermos seus disc\u00edpulos. E o que significa ser disc\u00edpulo hoje? Significa escutar com muita aten\u00e7\u00e3o \u00e0 Sua Palavra, Seus ensinamentos, descobrir no Evangelho esta luz da f\u00e9, esta luz da verdade. , acrescentou Frei C\u00e9sar, que disse ainda que durante as miss\u00f5es os jovens j\u00e1 puderam fazer esta experi\u00eancia, ao fazerem o gesto do lava-p\u00e9s.<\/p>\n<p>Frei C\u00e9sar agradeceu aos jovens pela presen\u00e7a e, ao receber aplausos dos jovens, disse que n\u00e3o eram para ele, mas que estes aplausos eram para toda a Prov\u00edncia Franciscana da Imaculada Concei\u00e7\u00e3o do Brasil.<\/p>\n<p><strong>Frei Diego chama os jovens a refletirem sobre a causa de tantos problemas<\/strong><\/p>\n<p>Ap\u00f3s a missa, os jovens seguiram para o gin\u00e1sio, onde voltaram a se encontrar com os grupos das experi\u00eancias, para avaliarem as miss\u00f5es. Os grupos falaram no plen\u00e1rio sobre as experi\u00eancias vividas.<\/p>\n<p>Ao final, Frei Diego provocou os jovens a n\u00e3o ficarem somente no campo sentimental, mas se questionarem o por que dos problemas sociais. \u201cAquela ocupa\u00e7\u00e3o \u00e9 fruto de um sistema, que gera pobres, \u00e9 fruto de um sistema que exclui as pessoas, a gente precisa se dar conta disso. Isso n\u00e3o cai do dia pra noite, \u00e9 importante a gente ter forma\u00e7\u00e3o. A gente precisa ter essa leitura, essa vis\u00e3o, de que a miss\u00e3o n\u00f3s podemos faz\u00ea-la com um alcance muito maior se a gente criar esse senso cr\u00edtico\u201d, acrescentou, falando sobre uma ocupa\u00e7\u00e3o que os mission\u00e1rios visitaram.<\/p>\n<p>O coordenador do SAV, que esteve na experi\u00eancia no bairro Sabar\u00e1, afirmou que uma das partilhas que ouviu o tocou muito, quando uma jovem dizia que estava saindo de l\u00e1 angustiada. \u201cQue a ang\u00fastia se transforme no desejo de conhecer esta realidade, entender e procurar mud\u00e1-la, e a\u00ed assim a nossa miss\u00e3o vai ser maior ainda\u201d, afirmou.\u00a0Frei Diego falou ainda sobre as d\u00favidas que nascem no cora\u00e7\u00e3o e na cabe\u00e7a dos jovens diante de tantas informa\u00e7\u00f5es. &#8220;Quando voc\u00eas tiverem d\u00favidas, fa\u00e7am a op\u00e7\u00e3o pelos pobres e mais fracos, pelas minorias&#8221;, concluiu.<\/p>\n<p><strong>A experi\u00eancia ecum\u00eanica das Miss\u00f5es<\/strong><\/p>\n<p>Uma das caracter\u00edsticas que tem se repetido nas atividades promovidas pelo SAV \u00e9 a procura de participantes de outras confiss\u00f5es religiosas. Nestas Miss\u00f5es, 3 pessoas eram de igrejas evang\u00e9licas, e viveram intensamente a experi\u00eancia, como foi o caso da Karina Costa, que foi participar a convite de seu irm\u00e3o, Frei Leandro Costa, que agora reside em Vila Velha (ES). Ela \u00e9 membro da Assembleia de Deus, do Minist\u00e9rio AD Promessa, e afirmou que foram dias inesquec\u00edveis. \u201cQuando a gente fala de constru\u00e7\u00e3o, a gente pensa sempre que precisamos de outros elementos e ferramentas. A gente tem o cimento, tem areia, parafuso, madeira. Eu vejo isso na miss\u00e3o, cada um com sua fun\u00e7\u00e3o e sua import\u00e2ncia\u201d, afirmou.<\/p>\n<p>VEJA A ENTREVISTA:<\/p>\n<p><iframe loading=\"lazy\" src=\"https:\/\/www.youtube.com\/embed\/TsAJtEr4GMA\" width=\"100%\" height=\"480\" frameborder=\"0\" allowfullscreen=\"allowfullscreen\"><\/iframe><\/p>\n<p>Outra participa\u00e7\u00e3o que teve destaque foi a do Alciney e do Maciel, de Chopinzinho. Alciney \u00e9 deficiente visual, e participou de todos os momentos, com a valiosa ajuda do Maciel. Os dois foram chamados ao palco para receber o carinho dos participantes. Mariana Rogoski, da equipe de prepara\u00e7\u00e3o das Miss\u00f5es, falou sobre o cuidado de Maciel com o amigo, sempre acompanhando-o. Em sua simplicidade, Maciel agradeceu e pediu que o Senhor retribu\u00edsse a todos. Alciney partilhou sua experi\u00eancia mission\u00e1ria, destacando que para ele foi fundamental ter ficado no centro, pois teve contato com uma realidade que n\u00e3o existe em Chopinzinho, as pessoas em situa\u00e7\u00e3o de rua. \u201cEu, como cego, fa\u00e7o muitas coisas de ruim. Eu reclamo por nada e ontem, eu ajudando a entregar as frutas, muitos, s\u00f3 pelo gesto de dar a m\u00e3o, um sorriso, ficavam agradecidos\u201d, afirmou o jovem, que conseguiu a \u00faltima vaga na caravana que viria para as Miss\u00f5es.<\/p>\n<p>No encerramento, Frei Diego agradeceu a comiss\u00e3o que ajudou durante todo o processo de planejamento e prepara\u00e7\u00e3o das Miss\u00f5es em Curitiba. Emocionado, Frei Diego agradeceu tamb\u00e9m ao Frei Gabriel Dellandrea, que passou a integrar a equipe do SAV. Falando sobre as Miss\u00f5es, o\u00a0coordenador destacou a abertura dos participantes ao abra\u00e7arem o que foi proposto pela comiss\u00e3o organizadora. &#8220;Sem medo, com muita disposi\u00e7\u00e3o, com muita alegria, eles abra\u00e7aram de fato tudo o que era proposto&#8221;, afirmou.<br \/>\nComo muitos disseram, ao sair de Curitiba nasce uma nova miss\u00e3o\u00a0e uma realidade desafiadora na realidade de cada um. &#8220;Um grande desafio para a juventude de hoje \u00e9 redescobrir o seu protagonismo na sua pr\u00f3pria comunidade, na evangeliza\u00e7\u00e3o, descobrir a import\u00e2ncia que tem o seu modo de pensar, o seu jeito de ser Igreja. \u00c9 um grande desafio para os jovens e tamb\u00e9m para as comunidades, de aceit\u00e1-los com as suas riquezas e com os seus questionamentos&#8221;, ponderou.<\/p>\n<p>Um dos momentos mais aguardados foi o an\u00fancio da sede das pr\u00f3ximas miss\u00f5es. Os jovens curitibanos passaram o tau da juventude, s\u00edmbolo das miss\u00f5es, para os jovens de Agudos e Bauru, as cidades que receber\u00e3o as Miss\u00f5es Franciscanas da Juventude entre os dias<strong> 18 e 21 de janeiro de 2018<\/strong>.<\/p>\n<hr \/>\n<p><strong>Equipe de Comunica\u00e7\u00e3o<\/strong>: <strong>\u00c9rika Augusto,\u00a0 <\/strong><strong>Frei Leandro Costa, Frei Augusto Luiz Gabriel e Bruna Oliveira<\/strong><\/p>\n<p><strong>VEJA O V\u00cdDEO OFICIAL:<\/strong><\/p>\n<p><iframe loading=\"lazy\" src=\"https:\/\/www.youtube.com\/embed\/UXarxUJP4OE\" width=\"100%\" height=\"480\" frameborder=\"0\" allowfullscreen=\"allowfullscreen\"><\/iframe><\/p>\n\n\t\t<style type=\"text\/css\">\n\t\t\t#gallery-1 {\n\t\t\t\tmargin: auto;\n\t\t\t}\n\t\t\t#gallery-1 .gallery-item {\n\t\t\t\tfloat: left;\n\t\t\t\tmargin-top: 10px;\n\t\t\t\ttext-align: center;\n\t\t\t\twidth: 25%;\n\t\t\t}\n\t\t\t#gallery-1 img {\n\t\t\t\tborder: 2px solid #cfcfcf;\n\t\t\t}\n\t\t\t#gallery-1 .gallery-caption {\n\t\t\t\tmargin-left: 0;\n\t\t\t}\n\t\t\t\/* see gallery_shortcode() in wp-includes\/media.php *\/\n\t\t<\/style>\n\t\t<div id='gallery-1' class='gallery galleryid-124825 gallery-columns-4 gallery-size-thumbnail'><dl class='gallery-item'>\n\t\t\t<dt class='gallery-icon landscape'>\n\t\t\t\t<a href='https:\/\/franciscanos.org.br\/noticias\/wp-content\/uploads\/2017\/01\/missoes_230117_-1.jpg'><img width=\"300\" height=\"300\" src=\"https:\/\/franciscanos.org.br\/noticias\/wp-content\/uploads\/2017\/01\/missoes_230117_-1-300x300.jpg\" class=\"attachment-thumbnail size-thumbnail\" alt=\"\" loading=\"lazy\" srcset=\"https:\/\/franciscanos.org.br\/noticias\/wp-content\/uploads\/2017\/01\/missoes_230117_-1-300x300.jpg 300w, https:\/\/franciscanos.org.br\/noticias\/wp-content\/uploads\/2017\/01\/missoes_230117_-1-400x400.jpg 400w\" sizes=\"(max-width: 300px) 100vw, 300px\" \/><\/a>\n\t\t\t<\/dt><\/dl><dl class='gallery-item'>\n\t\t\t<dt class='gallery-icon landscape'>\n\t\t\t\t<a href='https:\/\/franciscanos.org.br\/noticias\/wp-content\/uploads\/2017\/01\/missoes_230117_-2.jpg'><img width=\"300\" height=\"300\" src=\"https:\/\/franciscanos.org.br\/noticias\/wp-content\/uploads\/2017\/01\/missoes_230117_-2-300x300.jpg\" class=\"attachment-thumbnail size-thumbnail\" alt=\"\" loading=\"lazy\" srcset=\"https:\/\/franciscanos.org.br\/noticias\/wp-content\/uploads\/2017\/01\/missoes_230117_-2-300x300.jpg 300w, https:\/\/franciscanos.org.br\/noticias\/wp-content\/uploads\/2017\/01\/missoes_230117_-2-400x400.jpg 400w\" sizes=\"(max-width: 300px) 100vw, 300px\" \/><\/a>\n\t\t\t<\/dt><\/dl><dl class='gallery-item'>\n\t\t\t<dt class='gallery-icon landscape'>\n\t\t\t\t<a href='https:\/\/franciscanos.org.br\/noticias\/wp-content\/uploads\/2017\/01\/missoes_230117_-3.jpg'><img width=\"300\" height=\"300\" src=\"https:\/\/franciscanos.org.br\/noticias\/wp-content\/uploads\/2017\/01\/missoes_230117_-3-300x300.jpg\" class=\"attachment-thumbnail size-thumbnail\" alt=\"\" loading=\"lazy\" srcset=\"https:\/\/franciscanos.org.br\/noticias\/wp-content\/uploads\/2017\/01\/missoes_230117_-3-300x300.jpg 300w, https:\/\/franciscanos.org.br\/noticias\/wp-content\/uploads\/2017\/01\/missoes_230117_-3-400x400.jpg 400w\" sizes=\"(max-width: 300px) 100vw, 300px\" \/><\/a>\n\t\t\t<\/dt><\/dl><dl class='gallery-item'>\n\t\t\t<dt class='gallery-icon landscape'>\n\t\t\t\t<a href='https:\/\/franciscanos.org.br\/noticias\/wp-content\/uploads\/2017\/01\/missoes_230117_-7.jpg'><img width=\"300\" height=\"300\" src=\"https:\/\/franciscanos.org.br\/noticias\/wp-content\/uploads\/2017\/01\/missoes_230117_-7-300x300.jpg\" class=\"attachment-thumbnail size-thumbnail\" alt=\"\" loading=\"lazy\" srcset=\"https:\/\/franciscanos.org.br\/noticias\/wp-content\/uploads\/2017\/01\/missoes_230117_-7-300x300.jpg 300w, https:\/\/franciscanos.org.br\/noticias\/wp-content\/uploads\/2017\/01\/missoes_230117_-7-400x400.jpg 400w\" sizes=\"(max-width: 300px) 100vw, 300px\" \/><\/a>\n\t\t\t<\/dt><\/dl><br style=\"clear: both\" \/><dl class='gallery-item'>\n\t\t\t<dt class='gallery-icon landscape'>\n\t\t\t\t<a href='https:\/\/franciscanos.org.br\/noticias\/wp-content\/uploads\/2017\/01\/missoes_230117_-13.jpg'><img width=\"300\" height=\"300\" src=\"https:\/\/franciscanos.org.br\/noticias\/wp-content\/uploads\/2017\/01\/missoes_230117_-13-300x300.jpg\" class=\"attachment-thumbnail size-thumbnail\" alt=\"\" loading=\"lazy\" srcset=\"https:\/\/franciscanos.org.br\/noticias\/wp-content\/uploads\/2017\/01\/missoes_230117_-13-300x300.jpg 300w, https:\/\/franciscanos.org.br\/noticias\/wp-content\/uploads\/2017\/01\/missoes_230117_-13-400x400.jpg 400w\" sizes=\"(max-width: 300px) 100vw, 300px\" \/><\/a>\n\t\t\t<\/dt><\/dl><dl class='gallery-item'>\n\t\t\t<dt class='gallery-icon landscape'>\n\t\t\t\t<a href='https:\/\/franciscanos.org.br\/noticias\/wp-content\/uploads\/2017\/01\/missoes_230117_-14.jpg'><img width=\"300\" height=\"300\" src=\"https:\/\/franciscanos.org.br\/noticias\/wp-content\/uploads\/2017\/01\/missoes_230117_-14-300x300.jpg\" class=\"attachment-thumbnail size-thumbnail\" alt=\"\" loading=\"lazy\" srcset=\"https:\/\/franciscanos.org.br\/noticias\/wp-content\/uploads\/2017\/01\/missoes_230117_-14-300x300.jpg 300w, https:\/\/franciscanos.org.br\/noticias\/wp-content\/uploads\/2017\/01\/missoes_230117_-14-400x400.jpg 400w\" sizes=\"(max-width: 300px) 100vw, 300px\" \/><\/a>\n\t\t\t<\/dt><\/dl><dl class='gallery-item'>\n\t\t\t<dt class='gallery-icon landscape'>\n\t\t\t\t<a href='https:\/\/franciscanos.org.br\/noticias\/wp-content\/uploads\/2017\/01\/missoes_230117_-15.jpg'><img width=\"300\" height=\"300\" src=\"https:\/\/franciscanos.org.br\/noticias\/wp-content\/uploads\/2017\/01\/missoes_230117_-15-300x300.jpg\" class=\"attachment-thumbnail size-thumbnail\" alt=\"\" loading=\"lazy\" srcset=\"https:\/\/franciscanos.org.br\/noticias\/wp-content\/uploads\/2017\/01\/missoes_230117_-15-300x300.jpg 300w, https:\/\/franciscanos.org.br\/noticias\/wp-content\/uploads\/2017\/01\/missoes_230117_-15-400x400.jpg 400w\" sizes=\"(max-width: 300px) 100vw, 300px\" \/><\/a>\n\t\t\t<\/dt><\/dl><dl class='gallery-item'>\n\t\t\t<dt class='gallery-icon landscape'>\n\t\t\t\t<a href='https:\/\/franciscanos.org.br\/noticias\/wp-content\/uploads\/2017\/01\/missoes_230117_-22.jpg'><img width=\"300\" height=\"300\" src=\"https:\/\/franciscanos.org.br\/noticias\/wp-content\/uploads\/2017\/01\/missoes_230117_-22-300x300.jpg\" class=\"attachment-thumbnail size-thumbnail\" alt=\"\" loading=\"lazy\" srcset=\"https:\/\/franciscanos.org.br\/noticias\/wp-content\/uploads\/2017\/01\/missoes_230117_-22-300x300.jpg 300w, https:\/\/franciscanos.org.br\/noticias\/wp-content\/uploads\/2017\/01\/missoes_230117_-22-400x400.jpg 400w\" sizes=\"(max-width: 300px) 100vw, 300px\" \/><\/a>\n\t\t\t<\/dt><\/dl><br style=\"clear: both\" \/><dl class='gallery-item'>\n\t\t\t<dt class='gallery-icon landscape'>\n\t\t\t\t<a href='https:\/\/franciscanos.org.br\/noticias\/wp-content\/uploads\/2017\/01\/missoes_230117_-24.jpg'><img width=\"300\" height=\"300\" src=\"https:\/\/franciscanos.org.br\/noticias\/wp-content\/uploads\/2017\/01\/missoes_230117_-24-300x300.jpg\" class=\"attachment-thumbnail size-thumbnail\" alt=\"\" loading=\"lazy\" srcset=\"https:\/\/franciscanos.org.br\/noticias\/wp-content\/uploads\/2017\/01\/missoes_230117_-24-300x300.jpg 300w, https:\/\/franciscanos.org.br\/noticias\/wp-content\/uploads\/2017\/01\/missoes_230117_-24-400x400.jpg 400w\" sizes=\"(max-width: 300px) 100vw, 300px\" \/><\/a>\n\t\t\t<\/dt><\/dl><dl class='gallery-item'>\n\t\t\t<dt class='gallery-icon landscape'>\n\t\t\t\t<a href='https:\/\/franciscanos.org.br\/noticias\/wp-content\/uploads\/2017\/01\/missoes_230117_-37.jpg'><img width=\"300\" height=\"300\" src=\"https:\/\/franciscanos.org.br\/noticias\/wp-content\/uploads\/2017\/01\/missoes_230117_-37-300x300.jpg\" class=\"attachment-thumbnail size-thumbnail\" alt=\"\" loading=\"lazy\" srcset=\"https:\/\/franciscanos.org.br\/noticias\/wp-content\/uploads\/2017\/01\/missoes_230117_-37-300x300.jpg 300w, https:\/\/franciscanos.org.br\/noticias\/wp-content\/uploads\/2017\/01\/missoes_230117_-37-400x400.jpg 400w\" sizes=\"(max-width: 300px) 100vw, 300px\" \/><\/a>\n\t\t\t<\/dt><\/dl><dl class='gallery-item'>\n\t\t\t<dt class='gallery-icon landscape'>\n\t\t\t\t<a href='https:\/\/franciscanos.org.br\/noticias\/wp-content\/uploads\/2017\/01\/missoes_230117_-38.jpg'><img width=\"300\" height=\"300\" src=\"https:\/\/franciscanos.org.br\/noticias\/wp-content\/uploads\/2017\/01\/missoes_230117_-38-300x300.jpg\" class=\"attachment-thumbnail size-thumbnail\" alt=\"\" loading=\"lazy\" srcset=\"https:\/\/franciscanos.org.br\/noticias\/wp-content\/uploads\/2017\/01\/missoes_230117_-38-300x300.jpg 300w, https:\/\/franciscanos.org.br\/noticias\/wp-content\/uploads\/2017\/01\/missoes_230117_-38-400x400.jpg 400w\" sizes=\"(max-width: 300px) 100vw, 300px\" \/><\/a>\n\t\t\t<\/dt><\/dl><dl class='gallery-item'>\n\t\t\t<dt class='gallery-icon landscape'>\n\t\t\t\t<a href='https:\/\/franciscanos.org.br\/noticias\/wp-content\/uploads\/2017\/01\/missoes_230117_-84.jpg'><img width=\"300\" height=\"300\" src=\"https:\/\/franciscanos.org.br\/noticias\/wp-content\/uploads\/2017\/01\/missoes_230117_-84-300x300.jpg\" class=\"attachment-thumbnail size-thumbnail\" alt=\"\" loading=\"lazy\" srcset=\"https:\/\/franciscanos.org.br\/noticias\/wp-content\/uploads\/2017\/01\/missoes_230117_-84-300x300.jpg 300w, https:\/\/franciscanos.org.br\/noticias\/wp-content\/uploads\/2017\/01\/missoes_230117_-84-400x400.jpg 400w\" sizes=\"(max-width: 300px) 100vw, 300px\" \/><\/a>\n\t\t\t<\/dt><\/dl><br style=\"clear: both\" \/>\n\t\t<\/div>\n\n","protected":false},"excerpt":{"rendered":"<p>Juventude<\/p>\n","protected":false},"author":1,"featured_media":195469,"comment_status":"open","ping_status":"open","sticky":false,"template":"","format":"standard","meta":[],"categories":[1],"tags":[1206],"acf":[],"yoast_head":"<!-- This site is optimized with the Yoast SEO plugin v19.2 - https:\/\/yoast.com\/wordpress\/plugins\/seo\/ -->\n<title>Abra\u00e7ar e seguir o Projeto de Deus, pede Vig\u00e1rio Provincial - Not\u00edcias - Franciscanos<\/title>\n<meta name=\"robots\" content=\"index, follow, max-snippet:-1, max-image-preview:large, max-video-preview:-1\" \/>\n<link rel=\"canonical\" href=\"https:\/\/franciscanos.org.br\/noticias\/abracar-e-seguir-o-projeto-de-deus-pede-frei-cesar-aos-jovens-missionarios.html\" \/>\n<meta property=\"og:locale\" content=\"pt_BR\" \/>\n<meta property=\"og:type\" content=\"article\" \/>\n<meta property=\"og:title\" content=\"Abra\u00e7ar e seguir o Projeto de Deus, pede Vig\u00e1rio Provincial - Not\u00edcias - Franciscanos\" \/>\n<meta property=\"og:description\" content=\"Juventude\" \/>\n<meta property=\"og:url\" content=\"https:\/\/franciscanos.org.br\/noticias\/abracar-e-seguir-o-projeto-de-deus-pede-frei-cesar-aos-jovens-missionarios.html\" \/>\n<meta property=\"og:site_name\" content=\"Not\u00edcias - Franciscanos\" \/>\n<meta property=\"article:published_time\" content=\"2017-01-23T04:29:34+00:00\" \/>\n<meta property=\"article:modified_time\" content=\"2020-03-05T16:52:49+00:00\" \/>\n<meta property=\"og:image\" content=\"https:\/\/franciscanos.org.br\/noticias\/wp-content\/uploads\/2017\/01\/missoes-2017p-1.jpg\" \/>\n\t<meta property=\"og:image:width\" content=\"273\" \/>\n\t<meta property=\"og:image:height\" content=\"181\" \/>\n\t<meta property=\"og:image:type\" content=\"image\/jpeg\" \/>\n<meta name=\"author\" content=\"admin\" \/>\n<meta name=\"twitter:card\" content=\"summary_large_image\" \/>\n<meta name=\"twitter:label1\" content=\"Escrito por\" \/>\n\t<meta name=\"twitter:data1\" content=\"admin\" \/>\n\t<meta name=\"twitter:label2\" content=\"Est. tempo de leitura\" \/>\n\t<meta name=\"twitter:data2\" content=\"7 minutos\" \/>\n<script type=\"application\/ld+json\" class=\"yoast-schema-graph\">{\"@context\":\"https:\/\/schema.org\",\"@graph\":[{\"@type\":\"WebSite\",\"@id\":\"https:\/\/franciscanos.org.br\/noticias\/#website\",\"url\":\"https:\/\/franciscanos.org.br\/noticias\/\",\"name\":\"Not\u00edcias - Franciscanos\",\"description\":\"Prov\u00edncia Franciscana da Imaculada Concei\u00e7\u00e3o do Brasil - Ordem dos Frades Menores - OFM\",\"potentialAction\":[{\"@type\":\"SearchAction\",\"target\":{\"@type\":\"EntryPoint\",\"urlTemplate\":\"https:\/\/franciscanos.org.br\/noticias\/?s={search_term_string}\"},\"query-input\":\"required name=search_term_string\"}],\"inLanguage\":\"pt-BR\"},{\"@type\":\"ImageObject\",\"inLanguage\":\"pt-BR\",\"@id\":\"https:\/\/franciscanos.org.br\/noticias\/abracar-e-seguir-o-projeto-de-deus-pede-frei-cesar-aos-jovens-missionarios.html#primaryimage\",\"url\":\"https:\/\/franciscanos.org.br\/noticias\/wp-content\/uploads\/2017\/01\/missoes-2017p-1.jpg\",\"contentUrl\":\"https:\/\/franciscanos.org.br\/noticias\/wp-content\/uploads\/2017\/01\/missoes-2017p-1.jpg\",\"width\":273,\"height\":181},{\"@type\":\"WebPage\",\"@id\":\"https:\/\/franciscanos.org.br\/noticias\/abracar-e-seguir-o-projeto-de-deus-pede-frei-cesar-aos-jovens-missionarios.html#webpage\",\"url\":\"https:\/\/franciscanos.org.br\/noticias\/abracar-e-seguir-o-projeto-de-deus-pede-frei-cesar-aos-jovens-missionarios.html\",\"name\":\"Abra\u00e7ar e seguir o Projeto de Deus, pede Vig\u00e1rio Provincial - Not\u00edcias - Franciscanos\",\"isPartOf\":{\"@id\":\"https:\/\/franciscanos.org.br\/noticias\/#website\"},\"primaryImageOfPage\":{\"@id\":\"https:\/\/franciscanos.org.br\/noticias\/abracar-e-seguir-o-projeto-de-deus-pede-frei-cesar-aos-jovens-missionarios.html#primaryimage\"},\"datePublished\":\"2017-01-23T04:29:34+00:00\",\"dateModified\":\"2020-03-05T16:52:49+00:00\",\"author\":{\"@id\":\"https:\/\/franciscanos.org.br\/noticias\/#\/schema\/person\/b38fbf43118f02820bd932f2e4b14ad3\"},\"breadcrumb\":{\"@id\":\"https:\/\/franciscanos.org.br\/noticias\/abracar-e-seguir-o-projeto-de-deus-pede-frei-cesar-aos-jovens-missionarios.html#breadcrumb\"},\"inLanguage\":\"pt-BR\",\"potentialAction\":[{\"@type\":\"ReadAction\",\"target\":[\"https:\/\/franciscanos.org.br\/noticias\/abracar-e-seguir-o-projeto-de-deus-pede-frei-cesar-aos-jovens-missionarios.html\"]}]},{\"@type\":\"BreadcrumbList\",\"@id\":\"https:\/\/franciscanos.org.br\/noticias\/abracar-e-seguir-o-projeto-de-deus-pede-frei-cesar-aos-jovens-missionarios.html#breadcrumb\",\"itemListElement\":[{\"@type\":\"ListItem\",\"position\":1,\"name\":\"Home\",\"item\":\"https:\/\/franciscanos.org.br\/noticias\"},{\"@type\":\"ListItem\",\"position\":2,\"name\":\"Abra\u00e7ar e seguir o Projeto de Deus, pede Vig\u00e1rio Provincial\"}]},{\"@type\":\"Person\",\"@id\":\"https:\/\/franciscanos.org.br\/noticias\/#\/schema\/person\/b38fbf43118f02820bd932f2e4b14ad3\",\"name\":\"admin\",\"image\":{\"@type\":\"ImageObject\",\"inLanguage\":\"pt-BR\",\"@id\":\"https:\/\/franciscanos.org.br\/noticias\/#\/schema\/person\/image\/\",\"url\":\"https:\/\/secure.gravatar.com\/avatar\/e8495742d34d0ba6448ea1c628263b3e?s=96&d=mm&r=g\",\"contentUrl\":\"https:\/\/secure.gravatar.com\/avatar\/e8495742d34d0ba6448ea1c628263b3e?s=96&d=mm&r=g\",\"caption\":\"admin\"},\"url\":\"https:\/\/franciscanos.org.br\/noticias\/author\/admin\"}]}<\/script>\n<!-- \/ Yoast SEO plugin. -->","yoast_head_json":{"title":"Abra\u00e7ar e seguir o Projeto de Deus, pede Vig\u00e1rio Provincial - Not\u00edcias - Franciscanos","robots":{"index":"index","follow":"follow","max-snippet":"max-snippet:-1","max-image-preview":"max-image-preview:large","max-video-preview":"max-video-preview:-1"},"canonical":"https:\/\/franciscanos.org.br\/noticias\/abracar-e-seguir-o-projeto-de-deus-pede-frei-cesar-aos-jovens-missionarios.html","og_locale":"pt_BR","og_type":"article","og_title":"Abra\u00e7ar e seguir o Projeto de Deus, pede Vig\u00e1rio Provincial - Not\u00edcias - Franciscanos","og_description":"Juventude","og_url":"https:\/\/franciscanos.org.br\/noticias\/abracar-e-seguir-o-projeto-de-deus-pede-frei-cesar-aos-jovens-missionarios.html","og_site_name":"Not\u00edcias - Franciscanos","article_published_time":"2017-01-23T04:29:34+00:00","article_modified_time":"2020-03-05T16:52:49+00:00","og_image":[{"width":273,"height":181,"url":"https:\/\/franciscanos.org.br\/noticias\/wp-content\/uploads\/2017\/01\/missoes-2017p-1.jpg","type":"image\/jpeg"}],"author":"admin","twitter_card":"summary_large_image","twitter_misc":{"Escrito por":"admin","Est. tempo de leitura":"7 minutos"},"schema":{"@context":"https:\/\/schema.org","@graph":[{"@type":"WebSite","@id":"https:\/\/franciscanos.org.br\/noticias\/#website","url":"https:\/\/franciscanos.org.br\/noticias\/","name":"Not\u00edcias - Franciscanos","description":"Prov\u00edncia Franciscana da Imaculada Concei\u00e7\u00e3o do Brasil - Ordem dos Frades Menores - OFM","potentialAction":[{"@type":"SearchAction","target":{"@type":"EntryPoint","urlTemplate":"https:\/\/franciscanos.org.br\/noticias\/?s={search_term_string}"},"query-input":"required name=search_term_string"}],"inLanguage":"pt-BR"},{"@type":"ImageObject","inLanguage":"pt-BR","@id":"https:\/\/franciscanos.org.br\/noticias\/abracar-e-seguir-o-projeto-de-deus-pede-frei-cesar-aos-jovens-missionarios.html#primaryimage","url":"https:\/\/franciscanos.org.br\/noticias\/wp-content\/uploads\/2017\/01\/missoes-2017p-1.jpg","contentUrl":"https:\/\/franciscanos.org.br\/noticias\/wp-content\/uploads\/2017\/01\/missoes-2017p-1.jpg","width":273,"height":181},{"@type":"WebPage","@id":"https:\/\/franciscanos.org.br\/noticias\/abracar-e-seguir-o-projeto-de-deus-pede-frei-cesar-aos-jovens-missionarios.html#webpage","url":"https:\/\/franciscanos.org.br\/noticias\/abracar-e-seguir-o-projeto-de-deus-pede-frei-cesar-aos-jovens-missionarios.html","name":"Abra\u00e7ar e seguir o Projeto de Deus, pede Vig\u00e1rio Provincial - Not\u00edcias - Franciscanos","isPartOf":{"@id":"https:\/\/franciscanos.org.br\/noticias\/#website"},"primaryImageOfPage":{"@id":"https:\/\/franciscanos.org.br\/noticias\/abracar-e-seguir-o-projeto-de-deus-pede-frei-cesar-aos-jovens-missionarios.html#primaryimage"},"datePublished":"2017-01-23T04:29:34+00:00","dateModified":"2020-03-05T16:52:49+00:00","author":{"@id":"https:\/\/franciscanos.org.br\/noticias\/#\/schema\/person\/b38fbf43118f02820bd932f2e4b14ad3"},"breadcrumb":{"@id":"https:\/\/franciscanos.org.br\/noticias\/abracar-e-seguir-o-projeto-de-deus-pede-frei-cesar-aos-jovens-missionarios.html#breadcrumb"},"inLanguage":"pt-BR","potentialAction":[{"@type":"ReadAction","target":["https:\/\/franciscanos.org.br\/noticias\/abracar-e-seguir-o-projeto-de-deus-pede-frei-cesar-aos-jovens-missionarios.html"]}]},{"@type":"BreadcrumbList","@id":"https:\/\/franciscanos.org.br\/noticias\/abracar-e-seguir-o-projeto-de-deus-pede-frei-cesar-aos-jovens-missionarios.html#breadcrumb","itemListElement":[{"@type":"ListItem","position":1,"name":"Home","item":"https:\/\/franciscanos.org.br\/noticias"},{"@type":"ListItem","position":2,"name":"Abra\u00e7ar e seguir o Projeto de Deus, pede Vig\u00e1rio Provincial"}]},{"@type":"Person","@id":"https:\/\/franciscanos.org.br\/noticias\/#\/schema\/person\/b38fbf43118f02820bd932f2e4b14ad3","name":"admin","image":{"@type":"ImageObject","inLanguage":"pt-BR","@id":"https:\/\/franciscanos.org.br\/noticias\/#\/schema\/person\/image\/","url":"https:\/\/secure.gravatar.com\/avatar\/e8495742d34d0ba6448ea1c628263b3e?s=96&d=mm&r=g","contentUrl":"https:\/\/secure.gravatar.com\/avatar\/e8495742d34d0ba6448ea1c628263b3e?s=96&d=mm&r=g","caption":"admin"},"url":"https:\/\/franciscanos.org.br\/noticias\/author\/admin"}]}},"_links":{"self":[{"href":"https:\/\/franciscanos.org.br\/noticias\/wp-json\/wp\/v2\/posts\/124825"}],"collection":[{"href":"https:\/\/franciscanos.org.br\/noticias\/wp-json\/wp\/v2\/posts"}],"about":[{"href":"https:\/\/franciscanos.org.br\/noticias\/wp-json\/wp\/v2\/types\/post"}],"author":[{"embeddable":true,"href":"https:\/\/franciscanos.org.br\/noticias\/wp-json\/wp\/v2\/users\/1"}],"replies":[{"embeddable":true,"href":"https:\/\/franciscanos.org.br\/noticias\/wp-json\/wp\/v2\/comments?post=124825"}],"version-history":[{"count":0,"href":"https:\/\/franciscanos.org.br\/noticias\/wp-json\/wp\/v2\/posts\/124825\/revisions"}],"wp:featuredmedia":[{"embeddable":true,"href":"https:\/\/franciscanos.org.br\/noticias\/wp-json\/wp\/v2\/media\/195469"}],"wp:attachment":[{"href":"https:\/\/franciscanos.org.br\/noticias\/wp-json\/wp\/v2\/media?parent=124825"}],"wp:term":[{"taxonomy":"category","embeddable":true,"href":"https:\/\/franciscanos.org.br\/noticias\/wp-json\/wp\/v2\/categories?post=124825"},{"taxonomy":"post_tag","embeddable":true,"href":"https:\/\/franciscanos.org.br\/noticias\/wp-json\/wp\/v2\/tags?post=124825"}],"curies":[{"name":"wp","href":"https:\/\/api.w.org\/{rel}","templated":true}]}}