{"id":124711,"date":"2017-01-22T03:01:04","date_gmt":"2017-01-22T05:01:04","guid":{"rendered":"http:\/\/franciscanos.org.br\/?p=124711"},"modified":"2019-01-22T14:24:55","modified_gmt":"2019-01-22T16:24:55","slug":"dividir-para-multiplicar-sabado-de-experiencias-nos-pequenos-grupos","status":"publish","type":"post","link":"https:\/\/franciscanos.org.br\/noticias\/dividir-para-multiplicar-sabado-de-experiencias-nos-pequenos-grupos.html","title":{"rendered":"Dividir para multiplicar: experi\u00eancias nos pequenos grupos"},"content":{"rendered":"<p><img loading=\"lazy\" class=\"alignleft size-full wp-image-195489\" src=\"https:\/\/franciscanos.org.br\/noticias\/wp-content\/uploads\/2017\/01\/missoes-2017-2.jpg\" alt=\"\" width=\"980\" height=\"550\" srcset=\"https:\/\/franciscanos.org.br\/noticias\/wp-content\/uploads\/2017\/01\/missoes-2017-2.jpg 980w, https:\/\/franciscanos.org.br\/noticias\/wp-content\/uploads\/2017\/01\/missoes-2017-2-450x253.jpg 450w, https:\/\/franciscanos.org.br\/noticias\/wp-content\/uploads\/2017\/01\/missoes-2017-2-768x431.jpg 768w, https:\/\/franciscanos.org.br\/noticias\/wp-content\/uploads\/2017\/01\/missoes-2017-2-150x84.jpg 150w\" sizes=\"(max-width: 980px) 100vw, 980px\" \/><\/p>\n<p><strong>Frei Augusto Luiz Gabriel e \u00c9rika Augusto (texto e fotos)<\/strong><\/p>\n<p><strong>Curitiba (PR) &#8211;\u00a0<\/strong>Neste s\u00e1bado, 21, terceiro dia das Miss\u00f5es Franciscanas da Juventude em Curitiba, os jovens j\u00e1 pernoitaram nas casas das fam\u00edlias pr\u00f3ximas aos seus locais de miss\u00e3o. A ideia \u00e9 que, em pequenos grupos, eles fa\u00e7am uma experi\u00eancia mais rica, de partilha, amizade e colabora\u00e7\u00e3o.<\/p>\n<p>Os mission\u00e1rios da reconcilia\u00e7\u00e3o visitaram os com\u00e9rcios da cidade, um local de prostitui\u00e7\u00e3o conhecido como Casa Azul, a Santa Casa de Miseric\u00f3rdia, marcaram presen\u00e7a no Jardim Bot\u00e2nico, levaram a Alegria do Evangelho junto a uma APAE do munic\u00edpio, e prepararam um delicioso almo\u00e7o para os moradores em situa\u00e7\u00e3o de rua. Em todos os cantos da cidade de Curitiba era bonito de ser ver que a presen\u00e7a dos jovens franciscanos, acompanhados dos frades, causava bastante impacto nas ruas da capital paranaense.<\/p>\n<p>Uma das experi\u00eancias aconteceu em Piraquara, no Hospital San Julian e na Comunidade S\u00e3o Roque, o antigo lepros\u00e1rio. Pela manh\u00e3, o grupo, que ficou hospedado nas fam\u00edlias da Par\u00f3quia Bom Jesus dos Perd\u00f5es saiu em dire\u00e7\u00e3o a Piraquara. O hospital S\u00e3o Julian foi fundado em 1968, e acolhe at\u00e9 400 homens que desejam largar a depend\u00eancia do \u00e1lcool e das drogas. Os mission\u00e1rios chegaram durante o hor\u00e1rio de visita para alguns atendidos. Numa pequena lanchonete, os grupinhos se formavam. Pais, m\u00e3es, esposas, amigos, filhos e filhas, todos visitando os parentes internados.<\/p>\n<p>Os jovens foram acolhidos pela assistente social Eliane Aparecida Cruz e por uma equipe de funcion\u00e1rios e professores. Em seguida, eles apresentaram uma vers\u00e3o moderna para a par\u00e1bola do Filho Pr\u00f3digo, uma maneira simples de dizer \u00e0queles homens internados que \u00e9 sempre poss\u00edvel uma nova chance.<\/p>\n<p>Enquanto a equipe\u00a0cuidava da apresenta\u00e7\u00e3o, outro grupo se dirigiu para a ala psiqui\u00e1trica, onde ficam internados os casos considerados mais graves. Eles apresentaram uma releitura do primeiro cap\u00edtulo do Livro do G\u00eanesis, que aborda a cria\u00e7\u00e3o, atrav\u00e9s da arte. \u201cFoi um momento intenso que prendeu a aten\u00e7\u00e3o e os mission\u00e1rios tra\u00e7aram o sinal da cruz na testa dos internos com a argila, gesto que causou como\u00e7\u00e3o. Podemos dizer que sa\u00edmos agraciados pela oportunidade de poder interagir e conhecer a realidade e o mundo em que vivem nossos irm\u00e3os com transtornos que muitas vezes exclu\u00edmos. Deus nos envia e capacita para proclamar o seu amor. Imposs\u00edvel n\u00e3o se emocionar ao perceber o rosto misericordioso nos olhos desses irm\u00e3os\u201d, afirmou Elisa Lima, de Lages (SC).<\/p>\n<p>Depois do encontro com as fam\u00edlias, foi momento de visitar os outros pacientes. Os mission\u00e1rios encontraram homens de diversas idades e lugares. Eles reapresentaram a par\u00e1bola do Filho Pr\u00f3digo e, em seguida, ouviram dois testemunhos, do Carlos Henrique e do Jeferson Santos. O Carlos Henrique \u00e9 paciente do San Julian, mas est\u00e1 de malas prontas: deixa o hospital na pr\u00f3xima ter\u00e7a-feira, ap\u00f3s 4 meses de tratamento. Ele aproveitou a oportunidade para agradecer aos companheiros do hospital pelas partilhas e pela for\u00e7a que lhe deram. \u201cEm 4 meses eu fui me conhecendo, soube da minha doen\u00e7a, transtorno bipolar, e aprendi a escutar os outros. Escutando eu vou estar me curando\u201d, afirmou.<\/p>\n<p>O outro testemunho foi do Jeferson, vindo de Forquilhinha (SC). Ele, mais que mission\u00e1rio, \u00e9 um dependente qu\u00edmico em tratamento, e foi liberado pelos m\u00e9dicos para participar da experi\u00eancia em Curitiba. Sua fala trouxe esperan\u00e7a para aqueles homens, e um novo olhar para os jovens mission\u00e1rios. \u201cN\u00e3o tenham vergonha da realidade de voc\u00eas\u201d, pediu Jeferson. E falou sobre os problemas que a depend\u00eancia qu\u00edmica gera, n\u00e3o somente para o usu\u00e1rio, mas para as pessoas que o cercam. O mais importante \u00e9 desejar algo melhor. \u201cN\u00e3o desista dos sonhos de voc\u00eas. Ap\u00f3s a tempestade tem algo melhor que se possa imaginar\u201d, concluiu.<\/p>\n<p><strong>CONFIRA A ENTREVISTA COM JEFERSON:<\/strong><\/p>\n<p><iframe loading=\"lazy\" src=\"https:\/\/www.youtube.com\/embed\/cUnPMR3x7U0\" width=\"100%\" height=\"480\" frameborder=\"0\" allowfullscreen=\"allowfullscreen\"><\/iframe><\/p>\n<p><strong>ALMO\u00c7O E VISITA AO ANTIGO LEPROS\u00c1RIO<\/strong><\/p>\n<p>Ap\u00f3s as visitas, os jovens foram conhecer outro local muito especial, a antiga Col\u00f4nia S\u00e3o Roque, que hoje \u00e9 o Hospital de Dermatologia Sanit\u00e1ria do Paran\u00e1. No local vive Frei Rui Depin\u00e9, de cativantes olhos azuis e fala mansa, e algumas Irm\u00e3s Franciscanas de S\u00e3o Jos\u00e9, que auxiliam nos trabalhos da comunidade e no cuidado de Frei Rui.<br \/>\nOs jovens foram recebidos com muita alegria e entusiasmo e uma deliciosa feijoada. Ap\u00f3s o almo\u00e7o, Frei Rui contou um pouco sobre a hist\u00f3ria da Col\u00f4nia S\u00e3o Roque e das dificuldades que eles enfrentaram. \u201cOs doentes eram despejados no \u00faltimo vag\u00e3o do trem, as irm\u00e3s chegavam a busc\u00e1-los em carrinho de m\u00e3o para trazer at\u00e9 aqui\u201d, partilhou.<\/p>\n<p><img loading=\"lazy\" src=\"http:\/\/franciscanos.org.br\/wp-content\/uploads\/2017\/01\/missoes_210117_g2.jpg\" alt=\"missoes_210117_g2\" width=\"830\" height=\"420\" \/><\/p>\n<p>Josy Ferraz, que ajudou na articula\u00e7\u00e3o do grupo e \u00e9, com as irm\u00e3s, bra\u00e7o direito de Frei Rui, tamb\u00e9m falou aos jovens sobre sua rela\u00e7\u00e3o com a comunidade. Ela participa da Igreja Batista, mas afirma que o trabalho feito no S\u00e3o Roque \u00e9 muito importante para ela, independente da confiss\u00e3o religiosa, e que brinca com o pastor de sua Igreja, quando questionada sobre sua aus\u00eancia: \u201ceu n\u00e3o venho ao culto, mas participo todo s\u00e1bado e domingo na missa no S\u00e3o Roque\u201d.<\/p>\n<p>Os mission\u00e1rios seguiram ent\u00e3o para a segunda parte da experi\u00eancia, onde puderam entregar os materiais escolares doados\u00a0pelos jovens para as crian\u00e7as carentes de Piraquara. Quando chegaram, viram uma fila de m\u00e3es e crian\u00e7as, ansiosos pela chegada dos visitantes. Eles desembarcaram do \u00f4nibus com perucas, \u00f3culos coloridos, cantando e interagindo com as crian\u00e7as que, aos poucos, foram perdendo a timidez e entrando na brincadeira. Com tintas, tiveram os rostos e m\u00e3os pintados, ganharam chocolate e ganharam, sobretudo, muito carinho e amor dos jovens. Depois formou-se duas filas: para as crian\u00e7as menores cadernos brochura com l\u00e1pis de cor, para os mais velhos, cadernos universit\u00e1rios com caneta, l\u00e1pis e borracha.<\/p>\n<p>Certamente, o desejo dos mission\u00e1rios era ficar mais tempo com aquelas crian\u00e7as e seus pais, mas eles tiveram que voltar para S\u00e3o Roque, onde celebraram a Eucaristia com a comunidade \u00e0s 18h. A missa foi presidida por Frei \u00c2ngelo Vanazzi, que acompanhou o grupo dos mission\u00e1rios.<\/p>\n<p>Na hora da despedida, Frei Gabriel Dellandrea agradeceu a calorosa acolhida e, emocionado, falou a respeito do trabalho realizado no S\u00e3o Roque. \u201cH\u00e1 pessoas que n\u00e3o fazem a Miss\u00e3o Franciscana da Juventude, mas que vivem a Miss\u00e3o, fazem das suas vidas uma Miss\u00e3o Franciscana\u201d, afirmou. E concluiu: \u201cO para\u00edso \u00e9 aqui\u201d, relatando da sua experi\u00eancia pastoral no local enquanto era frade estudante de Filosofia em Rondinha.<\/p>\n<p>Frei Rui dirigiu algumas palavras aos jovens mission\u00e1rios, afirmando que aquela presen\u00e7a era inexplic\u00e1vel e agradeceu, dizendo: \u201cpor aqui ficam as marcas, n\u00e3o as do sapato, mas as de Deus\u201d, concluiu.<\/p>\n<p><strong>INDO AO ENCONTRO DAS FAM\u00cdLIAS NA PAR\u00d3QUIA DA FERRARIA<\/strong><\/p>\n<p>Tamb\u00e9m, um grupo de aproximadamente 50 jovens realizou durante todo o dia, na Par\u00f3quia Senhor Bom Jesus, de Campo Largo (PR), atividades voltadas \u00e0 manuten\u00e7\u00e3o das igrejas, e especialmente visitas \u00e0s fam\u00edlias. Tr\u00eas comunidades do bairro Ferraria foram presenteadas com a juventude mission\u00e1ria. No final do dia, as comunidades em prociss\u00e3o, acompanhadas com as imagens dos padroeiros das capelas, se encontraram em frente \u00e0 Igreja Matriz, para juntos encerrarem as atividades com a Celebra\u00e7\u00e3o Eucar\u00edstica. Presidida por Frei M\u00e1rio Stein, de Colatina (ES), e concelebrada por Frei Marcos Prado, de Ituporanga (SC), e pelo di\u00e1cono Osni Jasper, da Par\u00f3quia de Santo Amaro da Imperatriz (SC). Ap\u00f3s a homilia, o celebrante convidou alguns jovens a darem seus testemunhos. Foram un\u00e2nimes ao afirmarem que a boa acolhida e a simplicidade das pessoas impactaram de forma \u00edmpar a vida de cada um. Ap\u00f3s a celebra\u00e7\u00e3o, j\u00e1 no sal\u00e3o paroquial, os jovens da comunidade local conduziram um momento art\u00edstico muito bonito, por sinal. Em seguida, teve in\u00edcio uma confraterniza\u00e7\u00e3o com todos os presentes.<\/p>\n\n\t\t<style type=\"text\/css\">\n\t\t\t#gallery-1 {\n\t\t\t\tmargin: auto;\n\t\t\t}\n\t\t\t#gallery-1 .gallery-item {\n\t\t\t\tfloat: left;\n\t\t\t\tmargin-top: 10px;\n\t\t\t\ttext-align: center;\n\t\t\t\twidth: 25%;\n\t\t\t}\n\t\t\t#gallery-1 img {\n\t\t\t\tborder: 2px solid #cfcfcf;\n\t\t\t}\n\t\t\t#gallery-1 .gallery-caption {\n\t\t\t\tmargin-left: 0;\n\t\t\t}\n\t\t\t\/* see gallery_shortcode() in wp-includes\/media.php *\/\n\t\t<\/style>\n\t\t<div id='gallery-1' class='gallery galleryid-124711 gallery-columns-4 gallery-size-thumbnail'><dl class='gallery-item'>\n\t\t\t<dt class='gallery-icon landscape'>\n\t\t\t\t<a href='https:\/\/franciscanos.org.br\/noticias\/wp-content\/uploads\/2017\/01\/missoes_210117_78.jpg'><img width=\"300\" height=\"300\" src=\"https:\/\/franciscanos.org.br\/noticias\/wp-content\/uploads\/2017\/01\/missoes_210117_78-300x300.jpg\" class=\"attachment-thumbnail size-thumbnail\" alt=\"\" loading=\"lazy\" srcset=\"https:\/\/franciscanos.org.br\/noticias\/wp-content\/uploads\/2017\/01\/missoes_210117_78-300x300.jpg 300w, https:\/\/franciscanos.org.br\/noticias\/wp-content\/uploads\/2017\/01\/missoes_210117_78-400x400.jpg 400w\" sizes=\"(max-width: 300px) 100vw, 300px\" \/><\/a>\n\t\t\t<\/dt><\/dl><dl class='gallery-item'>\n\t\t\t<dt class='gallery-icon landscape'>\n\t\t\t\t<a href='https:\/\/franciscanos.org.br\/noticias\/wp-content\/uploads\/2017\/01\/missoes_210117_91.jpg'><img width=\"300\" height=\"300\" src=\"https:\/\/franciscanos.org.br\/noticias\/wp-content\/uploads\/2017\/01\/missoes_210117_91-300x300.jpg\" class=\"attachment-thumbnail size-thumbnail\" alt=\"\" loading=\"lazy\" srcset=\"https:\/\/franciscanos.org.br\/noticias\/wp-content\/uploads\/2017\/01\/missoes_210117_91-300x300.jpg 300w, https:\/\/franciscanos.org.br\/noticias\/wp-content\/uploads\/2017\/01\/missoes_210117_91-400x400.jpg 400w\" sizes=\"(max-width: 300px) 100vw, 300px\" \/><\/a>\n\t\t\t<\/dt><\/dl><dl class='gallery-item'>\n\t\t\t<dt class='gallery-icon landscape'>\n\t\t\t\t<a href='https:\/\/franciscanos.org.br\/noticias\/wp-content\/uploads\/2017\/01\/missoes_210117_110.jpg'><img width=\"300\" height=\"300\" src=\"https:\/\/franciscanos.org.br\/noticias\/wp-content\/uploads\/2017\/01\/missoes_210117_110-300x300.jpg\" class=\"attachment-thumbnail size-thumbnail\" alt=\"\" loading=\"lazy\" srcset=\"https:\/\/franciscanos.org.br\/noticias\/wp-content\/uploads\/2017\/01\/missoes_210117_110-300x300.jpg 300w, https:\/\/franciscanos.org.br\/noticias\/wp-content\/uploads\/2017\/01\/missoes_210117_110-400x400.jpg 400w\" sizes=\"(max-width: 300px) 100vw, 300px\" \/><\/a>\n\t\t\t<\/dt><\/dl><dl class='gallery-item'>\n\t\t\t<dt class='gallery-icon landscape'>\n\t\t\t\t<a href='https:\/\/franciscanos.org.br\/noticias\/wp-content\/uploads\/2017\/01\/missoes_210117_141.jpg'><img width=\"300\" height=\"300\" src=\"https:\/\/franciscanos.org.br\/noticias\/wp-content\/uploads\/2017\/01\/missoes_210117_141-300x300.jpg\" class=\"attachment-thumbnail size-thumbnail\" alt=\"\" loading=\"lazy\" srcset=\"https:\/\/franciscanos.org.br\/noticias\/wp-content\/uploads\/2017\/01\/missoes_210117_141-300x300.jpg 300w, https:\/\/franciscanos.org.br\/noticias\/wp-content\/uploads\/2017\/01\/missoes_210117_141-400x400.jpg 400w\" sizes=\"(max-width: 300px) 100vw, 300px\" \/><\/a>\n\t\t\t<\/dt><\/dl><br style=\"clear: both\" \/><dl class='gallery-item'>\n\t\t\t<dt class='gallery-icon landscape'>\n\t\t\t\t<a href='https:\/\/franciscanos.org.br\/noticias\/wp-content\/uploads\/2017\/01\/missoes_210117_181.jpg'><img width=\"300\" height=\"300\" src=\"https:\/\/franciscanos.org.br\/noticias\/wp-content\/uploads\/2017\/01\/missoes_210117_181-300x300.jpg\" class=\"attachment-thumbnail size-thumbnail\" alt=\"\" loading=\"lazy\" srcset=\"https:\/\/franciscanos.org.br\/noticias\/wp-content\/uploads\/2017\/01\/missoes_210117_181-300x300.jpg 300w, https:\/\/franciscanos.org.br\/noticias\/wp-content\/uploads\/2017\/01\/missoes_210117_181-400x400.jpg 400w\" sizes=\"(max-width: 300px) 100vw, 300px\" \/><\/a>\n\t\t\t<\/dt><\/dl><dl class='gallery-item'>\n\t\t\t<dt class='gallery-icon landscape'>\n\t\t\t\t<a href='https:\/\/franciscanos.org.br\/noticias\/wp-content\/uploads\/2017\/01\/missoes_210117_231.jpg'><img width=\"300\" height=\"300\" src=\"https:\/\/franciscanos.org.br\/noticias\/wp-content\/uploads\/2017\/01\/missoes_210117_231-300x300.jpg\" class=\"attachment-thumbnail size-thumbnail\" alt=\"\" loading=\"lazy\" srcset=\"https:\/\/franciscanos.org.br\/noticias\/wp-content\/uploads\/2017\/01\/missoes_210117_231-300x300.jpg 300w, https:\/\/franciscanos.org.br\/noticias\/wp-content\/uploads\/2017\/01\/missoes_210117_231-400x400.jpg 400w\" sizes=\"(max-width: 300px) 100vw, 300px\" \/><\/a>\n\t\t\t<\/dt><\/dl><dl class='gallery-item'>\n\t\t\t<dt class='gallery-icon landscape'>\n\t\t\t\t<a href='https:\/\/franciscanos.org.br\/noticias\/wp-content\/uploads\/2017\/01\/missoes_210117_241.jpg'><img width=\"300\" height=\"300\" src=\"https:\/\/franciscanos.org.br\/noticias\/wp-content\/uploads\/2017\/01\/missoes_210117_241-300x300.jpg\" class=\"attachment-thumbnail size-thumbnail\" alt=\"\" loading=\"lazy\" srcset=\"https:\/\/franciscanos.org.br\/noticias\/wp-content\/uploads\/2017\/01\/missoes_210117_241-300x300.jpg 300w, https:\/\/franciscanos.org.br\/noticias\/wp-content\/uploads\/2017\/01\/missoes_210117_241-400x400.jpg 400w\" sizes=\"(max-width: 300px) 100vw, 300px\" \/><\/a>\n\t\t\t<\/dt><\/dl><dl class='gallery-item'>\n\t\t\t<dt class='gallery-icon landscape'>\n\t\t\t\t<a href='https:\/\/franciscanos.org.br\/noticias\/wp-content\/uploads\/2017\/01\/missoes_210117_261.jpg'><img width=\"300\" height=\"300\" src=\"https:\/\/franciscanos.org.br\/noticias\/wp-content\/uploads\/2017\/01\/missoes_210117_261-300x300.jpg\" class=\"attachment-thumbnail size-thumbnail\" alt=\"\" loading=\"lazy\" srcset=\"https:\/\/franciscanos.org.br\/noticias\/wp-content\/uploads\/2017\/01\/missoes_210117_261-300x300.jpg 300w, https:\/\/franciscanos.org.br\/noticias\/wp-content\/uploads\/2017\/01\/missoes_210117_261-400x400.jpg 400w\" sizes=\"(max-width: 300px) 100vw, 300px\" \/><\/a>\n\t\t\t<\/dt><\/dl><br style=\"clear: both\" \/><dl class='gallery-item'>\n\t\t\t<dt class='gallery-icon landscape'>\n\t\t\t\t<a href='https:\/\/franciscanos.org.br\/noticias\/wp-content\/uploads\/2017\/01\/missoes_210117_281.jpg'><img width=\"300\" height=\"300\" src=\"https:\/\/franciscanos.org.br\/noticias\/wp-content\/uploads\/2017\/01\/missoes_210117_281-300x300.jpg\" class=\"attachment-thumbnail size-thumbnail\" alt=\"\" loading=\"lazy\" srcset=\"https:\/\/franciscanos.org.br\/noticias\/wp-content\/uploads\/2017\/01\/missoes_210117_281-300x300.jpg 300w, https:\/\/franciscanos.org.br\/noticias\/wp-content\/uploads\/2017\/01\/missoes_210117_281-400x400.jpg 400w\" sizes=\"(max-width: 300px) 100vw, 300px\" \/><\/a>\n\t\t\t<\/dt><\/dl><dl class='gallery-item'>\n\t\t\t<dt class='gallery-icon landscape'>\n\t\t\t\t<a href='https:\/\/franciscanos.org.br\/noticias\/wp-content\/uploads\/2017\/01\/missoes_210117_291.jpg'><img width=\"300\" height=\"300\" src=\"https:\/\/franciscanos.org.br\/noticias\/wp-content\/uploads\/2017\/01\/missoes_210117_291-300x300.jpg\" class=\"attachment-thumbnail size-thumbnail\" alt=\"\" loading=\"lazy\" srcset=\"https:\/\/franciscanos.org.br\/noticias\/wp-content\/uploads\/2017\/01\/missoes_210117_291-300x300.jpg 300w, https:\/\/franciscanos.org.br\/noticias\/wp-content\/uploads\/2017\/01\/missoes_210117_291-400x400.jpg 400w\" sizes=\"(max-width: 300px) 100vw, 300px\" \/><\/a>\n\t\t\t<\/dt><\/dl><dl class='gallery-item'>\n\t\t\t<dt class='gallery-icon landscape'>\n\t\t\t\t<a href='https:\/\/franciscanos.org.br\/noticias\/wp-content\/uploads\/2017\/01\/missoes_210117_311.jpg'><img width=\"300\" height=\"300\" src=\"https:\/\/franciscanos.org.br\/noticias\/wp-content\/uploads\/2017\/01\/missoes_210117_311-300x300.jpg\" class=\"attachment-thumbnail size-thumbnail\" alt=\"\" loading=\"lazy\" srcset=\"https:\/\/franciscanos.org.br\/noticias\/wp-content\/uploads\/2017\/01\/missoes_210117_311-300x300.jpg 300w, https:\/\/franciscanos.org.br\/noticias\/wp-content\/uploads\/2017\/01\/missoes_210117_311-400x400.jpg 400w\" sizes=\"(max-width: 300px) 100vw, 300px\" \/><\/a>\n\t\t\t<\/dt><\/dl><dl class='gallery-item'>\n\t\t\t<dt class='gallery-icon landscape'>\n\t\t\t\t<a href='https:\/\/franciscanos.org.br\/noticias\/wp-content\/uploads\/2017\/01\/missoes_210117_391.jpg'><img width=\"300\" height=\"300\" src=\"https:\/\/franciscanos.org.br\/noticias\/wp-content\/uploads\/2017\/01\/missoes_210117_391-300x300.jpg\" class=\"attachment-thumbnail size-thumbnail\" alt=\"\" loading=\"lazy\" srcset=\"https:\/\/franciscanos.org.br\/noticias\/wp-content\/uploads\/2017\/01\/missoes_210117_391-300x300.jpg 300w, https:\/\/franciscanos.org.br\/noticias\/wp-content\/uploads\/2017\/01\/missoes_210117_391-400x400.jpg 400w\" sizes=\"(max-width: 300px) 100vw, 300px\" \/><\/a>\n\t\t\t<\/dt><\/dl><br style=\"clear: both\" \/><dl class='gallery-item'>\n\t\t\t<dt class='gallery-icon landscape'>\n\t\t\t\t<a href='https:\/\/franciscanos.org.br\/noticias\/wp-content\/uploads\/2017\/01\/missoes_210117_401.jpg'><img width=\"300\" height=\"300\" src=\"https:\/\/franciscanos.org.br\/noticias\/wp-content\/uploads\/2017\/01\/missoes_210117_401-300x300.jpg\" class=\"attachment-thumbnail size-thumbnail\" alt=\"\" loading=\"lazy\" srcset=\"https:\/\/franciscanos.org.br\/noticias\/wp-content\/uploads\/2017\/01\/missoes_210117_401-300x300.jpg 300w, https:\/\/franciscanos.org.br\/noticias\/wp-content\/uploads\/2017\/01\/missoes_210117_401-400x400.jpg 400w\" sizes=\"(max-width: 300px) 100vw, 300px\" \/><\/a>\n\t\t\t<\/dt><\/dl><dl class='gallery-item'>\n\t\t\t<dt class='gallery-icon landscape'>\n\t\t\t\t<a href='https:\/\/franciscanos.org.br\/noticias\/wp-content\/uploads\/2017\/01\/missoes_210117_541.jpg'><img width=\"300\" height=\"300\" src=\"https:\/\/franciscanos.org.br\/noticias\/wp-content\/uploads\/2017\/01\/missoes_210117_541-300x300.jpg\" class=\"attachment-thumbnail size-thumbnail\" alt=\"\" loading=\"lazy\" srcset=\"https:\/\/franciscanos.org.br\/noticias\/wp-content\/uploads\/2017\/01\/missoes_210117_541-300x300.jpg 300w, https:\/\/franciscanos.org.br\/noticias\/wp-content\/uploads\/2017\/01\/missoes_210117_541-400x400.jpg 400w\" sizes=\"(max-width: 300px) 100vw, 300px\" \/><\/a>\n\t\t\t<\/dt><\/dl><dl class='gallery-item'>\n\t\t\t<dt class='gallery-icon landscape'>\n\t\t\t\t<a href='https:\/\/franciscanos.org.br\/noticias\/wp-content\/uploads\/2017\/01\/missoes_210117_571.jpg'><img width=\"300\" height=\"300\" src=\"https:\/\/franciscanos.org.br\/noticias\/wp-content\/uploads\/2017\/01\/missoes_210117_571-300x300.jpg\" class=\"attachment-thumbnail size-thumbnail\" alt=\"\" loading=\"lazy\" srcset=\"https:\/\/franciscanos.org.br\/noticias\/wp-content\/uploads\/2017\/01\/missoes_210117_571-300x300.jpg 300w, https:\/\/franciscanos.org.br\/noticias\/wp-content\/uploads\/2017\/01\/missoes_210117_571-400x400.jpg 400w\" sizes=\"(max-width: 300px) 100vw, 300px\" \/><\/a>\n\t\t\t<\/dt><\/dl><dl class='gallery-item'>\n\t\t\t<dt class='gallery-icon landscape'>\n\t\t\t\t<a href='https:\/\/franciscanos.org.br\/noticias\/wp-content\/uploads\/2017\/01\/missoes_210117_621.jpg'><img width=\"300\" height=\"300\" src=\"https:\/\/franciscanos.org.br\/noticias\/wp-content\/uploads\/2017\/01\/missoes_210117_621-300x300.jpg\" class=\"attachment-thumbnail size-thumbnail\" alt=\"\" loading=\"lazy\" srcset=\"https:\/\/franciscanos.org.br\/noticias\/wp-content\/uploads\/2017\/01\/missoes_210117_621-300x300.jpg 300w, https:\/\/franciscanos.org.br\/noticias\/wp-content\/uploads\/2017\/01\/missoes_210117_621-400x400.jpg 400w\" sizes=\"(max-width: 300px) 100vw, 300px\" \/><\/a>\n\t\t\t<\/dt><\/dl><br style=\"clear: both\" \/><dl class='gallery-item'>\n\t\t\t<dt class='gallery-icon landscape'>\n\t\t\t\t<a href='https:\/\/franciscanos.org.br\/noticias\/wp-content\/uploads\/2017\/01\/missoes_210117_671.jpg'><img width=\"300\" height=\"300\" src=\"https:\/\/franciscanos.org.br\/noticias\/wp-content\/uploads\/2017\/01\/missoes_210117_671-300x300.jpg\" class=\"attachment-thumbnail size-thumbnail\" alt=\"\" loading=\"lazy\" srcset=\"https:\/\/franciscanos.org.br\/noticias\/wp-content\/uploads\/2017\/01\/missoes_210117_671-300x300.jpg 300w, https:\/\/franciscanos.org.br\/noticias\/wp-content\/uploads\/2017\/01\/missoes_210117_671-400x400.jpg 400w\" sizes=\"(max-width: 300px) 100vw, 300px\" \/><\/a>\n\t\t\t<\/dt><\/dl><dl class='gallery-item'>\n\t\t\t<dt class='gallery-icon landscape'>\n\t\t\t\t<a href='https:\/\/franciscanos.org.br\/noticias\/wp-content\/uploads\/2017\/01\/missoes_210117_701.jpg'><img width=\"300\" height=\"300\" src=\"https:\/\/franciscanos.org.br\/noticias\/wp-content\/uploads\/2017\/01\/missoes_210117_701-300x300.jpg\" class=\"attachment-thumbnail size-thumbnail\" alt=\"\" loading=\"lazy\" srcset=\"https:\/\/franciscanos.org.br\/noticias\/wp-content\/uploads\/2017\/01\/missoes_210117_701-300x300.jpg 300w, https:\/\/franciscanos.org.br\/noticias\/wp-content\/uploads\/2017\/01\/missoes_210117_701-400x400.jpg 400w\" sizes=\"(max-width: 300px) 100vw, 300px\" \/><\/a>\n\t\t\t<\/dt><\/dl><dl class='gallery-item'>\n\t\t\t<dt class='gallery-icon landscape'>\n\t\t\t\t<a href='https:\/\/franciscanos.org.br\/noticias\/wp-content\/uploads\/2017\/01\/missoes_210117_781.jpg'><img width=\"300\" height=\"300\" src=\"https:\/\/franciscanos.org.br\/noticias\/wp-content\/uploads\/2017\/01\/missoes_210117_781-300x300.jpg\" class=\"attachment-thumbnail size-thumbnail\" alt=\"\" loading=\"lazy\" srcset=\"https:\/\/franciscanos.org.br\/noticias\/wp-content\/uploads\/2017\/01\/missoes_210117_781-300x300.jpg 300w, https:\/\/franciscanos.org.br\/noticias\/wp-content\/uploads\/2017\/01\/missoes_210117_781-400x400.jpg 400w\" sizes=\"(max-width: 300px) 100vw, 300px\" \/><\/a>\n\t\t\t<\/dt><\/dl>\n\t\t\t<br style='clear: both' \/>\n\t\t<\/div>\n\n","protected":false},"excerpt":{"rendered":"<p>Miss\u00f5es Franciscanas da Juventude <\/p>\n","protected":false},"author":1,"featured_media":195491,"comment_status":"open","ping_status":"open","sticky":false,"template":"","format":"standard","meta":[],"categories":[1],"tags":[1206],"acf":[],"yoast_head":"<!-- This site is optimized with the Yoast SEO plugin v19.2 - https:\/\/yoast.com\/wordpress\/plugins\/seo\/ -->\n<title>Dividir para multiplicar: experi\u00eancias nos pequenos grupos - Not\u00edcias - Franciscanos<\/title>\n<meta name=\"robots\" content=\"index, follow, max-snippet:-1, max-image-preview:large, max-video-preview:-1\" \/>\n<link rel=\"canonical\" href=\"https:\/\/franciscanos.org.br\/noticias\/dividir-para-multiplicar-sabado-de-experiencias-nos-pequenos-grupos.html\" \/>\n<meta property=\"og:locale\" content=\"pt_BR\" \/>\n<meta property=\"og:type\" content=\"article\" \/>\n<meta property=\"og:title\" content=\"Dividir para multiplicar: experi\u00eancias nos pequenos grupos - Not\u00edcias - Franciscanos\" \/>\n<meta property=\"og:description\" content=\"Miss\u00f5es Franciscanas da Juventude\" \/>\n<meta property=\"og:url\" content=\"https:\/\/franciscanos.org.br\/noticias\/dividir-para-multiplicar-sabado-de-experiencias-nos-pequenos-grupos.html\" \/>\n<meta property=\"og:site_name\" content=\"Not\u00edcias - Franciscanos\" \/>\n<meta property=\"article:published_time\" content=\"2017-01-22T05:01:04+00:00\" \/>\n<meta property=\"article:modified_time\" content=\"2019-01-22T16:24:55+00:00\" \/>\n<meta property=\"og:image\" content=\"https:\/\/franciscanos.org.br\/noticias\/wp-content\/uploads\/2017\/01\/missoes-2017-2-p.jpg\" \/>\n\t<meta property=\"og:image:width\" content=\"273\" \/>\n\t<meta property=\"og:image:height\" content=\"181\" \/>\n\t<meta property=\"og:image:type\" content=\"image\/jpeg\" \/>\n<meta name=\"author\" content=\"admin\" \/>\n<meta name=\"twitter:card\" content=\"summary_large_image\" \/>\n<meta name=\"twitter:label1\" content=\"Escrito por\" \/>\n\t<meta name=\"twitter:data1\" content=\"admin\" \/>\n\t<meta name=\"twitter:label2\" content=\"Est. tempo de leitura\" \/>\n\t<meta name=\"twitter:data2\" content=\"7 minutos\" \/>\n<script type=\"application\/ld+json\" class=\"yoast-schema-graph\">{\"@context\":\"https:\/\/schema.org\",\"@graph\":[{\"@type\":\"WebSite\",\"@id\":\"https:\/\/franciscanos.org.br\/noticias\/#website\",\"url\":\"https:\/\/franciscanos.org.br\/noticias\/\",\"name\":\"Not\u00edcias - Franciscanos\",\"description\":\"Prov\u00edncia Franciscana da Imaculada Concei\u00e7\u00e3o do Brasil - Ordem dos Frades Menores - OFM\",\"potentialAction\":[{\"@type\":\"SearchAction\",\"target\":{\"@type\":\"EntryPoint\",\"urlTemplate\":\"https:\/\/franciscanos.org.br\/noticias\/?s={search_term_string}\"},\"query-input\":\"required name=search_term_string\"}],\"inLanguage\":\"pt-BR\"},{\"@type\":\"ImageObject\",\"inLanguage\":\"pt-BR\",\"@id\":\"https:\/\/franciscanos.org.br\/noticias\/dividir-para-multiplicar-sabado-de-experiencias-nos-pequenos-grupos.html#primaryimage\",\"url\":\"https:\/\/franciscanos.org.br\/noticias\/wp-content\/uploads\/2017\/01\/missoes-2017-2-p.jpg\",\"contentUrl\":\"https:\/\/franciscanos.org.br\/noticias\/wp-content\/uploads\/2017\/01\/missoes-2017-2-p.jpg\",\"width\":273,\"height\":181},{\"@type\":\"WebPage\",\"@id\":\"https:\/\/franciscanos.org.br\/noticias\/dividir-para-multiplicar-sabado-de-experiencias-nos-pequenos-grupos.html#webpage\",\"url\":\"https:\/\/franciscanos.org.br\/noticias\/dividir-para-multiplicar-sabado-de-experiencias-nos-pequenos-grupos.html\",\"name\":\"Dividir para multiplicar: experi\u00eancias nos pequenos grupos - Not\u00edcias - Franciscanos\",\"isPartOf\":{\"@id\":\"https:\/\/franciscanos.org.br\/noticias\/#website\"},\"primaryImageOfPage\":{\"@id\":\"https:\/\/franciscanos.org.br\/noticias\/dividir-para-multiplicar-sabado-de-experiencias-nos-pequenos-grupos.html#primaryimage\"},\"datePublished\":\"2017-01-22T05:01:04+00:00\",\"dateModified\":\"2019-01-22T16:24:55+00:00\",\"author\":{\"@id\":\"https:\/\/franciscanos.org.br\/noticias\/#\/schema\/person\/b38fbf43118f02820bd932f2e4b14ad3\"},\"breadcrumb\":{\"@id\":\"https:\/\/franciscanos.org.br\/noticias\/dividir-para-multiplicar-sabado-de-experiencias-nos-pequenos-grupos.html#breadcrumb\"},\"inLanguage\":\"pt-BR\",\"potentialAction\":[{\"@type\":\"ReadAction\",\"target\":[\"https:\/\/franciscanos.org.br\/noticias\/dividir-para-multiplicar-sabado-de-experiencias-nos-pequenos-grupos.html\"]}]},{\"@type\":\"BreadcrumbList\",\"@id\":\"https:\/\/franciscanos.org.br\/noticias\/dividir-para-multiplicar-sabado-de-experiencias-nos-pequenos-grupos.html#breadcrumb\",\"itemListElement\":[{\"@type\":\"ListItem\",\"position\":1,\"name\":\"Home\",\"item\":\"https:\/\/franciscanos.org.br\/noticias\"},{\"@type\":\"ListItem\",\"position\":2,\"name\":\"Dividir para multiplicar: experi\u00eancias nos pequenos grupos\"}]},{\"@type\":\"Person\",\"@id\":\"https:\/\/franciscanos.org.br\/noticias\/#\/schema\/person\/b38fbf43118f02820bd932f2e4b14ad3\",\"name\":\"admin\",\"image\":{\"@type\":\"ImageObject\",\"inLanguage\":\"pt-BR\",\"@id\":\"https:\/\/franciscanos.org.br\/noticias\/#\/schema\/person\/image\/\",\"url\":\"https:\/\/secure.gravatar.com\/avatar\/e8495742d34d0ba6448ea1c628263b3e?s=96&d=mm&r=g\",\"contentUrl\":\"https:\/\/secure.gravatar.com\/avatar\/e8495742d34d0ba6448ea1c628263b3e?s=96&d=mm&r=g\",\"caption\":\"admin\"},\"url\":\"https:\/\/franciscanos.org.br\/noticias\/author\/admin\"}]}<\/script>\n<!-- \/ Yoast SEO plugin. -->","yoast_head_json":{"title":"Dividir para multiplicar: experi\u00eancias nos pequenos grupos - Not\u00edcias - Franciscanos","robots":{"index":"index","follow":"follow","max-snippet":"max-snippet:-1","max-image-preview":"max-image-preview:large","max-video-preview":"max-video-preview:-1"},"canonical":"https:\/\/franciscanos.org.br\/noticias\/dividir-para-multiplicar-sabado-de-experiencias-nos-pequenos-grupos.html","og_locale":"pt_BR","og_type":"article","og_title":"Dividir para multiplicar: experi\u00eancias nos pequenos grupos - Not\u00edcias - Franciscanos","og_description":"Miss\u00f5es Franciscanas da Juventude","og_url":"https:\/\/franciscanos.org.br\/noticias\/dividir-para-multiplicar-sabado-de-experiencias-nos-pequenos-grupos.html","og_site_name":"Not\u00edcias - Franciscanos","article_published_time":"2017-01-22T05:01:04+00:00","article_modified_time":"2019-01-22T16:24:55+00:00","og_image":[{"width":273,"height":181,"url":"https:\/\/franciscanos.org.br\/noticias\/wp-content\/uploads\/2017\/01\/missoes-2017-2-p.jpg","type":"image\/jpeg"}],"author":"admin","twitter_card":"summary_large_image","twitter_misc":{"Escrito por":"admin","Est. tempo de leitura":"7 minutos"},"schema":{"@context":"https:\/\/schema.org","@graph":[{"@type":"WebSite","@id":"https:\/\/franciscanos.org.br\/noticias\/#website","url":"https:\/\/franciscanos.org.br\/noticias\/","name":"Not\u00edcias - Franciscanos","description":"Prov\u00edncia Franciscana da Imaculada Concei\u00e7\u00e3o do Brasil - Ordem dos Frades Menores - OFM","potentialAction":[{"@type":"SearchAction","target":{"@type":"EntryPoint","urlTemplate":"https:\/\/franciscanos.org.br\/noticias\/?s={search_term_string}"},"query-input":"required name=search_term_string"}],"inLanguage":"pt-BR"},{"@type":"ImageObject","inLanguage":"pt-BR","@id":"https:\/\/franciscanos.org.br\/noticias\/dividir-para-multiplicar-sabado-de-experiencias-nos-pequenos-grupos.html#primaryimage","url":"https:\/\/franciscanos.org.br\/noticias\/wp-content\/uploads\/2017\/01\/missoes-2017-2-p.jpg","contentUrl":"https:\/\/franciscanos.org.br\/noticias\/wp-content\/uploads\/2017\/01\/missoes-2017-2-p.jpg","width":273,"height":181},{"@type":"WebPage","@id":"https:\/\/franciscanos.org.br\/noticias\/dividir-para-multiplicar-sabado-de-experiencias-nos-pequenos-grupos.html#webpage","url":"https:\/\/franciscanos.org.br\/noticias\/dividir-para-multiplicar-sabado-de-experiencias-nos-pequenos-grupos.html","name":"Dividir para multiplicar: experi\u00eancias nos pequenos grupos - Not\u00edcias - Franciscanos","isPartOf":{"@id":"https:\/\/franciscanos.org.br\/noticias\/#website"},"primaryImageOfPage":{"@id":"https:\/\/franciscanos.org.br\/noticias\/dividir-para-multiplicar-sabado-de-experiencias-nos-pequenos-grupos.html#primaryimage"},"datePublished":"2017-01-22T05:01:04+00:00","dateModified":"2019-01-22T16:24:55+00:00","author":{"@id":"https:\/\/franciscanos.org.br\/noticias\/#\/schema\/person\/b38fbf43118f02820bd932f2e4b14ad3"},"breadcrumb":{"@id":"https:\/\/franciscanos.org.br\/noticias\/dividir-para-multiplicar-sabado-de-experiencias-nos-pequenos-grupos.html#breadcrumb"},"inLanguage":"pt-BR","potentialAction":[{"@type":"ReadAction","target":["https:\/\/franciscanos.org.br\/noticias\/dividir-para-multiplicar-sabado-de-experiencias-nos-pequenos-grupos.html"]}]},{"@type":"BreadcrumbList","@id":"https:\/\/franciscanos.org.br\/noticias\/dividir-para-multiplicar-sabado-de-experiencias-nos-pequenos-grupos.html#breadcrumb","itemListElement":[{"@type":"ListItem","position":1,"name":"Home","item":"https:\/\/franciscanos.org.br\/noticias"},{"@type":"ListItem","position":2,"name":"Dividir para multiplicar: experi\u00eancias nos pequenos grupos"}]},{"@type":"Person","@id":"https:\/\/franciscanos.org.br\/noticias\/#\/schema\/person\/b38fbf43118f02820bd932f2e4b14ad3","name":"admin","image":{"@type":"ImageObject","inLanguage":"pt-BR","@id":"https:\/\/franciscanos.org.br\/noticias\/#\/schema\/person\/image\/","url":"https:\/\/secure.gravatar.com\/avatar\/e8495742d34d0ba6448ea1c628263b3e?s=96&d=mm&r=g","contentUrl":"https:\/\/secure.gravatar.com\/avatar\/e8495742d34d0ba6448ea1c628263b3e?s=96&d=mm&r=g","caption":"admin"},"url":"https:\/\/franciscanos.org.br\/noticias\/author\/admin"}]}},"_links":{"self":[{"href":"https:\/\/franciscanos.org.br\/noticias\/wp-json\/wp\/v2\/posts\/124711"}],"collection":[{"href":"https:\/\/franciscanos.org.br\/noticias\/wp-json\/wp\/v2\/posts"}],"about":[{"href":"https:\/\/franciscanos.org.br\/noticias\/wp-json\/wp\/v2\/types\/post"}],"author":[{"embeddable":true,"href":"https:\/\/franciscanos.org.br\/noticias\/wp-json\/wp\/v2\/users\/1"}],"replies":[{"embeddable":true,"href":"https:\/\/franciscanos.org.br\/noticias\/wp-json\/wp\/v2\/comments?post=124711"}],"version-history":[{"count":0,"href":"https:\/\/franciscanos.org.br\/noticias\/wp-json\/wp\/v2\/posts\/124711\/revisions"}],"wp:featuredmedia":[{"embeddable":true,"href":"https:\/\/franciscanos.org.br\/noticias\/wp-json\/wp\/v2\/media\/195491"}],"wp:attachment":[{"href":"https:\/\/franciscanos.org.br\/noticias\/wp-json\/wp\/v2\/media?parent=124711"}],"wp:term":[{"taxonomy":"category","embeddable":true,"href":"https:\/\/franciscanos.org.br\/noticias\/wp-json\/wp\/v2\/categories?post=124711"},{"taxonomy":"post_tag","embeddable":true,"href":"https:\/\/franciscanos.org.br\/noticias\/wp-json\/wp\/v2\/tags?post=124711"}],"curies":[{"name":"wp","href":"https:\/\/api.w.org\/{rel}","templated":true}]}}