{"id":124596,"date":"2017-01-20T09:44:54","date_gmt":"2017-01-20T11:44:54","guid":{"rendered":"http:\/\/franciscanos.org.br\/?p=124596"},"modified":"2020-06-09T11:07:29","modified_gmt":"2020-06-09T14:07:29","slug":"papa-cristaos-devem-superar-mentalidade-egoista","status":"publish","type":"post","link":"https:\/\/franciscanos.org.br\/noticias\/papa-cristaos-devem-superar-mentalidade-egoista.html","title":{"rendered":"Papa: crist\u00e3os devem superar mentalidade ego\u00edsta"},"content":{"rendered":"<p><img loading=\"lazy\" class=\"alignleft\" src=\"http:\/\/franciscanos.org.br\/wp-content\/uploads\/2017\/01\/papa_200117.jpg\" alt=\"papa_200117\" width=\"820\" height=\"459\" \/><\/p>\n<p><strong>Cidade do Vaticano<\/strong> \u2013 Vencer a mentalidade ego\u00edsta dos doutores da lei, que condena sempre. Esta \u00e9 a advert\u00eancia de Francisco na Missa matutina na Casa Santa Marta (20\/01).<\/p>\n<p>Inspirando-se na Primeira Leitura, extra\u00edda da Carta aos Hebreus, o Papa destacou que a nova alian\u00e7a que Deus faz conosco em Jesus Cristo nos renova o cora\u00e7\u00e3o e nos muda a mentalidade.<\/p>\n<p>Deus renova tudo \u201cna raiz, n\u00e3o somente na apar\u00eancia\u201d, disse o Papa, afirmando que esta nova alian\u00e7a tem as suas caracter\u00edsticas. A primeira: \u201ca lei do Senhor n\u00e3o \u00e9 um modo de agir externo\u201d, entra no cora\u00e7\u00e3o e \u201cnos muda a mentalidade\u201d. Na nova alian\u00e7a, afirmou, \u201ch\u00e1 uma mudan\u00e7a de mentalidade, h\u00e1 uma mudan\u00e7a de cora\u00e7\u00e3o, uma mudan\u00e7a no sentir, no modo de agir\u201d, \u201cum modo diferente de ver as coisas\u201d.<\/p>\n<p><strong>Superar e mentalidade ego\u00edsta<\/strong><\/p>\n<p>Francisco cita como exemplo uma obra \u00e0 qual um arquiteto pode olhar com frieza, com inveja ou, pelo contr\u00e1rio, com uma atitude de alegria e \u201cbenevol\u00eancia\u201d: \u201cA nova alian\u00e7a nos muda o cora\u00e7\u00e3o e nos faz ver a lei do Senhor com este novo cora\u00e7\u00e3o, com esta nova mente. Pensemos nos doutores da lei que perseguiam Jesus. Eles faziam tudo, tudo o que estava prescrito pela lei, tinham o direito em m\u00e3os, tudo, tudo, tudo. Mas sua mentalidade era uma mentalidade distante de Deus. Era uma mentalidade ego\u00edsta, centrada sobre si mesmos: o cora\u00e7\u00e3o deles era um cora\u00e7\u00e3o que condenava, sempre condenando. A nova alian\u00e7a nos muda o cora\u00e7\u00e3o e nos muda a mente. H\u00e1 uma mudan\u00e7a de mentalidade\u201d.<\/p>\n<p><strong>Deus perdoa os nossos pecados; a nova alian\u00e7a muda a nossa vida<\/strong><\/p>\n<p>O Senhor, acrescentou o Papa, vai avante e nos garante que perdoar\u00e1 as iniquidades e n\u00e3o se recordar\u00e1 mais dos nossos pecados. \u00c0s vezes, comentou, \u201cgosto de pensar, brincando um pouco com Deus: \u201cO Senhor n\u00e3o tem boa mem\u00f3ria\u201d&#8230; \u00c9 a fraqueza de Deus, explicou, que, quando perdoa, esquece: \u201cEle esquece porque perdoa. Diante de um cora\u00e7\u00e3o arrependido, ele perdoa e esquece: \u2018Eu esquecerei e n\u00e3o lembrarei dos seus pecados\u2019. Este tamb\u00e9m \u00e9 um convite a n\u00e3o levar o Senhor a lembrar dos pecados, ou seja, n\u00e3o pecar mais. O Senhor me perdoou, esqueceu, mas eu tenho uma d\u00edvida com o Senhor&#8230; mudan\u00e7a de vida. A Nova Alian\u00e7a me renova e me faz mudar de vida; n\u00e3o mudar apenas a mentalidade e o cora\u00e7\u00e3o, mas a vida. Logo, viver sem pecado, distante do pecado. Eis a verdadeira recria\u00e7\u00e3o do Senhor\u201d. Enfim, o Papa voltou a aten\u00e7\u00e3o ao terceiro ponto, a \u201cmudan\u00e7a de perten\u00e7a\u201d. \u201cN\u00f3s pertencemos a Deus, os outros deuses n\u00e3o existem\u201d, \u201cs\u00e3o bobeiras\u201d.<\/p>\n<p><strong>O Senhor muda o nosso cora\u00e7\u00e3o para mudar a nossa mentalidade<\/strong><\/p>\n<p>\u201cMudan\u00e7a de mentalidade, mudan\u00e7a de cora\u00e7\u00e3o, mudan\u00e7a de vida e mudan\u00e7a de perten\u00e7a\u201d. \u201cEsta \u00e9 a recria\u00e7\u00e3o que o Senhor faz melhor que a primeira cria\u00e7\u00e3o\u201d. \u201cPe\u00e7amos ao Senhor para ir adiante nesta alian\u00e7a de ser fi\u00e9is\u201d, disse o Papa acrescentando: \u201cO sigilo desta alian\u00e7a, desta fidelidade. Ser fiel a este trabalho que o Senhor faz para mudar a nossa mentalidade, mudar o nosso cora\u00e7\u00e3o. Os profetas diziam: \u2018O Senhor transformar\u00e1 o seu cora\u00e7\u00e3o de pedra em cora\u00e7\u00e3o de carne\u2019. Mudar o cora\u00e7\u00e3o, mudar a vida, n\u00e3o pecar mais ou n\u00e3o fazer o Senhor se lembrar do que j\u00e1 tinha se esquecido em rela\u00e7\u00e3o aos nossos pecados de hoje e mudar de perten\u00e7a: nunca pertencer \u00e0 mundanidade, ao esp\u00edrito do mundo, \u00e0s coisas ef\u00eameras do mundo, mas somente ao Senhor\u201d.<\/p>\n<hr \/>\n<p><em>Fonte: R\u00e1dio Vaticano<\/em><\/p>\n","protected":false},"excerpt":{"rendered":"<p>Missa em Santa Marta<\/p>\n","protected":false},"author":1,"featured_media":195544,"comment_status":"open","ping_status":"open","sticky":false,"template":"","format":"standard","meta":[],"categories":[1428],"tags":[1586],"acf":[],"yoast_head":"<!-- This site is optimized with the Yoast SEO plugin v19.2 - https:\/\/yoast.com\/wordpress\/plugins\/seo\/ -->\n<title>Papa: crist\u00e3os devem superar mentalidade ego\u00edsta - Not\u00edcias - Franciscanos<\/title>\n<meta name=\"robots\" content=\"index, follow, max-snippet:-1, max-image-preview:large, max-video-preview:-1\" \/>\n<link rel=\"canonical\" href=\"https:\/\/franciscanos.org.br\/noticias\/papa-cristaos-devem-superar-mentalidade-egoista.html\" \/>\n<meta property=\"og:locale\" content=\"pt_BR\" \/>\n<meta property=\"og:type\" content=\"article\" \/>\n<meta property=\"og:title\" content=\"Papa: crist\u00e3os devem superar mentalidade ego\u00edsta - Not\u00edcias - Franciscanos\" \/>\n<meta property=\"og:description\" content=\"Missa em Santa Marta\" \/>\n<meta property=\"og:url\" content=\"https:\/\/franciscanos.org.br\/noticias\/papa-cristaos-devem-superar-mentalidade-egoista.html\" \/>\n<meta property=\"og:site_name\" content=\"Not\u00edcias - Franciscanos\" \/>\n<meta property=\"article:published_time\" content=\"2017-01-20T11:44:54+00:00\" \/>\n<meta property=\"article:modified_time\" content=\"2020-06-09T14:07:29+00:00\" \/>\n<meta property=\"og:image\" content=\"https:\/\/franciscanos.org.br\/noticias\/wp-content\/uploads\/2017\/01\/papa_200117.jpg\" \/>\n\t<meta property=\"og:image:width\" content=\"273\" \/>\n\t<meta property=\"og:image:height\" content=\"181\" \/>\n\t<meta property=\"og:image:type\" content=\"image\/jpeg\" \/>\n<meta name=\"author\" content=\"admin\" \/>\n<meta name=\"twitter:card\" content=\"summary_large_image\" \/>\n<meta name=\"twitter:label1\" content=\"Escrito por\" \/>\n\t<meta name=\"twitter:data1\" content=\"admin\" \/>\n\t<meta name=\"twitter:label2\" content=\"Est. tempo de leitura\" \/>\n\t<meta name=\"twitter:data2\" content=\"3 minutos\" \/>\n<script type=\"application\/ld+json\" class=\"yoast-schema-graph\">{\"@context\":\"https:\/\/schema.org\",\"@graph\":[{\"@type\":\"WebSite\",\"@id\":\"https:\/\/franciscanos.org.br\/noticias\/#website\",\"url\":\"https:\/\/franciscanos.org.br\/noticias\/\",\"name\":\"Not\u00edcias - Franciscanos\",\"description\":\"Prov\u00edncia Franciscana da Imaculada Concei\u00e7\u00e3o do Brasil - Ordem dos Frades Menores - OFM\",\"potentialAction\":[{\"@type\":\"SearchAction\",\"target\":{\"@type\":\"EntryPoint\",\"urlTemplate\":\"https:\/\/franciscanos.org.br\/noticias\/?s={search_term_string}\"},\"query-input\":\"required name=search_term_string\"}],\"inLanguage\":\"pt-BR\"},{\"@type\":\"ImageObject\",\"inLanguage\":\"pt-BR\",\"@id\":\"https:\/\/franciscanos.org.br\/noticias\/papa-cristaos-devem-superar-mentalidade-egoista.html#primaryimage\",\"url\":\"https:\/\/franciscanos.org.br\/noticias\/wp-content\/uploads\/2017\/01\/papa_200117.jpg\",\"contentUrl\":\"https:\/\/franciscanos.org.br\/noticias\/wp-content\/uploads\/2017\/01\/papa_200117.jpg\",\"width\":273,\"height\":181},{\"@type\":\"WebPage\",\"@id\":\"https:\/\/franciscanos.org.br\/noticias\/papa-cristaos-devem-superar-mentalidade-egoista.html#webpage\",\"url\":\"https:\/\/franciscanos.org.br\/noticias\/papa-cristaos-devem-superar-mentalidade-egoista.html\",\"name\":\"Papa: crist\u00e3os devem superar mentalidade ego\u00edsta - Not\u00edcias - Franciscanos\",\"isPartOf\":{\"@id\":\"https:\/\/franciscanos.org.br\/noticias\/#website\"},\"primaryImageOfPage\":{\"@id\":\"https:\/\/franciscanos.org.br\/noticias\/papa-cristaos-devem-superar-mentalidade-egoista.html#primaryimage\"},\"datePublished\":\"2017-01-20T11:44:54+00:00\",\"dateModified\":\"2020-06-09T14:07:29+00:00\",\"author\":{\"@id\":\"https:\/\/franciscanos.org.br\/noticias\/#\/schema\/person\/b38fbf43118f02820bd932f2e4b14ad3\"},\"breadcrumb\":{\"@id\":\"https:\/\/franciscanos.org.br\/noticias\/papa-cristaos-devem-superar-mentalidade-egoista.html#breadcrumb\"},\"inLanguage\":\"pt-BR\",\"potentialAction\":[{\"@type\":\"ReadAction\",\"target\":[\"https:\/\/franciscanos.org.br\/noticias\/papa-cristaos-devem-superar-mentalidade-egoista.html\"]}]},{\"@type\":\"BreadcrumbList\",\"@id\":\"https:\/\/franciscanos.org.br\/noticias\/papa-cristaos-devem-superar-mentalidade-egoista.html#breadcrumb\",\"itemListElement\":[{\"@type\":\"ListItem\",\"position\":1,\"name\":\"Home\",\"item\":\"https:\/\/franciscanos.org.br\/noticias\"},{\"@type\":\"ListItem\",\"position\":2,\"name\":\"Papa: crist\u00e3os devem superar mentalidade ego\u00edsta\"}]},{\"@type\":\"Person\",\"@id\":\"https:\/\/franciscanos.org.br\/noticias\/#\/schema\/person\/b38fbf43118f02820bd932f2e4b14ad3\",\"name\":\"admin\",\"image\":{\"@type\":\"ImageObject\",\"inLanguage\":\"pt-BR\",\"@id\":\"https:\/\/franciscanos.org.br\/noticias\/#\/schema\/person\/image\/\",\"url\":\"https:\/\/secure.gravatar.com\/avatar\/e8495742d34d0ba6448ea1c628263b3e?s=96&d=mm&r=g\",\"contentUrl\":\"https:\/\/secure.gravatar.com\/avatar\/e8495742d34d0ba6448ea1c628263b3e?s=96&d=mm&r=g\",\"caption\":\"admin\"},\"url\":\"https:\/\/franciscanos.org.br\/noticias\/author\/admin\"}]}<\/script>\n<!-- \/ Yoast SEO plugin. -->","yoast_head_json":{"title":"Papa: crist\u00e3os devem superar mentalidade ego\u00edsta - Not\u00edcias - Franciscanos","robots":{"index":"index","follow":"follow","max-snippet":"max-snippet:-1","max-image-preview":"max-image-preview:large","max-video-preview":"max-video-preview:-1"},"canonical":"https:\/\/franciscanos.org.br\/noticias\/papa-cristaos-devem-superar-mentalidade-egoista.html","og_locale":"pt_BR","og_type":"article","og_title":"Papa: crist\u00e3os devem superar mentalidade ego\u00edsta - Not\u00edcias - Franciscanos","og_description":"Missa em Santa Marta","og_url":"https:\/\/franciscanos.org.br\/noticias\/papa-cristaos-devem-superar-mentalidade-egoista.html","og_site_name":"Not\u00edcias - Franciscanos","article_published_time":"2017-01-20T11:44:54+00:00","article_modified_time":"2020-06-09T14:07:29+00:00","og_image":[{"width":273,"height":181,"url":"https:\/\/franciscanos.org.br\/noticias\/wp-content\/uploads\/2017\/01\/papa_200117.jpg","type":"image\/jpeg"}],"author":"admin","twitter_card":"summary_large_image","twitter_misc":{"Escrito por":"admin","Est. tempo de leitura":"3 minutos"},"schema":{"@context":"https:\/\/schema.org","@graph":[{"@type":"WebSite","@id":"https:\/\/franciscanos.org.br\/noticias\/#website","url":"https:\/\/franciscanos.org.br\/noticias\/","name":"Not\u00edcias - Franciscanos","description":"Prov\u00edncia Franciscana da Imaculada Concei\u00e7\u00e3o do Brasil - Ordem dos Frades Menores - OFM","potentialAction":[{"@type":"SearchAction","target":{"@type":"EntryPoint","urlTemplate":"https:\/\/franciscanos.org.br\/noticias\/?s={search_term_string}"},"query-input":"required name=search_term_string"}],"inLanguage":"pt-BR"},{"@type":"ImageObject","inLanguage":"pt-BR","@id":"https:\/\/franciscanos.org.br\/noticias\/papa-cristaos-devem-superar-mentalidade-egoista.html#primaryimage","url":"https:\/\/franciscanos.org.br\/noticias\/wp-content\/uploads\/2017\/01\/papa_200117.jpg","contentUrl":"https:\/\/franciscanos.org.br\/noticias\/wp-content\/uploads\/2017\/01\/papa_200117.jpg","width":273,"height":181},{"@type":"WebPage","@id":"https:\/\/franciscanos.org.br\/noticias\/papa-cristaos-devem-superar-mentalidade-egoista.html#webpage","url":"https:\/\/franciscanos.org.br\/noticias\/papa-cristaos-devem-superar-mentalidade-egoista.html","name":"Papa: crist\u00e3os devem superar mentalidade ego\u00edsta - Not\u00edcias - Franciscanos","isPartOf":{"@id":"https:\/\/franciscanos.org.br\/noticias\/#website"},"primaryImageOfPage":{"@id":"https:\/\/franciscanos.org.br\/noticias\/papa-cristaos-devem-superar-mentalidade-egoista.html#primaryimage"},"datePublished":"2017-01-20T11:44:54+00:00","dateModified":"2020-06-09T14:07:29+00:00","author":{"@id":"https:\/\/franciscanos.org.br\/noticias\/#\/schema\/person\/b38fbf43118f02820bd932f2e4b14ad3"},"breadcrumb":{"@id":"https:\/\/franciscanos.org.br\/noticias\/papa-cristaos-devem-superar-mentalidade-egoista.html#breadcrumb"},"inLanguage":"pt-BR","potentialAction":[{"@type":"ReadAction","target":["https:\/\/franciscanos.org.br\/noticias\/papa-cristaos-devem-superar-mentalidade-egoista.html"]}]},{"@type":"BreadcrumbList","@id":"https:\/\/franciscanos.org.br\/noticias\/papa-cristaos-devem-superar-mentalidade-egoista.html#breadcrumb","itemListElement":[{"@type":"ListItem","position":1,"name":"Home","item":"https:\/\/franciscanos.org.br\/noticias"},{"@type":"ListItem","position":2,"name":"Papa: crist\u00e3os devem superar mentalidade ego\u00edsta"}]},{"@type":"Person","@id":"https:\/\/franciscanos.org.br\/noticias\/#\/schema\/person\/b38fbf43118f02820bd932f2e4b14ad3","name":"admin","image":{"@type":"ImageObject","inLanguage":"pt-BR","@id":"https:\/\/franciscanos.org.br\/noticias\/#\/schema\/person\/image\/","url":"https:\/\/secure.gravatar.com\/avatar\/e8495742d34d0ba6448ea1c628263b3e?s=96&d=mm&r=g","contentUrl":"https:\/\/secure.gravatar.com\/avatar\/e8495742d34d0ba6448ea1c628263b3e?s=96&d=mm&r=g","caption":"admin"},"url":"https:\/\/franciscanos.org.br\/noticias\/author\/admin"}]}},"_links":{"self":[{"href":"https:\/\/franciscanos.org.br\/noticias\/wp-json\/wp\/v2\/posts\/124596"}],"collection":[{"href":"https:\/\/franciscanos.org.br\/noticias\/wp-json\/wp\/v2\/posts"}],"about":[{"href":"https:\/\/franciscanos.org.br\/noticias\/wp-json\/wp\/v2\/types\/post"}],"author":[{"embeddable":true,"href":"https:\/\/franciscanos.org.br\/noticias\/wp-json\/wp\/v2\/users\/1"}],"replies":[{"embeddable":true,"href":"https:\/\/franciscanos.org.br\/noticias\/wp-json\/wp\/v2\/comments?post=124596"}],"version-history":[{"count":1,"href":"https:\/\/franciscanos.org.br\/noticias\/wp-json\/wp\/v2\/posts\/124596\/revisions"}],"predecessor-version":[{"id":225478,"href":"https:\/\/franciscanos.org.br\/noticias\/wp-json\/wp\/v2\/posts\/124596\/revisions\/225478"}],"wp:featuredmedia":[{"embeddable":true,"href":"https:\/\/franciscanos.org.br\/noticias\/wp-json\/wp\/v2\/media\/195544"}],"wp:attachment":[{"href":"https:\/\/franciscanos.org.br\/noticias\/wp-json\/wp\/v2\/media?parent=124596"}],"wp:term":[{"taxonomy":"category","embeddable":true,"href":"https:\/\/franciscanos.org.br\/noticias\/wp-json\/wp\/v2\/categories?post=124596"},{"taxonomy":"post_tag","embeddable":true,"href":"https:\/\/franciscanos.org.br\/noticias\/wp-json\/wp\/v2\/tags?post=124596"}],"curies":[{"name":"wp","href":"https:\/\/api.w.org\/{rel}","templated":true}]}}