{"id":124450,"date":"2017-01-19T12:45:11","date_gmt":"2017-01-19T14:45:11","guid":{"rendered":"http:\/\/franciscanos.org.br\/?p=124450"},"modified":"2020-06-09T11:09:23","modified_gmt":"2020-06-09T14:09:23","slug":"a-vida-crista-e-uma-luta-contra-as-tentacoes","status":"publish","type":"post","link":"https:\/\/franciscanos.org.br\/noticias\/a-vida-crista-e-uma-luta-contra-as-tentacoes.html","title":{"rendered":"&#8220;A vida crist\u00e3 \u00e9 uma luta contra as tenta\u00e7\u00f5es&#8221;"},"content":{"rendered":"<p><img loading=\"lazy\" class=\"alignleft\" src=\"http:\/\/franciscanos.org.br\/wp-content\/uploads\/2017\/01\/papa_190117.jpg\" alt=\"papa_190117\" width=\"820\" height=\"472\" \/><\/p>\n<p><strong>Cidade do Vaticano<\/strong> &#8211; \u201cA vida crist\u00e3 \u00e9 uma luta. Deixemo-nos atrair por Jesus\u201d, foi o que disse o Papa Francisco na missa celebrada na Casa Santa Marta, na manh\u00e3 desta quinta-feira (19\/01).<\/p>\n<p>O Pont\u00edfice se deteve na passagem do Evangelho do dia que fala sobre a grande multid\u00e3o que seguia Jesus com entusiasmo e que vinha de todos os lugares. \u201cPor que vinha essa multid\u00e3o?\u201d, perguntou o Papa. O Evangelho nos diz que havia \u201cdoentes que queriam ser curados\u201d. Mas havia tamb\u00e9m pessoas que gostavam de \u201couvir Jesus, porque falava n\u00e3o como os seus doutores, mas com autoridade\u201d e \u201cisso tocava o cora\u00e7\u00e3o\u201d. Essa multid\u00e3o \u201cvinha espontaneamente. N\u00e3o era levada de \u00f4nibus, como vemos muitas vezes quando se organizam manifesta\u00e7\u00f5es e muitos devem verificar a presen\u00e7a para n\u00e3o perder o trabalho\u201d.<\/p>\n<p><strong>O Pai atrai as pessoas a Jesus<\/strong><\/p>\n<p>Essas pessoas iam porque sentiam alguma coisa a ponto de Jesus pedir um barco e ir um pouco distante da margem: \u201cEsta multid\u00e3o ia at\u00e9 Jesus? Sim! Precisava? Sim! Alguns eram curiosos, mas esses eram os c\u00e9ticos, a minoria. Esta multid\u00e3o era atra\u00edda pelo Pai: era o Pai que atraia as pessoas a Jesus a tal ponto que Jesus n\u00e3o ficava indiferente, como um mestre est\u00e1tico que dizia as suas palavras e depois lavava as m\u00e3os. N\u00e3o! Esta multid\u00e3o tocava o cora\u00e7\u00e3o de Jesus. O Evangelho nos diz: Jesus se comoveu, porque via essas pessoas como ovelhas sem pastor. O Pai, atrav\u00e9s do Esp\u00edrito Santo, atraia as pessoas a Jesus.\u201d<\/p>\n<p>O Papa disse que n\u00e3o s\u00e3os os argumentos que movem as pessoas, n\u00e3o s\u00e3o \u201cos assuntos apolog\u00e9ticos\u201d. \u201cN\u00e3o\u201d, frisou, \u201c\u00e9 necess\u00e1rio que o Pai nos atraia a Jesus\u201d.<\/p>\n<p><strong>A vida crist\u00e3 \u00e9 uma luta contra as tenta\u00e7\u00f5es<\/strong><\/p>\n<p>Por outro lado, \u00e9 \u201ccurioso\u201d que este trecho do Evangelho de Marcos, que \u201cfala de Jesus, da multid\u00e3o, do entusiasmo\u201d e do amor do Senhor, acabe com os esp\u00edritos impuros, que quando O viam, gritavam: \u201cTu \u00e9s o Filho de Deus!\u201d: \u201cEsta \u00e9 a verdade; esta \u00e9 a realidade que cada um de n\u00f3s sente quando Jesus se aproxima. Os esp\u00edritos impuros tentam impedi-lo, nos fazem guerra. \u2018Mas, Padre, eu sou muito cat\u00f3lico; sempre vou \u00e0 missa\u2026 Mas jamais, jamais tenho essas tenta\u00e7\u00f5es. Gra\u00e7as a Deus!\u2019 \u2013 \u2018N\u00e3o! Reze, porque voc\u00ea est\u00e1 no caminho errado!\u2019. Uma vida crist\u00e3 sem tenta\u00e7\u00f5es n\u00e3o \u00e9 crist\u00e3: \u00e9 ideol\u00f3gica, \u00e9 gn\u00f3stica, mas n\u00e3o \u00e9 crist\u00e3. Quando o Pai atrai as pessoas a Jesus, h\u00e1 outro que atrai de modo contr\u00e1rio e provoca a guerra interior! E por isso Paulo fala da vida crist\u00e3 como uma luta: uma luta de todos os dias. Uma luta!\u201d<\/p>\n<p>Uma luta, retomou, \u201cpara vencer, para destruir o imp\u00e9rio de satan\u00e1s, o imp\u00e9rio do mal\u201d. E por isso, disse, \u201cJesus veio para destruir, para destruir satan\u00e1s! Para destruir a sua influ\u00eancia nos nossos cora\u00e7\u00f5es\u201d. O Pai, retomou, \u201catrai as pessoas a Jesus\u201d, enquanto \u201co esp\u00edrito do mal tenta destruir, sempre!\u201d.<\/p>\n<p><strong>Estamos lutando contra o mal?<\/strong><\/p>\n<p>A vida crist\u00e3, disse ainda o Papa, \u201c\u00e9 uma luta assim: ou voc\u00ea se deixa atrair por Jesus, para o Padre, ou pode dizer \u2018eu fico tranquilo, em paz\u2019\u201d. Se quiser ir avante, \u201c\u00e9 preciso lutar!\u201d, exortou o Papa. Sentir o cora\u00e7\u00e3o que luta, para que Jesus ven\u00e7a\u201d: \u201cPensemos em como est\u00e1 o nosso cora\u00e7\u00e3o: eu sinto esta luta no meu cora\u00e7\u00e3o? Entre a comodidade ou o servi\u00e7o aos outros, entre o divertir-me um pouco ou rezar e adorar o Pai, entre uma coisa e outra, sinto a luta? A vontade de fazer o bem ou algo me det\u00e9m, me torna asc\u00e9tico? Eu acredito que a minha vida comova o cora\u00e7\u00e3o de Jesus? Se eu n\u00e3o acredito nisto, devo rezar muito para acreditar, para que me seja concedida esta gra\u00e7a. Que cada um de n\u00f3s busque no seu cora\u00e7\u00e3o como est\u00e1 esta situa\u00e7\u00e3o ali. E pe\u00e7amos ao Senhor para sermos crist\u00e3os que saibam discernir o que acontece no pr\u00f3prio cora\u00e7\u00e3o e escolher bem o caminho pelo qual o Pai nos atrai a Jesus\u201d.<\/p>\n<hr \/>\n<p><em>Fonte: R\u00e1dio Vaticano<\/em><\/p>\n","protected":false},"excerpt":{"rendered":"<p>Missa em Santa Marta<\/p>\n","protected":false},"author":1,"featured_media":195568,"comment_status":"open","ping_status":"open","sticky":false,"template":"","format":"standard","meta":[],"categories":[1428],"tags":[1586],"acf":[],"yoast_head":"<!-- This site is optimized with the Yoast SEO plugin v19.2 - https:\/\/yoast.com\/wordpress\/plugins\/seo\/ -->\n<title>&quot;A vida crist\u00e3 \u00e9 uma luta contra as tenta\u00e7\u00f5es&quot; - Not\u00edcias - Franciscanos<\/title>\n<meta name=\"robots\" content=\"index, follow, max-snippet:-1, max-image-preview:large, max-video-preview:-1\" \/>\n<link rel=\"canonical\" href=\"https:\/\/franciscanos.org.br\/noticias\/a-vida-crista-e-uma-luta-contra-as-tentacoes.html\" \/>\n<meta property=\"og:locale\" content=\"pt_BR\" \/>\n<meta property=\"og:type\" content=\"article\" \/>\n<meta property=\"og:title\" content=\"&quot;A vida crist\u00e3 \u00e9 uma luta contra as tenta\u00e7\u00f5es&quot; - Not\u00edcias - Franciscanos\" \/>\n<meta property=\"og:description\" content=\"Missa em Santa Marta\" \/>\n<meta property=\"og:url\" content=\"https:\/\/franciscanos.org.br\/noticias\/a-vida-crista-e-uma-luta-contra-as-tentacoes.html\" \/>\n<meta property=\"og:site_name\" content=\"Not\u00edcias - Franciscanos\" \/>\n<meta property=\"article:published_time\" content=\"2017-01-19T14:45:11+00:00\" \/>\n<meta property=\"article:modified_time\" content=\"2020-06-09T14:09:23+00:00\" \/>\n<meta property=\"og:image\" content=\"https:\/\/franciscanos.org.br\/noticias\/wp-content\/uploads\/2017\/01\/papa_190117.jpg\" \/>\n\t<meta property=\"og:image:width\" content=\"273\" \/>\n\t<meta property=\"og:image:height\" content=\"181\" \/>\n\t<meta property=\"og:image:type\" content=\"image\/jpeg\" \/>\n<meta name=\"author\" content=\"admin\" \/>\n<meta name=\"twitter:card\" content=\"summary_large_image\" \/>\n<meta name=\"twitter:label1\" content=\"Escrito por\" \/>\n\t<meta name=\"twitter:data1\" content=\"admin\" \/>\n\t<meta name=\"twitter:label2\" content=\"Est. tempo de leitura\" \/>\n\t<meta name=\"twitter:data2\" content=\"4 minutos\" \/>\n<script type=\"application\/ld+json\" class=\"yoast-schema-graph\">{\"@context\":\"https:\/\/schema.org\",\"@graph\":[{\"@type\":\"WebSite\",\"@id\":\"https:\/\/franciscanos.org.br\/noticias\/#website\",\"url\":\"https:\/\/franciscanos.org.br\/noticias\/\",\"name\":\"Not\u00edcias - Franciscanos\",\"description\":\"Prov\u00edncia Franciscana da Imaculada Concei\u00e7\u00e3o do Brasil - Ordem dos Frades Menores - OFM\",\"potentialAction\":[{\"@type\":\"SearchAction\",\"target\":{\"@type\":\"EntryPoint\",\"urlTemplate\":\"https:\/\/franciscanos.org.br\/noticias\/?s={search_term_string}\"},\"query-input\":\"required name=search_term_string\"}],\"inLanguage\":\"pt-BR\"},{\"@type\":\"ImageObject\",\"inLanguage\":\"pt-BR\",\"@id\":\"https:\/\/franciscanos.org.br\/noticias\/a-vida-crista-e-uma-luta-contra-as-tentacoes.html#primaryimage\",\"url\":\"https:\/\/franciscanos.org.br\/noticias\/wp-content\/uploads\/2017\/01\/papa_190117.jpg\",\"contentUrl\":\"https:\/\/franciscanos.org.br\/noticias\/wp-content\/uploads\/2017\/01\/papa_190117.jpg\",\"width\":273,\"height\":181},{\"@type\":\"WebPage\",\"@id\":\"https:\/\/franciscanos.org.br\/noticias\/a-vida-crista-e-uma-luta-contra-as-tentacoes.html#webpage\",\"url\":\"https:\/\/franciscanos.org.br\/noticias\/a-vida-crista-e-uma-luta-contra-as-tentacoes.html\",\"name\":\"\\\"A vida crist\u00e3 \u00e9 uma luta contra as tenta\u00e7\u00f5es\\\" - Not\u00edcias - Franciscanos\",\"isPartOf\":{\"@id\":\"https:\/\/franciscanos.org.br\/noticias\/#website\"},\"primaryImageOfPage\":{\"@id\":\"https:\/\/franciscanos.org.br\/noticias\/a-vida-crista-e-uma-luta-contra-as-tentacoes.html#primaryimage\"},\"datePublished\":\"2017-01-19T14:45:11+00:00\",\"dateModified\":\"2020-06-09T14:09:23+00:00\",\"author\":{\"@id\":\"https:\/\/franciscanos.org.br\/noticias\/#\/schema\/person\/b38fbf43118f02820bd932f2e4b14ad3\"},\"breadcrumb\":{\"@id\":\"https:\/\/franciscanos.org.br\/noticias\/a-vida-crista-e-uma-luta-contra-as-tentacoes.html#breadcrumb\"},\"inLanguage\":\"pt-BR\",\"potentialAction\":[{\"@type\":\"ReadAction\",\"target\":[\"https:\/\/franciscanos.org.br\/noticias\/a-vida-crista-e-uma-luta-contra-as-tentacoes.html\"]}]},{\"@type\":\"BreadcrumbList\",\"@id\":\"https:\/\/franciscanos.org.br\/noticias\/a-vida-crista-e-uma-luta-contra-as-tentacoes.html#breadcrumb\",\"itemListElement\":[{\"@type\":\"ListItem\",\"position\":1,\"name\":\"Home\",\"item\":\"https:\/\/franciscanos.org.br\/noticias\"},{\"@type\":\"ListItem\",\"position\":2,\"name\":\"&#8220;A vida crist\u00e3 \u00e9 uma luta contra as tenta\u00e7\u00f5es&#8221;\"}]},{\"@type\":\"Person\",\"@id\":\"https:\/\/franciscanos.org.br\/noticias\/#\/schema\/person\/b38fbf43118f02820bd932f2e4b14ad3\",\"name\":\"admin\",\"image\":{\"@type\":\"ImageObject\",\"inLanguage\":\"pt-BR\",\"@id\":\"https:\/\/franciscanos.org.br\/noticias\/#\/schema\/person\/image\/\",\"url\":\"https:\/\/secure.gravatar.com\/avatar\/e8495742d34d0ba6448ea1c628263b3e?s=96&d=mm&r=g\",\"contentUrl\":\"https:\/\/secure.gravatar.com\/avatar\/e8495742d34d0ba6448ea1c628263b3e?s=96&d=mm&r=g\",\"caption\":\"admin\"},\"url\":\"https:\/\/franciscanos.org.br\/noticias\/author\/admin\"}]}<\/script>\n<!-- \/ Yoast SEO plugin. -->","yoast_head_json":{"title":"\"A vida crist\u00e3 \u00e9 uma luta contra as tenta\u00e7\u00f5es\" - Not\u00edcias - Franciscanos","robots":{"index":"index","follow":"follow","max-snippet":"max-snippet:-1","max-image-preview":"max-image-preview:large","max-video-preview":"max-video-preview:-1"},"canonical":"https:\/\/franciscanos.org.br\/noticias\/a-vida-crista-e-uma-luta-contra-as-tentacoes.html","og_locale":"pt_BR","og_type":"article","og_title":"\"A vida crist\u00e3 \u00e9 uma luta contra as tenta\u00e7\u00f5es\" - Not\u00edcias - Franciscanos","og_description":"Missa em Santa Marta","og_url":"https:\/\/franciscanos.org.br\/noticias\/a-vida-crista-e-uma-luta-contra-as-tentacoes.html","og_site_name":"Not\u00edcias - Franciscanos","article_published_time":"2017-01-19T14:45:11+00:00","article_modified_time":"2020-06-09T14:09:23+00:00","og_image":[{"width":273,"height":181,"url":"https:\/\/franciscanos.org.br\/noticias\/wp-content\/uploads\/2017\/01\/papa_190117.jpg","type":"image\/jpeg"}],"author":"admin","twitter_card":"summary_large_image","twitter_misc":{"Escrito por":"admin","Est. tempo de leitura":"4 minutos"},"schema":{"@context":"https:\/\/schema.org","@graph":[{"@type":"WebSite","@id":"https:\/\/franciscanos.org.br\/noticias\/#website","url":"https:\/\/franciscanos.org.br\/noticias\/","name":"Not\u00edcias - Franciscanos","description":"Prov\u00edncia Franciscana da Imaculada Concei\u00e7\u00e3o do Brasil - Ordem dos Frades Menores - OFM","potentialAction":[{"@type":"SearchAction","target":{"@type":"EntryPoint","urlTemplate":"https:\/\/franciscanos.org.br\/noticias\/?s={search_term_string}"},"query-input":"required name=search_term_string"}],"inLanguage":"pt-BR"},{"@type":"ImageObject","inLanguage":"pt-BR","@id":"https:\/\/franciscanos.org.br\/noticias\/a-vida-crista-e-uma-luta-contra-as-tentacoes.html#primaryimage","url":"https:\/\/franciscanos.org.br\/noticias\/wp-content\/uploads\/2017\/01\/papa_190117.jpg","contentUrl":"https:\/\/franciscanos.org.br\/noticias\/wp-content\/uploads\/2017\/01\/papa_190117.jpg","width":273,"height":181},{"@type":"WebPage","@id":"https:\/\/franciscanos.org.br\/noticias\/a-vida-crista-e-uma-luta-contra-as-tentacoes.html#webpage","url":"https:\/\/franciscanos.org.br\/noticias\/a-vida-crista-e-uma-luta-contra-as-tentacoes.html","name":"\"A vida crist\u00e3 \u00e9 uma luta contra as tenta\u00e7\u00f5es\" - Not\u00edcias - Franciscanos","isPartOf":{"@id":"https:\/\/franciscanos.org.br\/noticias\/#website"},"primaryImageOfPage":{"@id":"https:\/\/franciscanos.org.br\/noticias\/a-vida-crista-e-uma-luta-contra-as-tentacoes.html#primaryimage"},"datePublished":"2017-01-19T14:45:11+00:00","dateModified":"2020-06-09T14:09:23+00:00","author":{"@id":"https:\/\/franciscanos.org.br\/noticias\/#\/schema\/person\/b38fbf43118f02820bd932f2e4b14ad3"},"breadcrumb":{"@id":"https:\/\/franciscanos.org.br\/noticias\/a-vida-crista-e-uma-luta-contra-as-tentacoes.html#breadcrumb"},"inLanguage":"pt-BR","potentialAction":[{"@type":"ReadAction","target":["https:\/\/franciscanos.org.br\/noticias\/a-vida-crista-e-uma-luta-contra-as-tentacoes.html"]}]},{"@type":"BreadcrumbList","@id":"https:\/\/franciscanos.org.br\/noticias\/a-vida-crista-e-uma-luta-contra-as-tentacoes.html#breadcrumb","itemListElement":[{"@type":"ListItem","position":1,"name":"Home","item":"https:\/\/franciscanos.org.br\/noticias"},{"@type":"ListItem","position":2,"name":"&#8220;A vida crist\u00e3 \u00e9 uma luta contra as tenta\u00e7\u00f5es&#8221;"}]},{"@type":"Person","@id":"https:\/\/franciscanos.org.br\/noticias\/#\/schema\/person\/b38fbf43118f02820bd932f2e4b14ad3","name":"admin","image":{"@type":"ImageObject","inLanguage":"pt-BR","@id":"https:\/\/franciscanos.org.br\/noticias\/#\/schema\/person\/image\/","url":"https:\/\/secure.gravatar.com\/avatar\/e8495742d34d0ba6448ea1c628263b3e?s=96&d=mm&r=g","contentUrl":"https:\/\/secure.gravatar.com\/avatar\/e8495742d34d0ba6448ea1c628263b3e?s=96&d=mm&r=g","caption":"admin"},"url":"https:\/\/franciscanos.org.br\/noticias\/author\/admin"}]}},"_links":{"self":[{"href":"https:\/\/franciscanos.org.br\/noticias\/wp-json\/wp\/v2\/posts\/124450"}],"collection":[{"href":"https:\/\/franciscanos.org.br\/noticias\/wp-json\/wp\/v2\/posts"}],"about":[{"href":"https:\/\/franciscanos.org.br\/noticias\/wp-json\/wp\/v2\/types\/post"}],"author":[{"embeddable":true,"href":"https:\/\/franciscanos.org.br\/noticias\/wp-json\/wp\/v2\/users\/1"}],"replies":[{"embeddable":true,"href":"https:\/\/franciscanos.org.br\/noticias\/wp-json\/wp\/v2\/comments?post=124450"}],"version-history":[{"count":2,"href":"https:\/\/franciscanos.org.br\/noticias\/wp-json\/wp\/v2\/posts\/124450\/revisions"}],"predecessor-version":[{"id":225480,"href":"https:\/\/franciscanos.org.br\/noticias\/wp-json\/wp\/v2\/posts\/124450\/revisions\/225480"}],"wp:featuredmedia":[{"embeddable":true,"href":"https:\/\/franciscanos.org.br\/noticias\/wp-json\/wp\/v2\/media\/195568"}],"wp:attachment":[{"href":"https:\/\/franciscanos.org.br\/noticias\/wp-json\/wp\/v2\/media?parent=124450"}],"wp:term":[{"taxonomy":"category","embeddable":true,"href":"https:\/\/franciscanos.org.br\/noticias\/wp-json\/wp\/v2\/categories?post=124450"},{"taxonomy":"post_tag","embeddable":true,"href":"https:\/\/franciscanos.org.br\/noticias\/wp-json\/wp\/v2\/tags?post=124450"}],"curies":[{"name":"wp","href":"https:\/\/api.w.org\/{rel}","templated":true}]}}