{"id":124189,"date":"2017-01-18T14:14:43","date_gmt":"2017-01-18T16:14:43","guid":{"rendered":"http:\/\/franciscanos.org.br\/?p=124189"},"modified":"2019-01-22T15:35:56","modified_gmt":"2019-01-22T17:35:56","slug":"frade-brasileiro-em-aleppo-relata-destruicao-e-esperanca","status":"publish","type":"post","link":"https:\/\/franciscanos.org.br\/noticias\/frade-brasileiro-em-aleppo-relata-destruicao-e-esperanca.html","title":{"rendered":"Frade brasileiro em Aleppo relata destrui\u00e7\u00e3o e esperan\u00e7a"},"content":{"rendered":"<p><strong><img loading=\"lazy\" class=\"alignleft size-full wp-image-195573\" src=\"https:\/\/franciscanos.org.br\/noticias\/wp-content\/uploads\/2017\/01\/aleppo2.jpg\" alt=\"\" width=\"980\" height=\"550\" srcset=\"https:\/\/franciscanos.org.br\/noticias\/wp-content\/uploads\/2017\/01\/aleppo2.jpg 980w, https:\/\/franciscanos.org.br\/noticias\/wp-content\/uploads\/2017\/01\/aleppo2-450x253.jpg 450w, https:\/\/franciscanos.org.br\/noticias\/wp-content\/uploads\/2017\/01\/aleppo2-768x431.jpg 768w, https:\/\/franciscanos.org.br\/noticias\/wp-content\/uploads\/2017\/01\/aleppo2-150x84.jpg 150w\" sizes=\"(max-width: 980px) 100vw, 980px\" \/>Aleppo<\/strong> \u2013 Destrui\u00e7\u00e3o e esperan\u00e7a: assim o Guardi\u00e3o e Reitor da Bas\u00edlica da Anuncia\u00e7\u00e3o em Nazar\u00e9, na Terra Santa, Frei Bruno Varriano, viveu sua visita \u00e0 cidade de Aleppo, na S\u00edria.<\/p>\n<p>Neste testemunho \u00e0 R\u00e1dio Vaticano, Frei Bruno relata a viagem \u201caventurosa e dif\u00edcil\u201d da capital, Damasco, at\u00e9 Aleppo. Em tempos de paz, eram necess\u00e1rias quatro horas para fazer este percurso, mas com a guerra, agora se levam nove horas.<\/p>\n<p>Ao chegar a Aleppo, a vis\u00e3o \u00e9 desoladora: \u201cO centro hist\u00f3rico est\u00e1 completamente destru\u00eddo. Foram destru\u00eddos mosteiros, igrejas, casas, hot\u00e9is, lojas, assim como o mercado. Mas encontramos uma comunidade crist\u00e3 com muita f\u00e9 e esperan\u00e7a. Vi tamb\u00e9m um perfume de caridade. Ajudam-se entre si e recebem ajudas de crist\u00e3os de todo o mundo. Vi uma igreja em p\u00e9, que n\u00e3o abandona os crist\u00e3os. Estou levando comigo f\u00e9, esperan\u00e7a e caridade que pude experimentar nesses dias. Deus n\u00e3o abandona o seu povo e n\u00e3o o abandona por meio daqueles que se sacrificam e est\u00e3o aqui. Vemos s\u00f3 destrui\u00e7\u00e3o, n\u00e3o s\u00f3 os edif\u00edcios, mas as pessoas est\u00e3o cansadas\u201d.<\/p>\n<p>Frei Bruno lan\u00e7a ent\u00e3o um apelo \u00e0 paz: \u201cDaqui podemos tirar uma li\u00e7\u00e3o de vida: de que a guerra jamais deve acontecer, a guerra s\u00f3 destr\u00f3i. O ser humano, sem Deus, \u00e9 capaz de fazer coisas terr\u00edveis. N\u00e3o \u00e0 guerra, sim \u00e0 paz\u201d.<\/p>\n<p><a href=\"http:\/\/br.radiovaticana.va\/news\/2017\/01\/16\/frade_brasileiro_em_aleppo_relata_destrui%C3%A7%C3%A3o_e_esperan%C3%A7a\/1285961\">Fonte:\u00a0R\u00e1dio Vaticano<\/a><\/p>\n","protected":false},"excerpt":{"rendered":"<p>Guerra na S\u00edria<\/p>\n","protected":false},"author":1,"featured_media":195575,"comment_status":"open","ping_status":"open","sticky":false,"template":"","format":"standard","meta":[],"categories":[1],"tags":[1138,182,183],"acf":[],"yoast_head":"<!-- This site is optimized with the Yoast SEO plugin v19.2 - https:\/\/yoast.com\/wordpress\/plugins\/seo\/ -->\n<title>Frade brasileiro em Aleppo relata destrui\u00e7\u00e3o e esperan\u00e7a - Not\u00edcias - Franciscanos<\/title>\n<meta name=\"robots\" content=\"index, follow, max-snippet:-1, max-image-preview:large, max-video-preview:-1\" \/>\n<link rel=\"canonical\" href=\"https:\/\/franciscanos.org.br\/noticias\/frade-brasileiro-em-aleppo-relata-destruicao-e-esperanca.html\" \/>\n<meta property=\"og:locale\" content=\"pt_BR\" \/>\n<meta property=\"og:type\" content=\"article\" \/>\n<meta property=\"og:title\" content=\"Frade brasileiro em Aleppo relata destrui\u00e7\u00e3o e esperan\u00e7a - Not\u00edcias - Franciscanos\" \/>\n<meta property=\"og:description\" content=\"Guerra na S\u00edria\" \/>\n<meta property=\"og:url\" content=\"https:\/\/franciscanos.org.br\/noticias\/frade-brasileiro-em-aleppo-relata-destruicao-e-esperanca.html\" \/>\n<meta property=\"og:site_name\" content=\"Not\u00edcias - Franciscanos\" \/>\n<meta property=\"article:published_time\" content=\"2017-01-18T16:14:43+00:00\" \/>\n<meta property=\"article:modified_time\" content=\"2019-01-22T17:35:56+00:00\" \/>\n<meta property=\"og:image\" content=\"https:\/\/franciscanos.org.br\/noticias\/wp-content\/uploads\/2017\/01\/aleppo.jpg\" \/>\n\t<meta property=\"og:image:width\" content=\"273\" \/>\n\t<meta property=\"og:image:height\" content=\"181\" \/>\n\t<meta property=\"og:image:type\" content=\"image\/jpeg\" \/>\n<meta name=\"author\" content=\"admin\" \/>\n<meta name=\"twitter:card\" content=\"summary_large_image\" \/>\n<meta name=\"twitter:label1\" content=\"Escrito por\" \/>\n\t<meta name=\"twitter:data1\" content=\"admin\" \/>\n\t<meta name=\"twitter:label2\" content=\"Est. tempo de leitura\" \/>\n\t<meta name=\"twitter:data2\" content=\"1 minuto\" \/>\n<script type=\"application\/ld+json\" class=\"yoast-schema-graph\">{\"@context\":\"https:\/\/schema.org\",\"@graph\":[{\"@type\":\"WebSite\",\"@id\":\"https:\/\/franciscanos.org.br\/noticias\/#website\",\"url\":\"https:\/\/franciscanos.org.br\/noticias\/\",\"name\":\"Not\u00edcias - Franciscanos\",\"description\":\"Prov\u00edncia Franciscana da Imaculada Concei\u00e7\u00e3o do Brasil - Ordem dos Frades Menores - OFM\",\"potentialAction\":[{\"@type\":\"SearchAction\",\"target\":{\"@type\":\"EntryPoint\",\"urlTemplate\":\"https:\/\/franciscanos.org.br\/noticias\/?s={search_term_string}\"},\"query-input\":\"required name=search_term_string\"}],\"inLanguage\":\"pt-BR\"},{\"@type\":\"ImageObject\",\"inLanguage\":\"pt-BR\",\"@id\":\"https:\/\/franciscanos.org.br\/noticias\/frade-brasileiro-em-aleppo-relata-destruicao-e-esperanca.html#primaryimage\",\"url\":\"https:\/\/franciscanos.org.br\/noticias\/wp-content\/uploads\/2017\/01\/aleppo.jpg\",\"contentUrl\":\"https:\/\/franciscanos.org.br\/noticias\/wp-content\/uploads\/2017\/01\/aleppo.jpg\",\"width\":273,\"height\":181},{\"@type\":\"WebPage\",\"@id\":\"https:\/\/franciscanos.org.br\/noticias\/frade-brasileiro-em-aleppo-relata-destruicao-e-esperanca.html#webpage\",\"url\":\"https:\/\/franciscanos.org.br\/noticias\/frade-brasileiro-em-aleppo-relata-destruicao-e-esperanca.html\",\"name\":\"Frade brasileiro em Aleppo relata destrui\u00e7\u00e3o e esperan\u00e7a - Not\u00edcias - Franciscanos\",\"isPartOf\":{\"@id\":\"https:\/\/franciscanos.org.br\/noticias\/#website\"},\"primaryImageOfPage\":{\"@id\":\"https:\/\/franciscanos.org.br\/noticias\/frade-brasileiro-em-aleppo-relata-destruicao-e-esperanca.html#primaryimage\"},\"datePublished\":\"2017-01-18T16:14:43+00:00\",\"dateModified\":\"2019-01-22T17:35:56+00:00\",\"author\":{\"@id\":\"https:\/\/franciscanos.org.br\/noticias\/#\/schema\/person\/b38fbf43118f02820bd932f2e4b14ad3\"},\"breadcrumb\":{\"@id\":\"https:\/\/franciscanos.org.br\/noticias\/frade-brasileiro-em-aleppo-relata-destruicao-e-esperanca.html#breadcrumb\"},\"inLanguage\":\"pt-BR\",\"potentialAction\":[{\"@type\":\"ReadAction\",\"target\":[\"https:\/\/franciscanos.org.br\/noticias\/frade-brasileiro-em-aleppo-relata-destruicao-e-esperanca.html\"]}]},{\"@type\":\"BreadcrumbList\",\"@id\":\"https:\/\/franciscanos.org.br\/noticias\/frade-brasileiro-em-aleppo-relata-destruicao-e-esperanca.html#breadcrumb\",\"itemListElement\":[{\"@type\":\"ListItem\",\"position\":1,\"name\":\"Home\",\"item\":\"https:\/\/franciscanos.org.br\/noticias\"},{\"@type\":\"ListItem\",\"position\":2,\"name\":\"Frade brasileiro em Aleppo relata destrui\u00e7\u00e3o e esperan\u00e7a\"}]},{\"@type\":\"Person\",\"@id\":\"https:\/\/franciscanos.org.br\/noticias\/#\/schema\/person\/b38fbf43118f02820bd932f2e4b14ad3\",\"name\":\"admin\",\"image\":{\"@type\":\"ImageObject\",\"inLanguage\":\"pt-BR\",\"@id\":\"https:\/\/franciscanos.org.br\/noticias\/#\/schema\/person\/image\/\",\"url\":\"https:\/\/secure.gravatar.com\/avatar\/e8495742d34d0ba6448ea1c628263b3e?s=96&d=mm&r=g\",\"contentUrl\":\"https:\/\/secure.gravatar.com\/avatar\/e8495742d34d0ba6448ea1c628263b3e?s=96&d=mm&r=g\",\"caption\":\"admin\"},\"url\":\"https:\/\/franciscanos.org.br\/noticias\/author\/admin\"}]}<\/script>\n<!-- \/ Yoast SEO plugin. -->","yoast_head_json":{"title":"Frade brasileiro em Aleppo relata destrui\u00e7\u00e3o e esperan\u00e7a - Not\u00edcias - Franciscanos","robots":{"index":"index","follow":"follow","max-snippet":"max-snippet:-1","max-image-preview":"max-image-preview:large","max-video-preview":"max-video-preview:-1"},"canonical":"https:\/\/franciscanos.org.br\/noticias\/frade-brasileiro-em-aleppo-relata-destruicao-e-esperanca.html","og_locale":"pt_BR","og_type":"article","og_title":"Frade brasileiro em Aleppo relata destrui\u00e7\u00e3o e esperan\u00e7a - Not\u00edcias - Franciscanos","og_description":"Guerra na S\u00edria","og_url":"https:\/\/franciscanos.org.br\/noticias\/frade-brasileiro-em-aleppo-relata-destruicao-e-esperanca.html","og_site_name":"Not\u00edcias - Franciscanos","article_published_time":"2017-01-18T16:14:43+00:00","article_modified_time":"2019-01-22T17:35:56+00:00","og_image":[{"width":273,"height":181,"url":"https:\/\/franciscanos.org.br\/noticias\/wp-content\/uploads\/2017\/01\/aleppo.jpg","type":"image\/jpeg"}],"author":"admin","twitter_card":"summary_large_image","twitter_misc":{"Escrito por":"admin","Est. tempo de leitura":"1 minuto"},"schema":{"@context":"https:\/\/schema.org","@graph":[{"@type":"WebSite","@id":"https:\/\/franciscanos.org.br\/noticias\/#website","url":"https:\/\/franciscanos.org.br\/noticias\/","name":"Not\u00edcias - Franciscanos","description":"Prov\u00edncia Franciscana da Imaculada Concei\u00e7\u00e3o do Brasil - Ordem dos Frades Menores - OFM","potentialAction":[{"@type":"SearchAction","target":{"@type":"EntryPoint","urlTemplate":"https:\/\/franciscanos.org.br\/noticias\/?s={search_term_string}"},"query-input":"required name=search_term_string"}],"inLanguage":"pt-BR"},{"@type":"ImageObject","inLanguage":"pt-BR","@id":"https:\/\/franciscanos.org.br\/noticias\/frade-brasileiro-em-aleppo-relata-destruicao-e-esperanca.html#primaryimage","url":"https:\/\/franciscanos.org.br\/noticias\/wp-content\/uploads\/2017\/01\/aleppo.jpg","contentUrl":"https:\/\/franciscanos.org.br\/noticias\/wp-content\/uploads\/2017\/01\/aleppo.jpg","width":273,"height":181},{"@type":"WebPage","@id":"https:\/\/franciscanos.org.br\/noticias\/frade-brasileiro-em-aleppo-relata-destruicao-e-esperanca.html#webpage","url":"https:\/\/franciscanos.org.br\/noticias\/frade-brasileiro-em-aleppo-relata-destruicao-e-esperanca.html","name":"Frade brasileiro em Aleppo relata destrui\u00e7\u00e3o e esperan\u00e7a - Not\u00edcias - Franciscanos","isPartOf":{"@id":"https:\/\/franciscanos.org.br\/noticias\/#website"},"primaryImageOfPage":{"@id":"https:\/\/franciscanos.org.br\/noticias\/frade-brasileiro-em-aleppo-relata-destruicao-e-esperanca.html#primaryimage"},"datePublished":"2017-01-18T16:14:43+00:00","dateModified":"2019-01-22T17:35:56+00:00","author":{"@id":"https:\/\/franciscanos.org.br\/noticias\/#\/schema\/person\/b38fbf43118f02820bd932f2e4b14ad3"},"breadcrumb":{"@id":"https:\/\/franciscanos.org.br\/noticias\/frade-brasileiro-em-aleppo-relata-destruicao-e-esperanca.html#breadcrumb"},"inLanguage":"pt-BR","potentialAction":[{"@type":"ReadAction","target":["https:\/\/franciscanos.org.br\/noticias\/frade-brasileiro-em-aleppo-relata-destruicao-e-esperanca.html"]}]},{"@type":"BreadcrumbList","@id":"https:\/\/franciscanos.org.br\/noticias\/frade-brasileiro-em-aleppo-relata-destruicao-e-esperanca.html#breadcrumb","itemListElement":[{"@type":"ListItem","position":1,"name":"Home","item":"https:\/\/franciscanos.org.br\/noticias"},{"@type":"ListItem","position":2,"name":"Frade brasileiro em Aleppo relata destrui\u00e7\u00e3o e esperan\u00e7a"}]},{"@type":"Person","@id":"https:\/\/franciscanos.org.br\/noticias\/#\/schema\/person\/b38fbf43118f02820bd932f2e4b14ad3","name":"admin","image":{"@type":"ImageObject","inLanguage":"pt-BR","@id":"https:\/\/franciscanos.org.br\/noticias\/#\/schema\/person\/image\/","url":"https:\/\/secure.gravatar.com\/avatar\/e8495742d34d0ba6448ea1c628263b3e?s=96&d=mm&r=g","contentUrl":"https:\/\/secure.gravatar.com\/avatar\/e8495742d34d0ba6448ea1c628263b3e?s=96&d=mm&r=g","caption":"admin"},"url":"https:\/\/franciscanos.org.br\/noticias\/author\/admin"}]}},"_links":{"self":[{"href":"https:\/\/franciscanos.org.br\/noticias\/wp-json\/wp\/v2\/posts\/124189"}],"collection":[{"href":"https:\/\/franciscanos.org.br\/noticias\/wp-json\/wp\/v2\/posts"}],"about":[{"href":"https:\/\/franciscanos.org.br\/noticias\/wp-json\/wp\/v2\/types\/post"}],"author":[{"embeddable":true,"href":"https:\/\/franciscanos.org.br\/noticias\/wp-json\/wp\/v2\/users\/1"}],"replies":[{"embeddable":true,"href":"https:\/\/franciscanos.org.br\/noticias\/wp-json\/wp\/v2\/comments?post=124189"}],"version-history":[{"count":0,"href":"https:\/\/franciscanos.org.br\/noticias\/wp-json\/wp\/v2\/posts\/124189\/revisions"}],"wp:featuredmedia":[{"embeddable":true,"href":"https:\/\/franciscanos.org.br\/noticias\/wp-json\/wp\/v2\/media\/195575"}],"wp:attachment":[{"href":"https:\/\/franciscanos.org.br\/noticias\/wp-json\/wp\/v2\/media?parent=124189"}],"wp:term":[{"taxonomy":"category","embeddable":true,"href":"https:\/\/franciscanos.org.br\/noticias\/wp-json\/wp\/v2\/categories?post=124189"},{"taxonomy":"post_tag","embeddable":true,"href":"https:\/\/franciscanos.org.br\/noticias\/wp-json\/wp\/v2\/tags?post=124189"}],"curies":[{"name":"wp","href":"https:\/\/api.w.org\/{rel}","templated":true}]}}