{"id":124169,"date":"2017-01-18T13:46:40","date_gmt":"2017-01-18T15:46:40","guid":{"rendered":"http:\/\/franciscanos.org.br\/?p=124169"},"modified":"2019-01-22T15:40:49","modified_gmt":"2019-01-22T17:40:49","slug":"tudo-pronto-para-as-missoes-franciscanas","status":"publish","type":"post","link":"https:\/\/franciscanos.org.br\/noticias\/tudo-pronto-para-as-missoes-franciscanas.html","title":{"rendered":"Evang\u00e9licos participam das Miss\u00f5es Franciscanas"},"content":{"rendered":"<p><strong><img loading=\"lazy\" class=\"alignleft size-full wp-image-195581\" src=\"https:\/\/franciscanos.org.br\/noticias\/wp-content\/uploads\/2017\/01\/830.jpg\" alt=\"\" width=\"830\" height=\"314\" srcset=\"https:\/\/franciscanos.org.br\/noticias\/wp-content\/uploads\/2017\/01\/830.jpg 830w, https:\/\/franciscanos.org.br\/noticias\/wp-content\/uploads\/2017\/01\/830-450x170.jpg 450w, https:\/\/franciscanos.org.br\/noticias\/wp-content\/uploads\/2017\/01\/830-768x291.jpg 768w, https:\/\/franciscanos.org.br\/noticias\/wp-content\/uploads\/2017\/01\/830-150x57.jpg 150w\" sizes=\"(max-width: 830px) 100vw, 830px\" \/>Moacir Beggo<\/strong><\/p>\n<p>Mais de 500 jovens ser\u00e3o acolhidos nesta quinta-feira (19\/1) pela Fraternidade S\u00e3o Boaventura de Rondinha e pelo Servi\u00e7o de Anima\u00e7\u00e3o Vocacional da Prov\u00edncia Franciscana da Imaculada Concei\u00e7\u00e3o, dando in\u00edcio \u00e0 quarta edi\u00e7\u00e3o das Miss\u00f5es Franciscanas da Juventude. O encontro, que come\u00e7a \u00e0s 9 horas desta quinta-feira, terminar\u00e1 ao meio-dia de domingo, em Curitiba (veja programa\u00e7\u00e3o ao lado). Segundo Frei Diego Atalino de Melo, o animador provincial deste evento, as Miss\u00f5es s\u00e3o um espa\u00e7o de conviv\u00eancia, partilha e troca de experi\u00eancias entre os jovens que vivem no grande territ\u00f3rio da Prov\u00edncia. \u00c9 tamb\u00e9m um momento forte de espiritualidade e di\u00e1logo ecum\u00eanico.<\/p>\n<p>O frade n\u00e3o esconde a alegria de ver o engajamento e comprometimento dos jovens com as Miss\u00f5es. &#8220;A juventude mostra que assumiu o seu protagonismo na Igreja, na evangeliza\u00e7\u00e3o, na constru\u00e7\u00e3o de um mundo melhor. Fato \u00e9 que n\u00f3s temos a\u00ed, em pleno m\u00eas de janeiro, m\u00eas de f\u00e9rias, mais de 500 jovens que saem de suas casas para investir numa experi\u00eancia de doa\u00e7\u00e3o, entrega e servi\u00e7o ao pr\u00f3ximo. Ent\u00e3o, isso tudo nos enche de esperan\u00e7a. Basta motiv\u00e1-los que eles, sem d\u00favida, abra\u00e7am a proposta e se colocam a servi\u00e7o, querendo de fato contribuir para a constru\u00e7\u00e3o do mundo melhor e para a evangeliza\u00e7\u00e3o da Igreja&#8221;, avalia Frei Diego.<\/p>\n<table border=\"1\" width=\"400\" cellspacing=\"3\" cellpadding=\"3\" align=\"right\">\n<tbody>\n<tr>\n<td bgcolor=\"#F2EFFB\">\n<h3><strong>PROGRAMA\u00c7\u00c3O<\/strong><\/h3>\n<h3>Quinta-feira (19\/01)<\/h3>\n<p style=\"padding-left: 30px;\">09h00 &#8211; Acolhida em Rondinha no BJ Aldeia<br \/>\n10h30 &#8211; Apresenta\u00e7\u00e3o, orienta\u00e7\u00f5es e acolhida dos grupos<br \/>\n12h00 &#8211; Almo\u00e7o<br \/>\n14h00 &#8211; Momento de forma\u00e7\u00e3o<br \/>\n14h45 &#8211; Partilha em grupos<br \/>\n15h45 &#8211; Cafezinho<br \/>\n16h15 &#8211; Encontro<br \/>\n19h30 &#8211; Jantar<br \/>\n20h30 &#8211; Ora\u00e7\u00e3o da Noite e M\u00edstica<br \/>\n21h30 &#8211; Festa do Brega<\/p>\n<h3>Sexta-feira (20\/01)<\/h3>\n<p style=\"padding-left: 30px;\">07h00 &#8211; Caf\u00e9 da manh\u00e3<br \/>\n08h00 &#8211; Ora\u00e7\u00e3o da Manh\u00e3 preparada pelos Evang\u00e9licos<br \/>\n09h00 &#8211; Forma\u00e7\u00e3o sobre as miss\u00f5es, divis\u00e3o das equipes e ofi\u2011cinas<br \/>\n10h00 &#8211; Intervalo (Cafezinho)<br \/>\n10h30 &#8211; Missa de Envio<br \/>\n12h00 &#8211; Almo\u00e7o<br \/>\n13h30 &#8211; Partida para Curitiba<br \/>\n14h30 &#8211; Acolhida \u2013 15 minutos MFJ Curitiba<br \/>\n15h00 &#8211; Intervalo (Lanche)<br \/>\n15h40 &#8211; Caminhada pelo centro hist\u00f3rico at\u00e9 o Bosque do Papa<br \/>\n18h00 &#8211; Retorno ao Centro (Lanche)<br \/>\n19h00 &#8211; Noite Cultural no Teatro Bom Jesus do Centro: \u201cA Encruzilhada\u201d<br \/>\n21h30 &#8211; Envio para as comunidades<\/p>\n<h3>S\u00e1bado (21\/01)<\/h3>\n<p style=\"padding-left: 30px;\">Atividades nas comunidades<\/p>\n<h3>Domingo (22\/01)<\/h3>\n<p style=\"padding-left: 30px;\">08h00 &#8211; In\u00edcio da acolhida dos Grupos no Bom Jesus Centro<br \/>\n09h30 &#8211; Missa de Encerramento na Igreja Bom Jesus<br \/>\n11h00 &#8211; Partilha, avalia\u00e7\u00e3o e encaminhamentos no gin\u00e1sio do Col\u00e9gio Bom Jesus<br \/>\n13h00 &#8211; Almo\u00e7o de encerramento no gin\u00e1sio do Col\u00e9gio Bom Jesus, que ser\u00e1 preparado na Par\u00f3quia BJ.<\/p>\n<\/td>\n<\/tr>\n<\/tbody>\n<\/table>\n<p>Este \u00e9 a quarta vez que as miss\u00f5es ocorrem na Prov\u00edncia. As edi\u00e7\u00f5es anteriores se realizaram em Ituporanga-SC (2014), Conc\u00f3rdia-SC (2015) e Chopinzinho-PR (2016). Desde sua origem, quando reuniu cerca de 100 pessoas, at\u00e9 esta edi\u00e7\u00e3o, o evento atingiu o seu objetivo de envolver todas as Par\u00f3quias da Prov\u00edncia da Imaculada, que est\u00e1 presente nos estados de Santa Catarina, Paran\u00e1, S\u00e3o Paulo, Rio de Janeiro e Esp\u00edrito Santo. Segundo Frei Diego, a cada experi\u00eancia surgem novas\u00a0 li\u00e7\u00f5es que possibilitam melhorias na organiza\u00e7\u00e3o. &#8220;Essa \u00e9 apenas a quarta edi\u00e7\u00e3o e n\u00f3s, gra\u00e7as ao envolvimento de muita gente e tamb\u00e9m \u00e0s sugest\u00f5es dos pr\u00f3prios jovens, tivemos desta vez um grande crescimento qualitativo, de modo que todos os jovens aqui presentes j\u00e1 puderam fazer uma prepara\u00e7\u00e3o melhor. Eles tiveram tr\u00eas encontros de forma\u00e7\u00e3o nas suas comunidades, foram motivados a envolver seus grupos de jovens, mesmo aqueles que n\u00e3o viriam para as Miss\u00f5es, em uma pr\u00e9-miss\u00e3o&#8221;, explicou o frade. Para ele, fica claro que esse encontro n\u00e3o tem um fim nele mesmo, mas quer repercutir e dar uma resposta \u00e0 toda a realidade onde os jovens est\u00e3o inseridos. O Tau Franciscano, com as diferentes realidades dos jovens, forma o s\u00edmbolo das Miss\u00f5es.<\/p>\n<p>&#8220;N\u00f3s vemos tamb\u00e9m a cria\u00e7\u00e3o de novos grupos de jovens e se percebe, com alegria, o crescimento e surgimento de novas lideran\u00e7as juvenis. Al\u00e9m dos jovens da Prov\u00edncia da Imaculada, temos jovens de duas outras Prov\u00edncias: a Prov\u00edncia de S\u00e3o Francisco de Assis (RS), que est\u00e1 trazendo 21 jovens, e a Cust\u00f3dia do Sagrado Cora\u00e7\u00e3o de Jesus (Gar\u00e7a, SP), que tamb\u00e9m est\u00e1 participando conosco, somando e aprendendo esse jeito de trabalhar com a juventude&#8221;, adianta Frei Diego.<\/p>\n<p>Trinta frades desta Prov\u00edncia estar\u00e3o em Curitiba, al\u00e9m de religiosas de v\u00e1rias congrega\u00e7\u00f5es e padres diocesanos, que trazem os jovens de dioceses para participar. &#8220;Outro fato que nos causa alegria \u00e9 a participa\u00e7\u00e3o de jovens evang\u00e9licos. J\u00e1 \u00e9 o terceiro ano que temos a\u00ed um grupo que se sente acolhido e participa sem nenhum problema. Por conta disso, nesta edi\u00e7\u00e3o, queremos dar um destaque \u00e0 participa\u00e7\u00e3o deles como uma maneira de formar nossos jovens para esse ecumenismo pr\u00e1tico&#8221;, adiantou o frade.<\/p>\n<p>Frei Diego, que \u00e9 o animador vocacional desta Prov\u00edncia, v\u00ea tamb\u00e9m com alegria o despertar vocacional. &#8220;Aos poucos, a gente percebe que os jovens v\u00e3o se encantando cada vez mais por S\u00e3o Francisco e Santa Clara e isso tem feito despertar novas voca\u00e7\u00f5es para os diferentes minist\u00e9rios na Igreja&#8221;, festeja Frei Diego.<\/p>\n<p>Nos quatro dias de atividade, os jovens ter\u00e3o muitos momentos de ora\u00e7\u00e3o, confraterniza\u00e7\u00e3o e atividades de voluntariado em escolas, hospitais, pres\u00eddios e fam\u00edlias.<\/p>\n","protected":false},"excerpt":{"rendered":"<p>Miss\u00f5es Franciscanas da Juventude<\/p>\n","protected":false},"author":1,"featured_media":195584,"comment_status":"open","ping_status":"open","sticky":false,"template":"","format":"standard","meta":[],"categories":[1],"tags":[1206],"acf":[],"yoast_head":"<!-- This site is optimized with the Yoast SEO plugin v19.2 - https:\/\/yoast.com\/wordpress\/plugins\/seo\/ -->\n<title>Evang\u00e9licos participam das Miss\u00f5es Franciscanas - Not\u00edcias - Franciscanos<\/title>\n<meta name=\"robots\" content=\"index, follow, max-snippet:-1, max-image-preview:large, max-video-preview:-1\" \/>\n<link rel=\"canonical\" href=\"https:\/\/franciscanos.org.br\/noticias\/tudo-pronto-para-as-missoes-franciscanas.html\" \/>\n<meta property=\"og:locale\" content=\"pt_BR\" \/>\n<meta property=\"og:type\" content=\"article\" \/>\n<meta property=\"og:title\" content=\"Evang\u00e9licos participam das Miss\u00f5es Franciscanas - Not\u00edcias - Franciscanos\" \/>\n<meta property=\"og:description\" content=\"Miss\u00f5es Franciscanas da Juventude\" \/>\n<meta property=\"og:url\" content=\"https:\/\/franciscanos.org.br\/noticias\/tudo-pronto-para-as-missoes-franciscanas.html\" \/>\n<meta property=\"og:site_name\" content=\"Not\u00edcias - Franciscanos\" \/>\n<meta property=\"article:published_time\" content=\"2017-01-18T15:46:40+00:00\" \/>\n<meta property=\"article:modified_time\" content=\"2019-01-22T17:40:49+00:00\" \/>\n<meta property=\"og:image\" content=\"https:\/\/franciscanos.org.br\/noticias\/wp-content\/uploads\/2017\/01\/logo-missoes-.jpg\" \/>\n\t<meta property=\"og:image:width\" content=\"273\" \/>\n\t<meta property=\"og:image:height\" content=\"181\" \/>\n\t<meta property=\"og:image:type\" content=\"image\/jpeg\" \/>\n<meta name=\"author\" content=\"admin\" \/>\n<meta name=\"twitter:card\" content=\"summary_large_image\" \/>\n<meta name=\"twitter:label1\" content=\"Escrito por\" \/>\n\t<meta name=\"twitter:data1\" content=\"admin\" \/>\n\t<meta name=\"twitter:label2\" content=\"Est. tempo de leitura\" \/>\n\t<meta name=\"twitter:data2\" content=\"5 minutos\" \/>\n<script type=\"application\/ld+json\" class=\"yoast-schema-graph\">{\"@context\":\"https:\/\/schema.org\",\"@graph\":[{\"@type\":\"WebSite\",\"@id\":\"https:\/\/franciscanos.org.br\/noticias\/#website\",\"url\":\"https:\/\/franciscanos.org.br\/noticias\/\",\"name\":\"Not\u00edcias - Franciscanos\",\"description\":\"Prov\u00edncia Franciscana da Imaculada Concei\u00e7\u00e3o do Brasil - Ordem dos Frades Menores - OFM\",\"potentialAction\":[{\"@type\":\"SearchAction\",\"target\":{\"@type\":\"EntryPoint\",\"urlTemplate\":\"https:\/\/franciscanos.org.br\/noticias\/?s={search_term_string}\"},\"query-input\":\"required name=search_term_string\"}],\"inLanguage\":\"pt-BR\"},{\"@type\":\"ImageObject\",\"inLanguage\":\"pt-BR\",\"@id\":\"https:\/\/franciscanos.org.br\/noticias\/tudo-pronto-para-as-missoes-franciscanas.html#primaryimage\",\"url\":\"https:\/\/franciscanos.org.br\/noticias\/wp-content\/uploads\/2017\/01\/logo-missoes-.jpg\",\"contentUrl\":\"https:\/\/franciscanos.org.br\/noticias\/wp-content\/uploads\/2017\/01\/logo-missoes-.jpg\",\"width\":273,\"height\":181},{\"@type\":\"WebPage\",\"@id\":\"https:\/\/franciscanos.org.br\/noticias\/tudo-pronto-para-as-missoes-franciscanas.html#webpage\",\"url\":\"https:\/\/franciscanos.org.br\/noticias\/tudo-pronto-para-as-missoes-franciscanas.html\",\"name\":\"Evang\u00e9licos participam das Miss\u00f5es Franciscanas - Not\u00edcias - Franciscanos\",\"isPartOf\":{\"@id\":\"https:\/\/franciscanos.org.br\/noticias\/#website\"},\"primaryImageOfPage\":{\"@id\":\"https:\/\/franciscanos.org.br\/noticias\/tudo-pronto-para-as-missoes-franciscanas.html#primaryimage\"},\"datePublished\":\"2017-01-18T15:46:40+00:00\",\"dateModified\":\"2019-01-22T17:40:49+00:00\",\"author\":{\"@id\":\"https:\/\/franciscanos.org.br\/noticias\/#\/schema\/person\/b38fbf43118f02820bd932f2e4b14ad3\"},\"breadcrumb\":{\"@id\":\"https:\/\/franciscanos.org.br\/noticias\/tudo-pronto-para-as-missoes-franciscanas.html#breadcrumb\"},\"inLanguage\":\"pt-BR\",\"potentialAction\":[{\"@type\":\"ReadAction\",\"target\":[\"https:\/\/franciscanos.org.br\/noticias\/tudo-pronto-para-as-missoes-franciscanas.html\"]}]},{\"@type\":\"BreadcrumbList\",\"@id\":\"https:\/\/franciscanos.org.br\/noticias\/tudo-pronto-para-as-missoes-franciscanas.html#breadcrumb\",\"itemListElement\":[{\"@type\":\"ListItem\",\"position\":1,\"name\":\"Home\",\"item\":\"https:\/\/franciscanos.org.br\/noticias\"},{\"@type\":\"ListItem\",\"position\":2,\"name\":\"Evang\u00e9licos participam das Miss\u00f5es Franciscanas\"}]},{\"@type\":\"Person\",\"@id\":\"https:\/\/franciscanos.org.br\/noticias\/#\/schema\/person\/b38fbf43118f02820bd932f2e4b14ad3\",\"name\":\"admin\",\"image\":{\"@type\":\"ImageObject\",\"inLanguage\":\"pt-BR\",\"@id\":\"https:\/\/franciscanos.org.br\/noticias\/#\/schema\/person\/image\/\",\"url\":\"https:\/\/secure.gravatar.com\/avatar\/e8495742d34d0ba6448ea1c628263b3e?s=96&d=mm&r=g\",\"contentUrl\":\"https:\/\/secure.gravatar.com\/avatar\/e8495742d34d0ba6448ea1c628263b3e?s=96&d=mm&r=g\",\"caption\":\"admin\"},\"url\":\"https:\/\/franciscanos.org.br\/noticias\/author\/admin\"}]}<\/script>\n<!-- \/ Yoast SEO plugin. -->","yoast_head_json":{"title":"Evang\u00e9licos participam das Miss\u00f5es Franciscanas - Not\u00edcias - Franciscanos","robots":{"index":"index","follow":"follow","max-snippet":"max-snippet:-1","max-image-preview":"max-image-preview:large","max-video-preview":"max-video-preview:-1"},"canonical":"https:\/\/franciscanos.org.br\/noticias\/tudo-pronto-para-as-missoes-franciscanas.html","og_locale":"pt_BR","og_type":"article","og_title":"Evang\u00e9licos participam das Miss\u00f5es Franciscanas - Not\u00edcias - Franciscanos","og_description":"Miss\u00f5es Franciscanas da Juventude","og_url":"https:\/\/franciscanos.org.br\/noticias\/tudo-pronto-para-as-missoes-franciscanas.html","og_site_name":"Not\u00edcias - Franciscanos","article_published_time":"2017-01-18T15:46:40+00:00","article_modified_time":"2019-01-22T17:40:49+00:00","og_image":[{"width":273,"height":181,"url":"https:\/\/franciscanos.org.br\/noticias\/wp-content\/uploads\/2017\/01\/logo-missoes-.jpg","type":"image\/jpeg"}],"author":"admin","twitter_card":"summary_large_image","twitter_misc":{"Escrito por":"admin","Est. tempo de leitura":"5 minutos"},"schema":{"@context":"https:\/\/schema.org","@graph":[{"@type":"WebSite","@id":"https:\/\/franciscanos.org.br\/noticias\/#website","url":"https:\/\/franciscanos.org.br\/noticias\/","name":"Not\u00edcias - Franciscanos","description":"Prov\u00edncia Franciscana da Imaculada Concei\u00e7\u00e3o do Brasil - Ordem dos Frades Menores - OFM","potentialAction":[{"@type":"SearchAction","target":{"@type":"EntryPoint","urlTemplate":"https:\/\/franciscanos.org.br\/noticias\/?s={search_term_string}"},"query-input":"required name=search_term_string"}],"inLanguage":"pt-BR"},{"@type":"ImageObject","inLanguage":"pt-BR","@id":"https:\/\/franciscanos.org.br\/noticias\/tudo-pronto-para-as-missoes-franciscanas.html#primaryimage","url":"https:\/\/franciscanos.org.br\/noticias\/wp-content\/uploads\/2017\/01\/logo-missoes-.jpg","contentUrl":"https:\/\/franciscanos.org.br\/noticias\/wp-content\/uploads\/2017\/01\/logo-missoes-.jpg","width":273,"height":181},{"@type":"WebPage","@id":"https:\/\/franciscanos.org.br\/noticias\/tudo-pronto-para-as-missoes-franciscanas.html#webpage","url":"https:\/\/franciscanos.org.br\/noticias\/tudo-pronto-para-as-missoes-franciscanas.html","name":"Evang\u00e9licos participam das Miss\u00f5es Franciscanas - Not\u00edcias - Franciscanos","isPartOf":{"@id":"https:\/\/franciscanos.org.br\/noticias\/#website"},"primaryImageOfPage":{"@id":"https:\/\/franciscanos.org.br\/noticias\/tudo-pronto-para-as-missoes-franciscanas.html#primaryimage"},"datePublished":"2017-01-18T15:46:40+00:00","dateModified":"2019-01-22T17:40:49+00:00","author":{"@id":"https:\/\/franciscanos.org.br\/noticias\/#\/schema\/person\/b38fbf43118f02820bd932f2e4b14ad3"},"breadcrumb":{"@id":"https:\/\/franciscanos.org.br\/noticias\/tudo-pronto-para-as-missoes-franciscanas.html#breadcrumb"},"inLanguage":"pt-BR","potentialAction":[{"@type":"ReadAction","target":["https:\/\/franciscanos.org.br\/noticias\/tudo-pronto-para-as-missoes-franciscanas.html"]}]},{"@type":"BreadcrumbList","@id":"https:\/\/franciscanos.org.br\/noticias\/tudo-pronto-para-as-missoes-franciscanas.html#breadcrumb","itemListElement":[{"@type":"ListItem","position":1,"name":"Home","item":"https:\/\/franciscanos.org.br\/noticias"},{"@type":"ListItem","position":2,"name":"Evang\u00e9licos participam das Miss\u00f5es Franciscanas"}]},{"@type":"Person","@id":"https:\/\/franciscanos.org.br\/noticias\/#\/schema\/person\/b38fbf43118f02820bd932f2e4b14ad3","name":"admin","image":{"@type":"ImageObject","inLanguage":"pt-BR","@id":"https:\/\/franciscanos.org.br\/noticias\/#\/schema\/person\/image\/","url":"https:\/\/secure.gravatar.com\/avatar\/e8495742d34d0ba6448ea1c628263b3e?s=96&d=mm&r=g","contentUrl":"https:\/\/secure.gravatar.com\/avatar\/e8495742d34d0ba6448ea1c628263b3e?s=96&d=mm&r=g","caption":"admin"},"url":"https:\/\/franciscanos.org.br\/noticias\/author\/admin"}]}},"_links":{"self":[{"href":"https:\/\/franciscanos.org.br\/noticias\/wp-json\/wp\/v2\/posts\/124169"}],"collection":[{"href":"https:\/\/franciscanos.org.br\/noticias\/wp-json\/wp\/v2\/posts"}],"about":[{"href":"https:\/\/franciscanos.org.br\/noticias\/wp-json\/wp\/v2\/types\/post"}],"author":[{"embeddable":true,"href":"https:\/\/franciscanos.org.br\/noticias\/wp-json\/wp\/v2\/users\/1"}],"replies":[{"embeddable":true,"href":"https:\/\/franciscanos.org.br\/noticias\/wp-json\/wp\/v2\/comments?post=124169"}],"version-history":[{"count":0,"href":"https:\/\/franciscanos.org.br\/noticias\/wp-json\/wp\/v2\/posts\/124169\/revisions"}],"wp:featuredmedia":[{"embeddable":true,"href":"https:\/\/franciscanos.org.br\/noticias\/wp-json\/wp\/v2\/media\/195584"}],"wp:attachment":[{"href":"https:\/\/franciscanos.org.br\/noticias\/wp-json\/wp\/v2\/media?parent=124169"}],"wp:term":[{"taxonomy":"category","embeddable":true,"href":"https:\/\/franciscanos.org.br\/noticias\/wp-json\/wp\/v2\/categories?post=124169"},{"taxonomy":"post_tag","embeddable":true,"href":"https:\/\/franciscanos.org.br\/noticias\/wp-json\/wp\/v2\/tags?post=124169"}],"curies":[{"name":"wp","href":"https:\/\/api.w.org\/{rel}","templated":true}]}}