{"id":124159,"date":"2014-02-23T10:59:12","date_gmt":"2014-02-23T13:59:12","guid":{"rendered":"http:\/\/franciscanos.org.br\/?p=124159"},"modified":"2020-01-20T15:02:39","modified_gmt":"2020-01-20T18:02:39","slug":"missoes-franciscanas-e-ituporanga","status":"publish","type":"post","link":"https:\/\/franciscanos.org.br\/noticias\/missoes-franciscanas-e-ituporanga.html","title":{"rendered":"Miss\u00f5es Franciscanas da Juventude em Ituporanga"},"content":{"rendered":"<p><img loading=\"lazy\" class=\"alignnone wp-image-216133 size-full\" src=\"https:\/\/franciscanos.org.br\/noticias\/wp-content\/uploads\/2014\/02\/missoes2014.jpg\" alt=\"\" width=\"890\" height=\"500\" srcset=\"https:\/\/franciscanos.org.br\/noticias\/wp-content\/uploads\/2014\/02\/missoes2014.jpg 890w, https:\/\/franciscanos.org.br\/noticias\/wp-content\/uploads\/2014\/02\/missoes2014-450x253.jpg 450w, https:\/\/franciscanos.org.br\/noticias\/wp-content\/uploads\/2014\/02\/missoes2014-768x431.jpg 768w, https:\/\/franciscanos.org.br\/noticias\/wp-content\/uploads\/2014\/02\/missoes2014-150x84.jpg 150w\" sizes=\"(max-width: 890px) 100vw, 890px\" \/><\/p>\n<p><em>&#8220;O rosto de Deus \u00e9 jovem tamb\u00e9m, e o sonho mais lindo \u00e9 ele quem tem, Deus n\u00e3o envelhece, tampouco morreu continua vivo no povo que \u00e9 seu. Se a juventude viesse a faltar o rosto de Deus iria mudar&#8221; <strong>(Jorge Trevisol)<\/strong><\/em><\/p>\n<p><strong>Frei Diego Melo\u00a0<\/strong><\/p>\n<p>Eis-me aqui, envia-me! (Is 4,8) Motivados por esse lema e pelo apelo do Papa Francisco, que ao final da JMJ Rio 2013 enviou os jovens, pedindo: \u201cIde, sem medo, para servir\u201d, aproximadamente 100 jovens responderam com coragem a esse apelo e se dirigiram a Ituporanga, cidade que acolheu os jovens para essa experi\u00eancia de miss\u00e3o juvenil.<\/p>\n<p>Contando com representantes das fraternidades de SC e PR, a miss\u00e3o, organizada pelo Servi\u00e7o de Anima\u00e7\u00e3o Vocacional da Prov\u00edncia, foi um verdadeiro sucesso, n\u00e3o s\u00f3 pelo n\u00famero, mas principalmente pela empolga\u00e7\u00e3o contagiante da juventude que foi ao encontro das pessoas, das fam\u00edlias e dos jovens.<\/p>\n<p><a href=\"http:\/\/franciscanos.org.br\/wp-content\/uploads\/2017\/01\/Ituporanga230214-b.jpg\"><img loading=\"lazy\" src=\"http:\/\/franciscanos.org.br\/wp-content\/uploads\/2017\/01\/Ituporanga230214-b.jpg\" alt=\"Ituporanga230214-b\" width=\"830\" height=\"444\" \/><\/a><\/p>\n<p>Acolhidos no Semin\u00e1rio S\u00e3o Francisco de Assis, cada jovem, ao chegar, j\u00e1 deixava a marca de seus p\u00e9s em um grande cartaz intitulado \u201cBenditos os p\u00e9s que Evangelizam\u201d.<\/p>\n<p>Assim, a quinta (20\/2) e a sexta-feira (21\/2) foram dedicadas para a acolhida, integra\u00e7\u00e3o e forma\u00e7\u00e3o dos jovens mission\u00e1rios. Momento marcante aconteceu na noite de quinta-feira, quando Frei Florival, juntamente com os jovens Huan e Ariana, apresentaram suas belas can\u00e7\u00f5es do CD Perfeita Alegria. Momento de profunda espiritualidade franciscana!<\/p>\n<p>Na sexta-feira pela manh\u00e3, os jovens puderam conhecer a realidade da Diocese de Rio do Sul, assessorados pelo Padre Osmar Debatin, coordenador da Pastoral Diocesana. Frei Jo\u00e3o Pereira Lopes, P\u00e1roco da Par\u00f3quia Santo Estev\u00e3o, tamb\u00e9m nos falou sobre a Par\u00f3quia e deu as boas vindas a todos. Em seguida, iluminados pelas palavras do Papa Francisco, divididos em grupos, os jovens estudaram e partilharam a \u201cA Alegria do Evangelho\u201d, documento iluminador e inspirador para nossas miss\u00f5es. \u00c0 tarde, ap\u00f3s um momento de esportes e gincanas, todos foram divididos e enviados para as comunidades, que ansiosamente os esperava.<\/p>\n<p><a href=\"http:\/\/franciscanos.org.br\/wp-content\/uploads\/2017\/01\/Ituporanga230214-c.jpg\"><img loading=\"lazy\" src=\"http:\/\/franciscanos.org.br\/wp-content\/uploads\/2017\/01\/Ituporanga230214-c.jpg\" alt=\"Ituporanga230214-c\" width=\"830\" height=\"444\" \/><\/a><\/p>\n<p>Se na sexta-feira \u00e0 tarde o Semin\u00e1rio S\u00e3o Francisco ficou vazio e silencioso, as seis comunidades da Par\u00f3quia que receberam os jovens se encheram de alegria, entusiasmo e jovialidade dos mission\u00e1rios, que ao longo do s\u00e1bado visitaram in\u00fameras fam\u00edlias.<\/p>\n<p>Na noite de s\u00e1bado (22\/2), cada comunidade pode realizar uma celebra\u00e7\u00e3o, contando com a criatividade e presen\u00e7a dos jovens mission\u00e1rios. Uma muda de \u00e1rvore foi plantada em cada comunidade, marcando aquele momento hist\u00f3rico e despertando para a import\u00e2ncia do cultivo desse esp\u00edrito mission\u00e1rio.<\/p>\n<p>No domingo (23\/2), nem o tempo fechado e a chuva foram capazes de tirar a alegria dessa juventude mission\u00e1ria, que novamente se reunia para celebrar com toda a par\u00f3quia o encerramento das miss\u00f5es. Trazidos pelas fam\u00edlias que os acolheram, os jovens retornavam das comunidades trazendo nas suas bagagens muitas hist\u00f3rias, amizades e experi\u00eancias.<\/p>\n<p><a href=\"http:\/\/franciscanos.org.br\/wp-content\/uploads\/2017\/01\/Ituporanga230214-d.jpg\"><img loading=\"lazy\" src=\"http:\/\/franciscanos.org.br\/wp-content\/uploads\/2017\/01\/Ituporanga230214-d.jpg\" alt=\"Ituporanga230214-d\" width=\"830\" height=\"444\" \/><\/a><\/p>\n<p>Em torno do altar, n\u00e3o faltaram motivos para a nossa A\u00e7\u00e3o de Gra\u00e7as: Jesus, nosso exemplo e mestre na miss\u00e3o; nossos mission\u00e1rios, o rosto jovem da nossa igreja; as fam\u00edlias e comunidades que nos acolheram, exemplo de acolhida e fraternidade; o povo de Ituporanga, exemplo de generosidade e partilha, os freis, exemplo de fraternidade e dedica\u00e7\u00e3o. Enfim, muitos foram os motivos para se celebrar.<\/p>\n<p>Por fim, S\u00e3o Francisco deixou-nos novamente sua mensagem, apresentada pelo grupo de teatro do Frei Pascoal Fusinato, que vieram de Blumenau especialmente para estar conosco.<\/p>\n","protected":false},"excerpt":{"rendered":"<p>Servi\u00e7o de Anima\u00e7\u00e3o Vocacional<\/p>\n","protected":false},"author":1,"featured_media":216134,"comment_status":"open","ping_status":"open","sticky":false,"template":"","format":"standard","meta":[],"categories":[1],"tags":[1206],"acf":[],"yoast_head":"<!-- This site is optimized with the Yoast SEO plugin v19.2 - https:\/\/yoast.com\/wordpress\/plugins\/seo\/ -->\n<title>Miss\u00f5es Franciscanas da Juventude em Ituporanga - Not\u00edcias - Franciscanos<\/title>\n<meta name=\"robots\" content=\"index, follow, max-snippet:-1, max-image-preview:large, max-video-preview:-1\" \/>\n<link rel=\"canonical\" href=\"https:\/\/franciscanos.org.br\/noticias\/missoes-franciscanas-e-ituporanga.html\" \/>\n<meta property=\"og:locale\" content=\"pt_BR\" \/>\n<meta property=\"og:type\" content=\"article\" \/>\n<meta property=\"og:title\" content=\"Miss\u00f5es Franciscanas da Juventude em Ituporanga - Not\u00edcias - Franciscanos\" \/>\n<meta property=\"og:description\" content=\"Servi\u00e7o de Anima\u00e7\u00e3o Vocacional\" \/>\n<meta property=\"og:url\" content=\"https:\/\/franciscanos.org.br\/noticias\/missoes-franciscanas-e-ituporanga.html\" \/>\n<meta property=\"og:site_name\" content=\"Not\u00edcias - Franciscanos\" \/>\n<meta property=\"article:published_time\" content=\"2014-02-23T13:59:12+00:00\" \/>\n<meta property=\"article:modified_time\" content=\"2020-01-20T18:02:39+00:00\" \/>\n<meta property=\"og:image\" content=\"https:\/\/franciscanos.org.br\/noticias\/wp-content\/uploads\/2014\/02\/missoes2014_1.jpg\" \/>\n\t<meta property=\"og:image:width\" content=\"273\" \/>\n\t<meta property=\"og:image:height\" content=\"181\" \/>\n\t<meta property=\"og:image:type\" content=\"image\/jpeg\" \/>\n<meta name=\"author\" content=\"admin\" \/>\n<meta name=\"twitter:card\" content=\"summary_large_image\" \/>\n<meta name=\"twitter:label1\" content=\"Escrito por\" \/>\n\t<meta name=\"twitter:data1\" content=\"admin\" \/>\n\t<meta name=\"twitter:label2\" content=\"Est. tempo de leitura\" \/>\n\t<meta name=\"twitter:data2\" content=\"3 minutos\" \/>\n<script type=\"application\/ld+json\" class=\"yoast-schema-graph\">{\"@context\":\"https:\/\/schema.org\",\"@graph\":[{\"@type\":\"WebSite\",\"@id\":\"https:\/\/franciscanos.org.br\/noticias\/#website\",\"url\":\"https:\/\/franciscanos.org.br\/noticias\/\",\"name\":\"Not\u00edcias - Franciscanos\",\"description\":\"Prov\u00edncia Franciscana da Imaculada Concei\u00e7\u00e3o do Brasil - Ordem dos Frades Menores - OFM\",\"potentialAction\":[{\"@type\":\"SearchAction\",\"target\":{\"@type\":\"EntryPoint\",\"urlTemplate\":\"https:\/\/franciscanos.org.br\/noticias\/?s={search_term_string}\"},\"query-input\":\"required name=search_term_string\"}],\"inLanguage\":\"pt-BR\"},{\"@type\":\"ImageObject\",\"inLanguage\":\"pt-BR\",\"@id\":\"https:\/\/franciscanos.org.br\/noticias\/missoes-franciscanas-e-ituporanga.html#primaryimage\",\"url\":\"https:\/\/franciscanos.org.br\/noticias\/wp-content\/uploads\/2014\/02\/missoes2014_1.jpg\",\"contentUrl\":\"https:\/\/franciscanos.org.br\/noticias\/wp-content\/uploads\/2014\/02\/missoes2014_1.jpg\",\"width\":273,\"height\":181},{\"@type\":\"WebPage\",\"@id\":\"https:\/\/franciscanos.org.br\/noticias\/missoes-franciscanas-e-ituporanga.html#webpage\",\"url\":\"https:\/\/franciscanos.org.br\/noticias\/missoes-franciscanas-e-ituporanga.html\",\"name\":\"Miss\u00f5es Franciscanas da Juventude em Ituporanga - Not\u00edcias - Franciscanos\",\"isPartOf\":{\"@id\":\"https:\/\/franciscanos.org.br\/noticias\/#website\"},\"primaryImageOfPage\":{\"@id\":\"https:\/\/franciscanos.org.br\/noticias\/missoes-franciscanas-e-ituporanga.html#primaryimage\"},\"datePublished\":\"2014-02-23T13:59:12+00:00\",\"dateModified\":\"2020-01-20T18:02:39+00:00\",\"author\":{\"@id\":\"https:\/\/franciscanos.org.br\/noticias\/#\/schema\/person\/b38fbf43118f02820bd932f2e4b14ad3\"},\"breadcrumb\":{\"@id\":\"https:\/\/franciscanos.org.br\/noticias\/missoes-franciscanas-e-ituporanga.html#breadcrumb\"},\"inLanguage\":\"pt-BR\",\"potentialAction\":[{\"@type\":\"ReadAction\",\"target\":[\"https:\/\/franciscanos.org.br\/noticias\/missoes-franciscanas-e-ituporanga.html\"]}]},{\"@type\":\"BreadcrumbList\",\"@id\":\"https:\/\/franciscanos.org.br\/noticias\/missoes-franciscanas-e-ituporanga.html#breadcrumb\",\"itemListElement\":[{\"@type\":\"ListItem\",\"position\":1,\"name\":\"Home\",\"item\":\"https:\/\/franciscanos.org.br\/noticias\"},{\"@type\":\"ListItem\",\"position\":2,\"name\":\"Miss\u00f5es Franciscanas da Juventude em Ituporanga\"}]},{\"@type\":\"Person\",\"@id\":\"https:\/\/franciscanos.org.br\/noticias\/#\/schema\/person\/b38fbf43118f02820bd932f2e4b14ad3\",\"name\":\"admin\",\"image\":{\"@type\":\"ImageObject\",\"inLanguage\":\"pt-BR\",\"@id\":\"https:\/\/franciscanos.org.br\/noticias\/#\/schema\/person\/image\/\",\"url\":\"https:\/\/secure.gravatar.com\/avatar\/e8495742d34d0ba6448ea1c628263b3e?s=96&d=mm&r=g\",\"contentUrl\":\"https:\/\/secure.gravatar.com\/avatar\/e8495742d34d0ba6448ea1c628263b3e?s=96&d=mm&r=g\",\"caption\":\"admin\"},\"url\":\"https:\/\/franciscanos.org.br\/noticias\/author\/admin\"}]}<\/script>\n<!-- \/ Yoast SEO plugin. -->","yoast_head_json":{"title":"Miss\u00f5es Franciscanas da Juventude em Ituporanga - Not\u00edcias - Franciscanos","robots":{"index":"index","follow":"follow","max-snippet":"max-snippet:-1","max-image-preview":"max-image-preview:large","max-video-preview":"max-video-preview:-1"},"canonical":"https:\/\/franciscanos.org.br\/noticias\/missoes-franciscanas-e-ituporanga.html","og_locale":"pt_BR","og_type":"article","og_title":"Miss\u00f5es Franciscanas da Juventude em Ituporanga - Not\u00edcias - Franciscanos","og_description":"Servi\u00e7o de Anima\u00e7\u00e3o Vocacional","og_url":"https:\/\/franciscanos.org.br\/noticias\/missoes-franciscanas-e-ituporanga.html","og_site_name":"Not\u00edcias - Franciscanos","article_published_time":"2014-02-23T13:59:12+00:00","article_modified_time":"2020-01-20T18:02:39+00:00","og_image":[{"width":273,"height":181,"url":"https:\/\/franciscanos.org.br\/noticias\/wp-content\/uploads\/2014\/02\/missoes2014_1.jpg","type":"image\/jpeg"}],"author":"admin","twitter_card":"summary_large_image","twitter_misc":{"Escrito por":"admin","Est. tempo de leitura":"3 minutos"},"schema":{"@context":"https:\/\/schema.org","@graph":[{"@type":"WebSite","@id":"https:\/\/franciscanos.org.br\/noticias\/#website","url":"https:\/\/franciscanos.org.br\/noticias\/","name":"Not\u00edcias - Franciscanos","description":"Prov\u00edncia Franciscana da Imaculada Concei\u00e7\u00e3o do Brasil - Ordem dos Frades Menores - OFM","potentialAction":[{"@type":"SearchAction","target":{"@type":"EntryPoint","urlTemplate":"https:\/\/franciscanos.org.br\/noticias\/?s={search_term_string}"},"query-input":"required name=search_term_string"}],"inLanguage":"pt-BR"},{"@type":"ImageObject","inLanguage":"pt-BR","@id":"https:\/\/franciscanos.org.br\/noticias\/missoes-franciscanas-e-ituporanga.html#primaryimage","url":"https:\/\/franciscanos.org.br\/noticias\/wp-content\/uploads\/2014\/02\/missoes2014_1.jpg","contentUrl":"https:\/\/franciscanos.org.br\/noticias\/wp-content\/uploads\/2014\/02\/missoes2014_1.jpg","width":273,"height":181},{"@type":"WebPage","@id":"https:\/\/franciscanos.org.br\/noticias\/missoes-franciscanas-e-ituporanga.html#webpage","url":"https:\/\/franciscanos.org.br\/noticias\/missoes-franciscanas-e-ituporanga.html","name":"Miss\u00f5es Franciscanas da Juventude em Ituporanga - Not\u00edcias - Franciscanos","isPartOf":{"@id":"https:\/\/franciscanos.org.br\/noticias\/#website"},"primaryImageOfPage":{"@id":"https:\/\/franciscanos.org.br\/noticias\/missoes-franciscanas-e-ituporanga.html#primaryimage"},"datePublished":"2014-02-23T13:59:12+00:00","dateModified":"2020-01-20T18:02:39+00:00","author":{"@id":"https:\/\/franciscanos.org.br\/noticias\/#\/schema\/person\/b38fbf43118f02820bd932f2e4b14ad3"},"breadcrumb":{"@id":"https:\/\/franciscanos.org.br\/noticias\/missoes-franciscanas-e-ituporanga.html#breadcrumb"},"inLanguage":"pt-BR","potentialAction":[{"@type":"ReadAction","target":["https:\/\/franciscanos.org.br\/noticias\/missoes-franciscanas-e-ituporanga.html"]}]},{"@type":"BreadcrumbList","@id":"https:\/\/franciscanos.org.br\/noticias\/missoes-franciscanas-e-ituporanga.html#breadcrumb","itemListElement":[{"@type":"ListItem","position":1,"name":"Home","item":"https:\/\/franciscanos.org.br\/noticias"},{"@type":"ListItem","position":2,"name":"Miss\u00f5es Franciscanas da Juventude em Ituporanga"}]},{"@type":"Person","@id":"https:\/\/franciscanos.org.br\/noticias\/#\/schema\/person\/b38fbf43118f02820bd932f2e4b14ad3","name":"admin","image":{"@type":"ImageObject","inLanguage":"pt-BR","@id":"https:\/\/franciscanos.org.br\/noticias\/#\/schema\/person\/image\/","url":"https:\/\/secure.gravatar.com\/avatar\/e8495742d34d0ba6448ea1c628263b3e?s=96&d=mm&r=g","contentUrl":"https:\/\/secure.gravatar.com\/avatar\/e8495742d34d0ba6448ea1c628263b3e?s=96&d=mm&r=g","caption":"admin"},"url":"https:\/\/franciscanos.org.br\/noticias\/author\/admin"}]}},"_links":{"self":[{"href":"https:\/\/franciscanos.org.br\/noticias\/wp-json\/wp\/v2\/posts\/124159"}],"collection":[{"href":"https:\/\/franciscanos.org.br\/noticias\/wp-json\/wp\/v2\/posts"}],"about":[{"href":"https:\/\/franciscanos.org.br\/noticias\/wp-json\/wp\/v2\/types\/post"}],"author":[{"embeddable":true,"href":"https:\/\/franciscanos.org.br\/noticias\/wp-json\/wp\/v2\/users\/1"}],"replies":[{"embeddable":true,"href":"https:\/\/franciscanos.org.br\/noticias\/wp-json\/wp\/v2\/comments?post=124159"}],"version-history":[{"count":0,"href":"https:\/\/franciscanos.org.br\/noticias\/wp-json\/wp\/v2\/posts\/124159\/revisions"}],"wp:featuredmedia":[{"embeddable":true,"href":"https:\/\/franciscanos.org.br\/noticias\/wp-json\/wp\/v2\/media\/216134"}],"wp:attachment":[{"href":"https:\/\/franciscanos.org.br\/noticias\/wp-json\/wp\/v2\/media?parent=124159"}],"wp:term":[{"taxonomy":"category","embeddable":true,"href":"https:\/\/franciscanos.org.br\/noticias\/wp-json\/wp\/v2\/categories?post=124159"},{"taxonomy":"post_tag","embeddable":true,"href":"https:\/\/franciscanos.org.br\/noticias\/wp-json\/wp\/v2\/tags?post=124159"}],"curies":[{"name":"wp","href":"https:\/\/api.w.org\/{rel}","templated":true}]}}