{"id":124080,"date":"2017-01-17T09:23:16","date_gmt":"2017-01-17T11:23:16","guid":{"rendered":"http:\/\/franciscanos.org.br\/?p=124080"},"modified":"2020-06-09T11:10:52","modified_gmt":"2020-06-09T14:10:52","slug":"papa-os-cristaos-sejam-corajosos-e-nao-estacionados","status":"publish","type":"post","link":"https:\/\/franciscanos.org.br\/noticias\/papa-os-cristaos-sejam-corajosos-e-nao-estacionados.html","title":{"rendered":"Papa: os crist\u00e3os sejam corajosos e n\u00e3o estacionados"},"content":{"rendered":"<p><img loading=\"lazy\" class=\"alignleft\" src=\"http:\/\/franciscanos.org.br\/wp-content\/uploads\/2017\/01\/marta_170117.jpg\" alt=\"marta_170117\" width=\"830\" height=\"401\" \/><strong>Cidade do Vaticano<\/strong> &#8211; Sejam crist\u00e3os corajosos, ancorados na esperan\u00e7a e capazes de suportar momentos dif\u00edceis. Esta \u00e9 a forte exorta\u00e7\u00e3o do Papa na Missa matutina na Casa Santa Marta. Os crist\u00e3os pregui\u00e7osos, ao inv\u00e9s, s\u00e3o parados, destacou Francisco, e para eles a Igreja \u00e9 um belo estacionamento.<\/p>\n<p>O Papa desenvolve a sua homilia partindo da Leitura da Carta aos Hebreus. O zelo de que fala, a coragem de ir avante deve ser a nossa atitude diante da vida, como os que treinavam no est\u00e1dio para vencer. Mas a Leitura fala tamb\u00e9m da pregui\u00e7a, que \u00e9 o contr\u00e1rio da coragem. \u201cViver na geladeira\u201d, sintetizou o Papa, \u201cpara que tudo permane\u00e7a assim\u201d:<\/p>\n<p>\u201cOs crist\u00e3os pregui\u00e7osos, os crist\u00e3os que n\u00e3o t\u00eam vontade de ir avante, os crist\u00e3os que n\u00e3o lutam para fazer as coisas mudarem, coisas novas, coisas que fariam bem a todos se mudassem. S\u00e3o os pregui\u00e7osos, os crist\u00e3os estacionados: encontraram na Igreja um belo estacionamento. E quando digo crist\u00e3os, digo leigos, padres, bispos\u2026 Todos. E como existem crist\u00e3os estacionados! Para eles, a Igreja \u00e9 um estacionamento que protege a vida e v\u00e3o adiante com todas as garantias poss\u00edveis. Mas esses crist\u00e3os parados me fazem lembrar de uma coisa que nossos av\u00f3s diziam quando \u00e9ramos crian\u00e7as: \u2018Fique atento porque \u00e1gua parada, que n\u00e3o escorre, \u00e9 a primeira a se corromper\u2019\u201d.<\/p>\n<p><strong>Ancorados na esperan\u00e7a<\/strong><\/p>\n<p>O que torna os crist\u00e3os corajosos \u00e9 a esperan\u00e7a, enquanto \u201cos crist\u00e3os pregui\u00e7osos\u201d n\u00e3o t\u00eam esperan\u00e7a, est\u00e3o \u201caposentados\u201d, disse o Papa. \u00c9 belo se aposentar depois de tantos anos de trabalho, mas \u2013 advertiu -, \u201cpassar toda a sua vida aposentado \u00e9 ruim!\u201d. Ao inv\u00e9s, a esperan\u00e7a \u00e9 \u00e2ncora \u00e0 qual se agarrar para lutar inclusive nos momentos dif\u00edceis :<\/p>\n<p>\u201cEsta \u00e9 a mensagem de hoje: a esperan\u00e7a, aquela esperan\u00e7a que n\u00e3o desilude, que vai al\u00e9m. E diz: uma esperan\u00e7a que \u2018\u00e9 uma \u00e2ncora segura e firme para a nossa vida\u2019. A esperan\u00e7a \u00e9 a \u00e2ncora: n\u00f3s a lan\u00e7amos e ficamos agarrados na corda, mas ali, indo ali. Esta \u00e9 a nossa esperan\u00e7a. N\u00e3o se deve pensar: \u2018Sim, mas tem o c\u00e9u, ah que belo, vou ficar aqui\u2026\u2019. N\u00e3o. A esperan\u00e7a \u00e9 lutar, agarrados na corda para chegar l\u00e1. Na luta de todos os dias, a esperan\u00e7a \u00e9 uma virtude de horizontes, n\u00e3o de fechamentos! Talvez seja a virtude que menos se compreende, mas \u00e9 a mais forte. A esperan\u00e7a: viver na esperan\u00e7a, viver de esperan\u00e7a, olhando sempre para frente com coragem. \u2018Sim, padre \u2013voc\u00eas podem me dizer -, mas existem momentos dif\u00edceis, o que devo fazer?\u2019. Agarre-se \u00e0 corda e suporte\u201d.<\/p>\n<p><strong>Crist\u00e3os estacionados olham apenas a si mesmos, s\u00e3o ego\u00edstas<\/strong><\/p>\n<p>\u201cA nenhum de n\u00f3s a vida \u00e9 presenteada\u201d, observa Francisco, devemos ao inv\u00e9s ter a coragem de ir avante e aguentar. Crist\u00e3os corajosos, tantas vezes erram, mas \u201ctodos erram\u201d, disse o Papa, \u201cerra aquele que vai em frente\u201d, enquanto \u201caquele que est\u00e1 parado parece n\u00e3o errar\u201d. E quando \u201cn\u00e3o se pode caminhar, porque tudo \u00e9 escuro, tudo est\u00e1 fechado\u201d, voc\u00ea tem que suportar, ter perseveran\u00e7a. Em conclus\u00e3o, Francisco nos convida a nos perguntar se somos crist\u00e3os fechados ou de horizontes e se nos maus momentos somos capazes de suportar com a consci\u00eancia de que a esperan\u00e7a n\u00e3o desilude: \u201cporque eu sei &#8211; afirmou \u2013 que Deus n\u00e3o desilude\u201d:<\/p>\n<p>\u201cVamos nos fazer a pergunta: como sou eu? Como \u00e9 a minha vida de f\u00e9? \u00c9 uma vida de horizontes, de esperan\u00e7a, de coragem, de ir para frente ou uma vida morna que nem mesmo sabe suportar os maus momentos?<\/p>\n<p>E que o Senhor nos d\u00ea a gra\u00e7a, como pedimos na Ora\u00e7\u00e3o da coleta, para superar os nossos ego\u00edsmos, porque os crist\u00e3os estacionados, os crist\u00e3os parados, s\u00e3o ego\u00edstas. Olhando somente para si mesmos, n\u00e3o sabem levantar a cabe\u00e7a para olhar para Ele. Que o Senhor nos d\u00ea esta gra\u00e7a\u201d.<\/p>\n<hr \/>\n<p><em>Fonte: R\u00e1dio Vaticano<\/em><\/p>\n","protected":false},"excerpt":{"rendered":"<p>Missa em Santa Marta<\/p>\n","protected":false},"author":1,"featured_media":195598,"comment_status":"open","ping_status":"open","sticky":false,"template":"","format":"standard","meta":[],"categories":[1428],"tags":[1586],"acf":[],"yoast_head":"<!-- This site is optimized with the Yoast SEO plugin v19.2 - https:\/\/yoast.com\/wordpress\/plugins\/seo\/ -->\n<title>Papa: os crist\u00e3os sejam corajosos e n\u00e3o estacionados - Not\u00edcias - Franciscanos<\/title>\n<meta name=\"robots\" content=\"index, follow, max-snippet:-1, max-image-preview:large, max-video-preview:-1\" \/>\n<link rel=\"canonical\" href=\"https:\/\/franciscanos.org.br\/noticias\/papa-os-cristaos-sejam-corajosos-e-nao-estacionados.html\" \/>\n<meta property=\"og:locale\" content=\"pt_BR\" \/>\n<meta property=\"og:type\" content=\"article\" \/>\n<meta property=\"og:title\" content=\"Papa: os crist\u00e3os sejam corajosos e n\u00e3o estacionados - Not\u00edcias - Franciscanos\" \/>\n<meta property=\"og:description\" content=\"Missa em Santa Marta\" \/>\n<meta property=\"og:url\" content=\"https:\/\/franciscanos.org.br\/noticias\/papa-os-cristaos-sejam-corajosos-e-nao-estacionados.html\" \/>\n<meta property=\"og:site_name\" content=\"Not\u00edcias - Franciscanos\" \/>\n<meta property=\"article:published_time\" content=\"2017-01-17T11:23:16+00:00\" \/>\n<meta property=\"article:modified_time\" content=\"2020-06-09T14:10:52+00:00\" \/>\n<meta property=\"og:image\" content=\"https:\/\/franciscanos.org.br\/noticias\/wp-content\/uploads\/2017\/01\/marta_170117.jpg\" \/>\n\t<meta property=\"og:image:width\" content=\"273\" \/>\n\t<meta property=\"og:image:height\" content=\"181\" \/>\n\t<meta property=\"og:image:type\" content=\"image\/jpeg\" \/>\n<meta name=\"author\" content=\"admin\" \/>\n<meta name=\"twitter:card\" content=\"summary_large_image\" \/>\n<meta name=\"twitter:label1\" content=\"Escrito por\" \/>\n\t<meta name=\"twitter:data1\" content=\"admin\" \/>\n\t<meta name=\"twitter:label2\" content=\"Est. tempo de leitura\" \/>\n\t<meta name=\"twitter:data2\" content=\"3 minutos\" \/>\n<script type=\"application\/ld+json\" class=\"yoast-schema-graph\">{\"@context\":\"https:\/\/schema.org\",\"@graph\":[{\"@type\":\"WebSite\",\"@id\":\"https:\/\/franciscanos.org.br\/noticias\/#website\",\"url\":\"https:\/\/franciscanos.org.br\/noticias\/\",\"name\":\"Not\u00edcias - Franciscanos\",\"description\":\"Prov\u00edncia Franciscana da Imaculada Concei\u00e7\u00e3o do Brasil - Ordem dos Frades Menores - OFM\",\"potentialAction\":[{\"@type\":\"SearchAction\",\"target\":{\"@type\":\"EntryPoint\",\"urlTemplate\":\"https:\/\/franciscanos.org.br\/noticias\/?s={search_term_string}\"},\"query-input\":\"required name=search_term_string\"}],\"inLanguage\":\"pt-BR\"},{\"@type\":\"ImageObject\",\"inLanguage\":\"pt-BR\",\"@id\":\"https:\/\/franciscanos.org.br\/noticias\/papa-os-cristaos-sejam-corajosos-e-nao-estacionados.html#primaryimage\",\"url\":\"https:\/\/franciscanos.org.br\/noticias\/wp-content\/uploads\/2017\/01\/marta_170117.jpg\",\"contentUrl\":\"https:\/\/franciscanos.org.br\/noticias\/wp-content\/uploads\/2017\/01\/marta_170117.jpg\",\"width\":273,\"height\":181},{\"@type\":\"WebPage\",\"@id\":\"https:\/\/franciscanos.org.br\/noticias\/papa-os-cristaos-sejam-corajosos-e-nao-estacionados.html#webpage\",\"url\":\"https:\/\/franciscanos.org.br\/noticias\/papa-os-cristaos-sejam-corajosos-e-nao-estacionados.html\",\"name\":\"Papa: os crist\u00e3os sejam corajosos e n\u00e3o estacionados - Not\u00edcias - Franciscanos\",\"isPartOf\":{\"@id\":\"https:\/\/franciscanos.org.br\/noticias\/#website\"},\"primaryImageOfPage\":{\"@id\":\"https:\/\/franciscanos.org.br\/noticias\/papa-os-cristaos-sejam-corajosos-e-nao-estacionados.html#primaryimage\"},\"datePublished\":\"2017-01-17T11:23:16+00:00\",\"dateModified\":\"2020-06-09T14:10:52+00:00\",\"author\":{\"@id\":\"https:\/\/franciscanos.org.br\/noticias\/#\/schema\/person\/b38fbf43118f02820bd932f2e4b14ad3\"},\"breadcrumb\":{\"@id\":\"https:\/\/franciscanos.org.br\/noticias\/papa-os-cristaos-sejam-corajosos-e-nao-estacionados.html#breadcrumb\"},\"inLanguage\":\"pt-BR\",\"potentialAction\":[{\"@type\":\"ReadAction\",\"target\":[\"https:\/\/franciscanos.org.br\/noticias\/papa-os-cristaos-sejam-corajosos-e-nao-estacionados.html\"]}]},{\"@type\":\"BreadcrumbList\",\"@id\":\"https:\/\/franciscanos.org.br\/noticias\/papa-os-cristaos-sejam-corajosos-e-nao-estacionados.html#breadcrumb\",\"itemListElement\":[{\"@type\":\"ListItem\",\"position\":1,\"name\":\"Home\",\"item\":\"https:\/\/franciscanos.org.br\/noticias\"},{\"@type\":\"ListItem\",\"position\":2,\"name\":\"Papa: os crist\u00e3os sejam corajosos e n\u00e3o estacionados\"}]},{\"@type\":\"Person\",\"@id\":\"https:\/\/franciscanos.org.br\/noticias\/#\/schema\/person\/b38fbf43118f02820bd932f2e4b14ad3\",\"name\":\"admin\",\"image\":{\"@type\":\"ImageObject\",\"inLanguage\":\"pt-BR\",\"@id\":\"https:\/\/franciscanos.org.br\/noticias\/#\/schema\/person\/image\/\",\"url\":\"https:\/\/secure.gravatar.com\/avatar\/e8495742d34d0ba6448ea1c628263b3e?s=96&d=mm&r=g\",\"contentUrl\":\"https:\/\/secure.gravatar.com\/avatar\/e8495742d34d0ba6448ea1c628263b3e?s=96&d=mm&r=g\",\"caption\":\"admin\"},\"url\":\"https:\/\/franciscanos.org.br\/noticias\/author\/admin\"}]}<\/script>\n<!-- \/ Yoast SEO plugin. -->","yoast_head_json":{"title":"Papa: os crist\u00e3os sejam corajosos e n\u00e3o estacionados - Not\u00edcias - Franciscanos","robots":{"index":"index","follow":"follow","max-snippet":"max-snippet:-1","max-image-preview":"max-image-preview:large","max-video-preview":"max-video-preview:-1"},"canonical":"https:\/\/franciscanos.org.br\/noticias\/papa-os-cristaos-sejam-corajosos-e-nao-estacionados.html","og_locale":"pt_BR","og_type":"article","og_title":"Papa: os crist\u00e3os sejam corajosos e n\u00e3o estacionados - Not\u00edcias - Franciscanos","og_description":"Missa em Santa Marta","og_url":"https:\/\/franciscanos.org.br\/noticias\/papa-os-cristaos-sejam-corajosos-e-nao-estacionados.html","og_site_name":"Not\u00edcias - Franciscanos","article_published_time":"2017-01-17T11:23:16+00:00","article_modified_time":"2020-06-09T14:10:52+00:00","og_image":[{"width":273,"height":181,"url":"https:\/\/franciscanos.org.br\/noticias\/wp-content\/uploads\/2017\/01\/marta_170117.jpg","type":"image\/jpeg"}],"author":"admin","twitter_card":"summary_large_image","twitter_misc":{"Escrito por":"admin","Est. tempo de leitura":"3 minutos"},"schema":{"@context":"https:\/\/schema.org","@graph":[{"@type":"WebSite","@id":"https:\/\/franciscanos.org.br\/noticias\/#website","url":"https:\/\/franciscanos.org.br\/noticias\/","name":"Not\u00edcias - Franciscanos","description":"Prov\u00edncia Franciscana da Imaculada Concei\u00e7\u00e3o do Brasil - Ordem dos Frades Menores - OFM","potentialAction":[{"@type":"SearchAction","target":{"@type":"EntryPoint","urlTemplate":"https:\/\/franciscanos.org.br\/noticias\/?s={search_term_string}"},"query-input":"required name=search_term_string"}],"inLanguage":"pt-BR"},{"@type":"ImageObject","inLanguage":"pt-BR","@id":"https:\/\/franciscanos.org.br\/noticias\/papa-os-cristaos-sejam-corajosos-e-nao-estacionados.html#primaryimage","url":"https:\/\/franciscanos.org.br\/noticias\/wp-content\/uploads\/2017\/01\/marta_170117.jpg","contentUrl":"https:\/\/franciscanos.org.br\/noticias\/wp-content\/uploads\/2017\/01\/marta_170117.jpg","width":273,"height":181},{"@type":"WebPage","@id":"https:\/\/franciscanos.org.br\/noticias\/papa-os-cristaos-sejam-corajosos-e-nao-estacionados.html#webpage","url":"https:\/\/franciscanos.org.br\/noticias\/papa-os-cristaos-sejam-corajosos-e-nao-estacionados.html","name":"Papa: os crist\u00e3os sejam corajosos e n\u00e3o estacionados - Not\u00edcias - Franciscanos","isPartOf":{"@id":"https:\/\/franciscanos.org.br\/noticias\/#website"},"primaryImageOfPage":{"@id":"https:\/\/franciscanos.org.br\/noticias\/papa-os-cristaos-sejam-corajosos-e-nao-estacionados.html#primaryimage"},"datePublished":"2017-01-17T11:23:16+00:00","dateModified":"2020-06-09T14:10:52+00:00","author":{"@id":"https:\/\/franciscanos.org.br\/noticias\/#\/schema\/person\/b38fbf43118f02820bd932f2e4b14ad3"},"breadcrumb":{"@id":"https:\/\/franciscanos.org.br\/noticias\/papa-os-cristaos-sejam-corajosos-e-nao-estacionados.html#breadcrumb"},"inLanguage":"pt-BR","potentialAction":[{"@type":"ReadAction","target":["https:\/\/franciscanos.org.br\/noticias\/papa-os-cristaos-sejam-corajosos-e-nao-estacionados.html"]}]},{"@type":"BreadcrumbList","@id":"https:\/\/franciscanos.org.br\/noticias\/papa-os-cristaos-sejam-corajosos-e-nao-estacionados.html#breadcrumb","itemListElement":[{"@type":"ListItem","position":1,"name":"Home","item":"https:\/\/franciscanos.org.br\/noticias"},{"@type":"ListItem","position":2,"name":"Papa: os crist\u00e3os sejam corajosos e n\u00e3o estacionados"}]},{"@type":"Person","@id":"https:\/\/franciscanos.org.br\/noticias\/#\/schema\/person\/b38fbf43118f02820bd932f2e4b14ad3","name":"admin","image":{"@type":"ImageObject","inLanguage":"pt-BR","@id":"https:\/\/franciscanos.org.br\/noticias\/#\/schema\/person\/image\/","url":"https:\/\/secure.gravatar.com\/avatar\/e8495742d34d0ba6448ea1c628263b3e?s=96&d=mm&r=g","contentUrl":"https:\/\/secure.gravatar.com\/avatar\/e8495742d34d0ba6448ea1c628263b3e?s=96&d=mm&r=g","caption":"admin"},"url":"https:\/\/franciscanos.org.br\/noticias\/author\/admin"}]}},"_links":{"self":[{"href":"https:\/\/franciscanos.org.br\/noticias\/wp-json\/wp\/v2\/posts\/124080"}],"collection":[{"href":"https:\/\/franciscanos.org.br\/noticias\/wp-json\/wp\/v2\/posts"}],"about":[{"href":"https:\/\/franciscanos.org.br\/noticias\/wp-json\/wp\/v2\/types\/post"}],"author":[{"embeddable":true,"href":"https:\/\/franciscanos.org.br\/noticias\/wp-json\/wp\/v2\/users\/1"}],"replies":[{"embeddable":true,"href":"https:\/\/franciscanos.org.br\/noticias\/wp-json\/wp\/v2\/comments?post=124080"}],"version-history":[{"count":1,"href":"https:\/\/franciscanos.org.br\/noticias\/wp-json\/wp\/v2\/posts\/124080\/revisions"}],"predecessor-version":[{"id":225482,"href":"https:\/\/franciscanos.org.br\/noticias\/wp-json\/wp\/v2\/posts\/124080\/revisions\/225482"}],"wp:featuredmedia":[{"embeddable":true,"href":"https:\/\/franciscanos.org.br\/noticias\/wp-json\/wp\/v2\/media\/195598"}],"wp:attachment":[{"href":"https:\/\/franciscanos.org.br\/noticias\/wp-json\/wp\/v2\/media?parent=124080"}],"wp:term":[{"taxonomy":"category","embeddable":true,"href":"https:\/\/franciscanos.org.br\/noticias\/wp-json\/wp\/v2\/categories?post=124080"},{"taxonomy":"post_tag","embeddable":true,"href":"https:\/\/franciscanos.org.br\/noticias\/wp-json\/wp\/v2\/tags?post=124080"}],"curies":[{"name":"wp","href":"https:\/\/api.w.org\/{rel}","templated":true}]}}