{"id":124015,"date":"2017-01-14T22:29:12","date_gmt":"2017-01-15T00:29:12","guid":{"rendered":"http:\/\/franciscanos.org.br\/?p=124015"},"modified":"2023-01-09T11:05:45","modified_gmt":"2023-01-09T14:05:45","slug":"novicos-brasileiros-recebem-as-vestes-da-provacao","status":"publish","type":"post","link":"https:\/\/franciscanos.org.br\/noticias\/novicos-brasileiros-recebem-as-vestes-da-provacao.html","title":{"rendered":"Novi\u00e7os brasileiros ingressam no Noviciado"},"content":{"rendered":"<p><img loading=\"lazy\" class=\"aligncenter\" src=\"http:\/\/franciscanos.org.br\/wp-content\/uploads\/2017\/01\/vesticao_140117.jpg\" alt=\"vesticao_140117\" width=\"830\" height=\"498\" \/><\/p>\n<p>Na manh\u00e3 deste s\u00e1bado, 14 de janeiro de 2017, o Noviciado Franciscano S\u00e3o Jos\u00e9, em Rodeio-SC, alegrou-se com a vesti\u00e7\u00e3o de nove novi\u00e7os brasileiros. O Rito de Inicia\u00e7\u00e3o na Vida Religiosa aconteceu \u00e0s 7hs durante a ora\u00e7\u00e3o das Laudes e foi presidida pelo Vig\u00e1rio Provincial, Frei C\u00e9sar K\u00fclkamp. A turma de 2017 dos novi\u00e7os estar\u00e1 completa com a chegada dos angolanos, que ainda dependem da documenta\u00e7\u00e3o para ingressar no pa\u00eds.<\/p>\n<p>Ap\u00f3s o canto dos salmos, o Mestre do Postulantado, Frei Je\u00e2 Paulo Andrade, que acompanhou esta turma durante o ano de 2016, em Guaratinguet\u00e1-SP, apresentou cada um dos candidatos que, em seguida, foram acolhidos na fraternidade.<\/p>\n<p>Dando continuidade ao rito, todos ouviram atentamente a Leitura da Carta de S\u00e3o Paulo aos Colossenses, onde o ap\u00f3stolo fala da necessidade de abandonar o homem velho e revestir-se do homem novo.<\/p>\n<p>Durante a homilia, Frei C\u00e9sar recordou que neste caminho de seguimento \u00e9 fundamental o encontro com Cristo e a entrega total a Ele: <em>\u201cVoc\u00eas j\u00e1 aprenderam, na prepara\u00e7\u00e3o para chegar at\u00e9 aqui, que a vida consagrada franciscana tem seu fundamento no encontro pessoal com o Senhor. E inicia com o chamado de Deus e decis\u00e3o em resposta firme de seguir com S\u00e3o Francisco as pegadas de Cristo Pobre e Crucificado. Em algum momento da vida de voc\u00eas, Cristo se fez presente e bagun\u00e7ou tudo. Sem este encontro, o projeto de vida \u00e9 falso, \u00e9 apenas proje\u00e7\u00e3o de voc\u00eas mesmos, de um capricho pessoal&#8230; E S\u00e3o Francisco nos ajuda a perceber o rosto deste Cristo.\u201d<\/em><\/p>\n<p><em><img loading=\"lazy\" class=\"alignleft size-full wp-image-195625\" src=\"https:\/\/franciscanos.org.br\/noticias\/wp-content\/uploads\/2017\/01\/vesticao_140117_3.jpg\" alt=\"\" width=\"500\" height=\"338\" srcset=\"https:\/\/franciscanos.org.br\/noticias\/wp-content\/uploads\/2017\/01\/vesticao_140117_3.jpg 500w, https:\/\/franciscanos.org.br\/noticias\/wp-content\/uploads\/2017\/01\/vesticao_140117_3-450x304.jpg 450w, https:\/\/franciscanos.org.br\/noticias\/wp-content\/uploads\/2017\/01\/vesticao_140117_3-150x101.jpg 150w\" sizes=\"(max-width: 500px) 100vw, 500px\" \/>\u201cO Frade Menor se torna uma nova criatura em Cristo. E vai se tornando, como fez Francisco, aos poucos uma ora\u00e7\u00e3o de louvor, transformou-se na pr\u00f3pria ora\u00e7\u00e3o. Mas este processo dura uma vida inteira, ou nunca foi verdadeiro. Por isso eu disse: voc\u00eas est\u00e3o come\u00e7ando um caminho!\u201d,<\/em> admoestou o Celebrante.<\/p>\n<p>Frei C\u00e9sar tamb\u00e9m falou da import\u00e2ncia da fraternidade como lugar privilegiado para crescer na pobreza, na humildade e na minoridade.<em>\u201cCaros novi\u00e7os contem sempre com seus irm\u00e3os! E a Prov\u00edncia inteira se alegra com a chegada de voc\u00eas, agora nove, daqui a pouco mais dez\u201d<\/em>, disse, referindo-se aos novi\u00e7os angolanos que devem chegar nos pr\u00f3ximos dias para compor a fraternidade do noviciado.<\/p>\n<p>O Rito da Vesti\u00e7\u00e3o seguiu-se com a b\u00ean\u00e7\u00e3o e entrega dos h\u00e1bitos. Desta forma, Frei Bruno Gon\u00e7alves Cez\u00e1rio, Frei Diego Martendal, Frei Jo\u00e3o Manoel Zechinatto, Frei Jos\u00e9 Victor de Camargo Medeiros, Frei Marcelo Dias Soares, Frei Paulo Ricardo Aparecido, Frei Ruan Felipe Sguissardi, Frei Tiago da Silva Barbosa e Frei Willian Bernardi de Castro, receberam o h\u00e1bito franciscano das m\u00e3os do Vig\u00e1rio Provincial que proferiu a seguinte f\u00f3rmula: <em>\u201cDando in\u00edcio ao noviciado, ingressando na Ordem dos Frades Menores recebei, caros irm\u00e3os, as vestes da prova\u00e7\u00e3o talhadas em forma de cruz, em sinal de vossa maior ades\u00e3o ao seguimento de Cristo.\u201d<\/em><\/p>\n<p>Tendo terminada a vesti\u00e7\u00e3o e ap\u00f3s a assinatura do livro de admiss\u00e3o ao noviciado, os novi\u00e7os foram entregues ao Mestre, Frei Samuel Ferreira de Lima, e aos vice-mestres Frei Jorge L\u00e1zaro de Souza e Frei Pedro da Silva. A celebra\u00e7\u00e3o encerrou-se com o abra\u00e7o da paz, em um clima de grande alegria.<\/p>\n<p><em>Frei Willian Bernardi de Castro, ofm<\/em><\/p>\n","protected":false},"excerpt":{"rendered":"<p>Vesti\u00e7\u00e3o<\/p>\n","protected":false},"author":1,"featured_media":195627,"comment_status":"open","ping_status":"open","sticky":false,"template":"","format":"standard","meta":[],"categories":[1],"tags":[1270],"acf":[],"yoast_head":"<!-- This site is optimized with the Yoast SEO plugin v19.2 - https:\/\/yoast.com\/wordpress\/plugins\/seo\/ -->\n<title>Novi\u00e7os brasileiros ingressam no Noviciado - Not\u00edcias - Franciscanos<\/title>\n<meta name=\"robots\" content=\"index, follow, max-snippet:-1, max-image-preview:large, max-video-preview:-1\" \/>\n<link rel=\"canonical\" href=\"https:\/\/franciscanos.org.br\/noticias\/novicos-brasileiros-recebem-as-vestes-da-provacao.html\" \/>\n<meta property=\"og:locale\" content=\"pt_BR\" \/>\n<meta property=\"og:type\" content=\"article\" \/>\n<meta property=\"og:title\" content=\"Novi\u00e7os brasileiros ingressam no Noviciado - Not\u00edcias - Franciscanos\" \/>\n<meta property=\"og:description\" content=\"Vesti\u00e7\u00e3o\" \/>\n<meta property=\"og:url\" content=\"https:\/\/franciscanos.org.br\/noticias\/novicos-brasileiros-recebem-as-vestes-da-provacao.html\" \/>\n<meta property=\"og:site_name\" content=\"Not\u00edcias - Franciscanos\" \/>\n<meta property=\"article:published_time\" content=\"2017-01-15T00:29:12+00:00\" \/>\n<meta property=\"article:modified_time\" content=\"2023-01-09T14:05:45+00:00\" \/>\n<meta property=\"og:image\" content=\"https:\/\/franciscanos.org.br\/noticias\/wp-content\/uploads\/2017\/01\/vesticao_140117.jpg\" \/>\n\t<meta property=\"og:image:width\" content=\"273\" \/>\n\t<meta property=\"og:image:height\" content=\"181\" \/>\n\t<meta property=\"og:image:type\" content=\"image\/jpeg\" \/>\n<meta name=\"author\" content=\"admin\" \/>\n<meta name=\"twitter:card\" content=\"summary_large_image\" \/>\n<meta name=\"twitter:label1\" content=\"Escrito por\" \/>\n\t<meta name=\"twitter:data1\" content=\"admin\" \/>\n\t<meta name=\"twitter:label2\" content=\"Est. tempo de leitura\" \/>\n\t<meta name=\"twitter:data2\" content=\"3 minutos\" \/>\n<script type=\"application\/ld+json\" class=\"yoast-schema-graph\">{\"@context\":\"https:\/\/schema.org\",\"@graph\":[{\"@type\":\"WebSite\",\"@id\":\"https:\/\/franciscanos.org.br\/noticias\/#website\",\"url\":\"https:\/\/franciscanos.org.br\/noticias\/\",\"name\":\"Not\u00edcias - Franciscanos\",\"description\":\"Prov\u00edncia Franciscana da Imaculada Concei\u00e7\u00e3o do Brasil - Ordem dos Frades Menores - OFM\",\"potentialAction\":[{\"@type\":\"SearchAction\",\"target\":{\"@type\":\"EntryPoint\",\"urlTemplate\":\"https:\/\/franciscanos.org.br\/noticias\/?s={search_term_string}\"},\"query-input\":\"required name=search_term_string\"}],\"inLanguage\":\"pt-BR\"},{\"@type\":\"ImageObject\",\"inLanguage\":\"pt-BR\",\"@id\":\"https:\/\/franciscanos.org.br\/noticias\/novicos-brasileiros-recebem-as-vestes-da-provacao.html#primaryimage\",\"url\":\"https:\/\/franciscanos.org.br\/noticias\/wp-content\/uploads\/2017\/01\/vesticao_140117.jpg\",\"contentUrl\":\"https:\/\/franciscanos.org.br\/noticias\/wp-content\/uploads\/2017\/01\/vesticao_140117.jpg\",\"width\":273,\"height\":181},{\"@type\":\"WebPage\",\"@id\":\"https:\/\/franciscanos.org.br\/noticias\/novicos-brasileiros-recebem-as-vestes-da-provacao.html#webpage\",\"url\":\"https:\/\/franciscanos.org.br\/noticias\/novicos-brasileiros-recebem-as-vestes-da-provacao.html\",\"name\":\"Novi\u00e7os brasileiros ingressam no Noviciado - Not\u00edcias - Franciscanos\",\"isPartOf\":{\"@id\":\"https:\/\/franciscanos.org.br\/noticias\/#website\"},\"primaryImageOfPage\":{\"@id\":\"https:\/\/franciscanos.org.br\/noticias\/novicos-brasileiros-recebem-as-vestes-da-provacao.html#primaryimage\"},\"datePublished\":\"2017-01-15T00:29:12+00:00\",\"dateModified\":\"2023-01-09T14:05:45+00:00\",\"author\":{\"@id\":\"https:\/\/franciscanos.org.br\/noticias\/#\/schema\/person\/b38fbf43118f02820bd932f2e4b14ad3\"},\"breadcrumb\":{\"@id\":\"https:\/\/franciscanos.org.br\/noticias\/novicos-brasileiros-recebem-as-vestes-da-provacao.html#breadcrumb\"},\"inLanguage\":\"pt-BR\",\"potentialAction\":[{\"@type\":\"ReadAction\",\"target\":[\"https:\/\/franciscanos.org.br\/noticias\/novicos-brasileiros-recebem-as-vestes-da-provacao.html\"]}]},{\"@type\":\"BreadcrumbList\",\"@id\":\"https:\/\/franciscanos.org.br\/noticias\/novicos-brasileiros-recebem-as-vestes-da-provacao.html#breadcrumb\",\"itemListElement\":[{\"@type\":\"ListItem\",\"position\":1,\"name\":\"Home\",\"item\":\"https:\/\/franciscanos.org.br\/noticias\"},{\"@type\":\"ListItem\",\"position\":2,\"name\":\"Novi\u00e7os brasileiros ingressam no Noviciado\"}]},{\"@type\":\"Person\",\"@id\":\"https:\/\/franciscanos.org.br\/noticias\/#\/schema\/person\/b38fbf43118f02820bd932f2e4b14ad3\",\"name\":\"admin\",\"image\":{\"@type\":\"ImageObject\",\"inLanguage\":\"pt-BR\",\"@id\":\"https:\/\/franciscanos.org.br\/noticias\/#\/schema\/person\/image\/\",\"url\":\"https:\/\/secure.gravatar.com\/avatar\/e8495742d34d0ba6448ea1c628263b3e?s=96&d=mm&r=g\",\"contentUrl\":\"https:\/\/secure.gravatar.com\/avatar\/e8495742d34d0ba6448ea1c628263b3e?s=96&d=mm&r=g\",\"caption\":\"admin\"},\"url\":\"https:\/\/franciscanos.org.br\/noticias\/author\/admin\"}]}<\/script>\n<!-- \/ Yoast SEO plugin. -->","yoast_head_json":{"title":"Novi\u00e7os brasileiros ingressam no Noviciado - Not\u00edcias - Franciscanos","robots":{"index":"index","follow":"follow","max-snippet":"max-snippet:-1","max-image-preview":"max-image-preview:large","max-video-preview":"max-video-preview:-1"},"canonical":"https:\/\/franciscanos.org.br\/noticias\/novicos-brasileiros-recebem-as-vestes-da-provacao.html","og_locale":"pt_BR","og_type":"article","og_title":"Novi\u00e7os brasileiros ingressam no Noviciado - Not\u00edcias - Franciscanos","og_description":"Vesti\u00e7\u00e3o","og_url":"https:\/\/franciscanos.org.br\/noticias\/novicos-brasileiros-recebem-as-vestes-da-provacao.html","og_site_name":"Not\u00edcias - Franciscanos","article_published_time":"2017-01-15T00:29:12+00:00","article_modified_time":"2023-01-09T14:05:45+00:00","og_image":[{"width":273,"height":181,"url":"https:\/\/franciscanos.org.br\/noticias\/wp-content\/uploads\/2017\/01\/vesticao_140117.jpg","type":"image\/jpeg"}],"author":"admin","twitter_card":"summary_large_image","twitter_misc":{"Escrito por":"admin","Est. tempo de leitura":"3 minutos"},"schema":{"@context":"https:\/\/schema.org","@graph":[{"@type":"WebSite","@id":"https:\/\/franciscanos.org.br\/noticias\/#website","url":"https:\/\/franciscanos.org.br\/noticias\/","name":"Not\u00edcias - Franciscanos","description":"Prov\u00edncia Franciscana da Imaculada Concei\u00e7\u00e3o do Brasil - Ordem dos Frades Menores - OFM","potentialAction":[{"@type":"SearchAction","target":{"@type":"EntryPoint","urlTemplate":"https:\/\/franciscanos.org.br\/noticias\/?s={search_term_string}"},"query-input":"required name=search_term_string"}],"inLanguage":"pt-BR"},{"@type":"ImageObject","inLanguage":"pt-BR","@id":"https:\/\/franciscanos.org.br\/noticias\/novicos-brasileiros-recebem-as-vestes-da-provacao.html#primaryimage","url":"https:\/\/franciscanos.org.br\/noticias\/wp-content\/uploads\/2017\/01\/vesticao_140117.jpg","contentUrl":"https:\/\/franciscanos.org.br\/noticias\/wp-content\/uploads\/2017\/01\/vesticao_140117.jpg","width":273,"height":181},{"@type":"WebPage","@id":"https:\/\/franciscanos.org.br\/noticias\/novicos-brasileiros-recebem-as-vestes-da-provacao.html#webpage","url":"https:\/\/franciscanos.org.br\/noticias\/novicos-brasileiros-recebem-as-vestes-da-provacao.html","name":"Novi\u00e7os brasileiros ingressam no Noviciado - Not\u00edcias - Franciscanos","isPartOf":{"@id":"https:\/\/franciscanos.org.br\/noticias\/#website"},"primaryImageOfPage":{"@id":"https:\/\/franciscanos.org.br\/noticias\/novicos-brasileiros-recebem-as-vestes-da-provacao.html#primaryimage"},"datePublished":"2017-01-15T00:29:12+00:00","dateModified":"2023-01-09T14:05:45+00:00","author":{"@id":"https:\/\/franciscanos.org.br\/noticias\/#\/schema\/person\/b38fbf43118f02820bd932f2e4b14ad3"},"breadcrumb":{"@id":"https:\/\/franciscanos.org.br\/noticias\/novicos-brasileiros-recebem-as-vestes-da-provacao.html#breadcrumb"},"inLanguage":"pt-BR","potentialAction":[{"@type":"ReadAction","target":["https:\/\/franciscanos.org.br\/noticias\/novicos-brasileiros-recebem-as-vestes-da-provacao.html"]}]},{"@type":"BreadcrumbList","@id":"https:\/\/franciscanos.org.br\/noticias\/novicos-brasileiros-recebem-as-vestes-da-provacao.html#breadcrumb","itemListElement":[{"@type":"ListItem","position":1,"name":"Home","item":"https:\/\/franciscanos.org.br\/noticias"},{"@type":"ListItem","position":2,"name":"Novi\u00e7os brasileiros ingressam no Noviciado"}]},{"@type":"Person","@id":"https:\/\/franciscanos.org.br\/noticias\/#\/schema\/person\/b38fbf43118f02820bd932f2e4b14ad3","name":"admin","image":{"@type":"ImageObject","inLanguage":"pt-BR","@id":"https:\/\/franciscanos.org.br\/noticias\/#\/schema\/person\/image\/","url":"https:\/\/secure.gravatar.com\/avatar\/e8495742d34d0ba6448ea1c628263b3e?s=96&d=mm&r=g","contentUrl":"https:\/\/secure.gravatar.com\/avatar\/e8495742d34d0ba6448ea1c628263b3e?s=96&d=mm&r=g","caption":"admin"},"url":"https:\/\/franciscanos.org.br\/noticias\/author\/admin"}]}},"_links":{"self":[{"href":"https:\/\/franciscanos.org.br\/noticias\/wp-json\/wp\/v2\/posts\/124015"}],"collection":[{"href":"https:\/\/franciscanos.org.br\/noticias\/wp-json\/wp\/v2\/posts"}],"about":[{"href":"https:\/\/franciscanos.org.br\/noticias\/wp-json\/wp\/v2\/types\/post"}],"author":[{"embeddable":true,"href":"https:\/\/franciscanos.org.br\/noticias\/wp-json\/wp\/v2\/users\/1"}],"replies":[{"embeddable":true,"href":"https:\/\/franciscanos.org.br\/noticias\/wp-json\/wp\/v2\/comments?post=124015"}],"version-history":[{"count":1,"href":"https:\/\/franciscanos.org.br\/noticias\/wp-json\/wp\/v2\/posts\/124015\/revisions"}],"predecessor-version":[{"id":241604,"href":"https:\/\/franciscanos.org.br\/noticias\/wp-json\/wp\/v2\/posts\/124015\/revisions\/241604"}],"wp:featuredmedia":[{"embeddable":true,"href":"https:\/\/franciscanos.org.br\/noticias\/wp-json\/wp\/v2\/media\/195627"}],"wp:attachment":[{"href":"https:\/\/franciscanos.org.br\/noticias\/wp-json\/wp\/v2\/media?parent=124015"}],"wp:term":[{"taxonomy":"category","embeddable":true,"href":"https:\/\/franciscanos.org.br\/noticias\/wp-json\/wp\/v2\/categories?post=124015"},{"taxonomy":"post_tag","embeddable":true,"href":"https:\/\/franciscanos.org.br\/noticias\/wp-json\/wp\/v2\/tags?post=124015"}],"curies":[{"name":"wp","href":"https:\/\/api.w.org\/{rel}","templated":true}]}}