{"id":123989,"date":"2017-01-13T11:53:06","date_gmt":"2017-01-13T13:53:06","guid":{"rendered":"http:\/\/franciscanos.org.br\/?p=123989"},"modified":"2020-06-09T11:16:43","modified_gmt":"2020-06-09T14:16:43","slug":"papa-para-seguir-jesus-e-preciso-se-mexer-nao-ter-a-alma-parada","status":"publish","type":"post","link":"https:\/\/franciscanos.org.br\/noticias\/papa-para-seguir-jesus-e-preciso-se-mexer-nao-ter-a-alma-parada.html","title":{"rendered":"Papa: para seguir Jesus \u00e9 preciso se mexer, n\u00e3o ter a alma parada"},"content":{"rendered":"<p><img loading=\"lazy\" class=\"alignleft\" src=\"http:\/\/franciscanos.org.br\/wp-content\/uploads\/2017\/01\/martaG_130117.jpg\" alt=\"martaG_130117\" width=\"830\" height=\"359\" \/><\/p>\n<p><strong>Cidade do Vaticano<\/strong> &#8211; Para seguir Jesus \u00e9 preciso caminhar, n\u00e3o ficar parados com \u201ca alma sentada\u201d. Foi o que afirmou o Papa Francisco na missa celebrada na Casa Santa Marta nesta sexta-feira, 13.<\/p>\n<p>As pessoas seguem Jesus, o seguem por interesse ou por uma palavra de conforto. O Papa Francisco refletiu sobre o Evangelho do dia para destacar que, embora a pureza de inten\u00e7\u00e3o n\u00e3o seja \u201ctotal\u201d, perfeita, \u00e9 importante seguir Jesus, caminhar atr\u00e1s Dele. As pessoas eram atra\u00eddas por sua autoridade, explicou o Papa, pelas \u201ccoisas que dizia e como as dizia; ele tamb\u00e9m curava e muitas pessoas iam atr\u00e1s Dele para serem curadas\u201d. Certamente, observou o Papa, algumas vezes Jesus repreendeu as pessoas que o seguiam porque estavam mais interessadas em uma conveni\u00eancia do que na Palavra de Deus.<\/p>\n<p><strong>N\u00e3o aos crist\u00e3os parados<\/strong><\/p>\n<p>\u201cOutras vezes\u201d, disse ainda Francisco, as pessoas o queriam Rei, porque pensavam: \u2018Ele \u00e9 pol\u00edtico perfeito!\u2019\u201d, mas as pessoas \u201cerravam\u201d e \u201cJesus foi embora, se escondeu\u201d. O Senhor, por\u00e9m, deixava que todos os seguissem, \u201cporque sabia que todos somos pecadores\u201d. O maior problema, afirmou portanto Francisco, \u201cn\u00e3o eram os que seguiam Jesus\u201d, mas os que ficavam \u201cparados\u201d:<\/p>\n<p>\u201cOs parados! Os que ficavam \u00e0 beira do caminho. Ficavam sentados. Ficavam sentados l\u00e1 alguns escribas: estes n\u00e3o seguiam, olhavam. Olhavam do balc\u00e3o. N\u00e3o caminhavam na pr\u00f3pria vida: \u2018balconavam\u2019 a vida! Justamente ali: jamais arriscavam! S\u00f3 sabiam julgar. Eram os puros e n\u00e3o se misturavam. Tamb\u00e9m os ju\u00edzes eram duros, n\u00e3o? Em seu cora\u00e7\u00e3o: \u2018Que gente ignorante! Que gente supersticiosa!\u2019. E quantas vezes tamb\u00e9m n\u00f3s, quando vemos a piedade das pessoas simples nos vem em mente aquele clericalismo que tanto mal faz \u00e0 Igreja\u201d.<\/p>\n<p>\u201cEstes eram um grupo de parados\u201d, advertiu o Papa. Aqueles que ficavam ali, no balc\u00e3o, olhando e julgando\u201d. Mas h\u00e1 outros que ficam parados, acrescentou Francisco falando do homem que \u201ch\u00e1 38 anos ficava perto da piscina: parado, amargurado pela vida, sem esperan\u00e7a\u201d, e \u201cdigeria a pr\u00f3pria amargura: tamb\u00e9m este \u00e9 outro parado, que n\u00e3o seguia Jesus e n\u00e3o tinha esperan\u00e7a\u201d.<\/p>\n<p><strong>Para encontrar Jesus \u00e9 preciso arriscar<\/strong><\/p>\n<p>Ao inv\u00e9s, essas pessoas que seguiam Jesus se \u201carriscavam\u201d para encontr\u00e1-Lo, \u201cpara encontrar aquilo que queriam\u201d:<\/p>\n<p>\u201cEssas pessoas de hoje, que arriscaram quando abriram o teto: correram o risco de que o propriet\u00e1rio da casa os acusasse, os levasse at\u00e9 o juiz e os fizessem pagar. Arriscaram, mas queriam ver Jesus. Aquela mulher doente h\u00e1 18 anos arriscou quando secretamente s\u00f3 queria tocar a barra do manto de Jesus: arriscou sentir vergonha. Arriscou: queria sa\u00fade, queria chegar at\u00e9 Jesus. Pensemos na Canan\u00e9ia: e as mulheres arriscam mais do que os homens, eh! Isso \u00e9 verdade: s\u00e3o mais corajosas! E isso devemos reconhecer\u201d.<\/p>\n<p>O Papa citou ainda o caso da Canan\u00e9ia, da pecadora na casa de Sim\u00e3o e da Samaritana. Todas arriscaram e encontraram a Salva\u00e7\u00e3o. \u201cSeguir Jesus \u2013 disse Francisco \u2013 n\u00e3o \u00e9 f\u00e1cil, mas \u00e9 belo! E sempre se arrisca\u201d. E muitas vezes nos tornamos rid\u00edculos. Mas se encontra aquilo que realmente conta: \u201cos pecados s\u00e3o perdoados\u201d. Porque atr\u00e1s daquela gra\u00e7a que n\u00f3s pedimos \u2013 a sa\u00fade ou a solu\u00e7\u00e3o de um problema ou aquilo que for \u2013 h\u00e1 a vontade de ser curados na alma, de ser perdoados\u201d. Todos n\u00f3s, acrescentou, \u201csabemos ser pecadores. E por isso seguimos Jesus, para encontr\u00e1-Lo. E arriscamos\u201d.<\/p>\n<p><strong>Evitar a alma \u201csentada\u201d<\/strong><\/p>\n<p>Devemos nos questionar, provocou o Papa: \u201cEu arrisco ou sempre sigo Jesus segundo as regras da casa de seguros?\u201d, preocupados em n\u00e3o fazer uma coisa ou outra. \u201cN\u00e3o se segue Jesus deste jeito\u201d, advertiu Francisco. Assim se fica sentado, como aqueles que julgavam\u201d:<\/p>\n<p>\u201cSeguir Jesus porque precisamos de algo ou seguir Jesus arriscando, e isso significa seguir Jesus com f\u00e9: esta \u00e9 a fede. Entregar-se a Jesus, confiar Nele e com esta f\u00e9 na sua pessoa essas pessoas abriram o teto para que a cama do paral\u00edtico ca\u00edsse diante de Jesus para que Ele o curasse. \u2018Confio em Jesus, entrego a minha vida a Jesus? Estou a caminho atr\u00e1s de Jesus, embora seja rid\u00edculo algumas vezes?\u00a0 Ou fico sentado olhando como os outros fazem, olhando a vida ou fico sentado com a alma \u2018sentada\u2019 \u2013 digamos assim \u2013 com a alma fechada pela amargura, pela falta de esperan\u00e7a?\u2019. Cada um de n\u00f3s pode fazer essas perguntas hoje\u201d.<\/p>\n<p><strong>PAPA AOS JOVENS: OU\u00c7AM A VOZ DE DEUS, CONSTRUAM UM MUNDO MELHOR<\/strong><\/p>\n<p>O Papa Francisco enviou uma carta aos jovens, nesta sexta-feira (13\/01), de apresenta\u00e7\u00e3o do documento preparat\u00f3rio do S\u00ednodo dos Bispos de 2018.<\/p>\n<p>O Pont\u00edfice inicia a carta manifestando sua alegria de anunciar aos jovens que, em outubro de 2018, se realizar\u00e1 a 15\u00aa Assembleia Geral do S\u00ednodo dos Bispos sobre o tema \u201cOs jovens, a f\u00e9 e o discernimento vocacional\u201d.<\/p>\n<p>\u201cQuis que voc\u00eas estivessem no centro das aten\u00e7\u00f5es, porque os tenho em meu cora\u00e7\u00e3o. Exatamente hoje foi apresentado o Documento preparat\u00f3rio, que confio tamb\u00e9m a voc\u00eas como \u00abb\u00fassola\u00bb ao longo deste caminho.\u201d<\/p>\n<p><strong>Sair<\/strong><\/p>\n<p>\u201cV\u00eam-me \u00e0 mente as palavras que Deus dirigiu a Abra\u00e3o: \u00abSai de sua terra, do meio de seus parentes e da casa de seu pai, e v\u00e1 para a terra que eu lhe mostrarei\u00bb. Hoje, estas palavras s\u00e3o dirigidas tamb\u00e9m a voc\u00eas: s\u00e3o palavras de um Pai que os convida a \u00absair\u00bb a fim de serem lan\u00e7ados em dire\u00e7\u00e3o a um futuro desconhecido, mas portador de realiza\u00e7\u00f5es seguras, encontro ao qual Ele mesmo os acompanha. Convido-os a ouvir a voz de Deus que ressoa em seus cora\u00e7\u00f5es atrav\u00e9s do sopro do Esp\u00edrito Santo\u201d, ressalta o Papa no texto.<\/p>\n<p>\u201cQuando Deus disse a Abra\u00e3o \u00abSai\u00bb, o que queria lhe dizer? Certamente, n\u00e3o para fugir de sua fam\u00edlia, nem do mundo. O seu foi um convite forte, uma provoca\u00e7\u00e3o, a fim de que deixasse tudo e partisse para uma nova terra. Qual \u00e9 para n\u00f3s hoje esta nova terra, a n\u00e3o ser uma sociedade mais justa e fraterna que voc\u00eas almejam profundamente e desejam construir at\u00e9 \u00e0s periferias do mundo?\u201d<\/p>\n<p>\u201cMas hoje, infelizmente, o \u00abSai\u00bb adquire tamb\u00e9m um significado diferente. O da prevarica\u00e7\u00e3o, da injusti\u00e7a e da guerra. Muitos de voc\u00eas, jovens, est\u00e3o submetidos \u00e0 chantagem da viol\u00eancia e s\u00e3o for\u00e7ados a fugir de sua terra natal. O seu clamor sobe at\u00e9 Deus, como o de Israel, escravo da opress\u00e3o do Fara\u00f3\u201d, destaca o Pont\u00edfice.<\/p>\n<p><strong>Discernir<\/strong><\/p>\n<p>\u201cRecordo-lhes tamb\u00e9m as palavras que certo dia Jesus proferiu aos disc\u00edpulos, que lhe perguntavam: \u00abRabi, onde moras?\u00bb. Ele respondeu: \u00abVinde e vede!\u00bb. Jesus dirige o seu olhar tamb\u00e9m a voc\u00eas, convidando-os a caminhar com Ele.\u201d<\/p>\n<p>\u201cCar\u00edssimos jovens, voc\u00eas encontraram este olhar? Ouviram esta voz? Sentiram este impulso a p\u00f4r-se a caminho? Estou convencido de que, n\u00e3o obstante a confus\u00e3o e a perturba\u00e7\u00e3o deem a impress\u00e3o de reinar no mundo, este apelo continua ressoando em seu esp\u00edrito para o abrir \u00e0 alegria completa. Isto ser\u00e1 poss\u00edvel na medida em que, tamb\u00e9m atrav\u00e9s do acompanhamento de guias especializados, voc\u00eas souberem empreender um itiner\u00e1rio de discernimento para descobrir o projeto de Deus em sua vida. Mesmo quando o seu caminho estiver marcado pela precariedade e pela queda, Deus rico de miseric\u00f3rdia estende a sua m\u00e3o para os erguer\u201d, sublinha ainda o Papa.<\/p>\n<p><strong>Gritar<\/strong><\/p>\n<p>Na abertura da \u00faltima Jornada Mundial da Juventude, em Crac\u00f3via, perguntei-lhes v\u00e1rias vezes: \u00abPodemos mudar as coisas?\u00bb. E voc\u00eas gritaram juntos um \u00abSim!\u00bb retumbante. Aquele grito nasce do seu cora\u00e7\u00e3o jovem, que n\u00e3o suporta a injusti\u00e7a e n\u00e3o pode submeter-se \u00e0 cultura do descarte, nem ceder \u00e0 globaliza\u00e7\u00e3o da indiferen\u00e7a. Escutem aquele clamor que vem do seu \u00edntimo! Mesmo quando sentirem, como o profeta Jeremias, a inexperi\u00eancia de sua jovem idade, Deus os encoraja a ir para onde Ele os envia: \u00abN\u00e3o tenha medo [&#8230;] pois eu estou com voc\u00ea para proteg\u00ea-lo\u00bb.<\/p>\n<p>Constr\u00f3i-se um mundo melhor tamb\u00e9m gra\u00e7as a voc\u00eas, ao seu desejo de mudan\u00e7a e generosidade. N\u00e3o tenham medo de ouvir o Esp\u00edrito que lhes sugere escolhas audaciosas, n\u00e3o hesitem quando a consci\u00eancia lhes pedir para arriscar a fim de seguir o Mestre. Tamb\u00e9m a Igreja deseja colocar-se \u00e0 escuta de sua voz, de sua sensibilidade, de sua f\u00e9; at\u00e9 de suas d\u00favidas e suas cr\u00edticas. Fa\u00e7am ouvir o seu grito. Deixem ele ressoar nas comunidades e o fa\u00e7am chegar aos pastores. S\u00e3o Bento recomendava aos abades que, antes de cada decis\u00e3o importante, consultassem tamb\u00e9m os jovens porque \u00abmuitas vezes \u00e9 exatamente ao mais jovem que o Senhor revela a melhor solu\u00e7\u00e3o\u00bb.<\/p>\n<p>\u201cAssim, atrav\u00e9s do caminho deste S\u00ednodo, eu e os meus irm\u00e3os Bispos queremos, ainda mais, \u00abcolaborar para a sua alegria\u00bb. Confio-lhes a Maria de Nazar\u00e9, uma jovem como voc\u00eas, \u00e0 qual Deus dirigiu o seu olhar amoroso, a fim de que os tome pela m\u00e3o e os guie para a alegria de um \u00abEis-me!\u00bb pleno e generoso\u201d, conclui o Papa.<\/p>\n<hr \/>\n<p><em>Fonte: R\u00e1dio Vaticano<\/em><\/p>\n","protected":false},"excerpt":{"rendered":"<p>Missa em Santa Marta<\/p>\n","protected":false},"author":1,"featured_media":195660,"comment_status":"open","ping_status":"open","sticky":false,"template":"","format":"standard","meta":[],"categories":[1428],"tags":[1586],"acf":[],"yoast_head":"<!-- This site is optimized with the Yoast SEO plugin v19.2 - https:\/\/yoast.com\/wordpress\/plugins\/seo\/ -->\n<title>Papa: para seguir Jesus \u00e9 preciso se mexer, n\u00e3o ter a alma parada - Not\u00edcias - Franciscanos<\/title>\n<meta name=\"robots\" content=\"index, follow, max-snippet:-1, max-image-preview:large, max-video-preview:-1\" \/>\n<link rel=\"canonical\" href=\"https:\/\/franciscanos.org.br\/noticias\/papa-para-seguir-jesus-e-preciso-se-mexer-nao-ter-a-alma-parada.html\" \/>\n<meta property=\"og:locale\" content=\"pt_BR\" \/>\n<meta property=\"og:type\" content=\"article\" \/>\n<meta property=\"og:title\" content=\"Papa: para seguir Jesus \u00e9 preciso se mexer, n\u00e3o ter a alma parada - Not\u00edcias - Franciscanos\" \/>\n<meta property=\"og:description\" content=\"Missa em Santa Marta\" \/>\n<meta property=\"og:url\" content=\"https:\/\/franciscanos.org.br\/noticias\/papa-para-seguir-jesus-e-preciso-se-mexer-nao-ter-a-alma-parada.html\" \/>\n<meta property=\"og:site_name\" content=\"Not\u00edcias - Franciscanos\" \/>\n<meta property=\"article:published_time\" content=\"2017-01-13T13:53:06+00:00\" \/>\n<meta property=\"article:modified_time\" content=\"2020-06-09T14:16:43+00:00\" \/>\n<meta property=\"og:image\" content=\"https:\/\/franciscanos.org.br\/noticias\/wp-content\/uploads\/2017\/01\/martaG_130117.jpg\" \/>\n\t<meta property=\"og:image:width\" content=\"273\" \/>\n\t<meta property=\"og:image:height\" content=\"181\" \/>\n\t<meta property=\"og:image:type\" content=\"image\/jpeg\" \/>\n<meta name=\"author\" content=\"admin\" \/>\n<meta name=\"twitter:card\" content=\"summary_large_image\" \/>\n<meta name=\"twitter:label1\" content=\"Escrito por\" \/>\n\t<meta name=\"twitter:data1\" content=\"admin\" \/>\n\t<meta name=\"twitter:label2\" content=\"Est. tempo de leitura\" \/>\n\t<meta name=\"twitter:data2\" content=\"8 minutos\" \/>\n<script type=\"application\/ld+json\" class=\"yoast-schema-graph\">{\"@context\":\"https:\/\/schema.org\",\"@graph\":[{\"@type\":\"WebSite\",\"@id\":\"https:\/\/franciscanos.org.br\/noticias\/#website\",\"url\":\"https:\/\/franciscanos.org.br\/noticias\/\",\"name\":\"Not\u00edcias - Franciscanos\",\"description\":\"Prov\u00edncia Franciscana da Imaculada Concei\u00e7\u00e3o do Brasil - Ordem dos Frades Menores - OFM\",\"potentialAction\":[{\"@type\":\"SearchAction\",\"target\":{\"@type\":\"EntryPoint\",\"urlTemplate\":\"https:\/\/franciscanos.org.br\/noticias\/?s={search_term_string}\"},\"query-input\":\"required name=search_term_string\"}],\"inLanguage\":\"pt-BR\"},{\"@type\":\"ImageObject\",\"inLanguage\":\"pt-BR\",\"@id\":\"https:\/\/franciscanos.org.br\/noticias\/papa-para-seguir-jesus-e-preciso-se-mexer-nao-ter-a-alma-parada.html#primaryimage\",\"url\":\"https:\/\/franciscanos.org.br\/noticias\/wp-content\/uploads\/2017\/01\/martaG_130117.jpg\",\"contentUrl\":\"https:\/\/franciscanos.org.br\/noticias\/wp-content\/uploads\/2017\/01\/martaG_130117.jpg\",\"width\":273,\"height\":181},{\"@type\":\"WebPage\",\"@id\":\"https:\/\/franciscanos.org.br\/noticias\/papa-para-seguir-jesus-e-preciso-se-mexer-nao-ter-a-alma-parada.html#webpage\",\"url\":\"https:\/\/franciscanos.org.br\/noticias\/papa-para-seguir-jesus-e-preciso-se-mexer-nao-ter-a-alma-parada.html\",\"name\":\"Papa: para seguir Jesus \u00e9 preciso se mexer, n\u00e3o ter a alma parada - Not\u00edcias - Franciscanos\",\"isPartOf\":{\"@id\":\"https:\/\/franciscanos.org.br\/noticias\/#website\"},\"primaryImageOfPage\":{\"@id\":\"https:\/\/franciscanos.org.br\/noticias\/papa-para-seguir-jesus-e-preciso-se-mexer-nao-ter-a-alma-parada.html#primaryimage\"},\"datePublished\":\"2017-01-13T13:53:06+00:00\",\"dateModified\":\"2020-06-09T14:16:43+00:00\",\"author\":{\"@id\":\"https:\/\/franciscanos.org.br\/noticias\/#\/schema\/person\/b38fbf43118f02820bd932f2e4b14ad3\"},\"breadcrumb\":{\"@id\":\"https:\/\/franciscanos.org.br\/noticias\/papa-para-seguir-jesus-e-preciso-se-mexer-nao-ter-a-alma-parada.html#breadcrumb\"},\"inLanguage\":\"pt-BR\",\"potentialAction\":[{\"@type\":\"ReadAction\",\"target\":[\"https:\/\/franciscanos.org.br\/noticias\/papa-para-seguir-jesus-e-preciso-se-mexer-nao-ter-a-alma-parada.html\"]}]},{\"@type\":\"BreadcrumbList\",\"@id\":\"https:\/\/franciscanos.org.br\/noticias\/papa-para-seguir-jesus-e-preciso-se-mexer-nao-ter-a-alma-parada.html#breadcrumb\",\"itemListElement\":[{\"@type\":\"ListItem\",\"position\":1,\"name\":\"Home\",\"item\":\"https:\/\/franciscanos.org.br\/noticias\"},{\"@type\":\"ListItem\",\"position\":2,\"name\":\"Papa: para seguir Jesus \u00e9 preciso se mexer, n\u00e3o ter a alma parada\"}]},{\"@type\":\"Person\",\"@id\":\"https:\/\/franciscanos.org.br\/noticias\/#\/schema\/person\/b38fbf43118f02820bd932f2e4b14ad3\",\"name\":\"admin\",\"image\":{\"@type\":\"ImageObject\",\"inLanguage\":\"pt-BR\",\"@id\":\"https:\/\/franciscanos.org.br\/noticias\/#\/schema\/person\/image\/\",\"url\":\"https:\/\/secure.gravatar.com\/avatar\/e8495742d34d0ba6448ea1c628263b3e?s=96&d=mm&r=g\",\"contentUrl\":\"https:\/\/secure.gravatar.com\/avatar\/e8495742d34d0ba6448ea1c628263b3e?s=96&d=mm&r=g\",\"caption\":\"admin\"},\"url\":\"https:\/\/franciscanos.org.br\/noticias\/author\/admin\"}]}<\/script>\n<!-- \/ Yoast SEO plugin. -->","yoast_head_json":{"title":"Papa: para seguir Jesus \u00e9 preciso se mexer, n\u00e3o ter a alma parada - Not\u00edcias - Franciscanos","robots":{"index":"index","follow":"follow","max-snippet":"max-snippet:-1","max-image-preview":"max-image-preview:large","max-video-preview":"max-video-preview:-1"},"canonical":"https:\/\/franciscanos.org.br\/noticias\/papa-para-seguir-jesus-e-preciso-se-mexer-nao-ter-a-alma-parada.html","og_locale":"pt_BR","og_type":"article","og_title":"Papa: para seguir Jesus \u00e9 preciso se mexer, n\u00e3o ter a alma parada - Not\u00edcias - Franciscanos","og_description":"Missa em Santa Marta","og_url":"https:\/\/franciscanos.org.br\/noticias\/papa-para-seguir-jesus-e-preciso-se-mexer-nao-ter-a-alma-parada.html","og_site_name":"Not\u00edcias - Franciscanos","article_published_time":"2017-01-13T13:53:06+00:00","article_modified_time":"2020-06-09T14:16:43+00:00","og_image":[{"width":273,"height":181,"url":"https:\/\/franciscanos.org.br\/noticias\/wp-content\/uploads\/2017\/01\/martaG_130117.jpg","type":"image\/jpeg"}],"author":"admin","twitter_card":"summary_large_image","twitter_misc":{"Escrito por":"admin","Est. tempo de leitura":"8 minutos"},"schema":{"@context":"https:\/\/schema.org","@graph":[{"@type":"WebSite","@id":"https:\/\/franciscanos.org.br\/noticias\/#website","url":"https:\/\/franciscanos.org.br\/noticias\/","name":"Not\u00edcias - Franciscanos","description":"Prov\u00edncia Franciscana da Imaculada Concei\u00e7\u00e3o do Brasil - Ordem dos Frades Menores - OFM","potentialAction":[{"@type":"SearchAction","target":{"@type":"EntryPoint","urlTemplate":"https:\/\/franciscanos.org.br\/noticias\/?s={search_term_string}"},"query-input":"required name=search_term_string"}],"inLanguage":"pt-BR"},{"@type":"ImageObject","inLanguage":"pt-BR","@id":"https:\/\/franciscanos.org.br\/noticias\/papa-para-seguir-jesus-e-preciso-se-mexer-nao-ter-a-alma-parada.html#primaryimage","url":"https:\/\/franciscanos.org.br\/noticias\/wp-content\/uploads\/2017\/01\/martaG_130117.jpg","contentUrl":"https:\/\/franciscanos.org.br\/noticias\/wp-content\/uploads\/2017\/01\/martaG_130117.jpg","width":273,"height":181},{"@type":"WebPage","@id":"https:\/\/franciscanos.org.br\/noticias\/papa-para-seguir-jesus-e-preciso-se-mexer-nao-ter-a-alma-parada.html#webpage","url":"https:\/\/franciscanos.org.br\/noticias\/papa-para-seguir-jesus-e-preciso-se-mexer-nao-ter-a-alma-parada.html","name":"Papa: para seguir Jesus \u00e9 preciso se mexer, n\u00e3o ter a alma parada - Not\u00edcias - Franciscanos","isPartOf":{"@id":"https:\/\/franciscanos.org.br\/noticias\/#website"},"primaryImageOfPage":{"@id":"https:\/\/franciscanos.org.br\/noticias\/papa-para-seguir-jesus-e-preciso-se-mexer-nao-ter-a-alma-parada.html#primaryimage"},"datePublished":"2017-01-13T13:53:06+00:00","dateModified":"2020-06-09T14:16:43+00:00","author":{"@id":"https:\/\/franciscanos.org.br\/noticias\/#\/schema\/person\/b38fbf43118f02820bd932f2e4b14ad3"},"breadcrumb":{"@id":"https:\/\/franciscanos.org.br\/noticias\/papa-para-seguir-jesus-e-preciso-se-mexer-nao-ter-a-alma-parada.html#breadcrumb"},"inLanguage":"pt-BR","potentialAction":[{"@type":"ReadAction","target":["https:\/\/franciscanos.org.br\/noticias\/papa-para-seguir-jesus-e-preciso-se-mexer-nao-ter-a-alma-parada.html"]}]},{"@type":"BreadcrumbList","@id":"https:\/\/franciscanos.org.br\/noticias\/papa-para-seguir-jesus-e-preciso-se-mexer-nao-ter-a-alma-parada.html#breadcrumb","itemListElement":[{"@type":"ListItem","position":1,"name":"Home","item":"https:\/\/franciscanos.org.br\/noticias"},{"@type":"ListItem","position":2,"name":"Papa: para seguir Jesus \u00e9 preciso se mexer, n\u00e3o ter a alma parada"}]},{"@type":"Person","@id":"https:\/\/franciscanos.org.br\/noticias\/#\/schema\/person\/b38fbf43118f02820bd932f2e4b14ad3","name":"admin","image":{"@type":"ImageObject","inLanguage":"pt-BR","@id":"https:\/\/franciscanos.org.br\/noticias\/#\/schema\/person\/image\/","url":"https:\/\/secure.gravatar.com\/avatar\/e8495742d34d0ba6448ea1c628263b3e?s=96&d=mm&r=g","contentUrl":"https:\/\/secure.gravatar.com\/avatar\/e8495742d34d0ba6448ea1c628263b3e?s=96&d=mm&r=g","caption":"admin"},"url":"https:\/\/franciscanos.org.br\/noticias\/author\/admin"}]}},"_links":{"self":[{"href":"https:\/\/franciscanos.org.br\/noticias\/wp-json\/wp\/v2\/posts\/123989"}],"collection":[{"href":"https:\/\/franciscanos.org.br\/noticias\/wp-json\/wp\/v2\/posts"}],"about":[{"href":"https:\/\/franciscanos.org.br\/noticias\/wp-json\/wp\/v2\/types\/post"}],"author":[{"embeddable":true,"href":"https:\/\/franciscanos.org.br\/noticias\/wp-json\/wp\/v2\/users\/1"}],"replies":[{"embeddable":true,"href":"https:\/\/franciscanos.org.br\/noticias\/wp-json\/wp\/v2\/comments?post=123989"}],"version-history":[{"count":1,"href":"https:\/\/franciscanos.org.br\/noticias\/wp-json\/wp\/v2\/posts\/123989\/revisions"}],"predecessor-version":[{"id":225484,"href":"https:\/\/franciscanos.org.br\/noticias\/wp-json\/wp\/v2\/posts\/123989\/revisions\/225484"}],"wp:featuredmedia":[{"embeddable":true,"href":"https:\/\/franciscanos.org.br\/noticias\/wp-json\/wp\/v2\/media\/195660"}],"wp:attachment":[{"href":"https:\/\/franciscanos.org.br\/noticias\/wp-json\/wp\/v2\/media?parent=123989"}],"wp:term":[{"taxonomy":"category","embeddable":true,"href":"https:\/\/franciscanos.org.br\/noticias\/wp-json\/wp\/v2\/categories?post=123989"},{"taxonomy":"post_tag","embeddable":true,"href":"https:\/\/franciscanos.org.br\/noticias\/wp-json\/wp\/v2\/tags?post=123989"}],"curies":[{"name":"wp","href":"https:\/\/api.w.org\/{rel}","templated":true}]}}