{"id":123909,"date":"2017-01-12T10:54:12","date_gmt":"2017-01-12T12:54:12","guid":{"rendered":"http:\/\/franciscanos.org.br\/?p=123909"},"modified":"2020-03-05T13:57:02","modified_gmt":"2020-03-05T16:57:02","slug":"adesao-atencao-e-persistencia-para-sermos-discipulos","status":"publish","type":"post","link":"https:\/\/franciscanos.org.br\/noticias\/adesao-atencao-e-persistencia-para-sermos-discipulos.html","title":{"rendered":"Ades\u00e3o, aten\u00e7\u00e3o e persist\u00eancia para sermos disc\u00edpulos"},"content":{"rendered":"<p><img loading=\"lazy\" class=\"alignnone size-full wp-image-196462\" src=\"https:\/\/franciscanos.org.br\/noticias\/wp-content\/uploads\/2017\/01\/liturgia_120117.jpg\" alt=\"\" width=\"820\" height=\"445\" srcset=\"https:\/\/franciscanos.org.br\/noticias\/wp-content\/uploads\/2017\/01\/liturgia_120117.jpg 820w, https:\/\/franciscanos.org.br\/noticias\/wp-content\/uploads\/2017\/01\/liturgia_120117-450x244.jpg 450w, https:\/\/franciscanos.org.br\/noticias\/wp-content\/uploads\/2017\/01\/liturgia_120117-768x417.jpg 768w, https:\/\/franciscanos.org.br\/noticias\/wp-content\/uploads\/2017\/01\/liturgia_120117-150x81.jpg 150w\" sizes=\"(max-width: 820px) 100vw, 820px\" \/><\/p>\n<p><strong>Frei Gustavo Medella<\/strong><\/p>\n<p>Febre amarela, dengue, chicungunya e zika v\u00edrus: eis o \u201cquarteto dram\u00e1tico\u201d que ver\u00e3o ap\u00f3s ver\u00e3o assola os brasileiros, especialmente nas \u00e1reas de maior temperatura. Todos eles pegam carona na f\u00eamea de um pequeno mosquito chamado <em>Aedes aegypti<\/em> que, apesar de dimens\u00f5es bem modestas, tem for\u00e7a para colocar muitos de cama e, \u00e0s vezes, at\u00e9 matar. Tarefa dif\u00edcil combater esta amea\u00e7a pequena em dimens\u00f5es f\u00edsicas, mas enorme em resultados prejudiciais \u00e0 sa\u00fade: raquete, fumac\u00ea, repelente, aerosol s\u00e3o meios paliativos para combater este inimigo quase invis\u00edvel. No entanto, todo investimento nesta dire\u00e7\u00e3o funciona mais ou menos na din\u00e2mica do \u201cenxugar gelo\u201d ou de \u201ctrocar a fechadura depois da porta arrombada\u201d. O caminho mais eficiente para vencer esta amea\u00e7a chama-se PREVEN\u00c7\u00c3O, especialmente no que diz respeito a n\u00e3o deixar acess\u00edvel ao mosquito lugares que favore\u00e7am sua reprodu\u00e7\u00e3o: ambientes com \u00e1gua limpa e parada, que normalmente se multiplicam nestes ver\u00f5es de altas temperaturas e muitas chuvas.<\/p>\n<p>Para que a preven\u00e7\u00e3o seja eficiente, tr\u00eas elementos devem ser levados em conta: ades\u00e3o coletiva \u2013 pois de nada adiante a pessoa cuidar bem em sua casa e o vizinho nada fazer na dele -; aten\u00e7\u00e3o a lugares pouco frequentados \u2013 pois a \u00e1gua alcan\u00e7a locais pouco imagin\u00e1veis; e muita persist\u00eancia \u2013 afinal as chuvas s\u00e3o frequentes e com facilidade voltam a inundar locais j\u00e1 inspecionados.<\/p>\n<p>Talvez voc\u00ea j\u00e1 esteja pensando que, neste 2\u00ba Domingo do Tempo Comum, tenhamos aproveitado este espa\u00e7o da reflex\u00e3o lit\u00fargica para oferecer dicas de preven\u00e7\u00e3o e combate ao mosquito <em>Aedes aegypti<\/em>. Tamb\u00e9m. No entanto, tais orienta\u00e7\u00f5es est\u00e3o profundamente ligadas \u00e0 convoca\u00e7\u00e3o que Deus faz a seus filhos e filhas nas leituras deste final de semana. Vamos a elas:<\/p>\n<h3><strong>Ades\u00e3o coletiva<\/strong><\/h3>\n<p>Assim como elegeu a Israel, o Senhor escolhe a cada um dos batizados e batizadas para serem, juntos, \u201cluz das na\u00e7\u00f5es\u201d, a fim de que a Salva\u00e7\u00e3o chegue aos confins de toda a terra (Cf. Is 49,3.5-6). O chamado \u00e9 individual e a resposta tamb\u00e9m, mas o projeto \u00e9 coletivo. Falar em uma rela\u00e7\u00e3o individualista com Deus, prescindindo de uma express\u00e3o comunit\u00e1ria, n\u00e3o contempla a proposta que o Senhor, em Jesus, faz a seu povo, afinal, em todo o plano da encarna\u00e7\u00e3o Deus n\u00e3o quis atuar sozinho, mas em parceria com a humanidade.<\/p>\n<h3><strong>Aten\u00e7\u00e3o a lugares pouco frequentados<\/strong><\/h3>\n<p>Assim como a \u00e1gua surpreende e fica empossada em lugares de dif\u00edcil acesso e pouco imagin\u00e1veis, Deus tamb\u00e9m escolhe se manifestar em ambientes pouco prov\u00e1veis a determinadas l\u00f3gicas, como a da efici\u00eancia, do lucro e do sucesso, por exemplo. O pr\u00f3prio Jo\u00e3o Batista admite que, a princ\u00edpio, n\u00e3o reconhecia em Jesus o Salvador (Cf. Jo 1,33). Ele precisou de discernimento, de rever seus planos e expectativas, de contemplar pontos de vista ainda um pouco estranhos \u00e0 sua percep\u00e7\u00e3o. Assim encontrou Jesus e tornou-se capaz de proclamar com toda convic\u00e7\u00e3o que aquele era de fato o \u201cCordeiro de Deus\u201d (Cf. Jo 1,29).<\/p>\n<h3><strong>Muita persist\u00eancia<\/strong><\/h3>\n<p>Depois de esvaziar todos os poss\u00edveis reservat\u00f3rios de \u00e1gua parada, basta uma pancada de chuva de ver\u00e3o para que o trabalho precise ser realizado novamente. N\u00e3o tem outra solu\u00e7\u00e3o. Certamente por este motivo Jo\u00e3o Batista em seu testemunho enfatiza que, quando Jesus foi batizado, o Esp\u00edrito Santo desceu e permaneceu sobre ele (Cf. Jo 1,33). Permaneceu porque a miss\u00e3o n\u00e3o seria f\u00e1cil, permaneceu como garantia de que Jesus de fato agia com o Pai e pelo Esp\u00edrito, em nome da Trindade. N\u00f3s tamb\u00e9m, se quisermos ser, como Paulo, ap\u00f3stolos por voca\u00e7\u00e3o e portadores de gra\u00e7a e paz (Cf. 1Cor 1,1-3), precisamos necessariamente, com muita persist\u00eancia, permanecer em Deus.<\/p>\n","protected":false},"excerpt":{"rendered":"<p>Liturgia Dominical<\/p>\n","protected":false},"author":1,"featured_media":213167,"comment_status":"open","ping_status":"open","sticky":false,"template":"","format":"standard","meta":[],"categories":[1],"tags":[490],"acf":[],"yoast_head":"<!-- This site is optimized with the Yoast SEO plugin v19.2 - https:\/\/yoast.com\/wordpress\/plugins\/seo\/ -->\n<title>Ades\u00e3o, aten\u00e7\u00e3o e persist\u00eancia para sermos disc\u00edpulos - Not\u00edcias - Franciscanos<\/title>\n<meta name=\"robots\" content=\"index, follow, max-snippet:-1, max-image-preview:large, max-video-preview:-1\" \/>\n<link rel=\"canonical\" href=\"https:\/\/franciscanos.org.br\/noticias\/adesao-atencao-e-persistencia-para-sermos-discipulos.html\" \/>\n<meta property=\"og:locale\" content=\"pt_BR\" \/>\n<meta property=\"og:type\" content=\"article\" \/>\n<meta property=\"og:title\" content=\"Ades\u00e3o, aten\u00e7\u00e3o e persist\u00eancia para sermos disc\u00edpulos - Not\u00edcias - Franciscanos\" \/>\n<meta property=\"og:description\" content=\"Liturgia Dominical\" \/>\n<meta property=\"og:url\" content=\"https:\/\/franciscanos.org.br\/noticias\/adesao-atencao-e-persistencia-para-sermos-discipulos.html\" \/>\n<meta property=\"og:site_name\" content=\"Not\u00edcias - Franciscanos\" \/>\n<meta property=\"article:published_time\" content=\"2017-01-12T12:54:12+00:00\" \/>\n<meta property=\"article:modified_time\" content=\"2020-03-05T16:57:02+00:00\" \/>\n<meta property=\"og:image\" content=\"https:\/\/franciscanos.org.br\/noticias\/wp-content\/uploads\/2017\/01\/liturgia_120117-1.jpg\" \/>\n\t<meta property=\"og:image:width\" content=\"273\" \/>\n\t<meta property=\"og:image:height\" content=\"181\" \/>\n\t<meta property=\"og:image:type\" content=\"image\/jpeg\" \/>\n<meta name=\"author\" content=\"admin\" \/>\n<meta name=\"twitter:card\" content=\"summary_large_image\" \/>\n<meta name=\"twitter:label1\" content=\"Escrito por\" \/>\n\t<meta name=\"twitter:data1\" content=\"admin\" \/>\n\t<meta name=\"twitter:label2\" content=\"Est. tempo de leitura\" \/>\n\t<meta name=\"twitter:data2\" content=\"3 minutos\" \/>\n<script type=\"application\/ld+json\" class=\"yoast-schema-graph\">{\"@context\":\"https:\/\/schema.org\",\"@graph\":[{\"@type\":\"WebSite\",\"@id\":\"https:\/\/franciscanos.org.br\/noticias\/#website\",\"url\":\"https:\/\/franciscanos.org.br\/noticias\/\",\"name\":\"Not\u00edcias - Franciscanos\",\"description\":\"Prov\u00edncia Franciscana da Imaculada Concei\u00e7\u00e3o do Brasil - Ordem dos Frades Menores - OFM\",\"potentialAction\":[{\"@type\":\"SearchAction\",\"target\":{\"@type\":\"EntryPoint\",\"urlTemplate\":\"https:\/\/franciscanos.org.br\/noticias\/?s={search_term_string}\"},\"query-input\":\"required name=search_term_string\"}],\"inLanguage\":\"pt-BR\"},{\"@type\":\"ImageObject\",\"inLanguage\":\"pt-BR\",\"@id\":\"https:\/\/franciscanos.org.br\/noticias\/adesao-atencao-e-persistencia-para-sermos-discipulos.html#primaryimage\",\"url\":\"https:\/\/franciscanos.org.br\/noticias\/wp-content\/uploads\/2017\/01\/liturgia_120117-1.jpg\",\"contentUrl\":\"https:\/\/franciscanos.org.br\/noticias\/wp-content\/uploads\/2017\/01\/liturgia_120117-1.jpg\",\"width\":273,\"height\":181},{\"@type\":\"WebPage\",\"@id\":\"https:\/\/franciscanos.org.br\/noticias\/adesao-atencao-e-persistencia-para-sermos-discipulos.html#webpage\",\"url\":\"https:\/\/franciscanos.org.br\/noticias\/adesao-atencao-e-persistencia-para-sermos-discipulos.html\",\"name\":\"Ades\u00e3o, aten\u00e7\u00e3o e persist\u00eancia para sermos disc\u00edpulos - Not\u00edcias - Franciscanos\",\"isPartOf\":{\"@id\":\"https:\/\/franciscanos.org.br\/noticias\/#website\"},\"primaryImageOfPage\":{\"@id\":\"https:\/\/franciscanos.org.br\/noticias\/adesao-atencao-e-persistencia-para-sermos-discipulos.html#primaryimage\"},\"datePublished\":\"2017-01-12T12:54:12+00:00\",\"dateModified\":\"2020-03-05T16:57:02+00:00\",\"author\":{\"@id\":\"https:\/\/franciscanos.org.br\/noticias\/#\/schema\/person\/b38fbf43118f02820bd932f2e4b14ad3\"},\"breadcrumb\":{\"@id\":\"https:\/\/franciscanos.org.br\/noticias\/adesao-atencao-e-persistencia-para-sermos-discipulos.html#breadcrumb\"},\"inLanguage\":\"pt-BR\",\"potentialAction\":[{\"@type\":\"ReadAction\",\"target\":[\"https:\/\/franciscanos.org.br\/noticias\/adesao-atencao-e-persistencia-para-sermos-discipulos.html\"]}]},{\"@type\":\"BreadcrumbList\",\"@id\":\"https:\/\/franciscanos.org.br\/noticias\/adesao-atencao-e-persistencia-para-sermos-discipulos.html#breadcrumb\",\"itemListElement\":[{\"@type\":\"ListItem\",\"position\":1,\"name\":\"Home\",\"item\":\"https:\/\/franciscanos.org.br\/noticias\"},{\"@type\":\"ListItem\",\"position\":2,\"name\":\"Ades\u00e3o, aten\u00e7\u00e3o e persist\u00eancia para sermos disc\u00edpulos\"}]},{\"@type\":\"Person\",\"@id\":\"https:\/\/franciscanos.org.br\/noticias\/#\/schema\/person\/b38fbf43118f02820bd932f2e4b14ad3\",\"name\":\"admin\",\"image\":{\"@type\":\"ImageObject\",\"inLanguage\":\"pt-BR\",\"@id\":\"https:\/\/franciscanos.org.br\/noticias\/#\/schema\/person\/image\/\",\"url\":\"https:\/\/secure.gravatar.com\/avatar\/e8495742d34d0ba6448ea1c628263b3e?s=96&d=mm&r=g\",\"contentUrl\":\"https:\/\/secure.gravatar.com\/avatar\/e8495742d34d0ba6448ea1c628263b3e?s=96&d=mm&r=g\",\"caption\":\"admin\"},\"url\":\"https:\/\/franciscanos.org.br\/noticias\/author\/admin\"}]}<\/script>\n<!-- \/ Yoast SEO plugin. -->","yoast_head_json":{"title":"Ades\u00e3o, aten\u00e7\u00e3o e persist\u00eancia para sermos disc\u00edpulos - Not\u00edcias - Franciscanos","robots":{"index":"index","follow":"follow","max-snippet":"max-snippet:-1","max-image-preview":"max-image-preview:large","max-video-preview":"max-video-preview:-1"},"canonical":"https:\/\/franciscanos.org.br\/noticias\/adesao-atencao-e-persistencia-para-sermos-discipulos.html","og_locale":"pt_BR","og_type":"article","og_title":"Ades\u00e3o, aten\u00e7\u00e3o e persist\u00eancia para sermos disc\u00edpulos - Not\u00edcias - Franciscanos","og_description":"Liturgia Dominical","og_url":"https:\/\/franciscanos.org.br\/noticias\/adesao-atencao-e-persistencia-para-sermos-discipulos.html","og_site_name":"Not\u00edcias - Franciscanos","article_published_time":"2017-01-12T12:54:12+00:00","article_modified_time":"2020-03-05T16:57:02+00:00","og_image":[{"width":273,"height":181,"url":"https:\/\/franciscanos.org.br\/noticias\/wp-content\/uploads\/2017\/01\/liturgia_120117-1.jpg","type":"image\/jpeg"}],"author":"admin","twitter_card":"summary_large_image","twitter_misc":{"Escrito por":"admin","Est. tempo de leitura":"3 minutos"},"schema":{"@context":"https:\/\/schema.org","@graph":[{"@type":"WebSite","@id":"https:\/\/franciscanos.org.br\/noticias\/#website","url":"https:\/\/franciscanos.org.br\/noticias\/","name":"Not\u00edcias - Franciscanos","description":"Prov\u00edncia Franciscana da Imaculada Concei\u00e7\u00e3o do Brasil - Ordem dos Frades Menores - OFM","potentialAction":[{"@type":"SearchAction","target":{"@type":"EntryPoint","urlTemplate":"https:\/\/franciscanos.org.br\/noticias\/?s={search_term_string}"},"query-input":"required name=search_term_string"}],"inLanguage":"pt-BR"},{"@type":"ImageObject","inLanguage":"pt-BR","@id":"https:\/\/franciscanos.org.br\/noticias\/adesao-atencao-e-persistencia-para-sermos-discipulos.html#primaryimage","url":"https:\/\/franciscanos.org.br\/noticias\/wp-content\/uploads\/2017\/01\/liturgia_120117-1.jpg","contentUrl":"https:\/\/franciscanos.org.br\/noticias\/wp-content\/uploads\/2017\/01\/liturgia_120117-1.jpg","width":273,"height":181},{"@type":"WebPage","@id":"https:\/\/franciscanos.org.br\/noticias\/adesao-atencao-e-persistencia-para-sermos-discipulos.html#webpage","url":"https:\/\/franciscanos.org.br\/noticias\/adesao-atencao-e-persistencia-para-sermos-discipulos.html","name":"Ades\u00e3o, aten\u00e7\u00e3o e persist\u00eancia para sermos disc\u00edpulos - Not\u00edcias - Franciscanos","isPartOf":{"@id":"https:\/\/franciscanos.org.br\/noticias\/#website"},"primaryImageOfPage":{"@id":"https:\/\/franciscanos.org.br\/noticias\/adesao-atencao-e-persistencia-para-sermos-discipulos.html#primaryimage"},"datePublished":"2017-01-12T12:54:12+00:00","dateModified":"2020-03-05T16:57:02+00:00","author":{"@id":"https:\/\/franciscanos.org.br\/noticias\/#\/schema\/person\/b38fbf43118f02820bd932f2e4b14ad3"},"breadcrumb":{"@id":"https:\/\/franciscanos.org.br\/noticias\/adesao-atencao-e-persistencia-para-sermos-discipulos.html#breadcrumb"},"inLanguage":"pt-BR","potentialAction":[{"@type":"ReadAction","target":["https:\/\/franciscanos.org.br\/noticias\/adesao-atencao-e-persistencia-para-sermos-discipulos.html"]}]},{"@type":"BreadcrumbList","@id":"https:\/\/franciscanos.org.br\/noticias\/adesao-atencao-e-persistencia-para-sermos-discipulos.html#breadcrumb","itemListElement":[{"@type":"ListItem","position":1,"name":"Home","item":"https:\/\/franciscanos.org.br\/noticias"},{"@type":"ListItem","position":2,"name":"Ades\u00e3o, aten\u00e7\u00e3o e persist\u00eancia para sermos disc\u00edpulos"}]},{"@type":"Person","@id":"https:\/\/franciscanos.org.br\/noticias\/#\/schema\/person\/b38fbf43118f02820bd932f2e4b14ad3","name":"admin","image":{"@type":"ImageObject","inLanguage":"pt-BR","@id":"https:\/\/franciscanos.org.br\/noticias\/#\/schema\/person\/image\/","url":"https:\/\/secure.gravatar.com\/avatar\/e8495742d34d0ba6448ea1c628263b3e?s=96&d=mm&r=g","contentUrl":"https:\/\/secure.gravatar.com\/avatar\/e8495742d34d0ba6448ea1c628263b3e?s=96&d=mm&r=g","caption":"admin"},"url":"https:\/\/franciscanos.org.br\/noticias\/author\/admin"}]}},"_links":{"self":[{"href":"https:\/\/franciscanos.org.br\/noticias\/wp-json\/wp\/v2\/posts\/123909"}],"collection":[{"href":"https:\/\/franciscanos.org.br\/noticias\/wp-json\/wp\/v2\/posts"}],"about":[{"href":"https:\/\/franciscanos.org.br\/noticias\/wp-json\/wp\/v2\/types\/post"}],"author":[{"embeddable":true,"href":"https:\/\/franciscanos.org.br\/noticias\/wp-json\/wp\/v2\/users\/1"}],"replies":[{"embeddable":true,"href":"https:\/\/franciscanos.org.br\/noticias\/wp-json\/wp\/v2\/comments?post=123909"}],"version-history":[{"count":0,"href":"https:\/\/franciscanos.org.br\/noticias\/wp-json\/wp\/v2\/posts\/123909\/revisions"}],"wp:featuredmedia":[{"embeddable":true,"href":"https:\/\/franciscanos.org.br\/noticias\/wp-json\/wp\/v2\/media\/213167"}],"wp:attachment":[{"href":"https:\/\/franciscanos.org.br\/noticias\/wp-json\/wp\/v2\/media?parent=123909"}],"wp:term":[{"taxonomy":"category","embeddable":true,"href":"https:\/\/franciscanos.org.br\/noticias\/wp-json\/wp\/v2\/categories?post=123909"},{"taxonomy":"post_tag","embeddable":true,"href":"https:\/\/franciscanos.org.br\/noticias\/wp-json\/wp\/v2\/tags?post=123909"}],"curies":[{"name":"wp","href":"https:\/\/api.w.org\/{rel}","templated":true}]}}