{"id":123897,"date":"2017-01-12T09:40:03","date_gmt":"2017-01-12T11:40:03","guid":{"rendered":"http:\/\/franciscanos.org.br\/?p=123897"},"modified":"2020-06-09T11:28:35","modified_gmt":"2020-06-09T14:28:35","slug":"a-nossa-vida-e-um-hoje-que-nao-se-repetira","status":"publish","type":"post","link":"https:\/\/franciscanos.org.br\/noticias\/a-nossa-vida-e-um-hoje-que-nao-se-repetira.html","title":{"rendered":"Papa: &#8220;A nossa vida \u00e9 um hoje que n\u00e3o se repetir\u00e1&#8221;"},"content":{"rendered":"<p><img loading=\"lazy\" src=\"http:\/\/franciscanos.org.br\/wp-content\/uploads\/2017\/01\/martaG_120117.jpg\" alt=\"martaG_120117\" width=\"830\" height=\"429\" \/><\/p>\n<p><strong>Cidade do Vaticano<\/strong> \u2013 A nossa vida \u00e9 um hoje que n\u00e3o se repetir\u00e1. Na missa matutina desta quinta-feira, 12, na Casa Santa Marta, o Papa exortou a n\u00e3o ter o cora\u00e7\u00e3o endurecido, sem f\u00e9, mas aberto ao Senhor.<\/p>\n<p>\u201cHoje, se ouvirdes a sua voz, n\u00e3o endure\u00e7ais os vossos cora\u00e7\u00f5es\u201d. A homilia de Francisco foi inspirada na primeira leitura, extra\u00edda da Carta aos Hebreus, e se desenvolveu em torno de duas palavras: \u201choje\u201d e \u201ccora\u00e7\u00e3o\u201d.<\/p>\n<p>O hoje do qual fala o Esp\u00edrito Santo \u00e9 \u201ca nossa vida\u201d, um hoje \u201crepleto de dias\u201d, mas \u201cdepois do qual n\u00e3o haver\u00e1 um replay, um amanh\u00e3\u201d, \u201cum hoje no qual recebemos o amor de Deus\u201d, a promessa de Deus de encontr\u00e1-lo\u201d, explicou o Papa, \u201cum hoje\u201d no qual podemos renovar \u201ca nossa alian\u00e7a com a fidelidade de Deus\u201d.<\/p>\n<p>Por\u00e9m, h\u00e1 \u201csomente um s\u00f3 hoje na nossa vida\u201d e a tenta\u00e7\u00e3o \u00e9 de dizer: \u201cSim, farei amanh\u00e3\u201d. A tenta\u00e7\u00e3o do amanh\u00e3 que n\u00e3o haver\u00e1\u201d, como o pr\u00f3prio Jesus explica nas par\u00e1bolas das dez virgens: as cinco tolas n\u00e3o levaram o \u00f3leo e as l\u00e2mpadas, e quando foram comprar, encontraram a porta fechada. Francisco fez refer\u00eancia tamb\u00e9m \u00e0 par\u00e1bola daquele que bate \u00e0 porta pedindo ao Senhor: \u201cComi contigo, estive contigo\u2026\u201d. \u201cN\u00e3o te conhe\u00e7o: chegastes tarde \u2026\u201d:<\/p>\n<p>\u201cEu digo isso n\u00e3o para assustar, mas simplesmente para dizer que a nossa vida \u00e9 um hoje: hoje ou nunca. Eu penso nisto. O amanh\u00e3 ser\u00e1 o amanh\u00e3 eterno, sem anoitecer, com o Senhor, para sempre. Se eu sou fiel a este hoje. E a pergunta que lhes fa\u00e7o \u00e9 esta que faz o Esp\u00edrito Santo: \u2018Como eu vivo este hoje?\u2019\u201d.<\/p>\n<p>A segunda palavra que \u00e9 repetida na Leitura \u00e9 \u201ccora\u00e7\u00e3o\u201d. Com o cora\u00e7\u00e3o, de fato, \u201cencontramos o Senhor\u201d e muitas vezes Jesus repreende, dizendo: \u201ctardos de cora\u00e7\u00e3o\u201d, tardos no compreender. Portanto, o convite \u00e9 para n\u00e3o induzir o cora\u00e7\u00e3o e a questionar-se se n\u00e3o seja \u201csem f\u00e9\u201d ou \u201cseduzido pelo pecado\u201d:<\/p>\n<p>\u201cNo nosso cora\u00e7\u00e3o se joga o hoje. Sempre me impressiona quando encontro uma pessoa idosa \u2013 muitas vezes sacerdotes ou freirinhas \u2013 que me dizem: \u2018Padre, reze pela minha perseveran\u00e7a final\u2019 \u2013 \u2018Mas viveu bem toda a vida, todos os dias do seu hoje foram no servi\u00e7o do Senhor, mas tem medo \u2026?\u2019 \u2013 \u2018N\u00e3o, n\u00e3o: a minha vida ainda n\u00e3o findou: eu gostaria de viv\u00ea-la plenamente, rezar para que o hoje chegue pleno, pleno, com o cora\u00e7\u00e3o firme na f\u00e9, e n\u00e3o destru\u00eddo pelo pecado, pelos v\u00edcios, pela corrup\u00e7\u00e3o\u2026\u201d.<\/p>\n<p>Portanto, o Papa exorta a interrogar-nos sobre o nosso \u201choje\u201d e sobre o nosso cora\u00e7\u00e3o. O \u201choje\u201d \u00e9 repleto de dias, mas n\u00e3o se repetir\u00e1. Os dias se repetem at\u00e9 quando o Senhor dir\u00e1 \u201cchega\u201d.<br \/>\nMas o \u201choje\u201d n\u00e3o se repete: \u00e9 esta a vida. O cora\u00e7\u00e3o \u00e9 aberto ao Senhor, n\u00e3o fechado, n\u00e3o endurecido, n\u00e3o sem f\u00e9, n\u00e3o perverso, n\u00e3o seduzido pelo pecado. O Senhor encontrou tantas pessoas que tinham o cora\u00e7\u00e3o fechado: os doutores da Lei, todos os que o perseguiam, que o colocavam \u00e0 prova para conden\u00e1-lo&#8230; at\u00e9 que conseguiram. Voltemos para as nossas casas somente com estas duas perguntas: como est\u00e1 o meu \u201choje\u201d? O ocaso pode ser hoje mesmo, neste mesmo dia ou em tantos outros. Mas, como est\u00e1 o meu \u201choje\u201d na presen\u00e7a do Senhor? O meu cora\u00e7\u00e3o, como est\u00e1? Est\u00e1 aberto? Est\u00e1 firme na f\u00e9? Ele se deixa conduzir pelo amor do Senhor? Com estas duas perguntas pe\u00e7amos ao Senhor a gra\u00e7a da qual cada um de n\u00f3s necessita.<\/p>\n<p><strong>PAPA VISITAR\u00c1 NESTE DOMINGO UMA PAR\u00d3QUIA EM GUIDONI<\/strong><\/p>\n<p>Cidade do Vaticano &#8211; O Papa Francisco visitar\u00e1 no pr\u00f3ximo domingo, 15, \u00e0s 16h locais, a Par\u00f3quia de Santa Maria em Setteville, em Guidonia, situada na periferia leste de Roma.<\/p>\n<p>Uma visita desejada pelo Santo Padre para levar apoio e conforto ao vice p\u00e1roco Pe. Giuseppe Berardino, 47 anos, que sofre gravemente de Esclerose Lateral Amiotr\u00f3fica h\u00e1 mais de dois anos. O Pont\u00edfice celebrar\u00e1 a missa com a comunidade paroquial.<\/p>\n<p>A not\u00edcia foi acolhida com surpresa e emo\u00e7\u00e3o pela comunidade. \u201cN\u00e3o esper\u00e1vamos a visita do Papa a este pequeno \u00e2ngulo de Roma\u201d, disse o Pe. Luigi Tedoldi, P\u00e1roco de Santa Maria em Setteville h\u00e1 21 anos.<\/p>\n<p><strong>Solidariedade<\/strong><\/p>\n<p>\u201cQuando foi diagnosticada a doen\u00e7a, Pe. Giuseppe quis que eu ficasse em casa com ele. Ele chegou \u00e0 Par\u00f3quia de Setteville 14 anos atr\u00e1s quando era seminarista no Redemptoris Mater. Recebeu a ordena\u00e7\u00e3o diaconal, e depois em 11 de maio de 2003, foi ordenado sacerdote. A doen\u00e7a se manifestou h\u00e1 mais de dois anos\u201d, afirmou Pe. Luigi na entrevista ao jornal online Roma Sette.<\/p>\n<p>\u201cTudo come\u00e7ou com uma queda que teve num acampamento de ver\u00e3o com os jovens\u201d, explicou Pe. Luigi. \u201cEm dois meses ele ficou completamente paralisado e n\u00e3o podia usar nem mesmo o computador para se comunicar atrav\u00e9s do movimento dos olhos. Disseram-me no Policl\u00ednico Gemelli que nunca tinham visto um caso assim t\u00e3o r\u00e1pido e violento\u201d, frisou o p\u00e1roco.<\/p>\n<p>\u201cEle \u00e9 muito amado pela comunidade, de modo particular pelos jovens que acompanhava, e nos fins de semana, quando o enfermeiro est\u00e1 de folga, cerca de vinte casais se alternam para ficar com ele. Eles t\u00eam um grande carinho por Pe. Giuseppe e decidiram ficar ao seu lado at\u00e9 mesmo no fim de semana do Natal\u201d, disse o sacerdote emocionado.<\/p>\n<p><strong>Vida paroquial<\/strong><\/p>\n<p>Santa Maria em Setteville \u00e9 uma par\u00f3quia jovem, criada h\u00e1 40 anos. A igreja foi inaugurada em 15 de janeiro de 2000. Uma comunidade viva que abrange uma popula\u00e7\u00e3o de seis mil habitantes e desse n\u00famero mais de 20% participa ativamente da vida paroquial. S\u00e3o fam\u00edlias jovens e numerosas.<\/p>\n<p>\u201cTemos fam\u00edlias com sete filhos. \u00c9 dif\u00edcil encontrar nesta comunidade o filho \u00fanico e em minhas catequeses digo sempre que as rela\u00e7\u00f5es n\u00e3o nascem dos amigos, uma crian\u00e7a n\u00e3o forma o seu car\u00e1ter com as amizades, mas com um irm\u00e3o\u201d, disse ainda o p\u00e1roco.<\/p>\n<p>\u201cA par\u00f3quia tem um orat\u00f3rio onde se realizam atividades de forma\u00e7\u00e3o e recreativas, frequentado assiduamente por 130 adolescentes de 13 a 18 anos e animado por cerca de 20 casais de jovens. Est\u00e1 presente tamb\u00e9m um grupo de escoteiros formado por centenas de garotos. Temos ainda oito comunidades neocatecumenais, a Ordem da Sant\u00edssima Trindade, e um grupo de ora\u00e7\u00e3o de Pe. Pio. Onze casais preparam as fam\u00edlias para o Batismo dos filhos. A Caritas tamb\u00e9m \u00e9 muito ativa\u201d, frisou Pe. Luigi.<\/p>\n<p>\u201cGeralmente gastamos mil euros por m\u00eas com a Caritas\u201d, explicou o sacerdote. \u201cEste ano, foram gastos 37 mil euros extras porque temos casos graves de indig\u00eancia. Portanto, a gente ajuda se \u00e9 preciso pagar uma conta ou se uma fam\u00edlia n\u00e3o consegue pagar a presta\u00e7\u00e3o da casa. Quando n\u00e3o consigo resolver sozinho, pois n\u00e3o fa\u00e7o coletas, tem sempre algu\u00e9m pronto para oferecer sua ajuda a quem se encontra em dificuldade\u201d, concluiu Pe. Luigi.<\/p>\n<hr \/>\n<p><em>Fonte: R\u00e1dio Vaticano<\/em><\/p>\n","protected":false},"excerpt":{"rendered":"<p>Missa em Santa Marta<\/p>\n","protected":false},"author":1,"featured_media":219849,"comment_status":"open","ping_status":"open","sticky":false,"template":"","format":"standard","meta":[],"categories":[1428],"tags":[1586],"acf":[],"yoast_head":"<!-- This site is optimized with the Yoast SEO plugin v19.2 - https:\/\/yoast.com\/wordpress\/plugins\/seo\/ -->\n<title>Papa: &quot;A nossa vida \u00e9 um hoje que n\u00e3o se repetir\u00e1&quot; - Not\u00edcias - Franciscanos<\/title>\n<meta name=\"robots\" content=\"index, follow, max-snippet:-1, max-image-preview:large, max-video-preview:-1\" \/>\n<link rel=\"canonical\" href=\"https:\/\/franciscanos.org.br\/noticias\/a-nossa-vida-e-um-hoje-que-nao-se-repetira.html\" \/>\n<meta property=\"og:locale\" content=\"pt_BR\" \/>\n<meta property=\"og:type\" content=\"article\" \/>\n<meta property=\"og:title\" content=\"Papa: &quot;A nossa vida \u00e9 um hoje que n\u00e3o se repetir\u00e1&quot; - Not\u00edcias - Franciscanos\" \/>\n<meta property=\"og:description\" content=\"Missa em Santa Marta\" \/>\n<meta property=\"og:url\" content=\"https:\/\/franciscanos.org.br\/noticias\/a-nossa-vida-e-um-hoje-que-nao-se-repetira.html\" \/>\n<meta property=\"og:site_name\" content=\"Not\u00edcias - Franciscanos\" \/>\n<meta property=\"article:published_time\" content=\"2017-01-12T11:40:03+00:00\" \/>\n<meta property=\"article:modified_time\" content=\"2020-06-09T14:28:35+00:00\" \/>\n<meta property=\"og:image\" content=\"https:\/\/franciscanos.org.br\/noticias\/wp-content\/uploads\/2017\/01\/martaG_120117.jpg\" \/>\n\t<meta property=\"og:image:width\" content=\"273\" \/>\n\t<meta property=\"og:image:height\" content=\"181\" \/>\n\t<meta property=\"og:image:type\" content=\"image\/jpeg\" \/>\n<meta name=\"author\" content=\"admin\" \/>\n<meta name=\"twitter:card\" content=\"summary_large_image\" \/>\n<meta name=\"twitter:label1\" content=\"Escrito por\" \/>\n\t<meta name=\"twitter:data1\" content=\"admin\" \/>\n\t<meta name=\"twitter:label2\" content=\"Est. tempo de leitura\" \/>\n\t<meta name=\"twitter:data2\" content=\"6 minutos\" \/>\n<script type=\"application\/ld+json\" class=\"yoast-schema-graph\">{\"@context\":\"https:\/\/schema.org\",\"@graph\":[{\"@type\":\"WebSite\",\"@id\":\"https:\/\/franciscanos.org.br\/noticias\/#website\",\"url\":\"https:\/\/franciscanos.org.br\/noticias\/\",\"name\":\"Not\u00edcias - Franciscanos\",\"description\":\"Prov\u00edncia Franciscana da Imaculada Concei\u00e7\u00e3o do Brasil - Ordem dos Frades Menores - OFM\",\"potentialAction\":[{\"@type\":\"SearchAction\",\"target\":{\"@type\":\"EntryPoint\",\"urlTemplate\":\"https:\/\/franciscanos.org.br\/noticias\/?s={search_term_string}\"},\"query-input\":\"required name=search_term_string\"}],\"inLanguage\":\"pt-BR\"},{\"@type\":\"ImageObject\",\"inLanguage\":\"pt-BR\",\"@id\":\"https:\/\/franciscanos.org.br\/noticias\/a-nossa-vida-e-um-hoje-que-nao-se-repetira.html#primaryimage\",\"url\":\"https:\/\/franciscanos.org.br\/noticias\/wp-content\/uploads\/2017\/01\/martaG_120117.jpg\",\"contentUrl\":\"https:\/\/franciscanos.org.br\/noticias\/wp-content\/uploads\/2017\/01\/martaG_120117.jpg\",\"width\":273,\"height\":181},{\"@type\":\"WebPage\",\"@id\":\"https:\/\/franciscanos.org.br\/noticias\/a-nossa-vida-e-um-hoje-que-nao-se-repetira.html#webpage\",\"url\":\"https:\/\/franciscanos.org.br\/noticias\/a-nossa-vida-e-um-hoje-que-nao-se-repetira.html\",\"name\":\"Papa: \\\"A nossa vida \u00e9 um hoje que n\u00e3o se repetir\u00e1\\\" - Not\u00edcias - Franciscanos\",\"isPartOf\":{\"@id\":\"https:\/\/franciscanos.org.br\/noticias\/#website\"},\"primaryImageOfPage\":{\"@id\":\"https:\/\/franciscanos.org.br\/noticias\/a-nossa-vida-e-um-hoje-que-nao-se-repetira.html#primaryimage\"},\"datePublished\":\"2017-01-12T11:40:03+00:00\",\"dateModified\":\"2020-06-09T14:28:35+00:00\",\"author\":{\"@id\":\"https:\/\/franciscanos.org.br\/noticias\/#\/schema\/person\/b38fbf43118f02820bd932f2e4b14ad3\"},\"breadcrumb\":{\"@id\":\"https:\/\/franciscanos.org.br\/noticias\/a-nossa-vida-e-um-hoje-que-nao-se-repetira.html#breadcrumb\"},\"inLanguage\":\"pt-BR\",\"potentialAction\":[{\"@type\":\"ReadAction\",\"target\":[\"https:\/\/franciscanos.org.br\/noticias\/a-nossa-vida-e-um-hoje-que-nao-se-repetira.html\"]}]},{\"@type\":\"BreadcrumbList\",\"@id\":\"https:\/\/franciscanos.org.br\/noticias\/a-nossa-vida-e-um-hoje-que-nao-se-repetira.html#breadcrumb\",\"itemListElement\":[{\"@type\":\"ListItem\",\"position\":1,\"name\":\"Home\",\"item\":\"https:\/\/franciscanos.org.br\/noticias\"},{\"@type\":\"ListItem\",\"position\":2,\"name\":\"Papa: &#8220;A nossa vida \u00e9 um hoje que n\u00e3o se repetir\u00e1&#8221;\"}]},{\"@type\":\"Person\",\"@id\":\"https:\/\/franciscanos.org.br\/noticias\/#\/schema\/person\/b38fbf43118f02820bd932f2e4b14ad3\",\"name\":\"admin\",\"image\":{\"@type\":\"ImageObject\",\"inLanguage\":\"pt-BR\",\"@id\":\"https:\/\/franciscanos.org.br\/noticias\/#\/schema\/person\/image\/\",\"url\":\"https:\/\/secure.gravatar.com\/avatar\/e8495742d34d0ba6448ea1c628263b3e?s=96&d=mm&r=g\",\"contentUrl\":\"https:\/\/secure.gravatar.com\/avatar\/e8495742d34d0ba6448ea1c628263b3e?s=96&d=mm&r=g\",\"caption\":\"admin\"},\"url\":\"https:\/\/franciscanos.org.br\/noticias\/author\/admin\"}]}<\/script>\n<!-- \/ Yoast SEO plugin. -->","yoast_head_json":{"title":"Papa: \"A nossa vida \u00e9 um hoje que n\u00e3o se repetir\u00e1\" - Not\u00edcias - Franciscanos","robots":{"index":"index","follow":"follow","max-snippet":"max-snippet:-1","max-image-preview":"max-image-preview:large","max-video-preview":"max-video-preview:-1"},"canonical":"https:\/\/franciscanos.org.br\/noticias\/a-nossa-vida-e-um-hoje-que-nao-se-repetira.html","og_locale":"pt_BR","og_type":"article","og_title":"Papa: \"A nossa vida \u00e9 um hoje que n\u00e3o se repetir\u00e1\" - Not\u00edcias - Franciscanos","og_description":"Missa em Santa Marta","og_url":"https:\/\/franciscanos.org.br\/noticias\/a-nossa-vida-e-um-hoje-que-nao-se-repetira.html","og_site_name":"Not\u00edcias - Franciscanos","article_published_time":"2017-01-12T11:40:03+00:00","article_modified_time":"2020-06-09T14:28:35+00:00","og_image":[{"width":273,"height":181,"url":"https:\/\/franciscanos.org.br\/noticias\/wp-content\/uploads\/2017\/01\/martaG_120117.jpg","type":"image\/jpeg"}],"author":"admin","twitter_card":"summary_large_image","twitter_misc":{"Escrito por":"admin","Est. tempo de leitura":"6 minutos"},"schema":{"@context":"https:\/\/schema.org","@graph":[{"@type":"WebSite","@id":"https:\/\/franciscanos.org.br\/noticias\/#website","url":"https:\/\/franciscanos.org.br\/noticias\/","name":"Not\u00edcias - Franciscanos","description":"Prov\u00edncia Franciscana da Imaculada Concei\u00e7\u00e3o do Brasil - Ordem dos Frades Menores - OFM","potentialAction":[{"@type":"SearchAction","target":{"@type":"EntryPoint","urlTemplate":"https:\/\/franciscanos.org.br\/noticias\/?s={search_term_string}"},"query-input":"required name=search_term_string"}],"inLanguage":"pt-BR"},{"@type":"ImageObject","inLanguage":"pt-BR","@id":"https:\/\/franciscanos.org.br\/noticias\/a-nossa-vida-e-um-hoje-que-nao-se-repetira.html#primaryimage","url":"https:\/\/franciscanos.org.br\/noticias\/wp-content\/uploads\/2017\/01\/martaG_120117.jpg","contentUrl":"https:\/\/franciscanos.org.br\/noticias\/wp-content\/uploads\/2017\/01\/martaG_120117.jpg","width":273,"height":181},{"@type":"WebPage","@id":"https:\/\/franciscanos.org.br\/noticias\/a-nossa-vida-e-um-hoje-que-nao-se-repetira.html#webpage","url":"https:\/\/franciscanos.org.br\/noticias\/a-nossa-vida-e-um-hoje-que-nao-se-repetira.html","name":"Papa: \"A nossa vida \u00e9 um hoje que n\u00e3o se repetir\u00e1\" - Not\u00edcias - Franciscanos","isPartOf":{"@id":"https:\/\/franciscanos.org.br\/noticias\/#website"},"primaryImageOfPage":{"@id":"https:\/\/franciscanos.org.br\/noticias\/a-nossa-vida-e-um-hoje-que-nao-se-repetira.html#primaryimage"},"datePublished":"2017-01-12T11:40:03+00:00","dateModified":"2020-06-09T14:28:35+00:00","author":{"@id":"https:\/\/franciscanos.org.br\/noticias\/#\/schema\/person\/b38fbf43118f02820bd932f2e4b14ad3"},"breadcrumb":{"@id":"https:\/\/franciscanos.org.br\/noticias\/a-nossa-vida-e-um-hoje-que-nao-se-repetira.html#breadcrumb"},"inLanguage":"pt-BR","potentialAction":[{"@type":"ReadAction","target":["https:\/\/franciscanos.org.br\/noticias\/a-nossa-vida-e-um-hoje-que-nao-se-repetira.html"]}]},{"@type":"BreadcrumbList","@id":"https:\/\/franciscanos.org.br\/noticias\/a-nossa-vida-e-um-hoje-que-nao-se-repetira.html#breadcrumb","itemListElement":[{"@type":"ListItem","position":1,"name":"Home","item":"https:\/\/franciscanos.org.br\/noticias"},{"@type":"ListItem","position":2,"name":"Papa: &#8220;A nossa vida \u00e9 um hoje que n\u00e3o se repetir\u00e1&#8221;"}]},{"@type":"Person","@id":"https:\/\/franciscanos.org.br\/noticias\/#\/schema\/person\/b38fbf43118f02820bd932f2e4b14ad3","name":"admin","image":{"@type":"ImageObject","inLanguage":"pt-BR","@id":"https:\/\/franciscanos.org.br\/noticias\/#\/schema\/person\/image\/","url":"https:\/\/secure.gravatar.com\/avatar\/e8495742d34d0ba6448ea1c628263b3e?s=96&d=mm&r=g","contentUrl":"https:\/\/secure.gravatar.com\/avatar\/e8495742d34d0ba6448ea1c628263b3e?s=96&d=mm&r=g","caption":"admin"},"url":"https:\/\/franciscanos.org.br\/noticias\/author\/admin"}]}},"_links":{"self":[{"href":"https:\/\/franciscanos.org.br\/noticias\/wp-json\/wp\/v2\/posts\/123897"}],"collection":[{"href":"https:\/\/franciscanos.org.br\/noticias\/wp-json\/wp\/v2\/posts"}],"about":[{"href":"https:\/\/franciscanos.org.br\/noticias\/wp-json\/wp\/v2\/types\/post"}],"author":[{"embeddable":true,"href":"https:\/\/franciscanos.org.br\/noticias\/wp-json\/wp\/v2\/users\/1"}],"replies":[{"embeddable":true,"href":"https:\/\/franciscanos.org.br\/noticias\/wp-json\/wp\/v2\/comments?post=123897"}],"version-history":[{"count":1,"href":"https:\/\/franciscanos.org.br\/noticias\/wp-json\/wp\/v2\/posts\/123897\/revisions"}],"predecessor-version":[{"id":225490,"href":"https:\/\/franciscanos.org.br\/noticias\/wp-json\/wp\/v2\/posts\/123897\/revisions\/225490"}],"wp:featuredmedia":[{"embeddable":true,"href":"https:\/\/franciscanos.org.br\/noticias\/wp-json\/wp\/v2\/media\/219849"}],"wp:attachment":[{"href":"https:\/\/franciscanos.org.br\/noticias\/wp-json\/wp\/v2\/media?parent=123897"}],"wp:term":[{"taxonomy":"category","embeddable":true,"href":"https:\/\/franciscanos.org.br\/noticias\/wp-json\/wp\/v2\/categories?post=123897"},{"taxonomy":"post_tag","embeddable":true,"href":"https:\/\/franciscanos.org.br\/noticias\/wp-json\/wp\/v2\/tags?post=123897"}],"curies":[{"name":"wp","href":"https:\/\/api.w.org\/{rel}","templated":true}]}}