{"id":123521,"date":"2017-01-10T08:38:10","date_gmt":"2017-01-10T10:38:10","guid":{"rendered":"http:\/\/franciscanos.org.br\/?p=123521"},"modified":"2020-06-09T12:13:58","modified_gmt":"2020-06-09T15:13:58","slug":"papa-francisco-proximidade-ao-povo-dava-autoridade-a-jesus","status":"publish","type":"post","link":"https:\/\/franciscanos.org.br\/noticias\/papa-francisco-proximidade-ao-povo-dava-autoridade-a-jesus.html","title":{"rendered":"Papa: proximidade ao povo dava autoridade a Jesus"},"content":{"rendered":"<p><img loading=\"lazy\" class=\"alignleft\" src=\"http:\/\/franciscanos.org.br\/wp-content\/uploads\/2017\/01\/MartaG_100117.jpg\" alt=\"MartaG_100117\" width=\"830\" height=\"370\" \/><strong>Cidade do Vaticano<\/strong> &#8211; Jesus tinha autoridade porque servia as pessoas, estava pr\u00f3ximo das pessoas e era coerente, ao contr\u00e1rio dos doutores da lei que se sentiam pr\u00edncipes. Estas tr\u00eas caracter\u00edsticas da autoridade de Jesus foram destacadas pelo Papa na reflex\u00e3o matutina da ter\u00e7a-feira (10\/01), na Casa Santa Marta. O Pont\u00edfice sublinhou que os doutores da lei ensinavam com autoridade \u201cclericar\u00edstica\u201d, afastados das pessoas, n\u00e3o viviam aquilo que pregavam.<\/p>\n<p>A autoridade de Jesus e aquela dos fariseus s\u00e3o os dois eixos em torno dos quais orbita a homilia do Papa. Um \u00e9 uma autoridade real, o outro formal. No Evangelho do dia se fala do estupor das pessoas porque Jesus ensinava \u201ccomo algu\u00e9m que tem autoridade\u201d e n\u00e3o como os escribas: eram as autoridades do povo, destaca Francisco, mas aquilo que ensinavam n\u00e3o entrava no cora\u00e7\u00e3o, enquanto Jesus havia uma autoridade real: n\u00e3o era \u201cum sedutor\u201d, ensinava a Lei \u201cat\u00e9 o \u00faltimo detalhe\u201d, ensinava a Verdade com a autoridade.<\/p>\n<p>O Papa desce aos pormenores e reflete sobre as tr\u00eas caracter\u00edsticas que diferenciam a autoridade de Jesus daquela dos doutores da Lei. Enquanto Jesus \u201censinava com humildade\u201d, e diz aos seus disc\u00edpulos que \u201co maior seja como aquele que serve: fa\u00e7a-se menor\u201d, os fariseus se sentiam pr\u00edncipes:<\/p>\n<p>\u201cJesus servia as pessoas, explicava as coisas para que as pessoas entendessem bem: estava ao servi\u00e7o das pessoas. Havia um comportamento de servidor, e isto Lhe dava autoridade. Ao inv\u00e9s, os doutores da lei que as pessoas&#8230; sim, escutavam, respeitavam mas n\u00e3o reconhecia que tivessem autoridade sobre eles, estes tinham uma psicologia de pr\u00edncipes: \u2018Somos os mestres, os pr\u00edncipes, e n\u00f3s ensinamos voc\u00eas. N\u00e3o servi\u00e7o: n\u00f3s mandamos, voc\u00eas obedecem\u201d. E Jesus nunca se fez passar por um pr\u00edncipe: era sempre servidor de todos e isto \u00e9 o que Lhe dava autoridade\u201d.<\/p>\n<p>\u00c9 o estar pr\u00f3ximo das pessoas, na verdade, que confere autoridade. A proximidade \u00e9 a segunda caracter\u00edstica que diferencia a autoridade de Jesus daquela dos fariseus. \u201cJesus n\u00e3o era al\u00e9rgico \u00e0s pessoas: tocava os leprosos, os doentes, n\u00e3o lhe dava repugn\u00e2ncia\u201d, explica Francisco, enquanto os fariseus desprezavam \u201cas pobres pessoas, ignorantes\u201d, eles gostavam de passear pelas pra\u00e7as, bem vestidos:<\/p>\n<p>\u201cEram distantes das pessoas, n\u00e3o eram pr\u00f3ximos; Jesus era muito pr\u00f3ximo das pessoas, e isso dava autoridade. Os distantes, aqueles doutores, tinham uma psicologia clerical\u00edstica: ensinavam com uma autoridade clerical\u00edstica, isto \u00e9, o clericalismo. Eu gosto tanto quando leio a proximidade \u00e0s pessoas que tinha o Beato Paulo VI; no n\u00famero 48 da \u201cEvangelii Nuntiandi\u201d se v\u00ea o cora\u00e7\u00e3o do pastor pr\u00f3ximo: ali est\u00e1 a autoridade daquele Papa, a proximidade\u201d.<\/p>\n<p>Mas h\u00e1 um terceiro ponto que diferencia a autoridade dos escrivas daquela de Jesus, e \u00e9 a coer\u00eancia, Jesus \u201cvivia o que pregava\u201d: \u201chavia como uma unidade, uma harmonia entre aquilo que pensava, sentia e fazia\u201d.\u201d Enquanto quem se sente pr\u00edncipe tem \u201cuma atitude clerical\u00edstica\u201d, isto \u00e9 hip\u00f3crita, diz uma coisa e faz outra:<\/p>\n<p>\u201cAo inv\u00e9s, essas pessoas n\u00e3o eram coerente e sua personalidade era dividida a ponto que Jesus aconselhava seus disc\u00edpulos: \u201cFa\u00e7am o que dizem, mas n\u00e3o o que fazem\u201d: diziam uma coisa e faziam outra. Incoer\u00eancia. Eram incoerentes. E o adjetivo que Jesus usa muitas vezes \u00e9 hip\u00f3crita. E d\u00e1 para entender que quem se sente pr\u00edncipe, que tem uma atitude clerical\u00edstica, que \u00e9 uma hip\u00f3crita, n\u00e3o tem autoridade! Dir\u00e1 verdades, mas sem autoridade. Jesus, ao inv\u00e9s, que \u00e9 humilde, que est\u00e1 a servi\u00e7o, que est\u00e1 pr\u00f3ximo, que n\u00e3o despreza as pessoas e que \u00e9 coerente, tem autoridade. E esta \u00e9 a autoridade que o povo de Deus sente\u201d.<\/p>\n<p>Concluindo, para explicar plenamente isto, o Papa recorda a par\u00e1bola do Bom Samaritano. Diante do homem abandonado meio morto na estrada pelos brigantes, passa o sacerdote e vai embora porque tem sangue e pensa que se o tivesse tocado se tornaria impuro; passa o levita, diz o Papa, e \u201ccreio pensasse\u201d que se tivesse se envolvido, depois deveria testemunhar no tribunal\u201d e tinha tantas coisas para fazer. E tamb\u00e9m ele vai embora. No final, vem o samaritano, um pecador que, ao inv\u00e9s, sente piedade.<\/p>\n<p>Mas tem outro personagem, o hospedeiro, nota o Papa, que fica impressionado n\u00e3o com o ataque dos brigantes, porque era uma coisa que acontecia naquela estrada, n\u00e3o pelo comportamento do sacerdote e do levita, porque os conhecia, mas pelo comportamento do samaritano. O estupor do hospedeiro diante do samaritano: \u201cMas ele \u00e9 louco\u201d, \u201cn\u00e3o \u00e9 hebreu, \u00e9 um pecador\u201d, podia pensar. Francisco ent\u00e3o liga este epis\u00f3dio com o estupor das pessoas do Evangelho de hoje diante da autoridade de Jesus: \u201cuma autoridade humilde, de servi\u00e7o\u201d, \u201cuma autoridade pr\u00f3xima das pessoas\u201d e \u201ccoerente\u201d.<\/p>\n<hr \/>\n<p><em>Fonte: R\u00e1dio Vaticano<\/em><\/p>\n","protected":false},"excerpt":{"rendered":"<p>Missa em Santa Marta<\/p>\n","protected":false},"author":1,"featured_media":195739,"comment_status":"open","ping_status":"open","sticky":false,"template":"","format":"standard","meta":[],"categories":[1428],"tags":[1586],"acf":[],"yoast_head":"<!-- This site is optimized with the Yoast SEO plugin v19.2 - https:\/\/yoast.com\/wordpress\/plugins\/seo\/ -->\n<title>Papa: proximidade ao povo dava autoridade a Jesus - Not\u00edcias - Franciscanos<\/title>\n<meta name=\"robots\" content=\"index, follow, max-snippet:-1, max-image-preview:large, max-video-preview:-1\" \/>\n<link rel=\"canonical\" href=\"https:\/\/franciscanos.org.br\/noticias\/papa-francisco-proximidade-ao-povo-dava-autoridade-a-jesus.html\" \/>\n<meta property=\"og:locale\" content=\"pt_BR\" \/>\n<meta property=\"og:type\" content=\"article\" \/>\n<meta property=\"og:title\" content=\"Papa: proximidade ao povo dava autoridade a Jesus - Not\u00edcias - Franciscanos\" \/>\n<meta property=\"og:description\" content=\"Missa em Santa Marta\" \/>\n<meta property=\"og:url\" content=\"https:\/\/franciscanos.org.br\/noticias\/papa-francisco-proximidade-ao-povo-dava-autoridade-a-jesus.html\" \/>\n<meta property=\"og:site_name\" content=\"Not\u00edcias - Franciscanos\" \/>\n<meta property=\"article:published_time\" content=\"2017-01-10T10:38:10+00:00\" \/>\n<meta property=\"article:modified_time\" content=\"2020-06-09T15:13:58+00:00\" \/>\n<meta property=\"og:image\" content=\"https:\/\/franciscanos.org.br\/noticias\/wp-content\/uploads\/2017\/01\/MartaG_100117.jpg\" \/>\n\t<meta property=\"og:image:width\" content=\"273\" \/>\n\t<meta property=\"og:image:height\" content=\"181\" \/>\n\t<meta property=\"og:image:type\" content=\"image\/jpeg\" \/>\n<meta name=\"author\" content=\"admin\" \/>\n<meta name=\"twitter:card\" content=\"summary_large_image\" \/>\n<meta name=\"twitter:label1\" content=\"Escrito por\" \/>\n\t<meta name=\"twitter:data1\" content=\"admin\" \/>\n\t<meta name=\"twitter:label2\" content=\"Est. tempo de leitura\" \/>\n\t<meta name=\"twitter:data2\" content=\"4 minutos\" \/>\n<script type=\"application\/ld+json\" class=\"yoast-schema-graph\">{\"@context\":\"https:\/\/schema.org\",\"@graph\":[{\"@type\":\"WebSite\",\"@id\":\"https:\/\/franciscanos.org.br\/noticias\/#website\",\"url\":\"https:\/\/franciscanos.org.br\/noticias\/\",\"name\":\"Not\u00edcias - Franciscanos\",\"description\":\"Prov\u00edncia Franciscana da Imaculada Concei\u00e7\u00e3o do Brasil - Ordem dos Frades Menores - OFM\",\"potentialAction\":[{\"@type\":\"SearchAction\",\"target\":{\"@type\":\"EntryPoint\",\"urlTemplate\":\"https:\/\/franciscanos.org.br\/noticias\/?s={search_term_string}\"},\"query-input\":\"required name=search_term_string\"}],\"inLanguage\":\"pt-BR\"},{\"@type\":\"ImageObject\",\"inLanguage\":\"pt-BR\",\"@id\":\"https:\/\/franciscanos.org.br\/noticias\/papa-francisco-proximidade-ao-povo-dava-autoridade-a-jesus.html#primaryimage\",\"url\":\"https:\/\/franciscanos.org.br\/noticias\/wp-content\/uploads\/2017\/01\/MartaG_100117.jpg\",\"contentUrl\":\"https:\/\/franciscanos.org.br\/noticias\/wp-content\/uploads\/2017\/01\/MartaG_100117.jpg\",\"width\":273,\"height\":181},{\"@type\":\"WebPage\",\"@id\":\"https:\/\/franciscanos.org.br\/noticias\/papa-francisco-proximidade-ao-povo-dava-autoridade-a-jesus.html#webpage\",\"url\":\"https:\/\/franciscanos.org.br\/noticias\/papa-francisco-proximidade-ao-povo-dava-autoridade-a-jesus.html\",\"name\":\"Papa: proximidade ao povo dava autoridade a Jesus - Not\u00edcias - Franciscanos\",\"isPartOf\":{\"@id\":\"https:\/\/franciscanos.org.br\/noticias\/#website\"},\"primaryImageOfPage\":{\"@id\":\"https:\/\/franciscanos.org.br\/noticias\/papa-francisco-proximidade-ao-povo-dava-autoridade-a-jesus.html#primaryimage\"},\"datePublished\":\"2017-01-10T10:38:10+00:00\",\"dateModified\":\"2020-06-09T15:13:58+00:00\",\"author\":{\"@id\":\"https:\/\/franciscanos.org.br\/noticias\/#\/schema\/person\/b38fbf43118f02820bd932f2e4b14ad3\"},\"breadcrumb\":{\"@id\":\"https:\/\/franciscanos.org.br\/noticias\/papa-francisco-proximidade-ao-povo-dava-autoridade-a-jesus.html#breadcrumb\"},\"inLanguage\":\"pt-BR\",\"potentialAction\":[{\"@type\":\"ReadAction\",\"target\":[\"https:\/\/franciscanos.org.br\/noticias\/papa-francisco-proximidade-ao-povo-dava-autoridade-a-jesus.html\"]}]},{\"@type\":\"BreadcrumbList\",\"@id\":\"https:\/\/franciscanos.org.br\/noticias\/papa-francisco-proximidade-ao-povo-dava-autoridade-a-jesus.html#breadcrumb\",\"itemListElement\":[{\"@type\":\"ListItem\",\"position\":1,\"name\":\"Home\",\"item\":\"https:\/\/franciscanos.org.br\/noticias\"},{\"@type\":\"ListItem\",\"position\":2,\"name\":\"Papa: proximidade ao povo dava autoridade a Jesus\"}]},{\"@type\":\"Person\",\"@id\":\"https:\/\/franciscanos.org.br\/noticias\/#\/schema\/person\/b38fbf43118f02820bd932f2e4b14ad3\",\"name\":\"admin\",\"image\":{\"@type\":\"ImageObject\",\"inLanguage\":\"pt-BR\",\"@id\":\"https:\/\/franciscanos.org.br\/noticias\/#\/schema\/person\/image\/\",\"url\":\"https:\/\/secure.gravatar.com\/avatar\/e8495742d34d0ba6448ea1c628263b3e?s=96&d=mm&r=g\",\"contentUrl\":\"https:\/\/secure.gravatar.com\/avatar\/e8495742d34d0ba6448ea1c628263b3e?s=96&d=mm&r=g\",\"caption\":\"admin\"},\"url\":\"https:\/\/franciscanos.org.br\/noticias\/author\/admin\"}]}<\/script>\n<!-- \/ Yoast SEO plugin. -->","yoast_head_json":{"title":"Papa: proximidade ao povo dava autoridade a Jesus - Not\u00edcias - Franciscanos","robots":{"index":"index","follow":"follow","max-snippet":"max-snippet:-1","max-image-preview":"max-image-preview:large","max-video-preview":"max-video-preview:-1"},"canonical":"https:\/\/franciscanos.org.br\/noticias\/papa-francisco-proximidade-ao-povo-dava-autoridade-a-jesus.html","og_locale":"pt_BR","og_type":"article","og_title":"Papa: proximidade ao povo dava autoridade a Jesus - Not\u00edcias - Franciscanos","og_description":"Missa em Santa Marta","og_url":"https:\/\/franciscanos.org.br\/noticias\/papa-francisco-proximidade-ao-povo-dava-autoridade-a-jesus.html","og_site_name":"Not\u00edcias - Franciscanos","article_published_time":"2017-01-10T10:38:10+00:00","article_modified_time":"2020-06-09T15:13:58+00:00","og_image":[{"width":273,"height":181,"url":"https:\/\/franciscanos.org.br\/noticias\/wp-content\/uploads\/2017\/01\/MartaG_100117.jpg","type":"image\/jpeg"}],"author":"admin","twitter_card":"summary_large_image","twitter_misc":{"Escrito por":"admin","Est. tempo de leitura":"4 minutos"},"schema":{"@context":"https:\/\/schema.org","@graph":[{"@type":"WebSite","@id":"https:\/\/franciscanos.org.br\/noticias\/#website","url":"https:\/\/franciscanos.org.br\/noticias\/","name":"Not\u00edcias - Franciscanos","description":"Prov\u00edncia Franciscana da Imaculada Concei\u00e7\u00e3o do Brasil - Ordem dos Frades Menores - OFM","potentialAction":[{"@type":"SearchAction","target":{"@type":"EntryPoint","urlTemplate":"https:\/\/franciscanos.org.br\/noticias\/?s={search_term_string}"},"query-input":"required name=search_term_string"}],"inLanguage":"pt-BR"},{"@type":"ImageObject","inLanguage":"pt-BR","@id":"https:\/\/franciscanos.org.br\/noticias\/papa-francisco-proximidade-ao-povo-dava-autoridade-a-jesus.html#primaryimage","url":"https:\/\/franciscanos.org.br\/noticias\/wp-content\/uploads\/2017\/01\/MartaG_100117.jpg","contentUrl":"https:\/\/franciscanos.org.br\/noticias\/wp-content\/uploads\/2017\/01\/MartaG_100117.jpg","width":273,"height":181},{"@type":"WebPage","@id":"https:\/\/franciscanos.org.br\/noticias\/papa-francisco-proximidade-ao-povo-dava-autoridade-a-jesus.html#webpage","url":"https:\/\/franciscanos.org.br\/noticias\/papa-francisco-proximidade-ao-povo-dava-autoridade-a-jesus.html","name":"Papa: proximidade ao povo dava autoridade a Jesus - Not\u00edcias - Franciscanos","isPartOf":{"@id":"https:\/\/franciscanos.org.br\/noticias\/#website"},"primaryImageOfPage":{"@id":"https:\/\/franciscanos.org.br\/noticias\/papa-francisco-proximidade-ao-povo-dava-autoridade-a-jesus.html#primaryimage"},"datePublished":"2017-01-10T10:38:10+00:00","dateModified":"2020-06-09T15:13:58+00:00","author":{"@id":"https:\/\/franciscanos.org.br\/noticias\/#\/schema\/person\/b38fbf43118f02820bd932f2e4b14ad3"},"breadcrumb":{"@id":"https:\/\/franciscanos.org.br\/noticias\/papa-francisco-proximidade-ao-povo-dava-autoridade-a-jesus.html#breadcrumb"},"inLanguage":"pt-BR","potentialAction":[{"@type":"ReadAction","target":["https:\/\/franciscanos.org.br\/noticias\/papa-francisco-proximidade-ao-povo-dava-autoridade-a-jesus.html"]}]},{"@type":"BreadcrumbList","@id":"https:\/\/franciscanos.org.br\/noticias\/papa-francisco-proximidade-ao-povo-dava-autoridade-a-jesus.html#breadcrumb","itemListElement":[{"@type":"ListItem","position":1,"name":"Home","item":"https:\/\/franciscanos.org.br\/noticias"},{"@type":"ListItem","position":2,"name":"Papa: proximidade ao povo dava autoridade a Jesus"}]},{"@type":"Person","@id":"https:\/\/franciscanos.org.br\/noticias\/#\/schema\/person\/b38fbf43118f02820bd932f2e4b14ad3","name":"admin","image":{"@type":"ImageObject","inLanguage":"pt-BR","@id":"https:\/\/franciscanos.org.br\/noticias\/#\/schema\/person\/image\/","url":"https:\/\/secure.gravatar.com\/avatar\/e8495742d34d0ba6448ea1c628263b3e?s=96&d=mm&r=g","contentUrl":"https:\/\/secure.gravatar.com\/avatar\/e8495742d34d0ba6448ea1c628263b3e?s=96&d=mm&r=g","caption":"admin"},"url":"https:\/\/franciscanos.org.br\/noticias\/author\/admin"}]}},"_links":{"self":[{"href":"https:\/\/franciscanos.org.br\/noticias\/wp-json\/wp\/v2\/posts\/123521"}],"collection":[{"href":"https:\/\/franciscanos.org.br\/noticias\/wp-json\/wp\/v2\/posts"}],"about":[{"href":"https:\/\/franciscanos.org.br\/noticias\/wp-json\/wp\/v2\/types\/post"}],"author":[{"embeddable":true,"href":"https:\/\/franciscanos.org.br\/noticias\/wp-json\/wp\/v2\/users\/1"}],"replies":[{"embeddable":true,"href":"https:\/\/franciscanos.org.br\/noticias\/wp-json\/wp\/v2\/comments?post=123521"}],"version-history":[{"count":1,"href":"https:\/\/franciscanos.org.br\/noticias\/wp-json\/wp\/v2\/posts\/123521\/revisions"}],"predecessor-version":[{"id":225494,"href":"https:\/\/franciscanos.org.br\/noticias\/wp-json\/wp\/v2\/posts\/123521\/revisions\/225494"}],"wp:featuredmedia":[{"embeddable":true,"href":"https:\/\/franciscanos.org.br\/noticias\/wp-json\/wp\/v2\/media\/195739"}],"wp:attachment":[{"href":"https:\/\/franciscanos.org.br\/noticias\/wp-json\/wp\/v2\/media?parent=123521"}],"wp:term":[{"taxonomy":"category","embeddable":true,"href":"https:\/\/franciscanos.org.br\/noticias\/wp-json\/wp\/v2\/categories?post=123521"},{"taxonomy":"post_tag","embeddable":true,"href":"https:\/\/franciscanos.org.br\/noticias\/wp-json\/wp\/v2\/tags?post=123521"}],"curies":[{"name":"wp","href":"https:\/\/api.w.org\/{rel}","templated":true}]}}