{"id":123476,"date":"2017-01-09T00:36:14","date_gmt":"2017-01-09T02:36:14","guid":{"rendered":"http:\/\/franciscanos.org.br\/?p=123476"},"modified":"2019-01-22T16:47:58","modified_gmt":"2019-01-22T18:47:58","slug":"coroa-franciscana-reune-fieis-na-catedral-de-santo-antonio","status":"publish","type":"post","link":"https:\/\/franciscanos.org.br\/noticias\/coroa-franciscana-reune-fieis-na-catedral-de-santo-antonio.html","title":{"rendered":"Coroa Franciscana re\u00fane fi\u00e9is na Catedral de Santo Ant\u00f4nio"},"content":{"rendered":"<p><img loading=\"lazy\" class=\"alignleft\" src=\"http:\/\/franciscanos.org.br\/wp-content\/uploads\/2017\/01\/coroa_090117.jpg\" alt=\"coroa_090117\" width=\"830\" height=\"379\" \/>Muita f\u00e9 e devo\u00e7\u00e3o marcam a coroa A devo\u00e7\u00e3o mariana marcou a manh\u00e3 do &#8216;Domingo da Anuncia\u00e7\u00e3o&#8217;, na Catedral de Santo Ant\u00f4nio, em Duque de Caxias (RJ). A Fraternidade Santo Ant\u00f4nio, vinculada \u00e0 Ordem Franciscana Secular do Brasil (OFS) realizou este ano, pela primeira vez, a tradicional Coroa das Sete Alegrias de Nossa Senhora, tamb\u00e9m conhecida como \u2018Coroa Franciscana\u2019 ou \u2018Ros\u00e1rio Franciscano\u2019.<\/p>\n<p>A Coroa Franciscana \u00e9 uma antiga devo\u00e7\u00e3o franciscana que, segundo os anais da Ordem Franciscana, que celebra as grandes alegrias da Sant\u00edssima Virgem at\u00e9 a sua assun\u00e7\u00e3o aos c\u00e9us. Essa ora\u00e7\u00e3o teve in\u00edcio no ano de 1422 quando um novi\u00e7o, jovem e piedoso, pensando em sair do noviciado por l\u00e1 n\u00e3o poder oferecer uma coroa de flores frescas \u00e0 Sant\u00edssima Virgem, teve uma vis\u00e3o na qual Nossa Senhora lhe pedia para que tecesse uma coroa de flores espirituais para ofert\u00e1-la com a medita\u00e7\u00e3o das sete alegrias que ela teve nesta terra no decorrer de seus 72 anos de vida, segundo a tradi\u00e7\u00e3o, at\u00e9 ser coroada, de corpo e alma, no c\u00e9u.<\/p>\n<p>Esta vis\u00e3o foi confirmada por outra vis\u00e3o que seu mestre de noviciado teve acerca do referido novi\u00e7o. Assim, nos mist\u00e9rios s\u00e3o meditados as alegrias da Sant\u00edssima Virgem por ocasi\u00e3o da anuncia\u00e7\u00e3o do anjo; do nascimento de Jesus, da visita dos Reis Magos, da apresenta\u00e7\u00e3o de Jesus no templo; do seu reencontro com Jesus que, quando crian\u00e7a, se perdeu dos pais e foi encontrado no templo entre os doutores; da gloriosa Ressurrei\u00e7\u00e3o de Jesus e, por \u00faltimo, quando Maria foi coroada no c\u00e9u.<\/p>\n<p>Muitos fi\u00e9is, inclusive de outros grupos e pastorais da par\u00f3quia, participaram da Coroa Franciscana, manifestando o seu carinho e grande devo\u00e7\u00e3o por Nossa Senhora do Pilar, padroeira da diocese. Espontaneamente, os irm\u00e3os e irm\u00e3s presentes se apresentavam para meditar cada alegria de Nossa Senhora e orar pelas fam\u00edlias, pela juventude, pelos abandonados, doentes e pobres; e tamb\u00e9m para alcan\u00e7ar por intercess\u00e3o da M\u00e3e de Deus, gra\u00e7as particulares.<\/p>\n<p>A coroa foi encerrada com a ora\u00e7\u00e3o diante do pres\u00e9pio, na Solenidade da Epifania do Senhor, que corou esse gesto de devo\u00e7\u00e3o mariana, encerrando o Tempo do Natal. Essa solenidade \u00e9 a manifesta\u00e7\u00e3o da miss\u00e3o salv\u00edfica de Jesus Cristo a todos os povos e culturas, cujas figuras est\u00e3o representadas no pres\u00e9pio pelos Santos Reis Belchior, Gaspar e Baltazar. Vindos do Oriente, com grande alegria adoraram o Menino Deus e lhe ofereceram ouro, incenso e mirra, que simbolizam a realeza, a divindade e a humanidade de Jesus.<\/p>\n<p>A devo\u00e7\u00e3o dessa piedosa forma de ora\u00e7\u00e3o popular marca o resgate das ra\u00edzes franciscanas da par\u00f3quia, que, at\u00e9 1981, ano de cria\u00e7\u00e3o da Diocese de Duque de Caxias, pertenceu a Prov\u00edncia da Imaculada Concei\u00e7\u00e3o do Brasil. Com a cria\u00e7\u00e3o da diocese, a Catedral de Santo Ant\u00f4nio foi cedida para o funcionamento da nova C\u00faria, desde ent\u00e3o administrada pelo clero diocesano.<\/p>\n<p>A Fraternidade Santo Ant\u00f4nio existe h\u00e1 56 anos e se re\u00fane, mensalmente, na Catedral de Santo Ant\u00f4nio de Duque de Caxias, todo 4.\u00ba domingo do m\u00eas, \u00e0s 9:00 horas, sala 208, Centro Pastoral Frei Willy. A Catedral de Santo Ant\u00f4nio fica localizada na Avenida Leonel de Moura Brizola, 1861, Centro, Duque de Caxias.<\/p>\n<p><em>Informa\u00e7\u00f5es da Fraternidade Santo Ant\u00f4nio podem ser obtidas pelo telefone (21) 99188-3388, com o irm\u00e3o Cl\u00e1udio Santos, ou pelo correio eletr\u00f4nico ofs.santoantonio@gmail.com<\/em><\/p>\n","protected":false},"excerpt":{"rendered":"<p>OFS Duque de Caxias<\/p>\n","protected":false},"author":1,"featured_media":195756,"comment_status":"open","ping_status":"open","sticky":false,"template":"","format":"standard","meta":[],"categories":[1],"tags":[185],"acf":[],"yoast_head":"<!-- This site is optimized with the Yoast SEO plugin v19.2 - https:\/\/yoast.com\/wordpress\/plugins\/seo\/ -->\n<title>Coroa Franciscana re\u00fane fi\u00e9is na Catedral de Santo Ant\u00f4nio - Not\u00edcias - Franciscanos<\/title>\n<meta name=\"robots\" content=\"index, follow, max-snippet:-1, max-image-preview:large, max-video-preview:-1\" \/>\n<link rel=\"canonical\" href=\"https:\/\/franciscanos.org.br\/noticias\/coroa-franciscana-reune-fieis-na-catedral-de-santo-antonio.html\" \/>\n<meta property=\"og:locale\" content=\"pt_BR\" \/>\n<meta property=\"og:type\" content=\"article\" \/>\n<meta property=\"og:title\" content=\"Coroa Franciscana re\u00fane fi\u00e9is na Catedral de Santo Ant\u00f4nio - Not\u00edcias - Franciscanos\" \/>\n<meta property=\"og:description\" content=\"OFS Duque de Caxias\" \/>\n<meta property=\"og:url\" content=\"https:\/\/franciscanos.org.br\/noticias\/coroa-franciscana-reune-fieis-na-catedral-de-santo-antonio.html\" \/>\n<meta property=\"og:site_name\" content=\"Not\u00edcias - Franciscanos\" \/>\n<meta property=\"article:published_time\" content=\"2017-01-09T02:36:14+00:00\" \/>\n<meta property=\"article:modified_time\" content=\"2019-01-22T18:47:58+00:00\" \/>\n<meta property=\"og:image\" content=\"https:\/\/franciscanos.org.br\/noticias\/wp-content\/uploads\/2017\/01\/coroa_090117p.jpg\" \/>\n\t<meta property=\"og:image:width\" content=\"273\" \/>\n\t<meta property=\"og:image:height\" content=\"181\" \/>\n\t<meta property=\"og:image:type\" content=\"image\/jpeg\" \/>\n<meta name=\"author\" content=\"admin\" \/>\n<meta name=\"twitter:card\" content=\"summary_large_image\" \/>\n<meta name=\"twitter:label1\" content=\"Escrito por\" \/>\n\t<meta name=\"twitter:data1\" content=\"admin\" \/>\n\t<meta name=\"twitter:label2\" content=\"Est. tempo de leitura\" \/>\n\t<meta name=\"twitter:data2\" content=\"3 minutos\" \/>\n<script type=\"application\/ld+json\" class=\"yoast-schema-graph\">{\"@context\":\"https:\/\/schema.org\",\"@graph\":[{\"@type\":\"WebSite\",\"@id\":\"https:\/\/franciscanos.org.br\/noticias\/#website\",\"url\":\"https:\/\/franciscanos.org.br\/noticias\/\",\"name\":\"Not\u00edcias - Franciscanos\",\"description\":\"Prov\u00edncia Franciscana da Imaculada Concei\u00e7\u00e3o do Brasil - Ordem dos Frades Menores - OFM\",\"potentialAction\":[{\"@type\":\"SearchAction\",\"target\":{\"@type\":\"EntryPoint\",\"urlTemplate\":\"https:\/\/franciscanos.org.br\/noticias\/?s={search_term_string}\"},\"query-input\":\"required name=search_term_string\"}],\"inLanguage\":\"pt-BR\"},{\"@type\":\"ImageObject\",\"inLanguage\":\"pt-BR\",\"@id\":\"https:\/\/franciscanos.org.br\/noticias\/coroa-franciscana-reune-fieis-na-catedral-de-santo-antonio.html#primaryimage\",\"url\":\"https:\/\/franciscanos.org.br\/noticias\/wp-content\/uploads\/2017\/01\/coroa_090117p.jpg\",\"contentUrl\":\"https:\/\/franciscanos.org.br\/noticias\/wp-content\/uploads\/2017\/01\/coroa_090117p.jpg\",\"width\":273,\"height\":181},{\"@type\":\"WebPage\",\"@id\":\"https:\/\/franciscanos.org.br\/noticias\/coroa-franciscana-reune-fieis-na-catedral-de-santo-antonio.html#webpage\",\"url\":\"https:\/\/franciscanos.org.br\/noticias\/coroa-franciscana-reune-fieis-na-catedral-de-santo-antonio.html\",\"name\":\"Coroa Franciscana re\u00fane fi\u00e9is na Catedral de Santo Ant\u00f4nio - Not\u00edcias - Franciscanos\",\"isPartOf\":{\"@id\":\"https:\/\/franciscanos.org.br\/noticias\/#website\"},\"primaryImageOfPage\":{\"@id\":\"https:\/\/franciscanos.org.br\/noticias\/coroa-franciscana-reune-fieis-na-catedral-de-santo-antonio.html#primaryimage\"},\"datePublished\":\"2017-01-09T02:36:14+00:00\",\"dateModified\":\"2019-01-22T18:47:58+00:00\",\"author\":{\"@id\":\"https:\/\/franciscanos.org.br\/noticias\/#\/schema\/person\/b38fbf43118f02820bd932f2e4b14ad3\"},\"breadcrumb\":{\"@id\":\"https:\/\/franciscanos.org.br\/noticias\/coroa-franciscana-reune-fieis-na-catedral-de-santo-antonio.html#breadcrumb\"},\"inLanguage\":\"pt-BR\",\"potentialAction\":[{\"@type\":\"ReadAction\",\"target\":[\"https:\/\/franciscanos.org.br\/noticias\/coroa-franciscana-reune-fieis-na-catedral-de-santo-antonio.html\"]}]},{\"@type\":\"BreadcrumbList\",\"@id\":\"https:\/\/franciscanos.org.br\/noticias\/coroa-franciscana-reune-fieis-na-catedral-de-santo-antonio.html#breadcrumb\",\"itemListElement\":[{\"@type\":\"ListItem\",\"position\":1,\"name\":\"Home\",\"item\":\"https:\/\/franciscanos.org.br\/noticias\"},{\"@type\":\"ListItem\",\"position\":2,\"name\":\"Coroa Franciscana re\u00fane fi\u00e9is na Catedral de Santo Ant\u00f4nio\"}]},{\"@type\":\"Person\",\"@id\":\"https:\/\/franciscanos.org.br\/noticias\/#\/schema\/person\/b38fbf43118f02820bd932f2e4b14ad3\",\"name\":\"admin\",\"image\":{\"@type\":\"ImageObject\",\"inLanguage\":\"pt-BR\",\"@id\":\"https:\/\/franciscanos.org.br\/noticias\/#\/schema\/person\/image\/\",\"url\":\"https:\/\/secure.gravatar.com\/avatar\/e8495742d34d0ba6448ea1c628263b3e?s=96&d=mm&r=g\",\"contentUrl\":\"https:\/\/secure.gravatar.com\/avatar\/e8495742d34d0ba6448ea1c628263b3e?s=96&d=mm&r=g\",\"caption\":\"admin\"},\"url\":\"https:\/\/franciscanos.org.br\/noticias\/author\/admin\"}]}<\/script>\n<!-- \/ Yoast SEO plugin. -->","yoast_head_json":{"title":"Coroa Franciscana re\u00fane fi\u00e9is na Catedral de Santo Ant\u00f4nio - Not\u00edcias - Franciscanos","robots":{"index":"index","follow":"follow","max-snippet":"max-snippet:-1","max-image-preview":"max-image-preview:large","max-video-preview":"max-video-preview:-1"},"canonical":"https:\/\/franciscanos.org.br\/noticias\/coroa-franciscana-reune-fieis-na-catedral-de-santo-antonio.html","og_locale":"pt_BR","og_type":"article","og_title":"Coroa Franciscana re\u00fane fi\u00e9is na Catedral de Santo Ant\u00f4nio - Not\u00edcias - Franciscanos","og_description":"OFS Duque de Caxias","og_url":"https:\/\/franciscanos.org.br\/noticias\/coroa-franciscana-reune-fieis-na-catedral-de-santo-antonio.html","og_site_name":"Not\u00edcias - Franciscanos","article_published_time":"2017-01-09T02:36:14+00:00","article_modified_time":"2019-01-22T18:47:58+00:00","og_image":[{"width":273,"height":181,"url":"https:\/\/franciscanos.org.br\/noticias\/wp-content\/uploads\/2017\/01\/coroa_090117p.jpg","type":"image\/jpeg"}],"author":"admin","twitter_card":"summary_large_image","twitter_misc":{"Escrito por":"admin","Est. tempo de leitura":"3 minutos"},"schema":{"@context":"https:\/\/schema.org","@graph":[{"@type":"WebSite","@id":"https:\/\/franciscanos.org.br\/noticias\/#website","url":"https:\/\/franciscanos.org.br\/noticias\/","name":"Not\u00edcias - Franciscanos","description":"Prov\u00edncia Franciscana da Imaculada Concei\u00e7\u00e3o do Brasil - Ordem dos Frades Menores - OFM","potentialAction":[{"@type":"SearchAction","target":{"@type":"EntryPoint","urlTemplate":"https:\/\/franciscanos.org.br\/noticias\/?s={search_term_string}"},"query-input":"required name=search_term_string"}],"inLanguage":"pt-BR"},{"@type":"ImageObject","inLanguage":"pt-BR","@id":"https:\/\/franciscanos.org.br\/noticias\/coroa-franciscana-reune-fieis-na-catedral-de-santo-antonio.html#primaryimage","url":"https:\/\/franciscanos.org.br\/noticias\/wp-content\/uploads\/2017\/01\/coroa_090117p.jpg","contentUrl":"https:\/\/franciscanos.org.br\/noticias\/wp-content\/uploads\/2017\/01\/coroa_090117p.jpg","width":273,"height":181},{"@type":"WebPage","@id":"https:\/\/franciscanos.org.br\/noticias\/coroa-franciscana-reune-fieis-na-catedral-de-santo-antonio.html#webpage","url":"https:\/\/franciscanos.org.br\/noticias\/coroa-franciscana-reune-fieis-na-catedral-de-santo-antonio.html","name":"Coroa Franciscana re\u00fane fi\u00e9is na Catedral de Santo Ant\u00f4nio - Not\u00edcias - Franciscanos","isPartOf":{"@id":"https:\/\/franciscanos.org.br\/noticias\/#website"},"primaryImageOfPage":{"@id":"https:\/\/franciscanos.org.br\/noticias\/coroa-franciscana-reune-fieis-na-catedral-de-santo-antonio.html#primaryimage"},"datePublished":"2017-01-09T02:36:14+00:00","dateModified":"2019-01-22T18:47:58+00:00","author":{"@id":"https:\/\/franciscanos.org.br\/noticias\/#\/schema\/person\/b38fbf43118f02820bd932f2e4b14ad3"},"breadcrumb":{"@id":"https:\/\/franciscanos.org.br\/noticias\/coroa-franciscana-reune-fieis-na-catedral-de-santo-antonio.html#breadcrumb"},"inLanguage":"pt-BR","potentialAction":[{"@type":"ReadAction","target":["https:\/\/franciscanos.org.br\/noticias\/coroa-franciscana-reune-fieis-na-catedral-de-santo-antonio.html"]}]},{"@type":"BreadcrumbList","@id":"https:\/\/franciscanos.org.br\/noticias\/coroa-franciscana-reune-fieis-na-catedral-de-santo-antonio.html#breadcrumb","itemListElement":[{"@type":"ListItem","position":1,"name":"Home","item":"https:\/\/franciscanos.org.br\/noticias"},{"@type":"ListItem","position":2,"name":"Coroa Franciscana re\u00fane fi\u00e9is na Catedral de Santo Ant\u00f4nio"}]},{"@type":"Person","@id":"https:\/\/franciscanos.org.br\/noticias\/#\/schema\/person\/b38fbf43118f02820bd932f2e4b14ad3","name":"admin","image":{"@type":"ImageObject","inLanguage":"pt-BR","@id":"https:\/\/franciscanos.org.br\/noticias\/#\/schema\/person\/image\/","url":"https:\/\/secure.gravatar.com\/avatar\/e8495742d34d0ba6448ea1c628263b3e?s=96&d=mm&r=g","contentUrl":"https:\/\/secure.gravatar.com\/avatar\/e8495742d34d0ba6448ea1c628263b3e?s=96&d=mm&r=g","caption":"admin"},"url":"https:\/\/franciscanos.org.br\/noticias\/author\/admin"}]}},"_links":{"self":[{"href":"https:\/\/franciscanos.org.br\/noticias\/wp-json\/wp\/v2\/posts\/123476"}],"collection":[{"href":"https:\/\/franciscanos.org.br\/noticias\/wp-json\/wp\/v2\/posts"}],"about":[{"href":"https:\/\/franciscanos.org.br\/noticias\/wp-json\/wp\/v2\/types\/post"}],"author":[{"embeddable":true,"href":"https:\/\/franciscanos.org.br\/noticias\/wp-json\/wp\/v2\/users\/1"}],"replies":[{"embeddable":true,"href":"https:\/\/franciscanos.org.br\/noticias\/wp-json\/wp\/v2\/comments?post=123476"}],"version-history":[{"count":0,"href":"https:\/\/franciscanos.org.br\/noticias\/wp-json\/wp\/v2\/posts\/123476\/revisions"}],"wp:featuredmedia":[{"embeddable":true,"href":"https:\/\/franciscanos.org.br\/noticias\/wp-json\/wp\/v2\/media\/195756"}],"wp:attachment":[{"href":"https:\/\/franciscanos.org.br\/noticias\/wp-json\/wp\/v2\/media?parent=123476"}],"wp:term":[{"taxonomy":"category","embeddable":true,"href":"https:\/\/franciscanos.org.br\/noticias\/wp-json\/wp\/v2\/categories?post=123476"},{"taxonomy":"post_tag","embeddable":true,"href":"https:\/\/franciscanos.org.br\/noticias\/wp-json\/wp\/v2\/tags?post=123476"}],"curies":[{"name":"wp","href":"https:\/\/api.w.org\/{rel}","templated":true}]}}