{"id":123467,"date":"2017-01-02T00:29:58","date_gmt":"2017-01-02T02:29:58","guid":{"rendered":"http:\/\/franciscanos.org.br\/?p=123467"},"modified":"2020-06-09T12:17:44","modified_gmt":"2020-06-09T15:17:44","slug":"fraternidade-santo-antonio-promove-jornada-pela-paz-mundial","status":"publish","type":"post","link":"https:\/\/franciscanos.org.br\/noticias\/fraternidade-santo-antonio-promove-jornada-pela-paz-mundial.html","title":{"rendered":"Fraternidade Santo Ant\u00f4nio promove jornada pela paz mundial"},"content":{"rendered":"<div><img loading=\"lazy\" class=\"aligncenter\" src=\"http:\/\/franciscanos.org.br\/wp-content\/uploads\/2017\/01\/jornada_020117.jpg\" alt=\"jornada_020117\" width=\"830\" height=\"331\" \/><\/div>\n<div><\/div>\n<p>O Dia Mundial da Paz, inicialmente chamado simplesmente de Dia da Paz, \u00e9 comemorado em 1.\u00ba de janeiro, tendo sido criado pelo Papa Paulo VI em 1967, com o objetivo de propagar o sentimento de paz pelo mundo, ent\u00e3o marcado pela Guerra Fria e pela instabilidade b\u00e9lica. E para celebrar a data, a Fraternidade Santo Ant\u00f4nio de Duque de Caxias (RJ) e o Apostolado da Ora\u00e7\u00e3o promoveram, conjuntamente, a IV jornada de ora\u00e7\u00f5es pela paz mundial com o tema \u201cEu vos dou a minha paz\u201d (cf. Jo 14,27), e o lema &#8220;Dedique 1 minuto para a paz. O mundo todo agradece.&#8221;<\/p>\n<div id=\"m_-4125768406079617333yui_3_16_0_ym19_1_1483921977359_36783\">\n<p>Ao longo do dia foram realizados momentos de ora\u00e7\u00e3o ap\u00f3s \u00e0s missas dominicais da manh\u00e3 e \u00e0 tarde, onde os fi\u00e9is elevaram suas ora\u00e7\u00f5es \u00e0 Deus em prol da paz mundial, em especial na S\u00edria, e pelo drama dos refugiados v\u00edtimas dos conflitos \u00e9tnicos e territoriais que fazem os povos sofrerem com as desigualdades, a viol\u00eancia, a fome e a mis\u00e9ria. Os presentes tamb\u00e9m oraram pelos idosos, enfermos, portadores de defici\u00eancia, crian\u00e7as, mulheres v\u00edtimas da viol\u00eancia, popula\u00e7\u00e3o em situa\u00e7\u00e3o de rua, pelo fim da crise e do desemprego no pa\u00eds, e lembraram do exterm\u00ednio da juventude negra brasileira. O trabalho mission\u00e1rio da Igreja no mundo e os esfor\u00e7os do Papa Francisco pela paz tamb\u00e9m foram lembrados.<\/p>\n<p>O objetivo da jornada \u00e9 despertar e incentivar as pessoas para um esfor\u00e7o comum para cultivar a paz e reafirmar na sociedade uma cultura de di\u00e1logo e de n\u00e3o-viol\u00eancia a partir da realidade de cada pessoa, irradiando esse gesto em nossas rela\u00e7\u00f5es interpessoais e comunit\u00e1rias. O dia 1.\u00ba de janeiro estabelece uma importante reflex\u00e3o acerca da forma como podemos promover a paz no mundo a partir da nossa pr\u00f3pria realidade.<\/p>\n<p>O Vaticano divulgou a mensagem do Papa Francisco para o 50.\u00ba Dia Mundial da Paz, a quarta de seu pontificado, que prop\u00f4s o tema \u201cA n\u00e3o-viol\u00eancia: estilo de uma pol\u00edtica para a paz\u201d. A Mensagem do Papa \u00e9 enviada a todas as Chancelarias do mundo e assinala as diretrizes diplom\u00e1ticas da Santa S\u00e9.<\/p>\n<p>\u201cAlmejo paz a todo o homem, mulher, menino e menina, e rezo para que a imagem e semelhan\u00e7a de Deus em cada pessoa nos permitam reconhecer-nos mutuamente como dons sagrados com uma dignidade imensa. Sobretudo nas situa\u00e7\u00f5es de conflito, respeitemos esta \u2018dignidade mais profunda\u2019 e fa\u00e7amos da n\u00e3o-viol\u00eancia ativa o nosso estilo de vida\u201d.<\/p>\n<p>\u201cSejam a caridade e a n\u00e3o-viol\u00eancia a guiar o modo como nos tratamos uns aos outros nas rela\u00e7\u00f5es interpessoais, sociais e internacionais. Quando sabem resistir \u00e0 tenta\u00e7\u00e3o da vingan\u00e7a, as v\u00edtimas da viol\u00eancia podem ser os protagonistas mais cred\u00edveis de processos n\u00e3o-violentos de constru\u00e7\u00e3o da paz\u201d \u2013 escreveu o pont\u00edfice.<\/p>\n<p>Al\u00e9m das reflex\u00f5es apresentadas no texto, com o convite para autoridades para \u201caplicar as Bem-aventuran\u00e7as na forma como exercem as suas responsabilidades\u201d, o papa recorda que no dia 1.\u00ba de janeiro de 2017, ter\u00e3o in\u00edcio as atividades do novo Dicast\u00e9rio para o Servi\u00e7o do Desenvolvimento Humano Integral.<\/p>\n<\/div>\n","protected":false},"excerpt":{"rendered":"<p>OFS<\/p>\n","protected":false},"author":1,"featured_media":195905,"comment_status":"open","ping_status":"open","sticky":false,"template":"","format":"standard","meta":[],"categories":[1],"tags":[60],"acf":[],"yoast_head":"<!-- This site is optimized with the Yoast SEO plugin v19.2 - https:\/\/yoast.com\/wordpress\/plugins\/seo\/ -->\n<title>Fraternidade Santo Ant\u00f4nio promove jornada pela paz mundial - Not\u00edcias - Franciscanos<\/title>\n<meta name=\"robots\" content=\"index, follow, max-snippet:-1, max-image-preview:large, max-video-preview:-1\" \/>\n<link rel=\"canonical\" href=\"https:\/\/franciscanos.org.br\/noticias\/fraternidade-santo-antonio-promove-jornada-pela-paz-mundial.html\" \/>\n<meta property=\"og:locale\" content=\"pt_BR\" \/>\n<meta property=\"og:type\" content=\"article\" \/>\n<meta property=\"og:title\" content=\"Fraternidade Santo Ant\u00f4nio promove jornada pela paz mundial - Not\u00edcias - Franciscanos\" \/>\n<meta property=\"og:description\" content=\"OFS\" \/>\n<meta property=\"og:url\" content=\"https:\/\/franciscanos.org.br\/noticias\/fraternidade-santo-antonio-promove-jornada-pela-paz-mundial.html\" \/>\n<meta property=\"og:site_name\" content=\"Not\u00edcias - Franciscanos\" \/>\n<meta property=\"article:published_time\" content=\"2017-01-02T02:29:58+00:00\" \/>\n<meta property=\"article:modified_time\" content=\"2020-06-09T15:17:44+00:00\" \/>\n<meta property=\"og:image\" content=\"https:\/\/franciscanos.org.br\/noticias\/wp-content\/uploads\/2017\/01\/jornada_020117.jpg\" \/>\n\t<meta property=\"og:image:width\" content=\"273\" \/>\n\t<meta property=\"og:image:height\" content=\"181\" \/>\n\t<meta property=\"og:image:type\" content=\"image\/jpeg\" \/>\n<meta name=\"author\" content=\"admin\" \/>\n<meta name=\"twitter:card\" content=\"summary_large_image\" \/>\n<meta name=\"twitter:label1\" content=\"Escrito por\" \/>\n\t<meta name=\"twitter:data1\" content=\"admin\" \/>\n\t<meta name=\"twitter:label2\" content=\"Est. tempo de leitura\" \/>\n\t<meta name=\"twitter:data2\" content=\"3 minutos\" \/>\n<script type=\"application\/ld+json\" class=\"yoast-schema-graph\">{\"@context\":\"https:\/\/schema.org\",\"@graph\":[{\"@type\":\"WebSite\",\"@id\":\"https:\/\/franciscanos.org.br\/noticias\/#website\",\"url\":\"https:\/\/franciscanos.org.br\/noticias\/\",\"name\":\"Not\u00edcias - Franciscanos\",\"description\":\"Prov\u00edncia Franciscana da Imaculada Concei\u00e7\u00e3o do Brasil - Ordem dos Frades Menores - OFM\",\"potentialAction\":[{\"@type\":\"SearchAction\",\"target\":{\"@type\":\"EntryPoint\",\"urlTemplate\":\"https:\/\/franciscanos.org.br\/noticias\/?s={search_term_string}\"},\"query-input\":\"required name=search_term_string\"}],\"inLanguage\":\"pt-BR\"},{\"@type\":\"ImageObject\",\"inLanguage\":\"pt-BR\",\"@id\":\"https:\/\/franciscanos.org.br\/noticias\/fraternidade-santo-antonio-promove-jornada-pela-paz-mundial.html#primaryimage\",\"url\":\"https:\/\/franciscanos.org.br\/noticias\/wp-content\/uploads\/2017\/01\/jornada_020117.jpg\",\"contentUrl\":\"https:\/\/franciscanos.org.br\/noticias\/wp-content\/uploads\/2017\/01\/jornada_020117.jpg\",\"width\":273,\"height\":181},{\"@type\":\"WebPage\",\"@id\":\"https:\/\/franciscanos.org.br\/noticias\/fraternidade-santo-antonio-promove-jornada-pela-paz-mundial.html#webpage\",\"url\":\"https:\/\/franciscanos.org.br\/noticias\/fraternidade-santo-antonio-promove-jornada-pela-paz-mundial.html\",\"name\":\"Fraternidade Santo Ant\u00f4nio promove jornada pela paz mundial - Not\u00edcias - Franciscanos\",\"isPartOf\":{\"@id\":\"https:\/\/franciscanos.org.br\/noticias\/#website\"},\"primaryImageOfPage\":{\"@id\":\"https:\/\/franciscanos.org.br\/noticias\/fraternidade-santo-antonio-promove-jornada-pela-paz-mundial.html#primaryimage\"},\"datePublished\":\"2017-01-02T02:29:58+00:00\",\"dateModified\":\"2020-06-09T15:17:44+00:00\",\"author\":{\"@id\":\"https:\/\/franciscanos.org.br\/noticias\/#\/schema\/person\/b38fbf43118f02820bd932f2e4b14ad3\"},\"breadcrumb\":{\"@id\":\"https:\/\/franciscanos.org.br\/noticias\/fraternidade-santo-antonio-promove-jornada-pela-paz-mundial.html#breadcrumb\"},\"inLanguage\":\"pt-BR\",\"potentialAction\":[{\"@type\":\"ReadAction\",\"target\":[\"https:\/\/franciscanos.org.br\/noticias\/fraternidade-santo-antonio-promove-jornada-pela-paz-mundial.html\"]}]},{\"@type\":\"BreadcrumbList\",\"@id\":\"https:\/\/franciscanos.org.br\/noticias\/fraternidade-santo-antonio-promove-jornada-pela-paz-mundial.html#breadcrumb\",\"itemListElement\":[{\"@type\":\"ListItem\",\"position\":1,\"name\":\"Home\",\"item\":\"https:\/\/franciscanos.org.br\/noticias\"},{\"@type\":\"ListItem\",\"position\":2,\"name\":\"Fraternidade Santo Ant\u00f4nio promove jornada pela paz mundial\"}]},{\"@type\":\"Person\",\"@id\":\"https:\/\/franciscanos.org.br\/noticias\/#\/schema\/person\/b38fbf43118f02820bd932f2e4b14ad3\",\"name\":\"admin\",\"image\":{\"@type\":\"ImageObject\",\"inLanguage\":\"pt-BR\",\"@id\":\"https:\/\/franciscanos.org.br\/noticias\/#\/schema\/person\/image\/\",\"url\":\"https:\/\/secure.gravatar.com\/avatar\/e8495742d34d0ba6448ea1c628263b3e?s=96&d=mm&r=g\",\"contentUrl\":\"https:\/\/secure.gravatar.com\/avatar\/e8495742d34d0ba6448ea1c628263b3e?s=96&d=mm&r=g\",\"caption\":\"admin\"},\"url\":\"https:\/\/franciscanos.org.br\/noticias\/author\/admin\"}]}<\/script>\n<!-- \/ Yoast SEO plugin. -->","yoast_head_json":{"title":"Fraternidade Santo Ant\u00f4nio promove jornada pela paz mundial - Not\u00edcias - Franciscanos","robots":{"index":"index","follow":"follow","max-snippet":"max-snippet:-1","max-image-preview":"max-image-preview:large","max-video-preview":"max-video-preview:-1"},"canonical":"https:\/\/franciscanos.org.br\/noticias\/fraternidade-santo-antonio-promove-jornada-pela-paz-mundial.html","og_locale":"pt_BR","og_type":"article","og_title":"Fraternidade Santo Ant\u00f4nio promove jornada pela paz mundial - Not\u00edcias - Franciscanos","og_description":"OFS","og_url":"https:\/\/franciscanos.org.br\/noticias\/fraternidade-santo-antonio-promove-jornada-pela-paz-mundial.html","og_site_name":"Not\u00edcias - Franciscanos","article_published_time":"2017-01-02T02:29:58+00:00","article_modified_time":"2020-06-09T15:17:44+00:00","og_image":[{"width":273,"height":181,"url":"https:\/\/franciscanos.org.br\/noticias\/wp-content\/uploads\/2017\/01\/jornada_020117.jpg","type":"image\/jpeg"}],"author":"admin","twitter_card":"summary_large_image","twitter_misc":{"Escrito por":"admin","Est. tempo de leitura":"3 minutos"},"schema":{"@context":"https:\/\/schema.org","@graph":[{"@type":"WebSite","@id":"https:\/\/franciscanos.org.br\/noticias\/#website","url":"https:\/\/franciscanos.org.br\/noticias\/","name":"Not\u00edcias - Franciscanos","description":"Prov\u00edncia Franciscana da Imaculada Concei\u00e7\u00e3o do Brasil - Ordem dos Frades Menores - OFM","potentialAction":[{"@type":"SearchAction","target":{"@type":"EntryPoint","urlTemplate":"https:\/\/franciscanos.org.br\/noticias\/?s={search_term_string}"},"query-input":"required name=search_term_string"}],"inLanguage":"pt-BR"},{"@type":"ImageObject","inLanguage":"pt-BR","@id":"https:\/\/franciscanos.org.br\/noticias\/fraternidade-santo-antonio-promove-jornada-pela-paz-mundial.html#primaryimage","url":"https:\/\/franciscanos.org.br\/noticias\/wp-content\/uploads\/2017\/01\/jornada_020117.jpg","contentUrl":"https:\/\/franciscanos.org.br\/noticias\/wp-content\/uploads\/2017\/01\/jornada_020117.jpg","width":273,"height":181},{"@type":"WebPage","@id":"https:\/\/franciscanos.org.br\/noticias\/fraternidade-santo-antonio-promove-jornada-pela-paz-mundial.html#webpage","url":"https:\/\/franciscanos.org.br\/noticias\/fraternidade-santo-antonio-promove-jornada-pela-paz-mundial.html","name":"Fraternidade Santo Ant\u00f4nio promove jornada pela paz mundial - Not\u00edcias - Franciscanos","isPartOf":{"@id":"https:\/\/franciscanos.org.br\/noticias\/#website"},"primaryImageOfPage":{"@id":"https:\/\/franciscanos.org.br\/noticias\/fraternidade-santo-antonio-promove-jornada-pela-paz-mundial.html#primaryimage"},"datePublished":"2017-01-02T02:29:58+00:00","dateModified":"2020-06-09T15:17:44+00:00","author":{"@id":"https:\/\/franciscanos.org.br\/noticias\/#\/schema\/person\/b38fbf43118f02820bd932f2e4b14ad3"},"breadcrumb":{"@id":"https:\/\/franciscanos.org.br\/noticias\/fraternidade-santo-antonio-promove-jornada-pela-paz-mundial.html#breadcrumb"},"inLanguage":"pt-BR","potentialAction":[{"@type":"ReadAction","target":["https:\/\/franciscanos.org.br\/noticias\/fraternidade-santo-antonio-promove-jornada-pela-paz-mundial.html"]}]},{"@type":"BreadcrumbList","@id":"https:\/\/franciscanos.org.br\/noticias\/fraternidade-santo-antonio-promove-jornada-pela-paz-mundial.html#breadcrumb","itemListElement":[{"@type":"ListItem","position":1,"name":"Home","item":"https:\/\/franciscanos.org.br\/noticias"},{"@type":"ListItem","position":2,"name":"Fraternidade Santo Ant\u00f4nio promove jornada pela paz mundial"}]},{"@type":"Person","@id":"https:\/\/franciscanos.org.br\/noticias\/#\/schema\/person\/b38fbf43118f02820bd932f2e4b14ad3","name":"admin","image":{"@type":"ImageObject","inLanguage":"pt-BR","@id":"https:\/\/franciscanos.org.br\/noticias\/#\/schema\/person\/image\/","url":"https:\/\/secure.gravatar.com\/avatar\/e8495742d34d0ba6448ea1c628263b3e?s=96&d=mm&r=g","contentUrl":"https:\/\/secure.gravatar.com\/avatar\/e8495742d34d0ba6448ea1c628263b3e?s=96&d=mm&r=g","caption":"admin"},"url":"https:\/\/franciscanos.org.br\/noticias\/author\/admin"}]}},"_links":{"self":[{"href":"https:\/\/franciscanos.org.br\/noticias\/wp-json\/wp\/v2\/posts\/123467"}],"collection":[{"href":"https:\/\/franciscanos.org.br\/noticias\/wp-json\/wp\/v2\/posts"}],"about":[{"href":"https:\/\/franciscanos.org.br\/noticias\/wp-json\/wp\/v2\/types\/post"}],"author":[{"embeddable":true,"href":"https:\/\/franciscanos.org.br\/noticias\/wp-json\/wp\/v2\/users\/1"}],"replies":[{"embeddable":true,"href":"https:\/\/franciscanos.org.br\/noticias\/wp-json\/wp\/v2\/comments?post=123467"}],"version-history":[{"count":1,"href":"https:\/\/franciscanos.org.br\/noticias\/wp-json\/wp\/v2\/posts\/123467\/revisions"}],"predecessor-version":[{"id":225500,"href":"https:\/\/franciscanos.org.br\/noticias\/wp-json\/wp\/v2\/posts\/123467\/revisions\/225500"}],"wp:featuredmedia":[{"embeddable":true,"href":"https:\/\/franciscanos.org.br\/noticias\/wp-json\/wp\/v2\/media\/195905"}],"wp:attachment":[{"href":"https:\/\/franciscanos.org.br\/noticias\/wp-json\/wp\/v2\/media?parent=123467"}],"wp:term":[{"taxonomy":"category","embeddable":true,"href":"https:\/\/franciscanos.org.br\/noticias\/wp-json\/wp\/v2\/categories?post=123467"},{"taxonomy":"post_tag","embeddable":true,"href":"https:\/\/franciscanos.org.br\/noticias\/wp-json\/wp\/v2\/tags?post=123467"}],"curies":[{"name":"wp","href":"https:\/\/api.w.org\/{rel}","templated":true}]}}