{"id":12329,"date":"2012-02-22T11:47:44","date_gmt":"2012-02-22T13:47:44","guid":{"rendered":"http:\/\/new.franciscanos.org.br\/?p=12329"},"modified":"2019-09-13T13:23:29","modified_gmt":"2019-09-13T16:23:29","slug":"ofm-pede-acoes-concretas-em-favor-da-populacao-siria","status":"publish","type":"post","link":"https:\/\/franciscanos.org.br\/noticias\/ofm-pede-acoes-concretas-em-favor-da-populacao-siria.html","title":{"rendered":"OFM pede a\u00e7\u00f5es concretas em favor da popula\u00e7\u00e3o s\u00edria"},"content":{"rendered":"<p><strong><a href=\"http:\/\/franciscanos.org.br\/wp-content\/uploads\/2012\/02\/custodio_g22.jpg\"><img loading=\"lazy\" class=\"alignright size-full wp-image-12330\" title=\"Fr. Pierbattista Pizzaballa\" src=\"http:\/\/franciscanos.org.br\/wp-content\/uploads\/2012\/02\/custodio_g22.jpg\" alt=\"\" width=\"300\" height=\"375\" \/><\/a>Jerusal\u00e9m (Isr)<\/strong> \u2013 O Cust\u00f3dio da Terra Santa, Fr. Pierbattista Pizzaballa, lan\u00e7ou um apelo diante da emerg\u00eancia na S\u00edria, pedindo a\u00e7\u00f5es concretas em favor da popula\u00e7\u00e3o.<\/p>\n<p>&#8220;Depois das mudan\u00e7as pol\u00edticas no Egito, a situa\u00e7\u00e3o da S\u00edria indica o quanto o panorama no Oriente M\u00e9dio est\u00e1 se transformando. At\u00e9 um ano atr\u00e1s, seria impens\u00e1vel prever os atuais cen\u00e1rios&#8221;, escreve o frade franciscano.<\/p>\n<p>Ao longo destes meses de grande tens\u00e3o, Fr. Pizzaballa garante que os franciscanos continuam empenhados em apoiar as necessidades da popula\u00e7\u00e3o local, junto a outros poucos expoentes da Igreja latina. A Cust\u00f3dia da Terra Santa est\u00e1 presente em v\u00e1rias partes do pa\u00eds: Damasco, Aleppo, Lattakiah e Oronte.<\/p>\n<p>Segundo o Frade, os postos de atendimento m\u00e9dico dos conventos franciscanos se tornam locais de ref\u00fagio e de abrigo para todos, sem distin\u00e7\u00f5es entre os grupos \u00e9tnicos dos alau\u00edtas, sunitas e crist\u00e3os, nem entre rebeldes e membros governamentais.<\/p>\n<p>Fr. Pizzaballa denuncia a precariedade da vida econ\u00f4mica do pa\u00eds, pois os turistas cancelaram suas viagens, e os produtores agr\u00edcolas enfrentam dificuldades. Nas grandes cidades, a eletricidade \u00e9 interrompida durante horas todos os dias, e os combust\u00edveis s\u00e3o racionados. Esta car\u00eancia gera enormes dificuldades para a popula\u00e7\u00e3o, obrigada a enfrentar o inverno sem aquecimento.<\/p>\n<p>&#8220;Em suas exorta\u00e7\u00f5es singelas, Francisco refletia a gra\u00e7a recebida de Deus e, na experi\u00eancia da vida cotidiana, testemunhava o calor da f\u00e9 como o bem mais caro e precioso a ser cultivado e fortalecido. N\u00f3s, frades, temos a tarefa de imitar e transmitir os ensinamentos do nosso mestre \u00e0s futuras gera\u00e7\u00f5es, para que elas possam continuar o caminho que ele tra\u00e7ou com tanto amor<br \/>\ne dedica\u00e7\u00e3o humilde.&#8221;<\/p>\n<p>Fr. Pizzaballa coloca \u00e0 disposi\u00e7\u00e3o o site da Cust\u00f3dia para doa\u00e7\u00f5es em favor da popula\u00e7\u00e3o s\u00edria, atrav\u00e9s do endere\u00e7o<br \/>\nhttp:\/\/www.custodia.org\/<\/p>\n","protected":false},"excerpt":{"rendered":"<p>Terra Santa<\/p>\n","protected":false},"author":1,"featured_media":210897,"comment_status":"closed","ping_status":"open","sticky":false,"template":"","format":"standard","meta":[],"categories":[1],"tags":[182,183],"acf":[],"yoast_head":"<!-- This site is optimized with the Yoast SEO plugin v19.2 - https:\/\/yoast.com\/wordpress\/plugins\/seo\/ -->\n<title>OFM pede a\u00e7\u00f5es concretas em favor da popula\u00e7\u00e3o s\u00edria - Not\u00edcias - Franciscanos<\/title>\n<meta name=\"robots\" content=\"index, follow, max-snippet:-1, max-image-preview:large, max-video-preview:-1\" \/>\n<link rel=\"canonical\" href=\"https:\/\/franciscanos.org.br\/noticias\/ofm-pede-acoes-concretas-em-favor-da-populacao-siria.html\" \/>\n<meta property=\"og:locale\" content=\"pt_BR\" \/>\n<meta property=\"og:type\" content=\"article\" \/>\n<meta property=\"og:title\" content=\"OFM pede a\u00e7\u00f5es concretas em favor da popula\u00e7\u00e3o s\u00edria - Not\u00edcias - Franciscanos\" \/>\n<meta property=\"og:description\" content=\"Terra Santa\" \/>\n<meta property=\"og:url\" content=\"https:\/\/franciscanos.org.br\/noticias\/ofm-pede-acoes-concretas-em-favor-da-populacao-siria.html\" \/>\n<meta property=\"og:site_name\" content=\"Not\u00edcias - Franciscanos\" \/>\n<meta property=\"article:published_time\" content=\"2012-02-22T13:47:44+00:00\" \/>\n<meta property=\"article:modified_time\" content=\"2019-09-13T16:23:29+00:00\" \/>\n<meta property=\"og:image\" content=\"https:\/\/franciscanos.org.br\/noticias\/wp-content\/uploads\/2012\/02\/custodio_g22.jpg\" \/>\n\t<meta property=\"og:image:width\" content=\"273\" \/>\n\t<meta property=\"og:image:height\" content=\"181\" \/>\n\t<meta property=\"og:image:type\" content=\"image\/jpeg\" \/>\n<meta name=\"author\" content=\"admin\" \/>\n<meta name=\"twitter:card\" content=\"summary_large_image\" \/>\n<meta name=\"twitter:label1\" content=\"Escrito por\" \/>\n\t<meta name=\"twitter:data1\" content=\"admin\" \/>\n\t<meta name=\"twitter:label2\" content=\"Est. tempo de leitura\" \/>\n\t<meta name=\"twitter:data2\" content=\"2 minutos\" \/>\n<script type=\"application\/ld+json\" class=\"yoast-schema-graph\">{\"@context\":\"https:\/\/schema.org\",\"@graph\":[{\"@type\":\"WebSite\",\"@id\":\"https:\/\/franciscanos.org.br\/noticias\/#website\",\"url\":\"https:\/\/franciscanos.org.br\/noticias\/\",\"name\":\"Not\u00edcias - Franciscanos\",\"description\":\"Prov\u00edncia Franciscana da Imaculada Concei\u00e7\u00e3o do Brasil - Ordem dos Frades Menores - OFM\",\"potentialAction\":[{\"@type\":\"SearchAction\",\"target\":{\"@type\":\"EntryPoint\",\"urlTemplate\":\"https:\/\/franciscanos.org.br\/noticias\/?s={search_term_string}\"},\"query-input\":\"required name=search_term_string\"}],\"inLanguage\":\"pt-BR\"},{\"@type\":\"ImageObject\",\"inLanguage\":\"pt-BR\",\"@id\":\"https:\/\/franciscanos.org.br\/noticias\/ofm-pede-acoes-concretas-em-favor-da-populacao-siria.html#primaryimage\",\"url\":\"https:\/\/franciscanos.org.br\/noticias\/wp-content\/uploads\/2012\/02\/custodio_g22.jpg\",\"contentUrl\":\"https:\/\/franciscanos.org.br\/noticias\/wp-content\/uploads\/2012\/02\/custodio_g22.jpg\",\"width\":273,\"height\":181},{\"@type\":\"WebPage\",\"@id\":\"https:\/\/franciscanos.org.br\/noticias\/ofm-pede-acoes-concretas-em-favor-da-populacao-siria.html#webpage\",\"url\":\"https:\/\/franciscanos.org.br\/noticias\/ofm-pede-acoes-concretas-em-favor-da-populacao-siria.html\",\"name\":\"OFM pede a\u00e7\u00f5es concretas em favor da popula\u00e7\u00e3o s\u00edria - Not\u00edcias - Franciscanos\",\"isPartOf\":{\"@id\":\"https:\/\/franciscanos.org.br\/noticias\/#website\"},\"primaryImageOfPage\":{\"@id\":\"https:\/\/franciscanos.org.br\/noticias\/ofm-pede-acoes-concretas-em-favor-da-populacao-siria.html#primaryimage\"},\"datePublished\":\"2012-02-22T13:47:44+00:00\",\"dateModified\":\"2019-09-13T16:23:29+00:00\",\"author\":{\"@id\":\"https:\/\/franciscanos.org.br\/noticias\/#\/schema\/person\/b38fbf43118f02820bd932f2e4b14ad3\"},\"breadcrumb\":{\"@id\":\"https:\/\/franciscanos.org.br\/noticias\/ofm-pede-acoes-concretas-em-favor-da-populacao-siria.html#breadcrumb\"},\"inLanguage\":\"pt-BR\",\"potentialAction\":[{\"@type\":\"ReadAction\",\"target\":[\"https:\/\/franciscanos.org.br\/noticias\/ofm-pede-acoes-concretas-em-favor-da-populacao-siria.html\"]}]},{\"@type\":\"BreadcrumbList\",\"@id\":\"https:\/\/franciscanos.org.br\/noticias\/ofm-pede-acoes-concretas-em-favor-da-populacao-siria.html#breadcrumb\",\"itemListElement\":[{\"@type\":\"ListItem\",\"position\":1,\"name\":\"Home\",\"item\":\"https:\/\/franciscanos.org.br\/noticias\"},{\"@type\":\"ListItem\",\"position\":2,\"name\":\"OFM pede a\u00e7\u00f5es concretas em favor da popula\u00e7\u00e3o s\u00edria\"}]},{\"@type\":\"Person\",\"@id\":\"https:\/\/franciscanos.org.br\/noticias\/#\/schema\/person\/b38fbf43118f02820bd932f2e4b14ad3\",\"name\":\"admin\",\"image\":{\"@type\":\"ImageObject\",\"inLanguage\":\"pt-BR\",\"@id\":\"https:\/\/franciscanos.org.br\/noticias\/#\/schema\/person\/image\/\",\"url\":\"https:\/\/secure.gravatar.com\/avatar\/e8495742d34d0ba6448ea1c628263b3e?s=96&d=mm&r=g\",\"contentUrl\":\"https:\/\/secure.gravatar.com\/avatar\/e8495742d34d0ba6448ea1c628263b3e?s=96&d=mm&r=g\",\"caption\":\"admin\"},\"url\":\"https:\/\/franciscanos.org.br\/noticias\/author\/admin\"}]}<\/script>\n<!-- \/ Yoast SEO plugin. -->","yoast_head_json":{"title":"OFM pede a\u00e7\u00f5es concretas em favor da popula\u00e7\u00e3o s\u00edria - Not\u00edcias - Franciscanos","robots":{"index":"index","follow":"follow","max-snippet":"max-snippet:-1","max-image-preview":"max-image-preview:large","max-video-preview":"max-video-preview:-1"},"canonical":"https:\/\/franciscanos.org.br\/noticias\/ofm-pede-acoes-concretas-em-favor-da-populacao-siria.html","og_locale":"pt_BR","og_type":"article","og_title":"OFM pede a\u00e7\u00f5es concretas em favor da popula\u00e7\u00e3o s\u00edria - Not\u00edcias - Franciscanos","og_description":"Terra Santa","og_url":"https:\/\/franciscanos.org.br\/noticias\/ofm-pede-acoes-concretas-em-favor-da-populacao-siria.html","og_site_name":"Not\u00edcias - Franciscanos","article_published_time":"2012-02-22T13:47:44+00:00","article_modified_time":"2019-09-13T16:23:29+00:00","og_image":[{"width":273,"height":181,"url":"https:\/\/franciscanos.org.br\/noticias\/wp-content\/uploads\/2012\/02\/custodio_g22.jpg","type":"image\/jpeg"}],"author":"admin","twitter_card":"summary_large_image","twitter_misc":{"Escrito por":"admin","Est. tempo de leitura":"2 minutos"},"schema":{"@context":"https:\/\/schema.org","@graph":[{"@type":"WebSite","@id":"https:\/\/franciscanos.org.br\/noticias\/#website","url":"https:\/\/franciscanos.org.br\/noticias\/","name":"Not\u00edcias - Franciscanos","description":"Prov\u00edncia Franciscana da Imaculada Concei\u00e7\u00e3o do Brasil - Ordem dos Frades Menores - OFM","potentialAction":[{"@type":"SearchAction","target":{"@type":"EntryPoint","urlTemplate":"https:\/\/franciscanos.org.br\/noticias\/?s={search_term_string}"},"query-input":"required name=search_term_string"}],"inLanguage":"pt-BR"},{"@type":"ImageObject","inLanguage":"pt-BR","@id":"https:\/\/franciscanos.org.br\/noticias\/ofm-pede-acoes-concretas-em-favor-da-populacao-siria.html#primaryimage","url":"https:\/\/franciscanos.org.br\/noticias\/wp-content\/uploads\/2012\/02\/custodio_g22.jpg","contentUrl":"https:\/\/franciscanos.org.br\/noticias\/wp-content\/uploads\/2012\/02\/custodio_g22.jpg","width":273,"height":181},{"@type":"WebPage","@id":"https:\/\/franciscanos.org.br\/noticias\/ofm-pede-acoes-concretas-em-favor-da-populacao-siria.html#webpage","url":"https:\/\/franciscanos.org.br\/noticias\/ofm-pede-acoes-concretas-em-favor-da-populacao-siria.html","name":"OFM pede a\u00e7\u00f5es concretas em favor da popula\u00e7\u00e3o s\u00edria - Not\u00edcias - Franciscanos","isPartOf":{"@id":"https:\/\/franciscanos.org.br\/noticias\/#website"},"primaryImageOfPage":{"@id":"https:\/\/franciscanos.org.br\/noticias\/ofm-pede-acoes-concretas-em-favor-da-populacao-siria.html#primaryimage"},"datePublished":"2012-02-22T13:47:44+00:00","dateModified":"2019-09-13T16:23:29+00:00","author":{"@id":"https:\/\/franciscanos.org.br\/noticias\/#\/schema\/person\/b38fbf43118f02820bd932f2e4b14ad3"},"breadcrumb":{"@id":"https:\/\/franciscanos.org.br\/noticias\/ofm-pede-acoes-concretas-em-favor-da-populacao-siria.html#breadcrumb"},"inLanguage":"pt-BR","potentialAction":[{"@type":"ReadAction","target":["https:\/\/franciscanos.org.br\/noticias\/ofm-pede-acoes-concretas-em-favor-da-populacao-siria.html"]}]},{"@type":"BreadcrumbList","@id":"https:\/\/franciscanos.org.br\/noticias\/ofm-pede-acoes-concretas-em-favor-da-populacao-siria.html#breadcrumb","itemListElement":[{"@type":"ListItem","position":1,"name":"Home","item":"https:\/\/franciscanos.org.br\/noticias"},{"@type":"ListItem","position":2,"name":"OFM pede a\u00e7\u00f5es concretas em favor da popula\u00e7\u00e3o s\u00edria"}]},{"@type":"Person","@id":"https:\/\/franciscanos.org.br\/noticias\/#\/schema\/person\/b38fbf43118f02820bd932f2e4b14ad3","name":"admin","image":{"@type":"ImageObject","inLanguage":"pt-BR","@id":"https:\/\/franciscanos.org.br\/noticias\/#\/schema\/person\/image\/","url":"https:\/\/secure.gravatar.com\/avatar\/e8495742d34d0ba6448ea1c628263b3e?s=96&d=mm&r=g","contentUrl":"https:\/\/secure.gravatar.com\/avatar\/e8495742d34d0ba6448ea1c628263b3e?s=96&d=mm&r=g","caption":"admin"},"url":"https:\/\/franciscanos.org.br\/noticias\/author\/admin"}]}},"_links":{"self":[{"href":"https:\/\/franciscanos.org.br\/noticias\/wp-json\/wp\/v2\/posts\/12329"}],"collection":[{"href":"https:\/\/franciscanos.org.br\/noticias\/wp-json\/wp\/v2\/posts"}],"about":[{"href":"https:\/\/franciscanos.org.br\/noticias\/wp-json\/wp\/v2\/types\/post"}],"author":[{"embeddable":true,"href":"https:\/\/franciscanos.org.br\/noticias\/wp-json\/wp\/v2\/users\/1"}],"replies":[{"embeddable":true,"href":"https:\/\/franciscanos.org.br\/noticias\/wp-json\/wp\/v2\/comments?post=12329"}],"version-history":[{"count":0,"href":"https:\/\/franciscanos.org.br\/noticias\/wp-json\/wp\/v2\/posts\/12329\/revisions"}],"wp:featuredmedia":[{"embeddable":true,"href":"https:\/\/franciscanos.org.br\/noticias\/wp-json\/wp\/v2\/media\/210897"}],"wp:attachment":[{"href":"https:\/\/franciscanos.org.br\/noticias\/wp-json\/wp\/v2\/media?parent=12329"}],"wp:term":[{"taxonomy":"category","embeddable":true,"href":"https:\/\/franciscanos.org.br\/noticias\/wp-json\/wp\/v2\/categories?post=12329"},{"taxonomy":"post_tag","embeddable":true,"href":"https:\/\/franciscanos.org.br\/noticias\/wp-json\/wp\/v2\/tags?post=12329"}],"curies":[{"name":"wp","href":"https:\/\/api.w.org\/{rel}","templated":true}]}}