{"id":12322,"date":"2012-02-22T11:28:27","date_gmt":"2012-02-22T13:28:27","guid":{"rendered":"http:\/\/new.franciscanos.org.br\/?p=12322"},"modified":"2020-06-11T18:22:14","modified_gmt":"2020-06-11T21:22:14","slug":"papa-envia-mensagem-sobre-a-cf-deste-ano","status":"publish","type":"post","link":"https:\/\/franciscanos.org.br\/noticias\/papa-envia-mensagem-sobre-a-cf-deste-ano.html","title":{"rendered":"Papa envia mensagem sobre a CF deste ano"},"content":{"rendered":"<p><strong><a href=\"http:\/\/franciscanos.org.br\/wp-content\/uploads\/2012\/02\/cf_g2202.jpg\"><img loading=\"lazy\" class=\"alignright size-full wp-image-12323\" title=\"Campanha da Fraternidade\" src=\"http:\/\/franciscanos.org.br\/wp-content\/uploads\/2012\/02\/cf_g2202.jpg\" alt=\"\" width=\"350\" height=\"491\" \/><\/a>Cidade do Vaticano (Ita)<\/strong> &#8211; Como todos os anos, o Vaticano expressa sua ades\u00e3o e apoio \u00e0 Campanha da Fraternidade promovida pela Confer\u00eancia Nacional dos Bispos do Brasil. Foi divulgada na manh\u00e3 desta quarta-feira a carta enviada pelo Papa Bento XVI ao Presidente da CNBB, Cardeal Raymundo Damasceno Assis:<\/p>\n<p>Ao Venerado Irm\u00e3o<br \/>\nCARDEAL RAYMUNDO DAMASCENO ASSIS<br \/>\nArcebispo de Aparecida (SP) e Presidente da CNBB<br \/>\nFraternas sauda\u00e7\u00f5es em Cristo Senhor!<\/p>\n<p>De bom grado me associo \u00e0 Confer\u00eancia Nacional dos Bispos do Brasil que lan\u00e7a uma nova Campanha da Fraternidade, sob o lema &#8220;que a sa\u00fade se difunda sobre a terra&#8221; (cf. Ecio 38,8), com o objetivo de suscitar, a partir de uma reflex\u00e3o sobre a realidade da sa\u00fade no Brasil, um maior esp\u00edrito fraterno e comunit\u00e1rio na aten\u00e7\u00e3o dos enfermos e levar a sociedade a garantir a mais pessoas o direito de ter acesso aos meios necess\u00e1rios para uma vida saud\u00e1vel.<\/p>\n<p>Para os crist\u00e3os, de modo particular, o lema b\u00edblico \u00e9 uma lembran\u00e7a de que a sa\u00fade vai muito al\u00e9m de um simples bem-estar corporal. No epis\u00f3dio da cura de um paral\u00edtico (cf. Mi_ 9, 2-8), Jesus, antes de fazer com que esse voltasse a andar, perdoa-lhe os pecados, ensinando que a cura perfeita \u00e9 o perd\u00e3o dos pecados, e a sa\u00fade por excel\u00eancia \u00e9 a da alma, pois que adianta ao homem ganhar o mundo inteiro, mas perder a sua alma?\u00bb (Mi 16,26). Com efeito, as palavras sa\u00fade e salva\u00e7\u00e3o t\u00eam origem no mesmo termo latino \u2018salus&#8217; e n\u00e3o por outra raz\u00e3o, nos Evangelhos, vemos a a\u00e7\u00e3o do Salvador da humanidade associada a diversas curas: \u201cJesus andava por toda a Galil\u00e9ia, ensinando em suas sinagogas, pregando o Evangelho do Reino e curando todo o tipo de doen\u00e7a e enfermidades do povo\u201d (Mt 4,23).<\/p>\n<p>Com o seu exemplo diante dos olhos, segundo o verdadeiro esp\u00edrito quaresmal, possa esta Campanha inspirar no cora\u00e7\u00e3o dos fi\u00e9is e das pessoas de boa vontade urna solidariedade cada vez mais profunda para com os enfermos, tantas vezes sofrendo mais pela solid\u00e3o e abandono do que pela doen\u00e7a, lembrando que o pr\u00f3prio Jesus quis Se identificar com eles: (pois Eu estava doente e cuidastes de Mim\u00bb (Mt 2536). Aju\u00acdando-lhes ao mesmo tempo a descobrir que se, por um lado, a doen\u00e7a \u00e9 prova dolorosa, por outro, pode ser, na uni\u00e3o com Cristo crucificado e ressuscitado, uma participa\u00e7\u00e3o no mist\u00e9rio do sofrimento d&#8217;Ele para a salva\u00e7\u00e3o do mundo. Pois, \u00aboferecendo o nosso sofrimento a Deus por meio de Cristo, n\u00f3s podemos colaborar na vit\u00f3ria do bem sobre o mal, porque Deus toma fecunda a nossa oferta, o nosso ato de amor\u00bb (Bento XVI, Discurso aos enfermos de Turim, 2\/V\/2010).<\/p>\n<p>Associando-me, pois, a esta iniciativa da CNBB e fazendo minhas as alegrias e as esperan\u00e7as, as tristezas e as ang\u00fastias de cada um, sa\u00fado fraternalmente quantos tomam parte, f\u00edsica ou espiritualmente, na Campanha \u00abFraternidade e Sa\u00fade P\u00fablica\u00bb, invocando \u2014 pela intercess\u00e3o de Nossa Senhora Aparecida \u2014 para todos, mas de modo especial para os doentes, o conforto e a fortaleza de Deus no cumprimento do dever de estado, individual, familiar e social, fonte de sa\u00fade e progresso do Brasil, tornando-se f\u00e9rtil na santidade, pr\u00f3spero na economia, justo na participa\u00e7\u00e3o das riquezas, alegre no servi\u00e7o p\u00fablico, equ\u00e2nime no poder e fraterno no desenvolvimento, E, para confirmar-lhes nestes bons prop\u00f3sitos, envio uma propiciadora B\u00ean\u00e7\u00e3o Apost\u00f3lica.<\/p>\n<p><strong>Vaticano, 11 de fevereiro de 2012<\/strong><\/p>\n","protected":false},"excerpt":{"rendered":"<p>Vaticano<\/p>\n","protected":false},"author":1,"featured_media":199934,"comment_status":"closed","ping_status":"open","sticky":false,"template":"","format":"standard","meta":[],"categories":[1428],"tags":[180],"acf":[],"yoast_head":"<!-- This site is optimized with the Yoast SEO plugin v19.2 - https:\/\/yoast.com\/wordpress\/plugins\/seo\/ -->\n<title>Papa envia mensagem sobre a CF deste ano - Not\u00edcias - Franciscanos<\/title>\n<meta name=\"robots\" content=\"index, follow, max-snippet:-1, max-image-preview:large, max-video-preview:-1\" \/>\n<link rel=\"canonical\" href=\"https:\/\/franciscanos.org.br\/noticias\/papa-envia-mensagem-sobre-a-cf-deste-ano.html\" \/>\n<meta property=\"og:locale\" content=\"pt_BR\" \/>\n<meta property=\"og:type\" content=\"article\" \/>\n<meta property=\"og:title\" content=\"Papa envia mensagem sobre a CF deste ano - Not\u00edcias - Franciscanos\" \/>\n<meta property=\"og:description\" content=\"Vaticano\" \/>\n<meta property=\"og:url\" content=\"https:\/\/franciscanos.org.br\/noticias\/papa-envia-mensagem-sobre-a-cf-deste-ano.html\" \/>\n<meta property=\"og:site_name\" content=\"Not\u00edcias - Franciscanos\" \/>\n<meta property=\"article:published_time\" content=\"2012-02-22T13:28:27+00:00\" \/>\n<meta property=\"article:modified_time\" content=\"2020-06-11T21:22:14+00:00\" \/>\n<meta property=\"og:image\" content=\"https:\/\/franciscanos.org.br\/noticias\/wp-content\/uploads\/2012\/02\/cf_g2202.jpg\" \/>\n\t<meta property=\"og:image:width\" content=\"273\" \/>\n\t<meta property=\"og:image:height\" content=\"181\" \/>\n\t<meta property=\"og:image:type\" content=\"image\/jpeg\" \/>\n<meta name=\"author\" content=\"admin\" \/>\n<meta name=\"twitter:card\" content=\"summary_large_image\" \/>\n<meta name=\"twitter:label1\" content=\"Escrito por\" \/>\n\t<meta name=\"twitter:data1\" content=\"admin\" \/>\n\t<meta name=\"twitter:label2\" content=\"Est. tempo de leitura\" \/>\n\t<meta name=\"twitter:data2\" content=\"3 minutos\" \/>\n<script type=\"application\/ld+json\" class=\"yoast-schema-graph\">{\"@context\":\"https:\/\/schema.org\",\"@graph\":[{\"@type\":\"WebSite\",\"@id\":\"https:\/\/franciscanos.org.br\/noticias\/#website\",\"url\":\"https:\/\/franciscanos.org.br\/noticias\/\",\"name\":\"Not\u00edcias - Franciscanos\",\"description\":\"Prov\u00edncia Franciscana da Imaculada Concei\u00e7\u00e3o do Brasil - Ordem dos Frades Menores - OFM\",\"potentialAction\":[{\"@type\":\"SearchAction\",\"target\":{\"@type\":\"EntryPoint\",\"urlTemplate\":\"https:\/\/franciscanos.org.br\/noticias\/?s={search_term_string}\"},\"query-input\":\"required name=search_term_string\"}],\"inLanguage\":\"pt-BR\"},{\"@type\":\"ImageObject\",\"inLanguage\":\"pt-BR\",\"@id\":\"https:\/\/franciscanos.org.br\/noticias\/papa-envia-mensagem-sobre-a-cf-deste-ano.html#primaryimage\",\"url\":\"https:\/\/franciscanos.org.br\/noticias\/wp-content\/uploads\/2012\/02\/cf_g2202.jpg\",\"contentUrl\":\"https:\/\/franciscanos.org.br\/noticias\/wp-content\/uploads\/2012\/02\/cf_g2202.jpg\",\"width\":273,\"height\":181},{\"@type\":\"WebPage\",\"@id\":\"https:\/\/franciscanos.org.br\/noticias\/papa-envia-mensagem-sobre-a-cf-deste-ano.html#webpage\",\"url\":\"https:\/\/franciscanos.org.br\/noticias\/papa-envia-mensagem-sobre-a-cf-deste-ano.html\",\"name\":\"Papa envia mensagem sobre a CF deste ano - Not\u00edcias - Franciscanos\",\"isPartOf\":{\"@id\":\"https:\/\/franciscanos.org.br\/noticias\/#website\"},\"primaryImageOfPage\":{\"@id\":\"https:\/\/franciscanos.org.br\/noticias\/papa-envia-mensagem-sobre-a-cf-deste-ano.html#primaryimage\"},\"datePublished\":\"2012-02-22T13:28:27+00:00\",\"dateModified\":\"2020-06-11T21:22:14+00:00\",\"author\":{\"@id\":\"https:\/\/franciscanos.org.br\/noticias\/#\/schema\/person\/b38fbf43118f02820bd932f2e4b14ad3\"},\"breadcrumb\":{\"@id\":\"https:\/\/franciscanos.org.br\/noticias\/papa-envia-mensagem-sobre-a-cf-deste-ano.html#breadcrumb\"},\"inLanguage\":\"pt-BR\",\"potentialAction\":[{\"@type\":\"ReadAction\",\"target\":[\"https:\/\/franciscanos.org.br\/noticias\/papa-envia-mensagem-sobre-a-cf-deste-ano.html\"]}]},{\"@type\":\"BreadcrumbList\",\"@id\":\"https:\/\/franciscanos.org.br\/noticias\/papa-envia-mensagem-sobre-a-cf-deste-ano.html#breadcrumb\",\"itemListElement\":[{\"@type\":\"ListItem\",\"position\":1,\"name\":\"Home\",\"item\":\"https:\/\/franciscanos.org.br\/noticias\"},{\"@type\":\"ListItem\",\"position\":2,\"name\":\"Papa envia mensagem sobre a CF deste ano\"}]},{\"@type\":\"Person\",\"@id\":\"https:\/\/franciscanos.org.br\/noticias\/#\/schema\/person\/b38fbf43118f02820bd932f2e4b14ad3\",\"name\":\"admin\",\"image\":{\"@type\":\"ImageObject\",\"inLanguage\":\"pt-BR\",\"@id\":\"https:\/\/franciscanos.org.br\/noticias\/#\/schema\/person\/image\/\",\"url\":\"https:\/\/secure.gravatar.com\/avatar\/e8495742d34d0ba6448ea1c628263b3e?s=96&d=mm&r=g\",\"contentUrl\":\"https:\/\/secure.gravatar.com\/avatar\/e8495742d34d0ba6448ea1c628263b3e?s=96&d=mm&r=g\",\"caption\":\"admin\"},\"url\":\"https:\/\/franciscanos.org.br\/noticias\/author\/admin\"}]}<\/script>\n<!-- \/ Yoast SEO plugin. -->","yoast_head_json":{"title":"Papa envia mensagem sobre a CF deste ano - Not\u00edcias - Franciscanos","robots":{"index":"index","follow":"follow","max-snippet":"max-snippet:-1","max-image-preview":"max-image-preview:large","max-video-preview":"max-video-preview:-1"},"canonical":"https:\/\/franciscanos.org.br\/noticias\/papa-envia-mensagem-sobre-a-cf-deste-ano.html","og_locale":"pt_BR","og_type":"article","og_title":"Papa envia mensagem sobre a CF deste ano - Not\u00edcias - Franciscanos","og_description":"Vaticano","og_url":"https:\/\/franciscanos.org.br\/noticias\/papa-envia-mensagem-sobre-a-cf-deste-ano.html","og_site_name":"Not\u00edcias - Franciscanos","article_published_time":"2012-02-22T13:28:27+00:00","article_modified_time":"2020-06-11T21:22:14+00:00","og_image":[{"width":273,"height":181,"url":"https:\/\/franciscanos.org.br\/noticias\/wp-content\/uploads\/2012\/02\/cf_g2202.jpg","type":"image\/jpeg"}],"author":"admin","twitter_card":"summary_large_image","twitter_misc":{"Escrito por":"admin","Est. tempo de leitura":"3 minutos"},"schema":{"@context":"https:\/\/schema.org","@graph":[{"@type":"WebSite","@id":"https:\/\/franciscanos.org.br\/noticias\/#website","url":"https:\/\/franciscanos.org.br\/noticias\/","name":"Not\u00edcias - Franciscanos","description":"Prov\u00edncia Franciscana da Imaculada Concei\u00e7\u00e3o do Brasil - Ordem dos Frades Menores - OFM","potentialAction":[{"@type":"SearchAction","target":{"@type":"EntryPoint","urlTemplate":"https:\/\/franciscanos.org.br\/noticias\/?s={search_term_string}"},"query-input":"required name=search_term_string"}],"inLanguage":"pt-BR"},{"@type":"ImageObject","inLanguage":"pt-BR","@id":"https:\/\/franciscanos.org.br\/noticias\/papa-envia-mensagem-sobre-a-cf-deste-ano.html#primaryimage","url":"https:\/\/franciscanos.org.br\/noticias\/wp-content\/uploads\/2012\/02\/cf_g2202.jpg","contentUrl":"https:\/\/franciscanos.org.br\/noticias\/wp-content\/uploads\/2012\/02\/cf_g2202.jpg","width":273,"height":181},{"@type":"WebPage","@id":"https:\/\/franciscanos.org.br\/noticias\/papa-envia-mensagem-sobre-a-cf-deste-ano.html#webpage","url":"https:\/\/franciscanos.org.br\/noticias\/papa-envia-mensagem-sobre-a-cf-deste-ano.html","name":"Papa envia mensagem sobre a CF deste ano - Not\u00edcias - Franciscanos","isPartOf":{"@id":"https:\/\/franciscanos.org.br\/noticias\/#website"},"primaryImageOfPage":{"@id":"https:\/\/franciscanos.org.br\/noticias\/papa-envia-mensagem-sobre-a-cf-deste-ano.html#primaryimage"},"datePublished":"2012-02-22T13:28:27+00:00","dateModified":"2020-06-11T21:22:14+00:00","author":{"@id":"https:\/\/franciscanos.org.br\/noticias\/#\/schema\/person\/b38fbf43118f02820bd932f2e4b14ad3"},"breadcrumb":{"@id":"https:\/\/franciscanos.org.br\/noticias\/papa-envia-mensagem-sobre-a-cf-deste-ano.html#breadcrumb"},"inLanguage":"pt-BR","potentialAction":[{"@type":"ReadAction","target":["https:\/\/franciscanos.org.br\/noticias\/papa-envia-mensagem-sobre-a-cf-deste-ano.html"]}]},{"@type":"BreadcrumbList","@id":"https:\/\/franciscanos.org.br\/noticias\/papa-envia-mensagem-sobre-a-cf-deste-ano.html#breadcrumb","itemListElement":[{"@type":"ListItem","position":1,"name":"Home","item":"https:\/\/franciscanos.org.br\/noticias"},{"@type":"ListItem","position":2,"name":"Papa envia mensagem sobre a CF deste ano"}]},{"@type":"Person","@id":"https:\/\/franciscanos.org.br\/noticias\/#\/schema\/person\/b38fbf43118f02820bd932f2e4b14ad3","name":"admin","image":{"@type":"ImageObject","inLanguage":"pt-BR","@id":"https:\/\/franciscanos.org.br\/noticias\/#\/schema\/person\/image\/","url":"https:\/\/secure.gravatar.com\/avatar\/e8495742d34d0ba6448ea1c628263b3e?s=96&d=mm&r=g","contentUrl":"https:\/\/secure.gravatar.com\/avatar\/e8495742d34d0ba6448ea1c628263b3e?s=96&d=mm&r=g","caption":"admin"},"url":"https:\/\/franciscanos.org.br\/noticias\/author\/admin"}]}},"_links":{"self":[{"href":"https:\/\/franciscanos.org.br\/noticias\/wp-json\/wp\/v2\/posts\/12322"}],"collection":[{"href":"https:\/\/franciscanos.org.br\/noticias\/wp-json\/wp\/v2\/posts"}],"about":[{"href":"https:\/\/franciscanos.org.br\/noticias\/wp-json\/wp\/v2\/types\/post"}],"author":[{"embeddable":true,"href":"https:\/\/franciscanos.org.br\/noticias\/wp-json\/wp\/v2\/users\/1"}],"replies":[{"embeddable":true,"href":"https:\/\/franciscanos.org.br\/noticias\/wp-json\/wp\/v2\/comments?post=12322"}],"version-history":[{"count":1,"href":"https:\/\/franciscanos.org.br\/noticias\/wp-json\/wp\/v2\/posts\/12322\/revisions"}],"predecessor-version":[{"id":226468,"href":"https:\/\/franciscanos.org.br\/noticias\/wp-json\/wp\/v2\/posts\/12322\/revisions\/226468"}],"wp:featuredmedia":[{"embeddable":true,"href":"https:\/\/franciscanos.org.br\/noticias\/wp-json\/wp\/v2\/media\/199934"}],"wp:attachment":[{"href":"https:\/\/franciscanos.org.br\/noticias\/wp-json\/wp\/v2\/media?parent=12322"}],"wp:term":[{"taxonomy":"category","embeddable":true,"href":"https:\/\/franciscanos.org.br\/noticias\/wp-json\/wp\/v2\/categories?post=12322"},{"taxonomy":"post_tag","embeddable":true,"href":"https:\/\/franciscanos.org.br\/noticias\/wp-json\/wp\/v2\/tags?post=12322"}],"curies":[{"name":"wp","href":"https:\/\/api.w.org\/{rel}","templated":true}]}}