{"id":123052,"date":"2017-01-11T10:54:48","date_gmt":"2017-01-11T12:54:48","guid":{"rendered":"http:\/\/franciscanos.org.br\/?p=123052"},"modified":"2019-01-22T16:30:22","modified_gmt":"2019-01-22T18:30:22","slug":"curitiba-sera-sede-das-missoes-franciscanas-da-juventude","status":"publish","type":"post","link":"https:\/\/franciscanos.org.br\/noticias\/curitiba-sera-sede-das-missoes-franciscanas-da-juventude.html","title":{"rendered":"Curitiba: Nesta quinta come\u00e7am as Miss\u00f5es Franciscanas"},"content":{"rendered":"<p><strong><a href=\"http:\/\/franciscanos.org.br\/wp-content\/uploads\/2017\/01\/830.jpg\"><img loading=\"lazy\" class=\"alignleft\" src=\"http:\/\/franciscanos.org.br\/wp-content\/uploads\/2017\/01\/830.jpg\" alt=\"830\" width=\"830\" height=\"314\" \/><\/a><\/strong><strong>\u00c9rika Augusto<\/strong><\/p>\n<p><strong>S\u00e3o Paulo (SP)<\/strong> &#8211; Entre os dias 19 e 22 de janeiro, mais de 500 jovens participar\u00e3o da 4\u00aa edi\u00e7\u00e3o das <strong>Miss\u00f5es Franciscanas da Juventude<\/strong>. A primeira edi\u00e7\u00e3o aconteceu em 2014, na cidade de Ituporanga (SC), e contou com a presen\u00e7a de 90 jovens. O evento \u00e9 promovido pelo SAV \u2013 Servi\u00e7o de Anima\u00e7\u00e3o Vocacional, em parceria com as par\u00f3quias franciscanas e grupos ligados ao carisma.<\/p>\n<p>A cidade de Curitiba foi escolhida para sediar esta 4\u00aa edi\u00e7\u00e3o. Nos 4 dias de atividade, os jovens visitar\u00e3o as fam\u00edlias locais, far\u00e3o atividades de voluntariado em escolas, hospitais, e tamb\u00e9m visitar\u00e3o pres\u00eddios e prost\u00edbulos. O cuidado com o meio ambiente tamb\u00e9m ser\u00e1 contemplado nas atividades realizadas, atrav\u00e9s do plantio de mudas de \u00e1rvores. As Miss\u00f5es s\u00e3o um espa\u00e7o de conviv\u00eancia, partilha e troca de experi\u00eancias entre os jovens de toda a Prov\u00edncia. \u00c9 tamb\u00e9m um momento forte de\u00a0espiritualidade e di\u00e1logo ecum\u00eanico \u2013 uma vez que jovens de diversas denomina\u00e7\u00f5es crist\u00e3s s\u00e3o convidados a participar.<\/p>\n<p>Uma das novidades para este ano foi o desenvolvimento de um <a href=\"http:\/\/goo.gl\/I02jho\" target=\"_blank\" rel=\"noopener\"><strong>aplicativo para smartphone<\/strong><\/a>, lan\u00e7ado oficialmente nesta semana, e est\u00e1 dispon\u00edvel por enquanto apenas para Android. Em breve ser\u00e1 liberada a vers\u00e3o para IOS. Em entrevista, Frei Diego Melo, coordenador do SAV, fala sobre o aplicativo.<br \/>\n<strong><img loading=\"lazy\" class=\"alignright size-full wp-image-123058\" src=\"http:\/\/franciscanos.org.br\/wp-content\/uploads\/2017\/01\/app_050117.jpg\" alt=\"celular\" width=\"560\" height=\"560\" \/><\/strong><\/p>\n<p><strong>Site Franciscanos &#8211;<\/strong> Como nasceu a ideia de criar um aplicativo para as Miss\u00f5es?<\/p>\n<p><strong>Frei Diego &#8211;<\/strong> Durante uma das reuni\u00f5es de prepara\u00e7\u00e3o das Miss\u00f5es, enquanto trat\u00e1vamos dos meios de divulga\u00e7\u00e3o e de como atingir o maior n\u00famero de pessoas, os pr\u00f3prios jovens sugeriram a ideia de se fazer um aplicativo. E o mais legal \u00e9 que esse aplicativo foi constru\u00eddo por muitas m\u00e3os e com as sugest\u00f5es de muitos jovens, a come\u00e7ar pela Pamela Chiapetti que foi quem come\u00e7ou a desenvolv\u00ea-lo, contando com o precioso empenho e dedica\u00e7\u00e3o da \u00c9rika Augusto e tamb\u00e9m do Frei Augusto Gabriel, que s\u00e3o todos jovens que conhecem muito bem esse universo digital e que certamente fizeram com que esse aplicativo ficasse atrativo, leve e interativo.<br \/>\nEnfim, foi uma ideia nascida dos jovens, executada por eles e destinada para a pr\u00f3pria juventude.<\/p>\n<p><strong>Site Franciscanos<\/strong> &#8211; Como voc\u00ea acha que este meio vai ajudar os jovens nas miss\u00f5es?<\/p>\n<p><strong>Frei Diego<\/strong> &#8211; Com o aplicativo das Miss\u00f5es, os jovens j\u00e1 chegar\u00e3o em Curitiba sabendo do que se trata esse evento, conhecendo o hist\u00f3rico das demais edi\u00e7\u00f5es, toda a programa\u00e7\u00e3o, o que ir\u00e3o realizar e tamb\u00e9m um pouco mais da nossa espiritualidade franciscana.<\/p>\n<p>Al\u00e9m disso, no aplicativo eles ter\u00e3o acesso a todo o subs\u00eddio necess\u00e1rio para a realiza\u00e7\u00e3o do seu trabalho mission\u00e1rio, como leituras b\u00edblicas, rituais de b\u00ean\u00e7\u00e3os e sugest\u00f5es de cantos para as visitas \u00e0s fam\u00edlias. Tudo isso ao alcance de um clique.<br \/>\nPor fim, o aplicativo quer ser tamb\u00e9m uma op\u00e7\u00e3o de forma\u00e7\u00e3o, pois apresenta a hist\u00f3ria de S\u00e3o Francisco, Santa Clara e Santo Ant\u00f4nio, a explica\u00e7\u00e3o da sauda\u00e7\u00e3o franciscana de Paz e bem, do Tau e de outros s\u00edmbolos que s\u00e3o pr\u00f3prios da nossa espiritualidade, a apresenta\u00e7\u00e3o das 3 Ordens Franciscanas etc. H\u00e1 tamb\u00e9m um espa\u00e7o vocacional, cujo objetivo \u00e9 levar os jovens a questionarem-se vocacionalmente e oferecer um canal de di\u00e1logo e intera\u00e7\u00e3o para tirarem suas d\u00favidas vocacionais, bem como, possivelmente, iniciarem um processo de acompanhamento personalizado.<\/p>\n<p><strong>Site Franciscanos &#8211;<\/strong>\u00a0Como coordenador do SAV, qual a import\u00e2ncia de atualizar a forma como falamos com os jovens?<\/p>\n<p><strong>Frei Diego &#8211; <\/strong>Quando falamos dos jovens de hoje, estamos nos referindo \u00e0queles nascidos a partir da d\u00e9cada de 90, denominados como Nativos Digitais, a Gera\u00e7\u00e3o Z. S\u00e3o aqueles que t\u00eam suas vidas marcadas pela exist\u00eancia da internet, da conex\u00e3o r\u00e1pida, da quebra das barreiras do tempo e do espa\u00e7o, da capacidade de executar v\u00e1rias fun\u00e7\u00f5es ao mesmo tempo, da interatividade e do di\u00e1logo constante.<\/p>\n<p>Desse modo, optando afetiva e efetivamente pelo trabalho com a juventude, penso que antes de tudo \u00e9 preciso criar proximidade, empatia, comunh\u00e3o, reciprocidade e di\u00e1logo. Para tanto, \u00e9 preciso tamb\u00e9m saber dialogar com eles, descobrir a l\u00f3gica que os conduz, entender suas formas de se relacionar e ajuda-los a perceber tudo o que os envolve como uma realidade teol\u00f3gica, como manifesta\u00e7\u00e3o da presen\u00e7a de Deus. Assim, enquanto Igreja em sa\u00edda, precisamos entender os sinais dos tempos e descobrir novos caminhos de comunh\u00e3o e di\u00e1logo, de modo que \u00e9 imprescind\u00edvel que nos fa\u00e7amos presentes tamb\u00e9m nesse grande universo digital.<br \/>\nNo entanto, temos consci\u00eancia de que n\u00e3o basta simplesmente ocupar esses novos are\u00f3pagos juvenis. \u00c9 preciso ir al\u00e9m, criando tamb\u00e9m la\u00e7os humanos de verdadeira comunh\u00e3o e empatia, pois o virtual nunca pode substituir o real. Conforme nos lembra o Papa Francisco na sua Mensagem para o 48\u00ba Dia Mundial das Comunica\u00e7\u00f5es, \u201cn\u00e3o basta circular pelas \u2018estradas\u2019 digitais, isto \u00e9, simplesmente estar conectados: \u00e9 necess\u00e1rio que a conex\u00e3o seja acompanhada pelo encontro verdadeiro. N\u00e3o podemos viver sozinhos, fechados em n\u00f3s mesmos. Precisamos de amar e ser amados. Precisamos de ternura. N\u00e3o s\u00e3o as estrat\u00e9gias comunicativas que garantem a beleza, a bondade e a verdade da comunica\u00e7\u00e3o. O pr\u00f3prio mundo dos mass-media n\u00e3o pode alhear-se da solicitude pela humanidade, chamado como \u00e9 a exprimir ternura. A rede digital pode ser um lugar rico de humanidade: n\u00e3o uma rede de fios, mas de pessoas humanas\u201d.<\/p>\n<p>Portanto, acreditamos que o nosso Servi\u00e7o de Anima\u00e7\u00e3o Vocacional est\u00e1 descobrindo a import\u00e2ncia de ocupar esses espa\u00e7os digitais como uma possibilidade de di\u00e1logo com os jovens, mas sem jamais esquecer daquela acolhida calorosa que alegra, daquele olhar misericordioso que perdoa e daquele abra\u00e7o fraterno que transmite ternura. Enfim, daquele contato humano que realmente nos torna pr\u00f3ximo e cria la\u00e7os de comunh\u00e3o e fraternidade.<\/p>\n","protected":false},"excerpt":{"rendered":"<p>Juventude<\/p>\n","protected":false},"author":1,"featured_media":195584,"comment_status":"open","ping_status":"open","sticky":false,"template":"","format":"standard","meta":[],"categories":[1],"tags":[1206],"acf":[],"yoast_head":"<!-- This site is optimized with the Yoast SEO plugin v19.2 - https:\/\/yoast.com\/wordpress\/plugins\/seo\/ -->\n<title>Curitiba: Nesta quinta come\u00e7am as Miss\u00f5es Franciscanas - Not\u00edcias - Franciscanos<\/title>\n<meta name=\"robots\" content=\"index, follow, max-snippet:-1, max-image-preview:large, max-video-preview:-1\" \/>\n<link rel=\"canonical\" href=\"https:\/\/franciscanos.org.br\/noticias\/curitiba-sera-sede-das-missoes-franciscanas-da-juventude.html\" \/>\n<meta property=\"og:locale\" content=\"pt_BR\" \/>\n<meta property=\"og:type\" content=\"article\" \/>\n<meta property=\"og:title\" content=\"Curitiba: Nesta quinta come\u00e7am as Miss\u00f5es Franciscanas - Not\u00edcias - Franciscanos\" \/>\n<meta property=\"og:description\" content=\"Juventude\" \/>\n<meta property=\"og:url\" content=\"https:\/\/franciscanos.org.br\/noticias\/curitiba-sera-sede-das-missoes-franciscanas-da-juventude.html\" \/>\n<meta property=\"og:site_name\" content=\"Not\u00edcias - Franciscanos\" \/>\n<meta property=\"article:published_time\" content=\"2017-01-11T12:54:48+00:00\" \/>\n<meta property=\"article:modified_time\" content=\"2019-01-22T18:30:22+00:00\" \/>\n<meta property=\"og:image\" content=\"https:\/\/franciscanos.org.br\/noticias\/wp-content\/uploads\/2017\/01\/logo-missoes-.jpg\" \/>\n\t<meta property=\"og:image:width\" content=\"273\" \/>\n\t<meta property=\"og:image:height\" content=\"181\" \/>\n\t<meta property=\"og:image:type\" content=\"image\/jpeg\" \/>\n<meta name=\"author\" content=\"admin\" \/>\n<meta name=\"twitter:card\" content=\"summary_large_image\" \/>\n<meta name=\"twitter:label1\" content=\"Escrito por\" \/>\n\t<meta name=\"twitter:data1\" content=\"admin\" \/>\n\t<meta name=\"twitter:label2\" content=\"Est. tempo de leitura\" \/>\n\t<meta name=\"twitter:data2\" content=\"5 minutos\" \/>\n<script type=\"application\/ld+json\" class=\"yoast-schema-graph\">{\"@context\":\"https:\/\/schema.org\",\"@graph\":[{\"@type\":\"WebSite\",\"@id\":\"https:\/\/franciscanos.org.br\/noticias\/#website\",\"url\":\"https:\/\/franciscanos.org.br\/noticias\/\",\"name\":\"Not\u00edcias - Franciscanos\",\"description\":\"Prov\u00edncia Franciscana da Imaculada Concei\u00e7\u00e3o do Brasil - Ordem dos Frades Menores - OFM\",\"potentialAction\":[{\"@type\":\"SearchAction\",\"target\":{\"@type\":\"EntryPoint\",\"urlTemplate\":\"https:\/\/franciscanos.org.br\/noticias\/?s={search_term_string}\"},\"query-input\":\"required name=search_term_string\"}],\"inLanguage\":\"pt-BR\"},{\"@type\":\"ImageObject\",\"inLanguage\":\"pt-BR\",\"@id\":\"https:\/\/franciscanos.org.br\/noticias\/curitiba-sera-sede-das-missoes-franciscanas-da-juventude.html#primaryimage\",\"url\":\"https:\/\/franciscanos.org.br\/noticias\/wp-content\/uploads\/2017\/01\/logo-missoes-.jpg\",\"contentUrl\":\"https:\/\/franciscanos.org.br\/noticias\/wp-content\/uploads\/2017\/01\/logo-missoes-.jpg\",\"width\":273,\"height\":181},{\"@type\":\"WebPage\",\"@id\":\"https:\/\/franciscanos.org.br\/noticias\/curitiba-sera-sede-das-missoes-franciscanas-da-juventude.html#webpage\",\"url\":\"https:\/\/franciscanos.org.br\/noticias\/curitiba-sera-sede-das-missoes-franciscanas-da-juventude.html\",\"name\":\"Curitiba: Nesta quinta come\u00e7am as Miss\u00f5es Franciscanas - Not\u00edcias - Franciscanos\",\"isPartOf\":{\"@id\":\"https:\/\/franciscanos.org.br\/noticias\/#website\"},\"primaryImageOfPage\":{\"@id\":\"https:\/\/franciscanos.org.br\/noticias\/curitiba-sera-sede-das-missoes-franciscanas-da-juventude.html#primaryimage\"},\"datePublished\":\"2017-01-11T12:54:48+00:00\",\"dateModified\":\"2019-01-22T18:30:22+00:00\",\"author\":{\"@id\":\"https:\/\/franciscanos.org.br\/noticias\/#\/schema\/person\/b38fbf43118f02820bd932f2e4b14ad3\"},\"breadcrumb\":{\"@id\":\"https:\/\/franciscanos.org.br\/noticias\/curitiba-sera-sede-das-missoes-franciscanas-da-juventude.html#breadcrumb\"},\"inLanguage\":\"pt-BR\",\"potentialAction\":[{\"@type\":\"ReadAction\",\"target\":[\"https:\/\/franciscanos.org.br\/noticias\/curitiba-sera-sede-das-missoes-franciscanas-da-juventude.html\"]}]},{\"@type\":\"BreadcrumbList\",\"@id\":\"https:\/\/franciscanos.org.br\/noticias\/curitiba-sera-sede-das-missoes-franciscanas-da-juventude.html#breadcrumb\",\"itemListElement\":[{\"@type\":\"ListItem\",\"position\":1,\"name\":\"Home\",\"item\":\"https:\/\/franciscanos.org.br\/noticias\"},{\"@type\":\"ListItem\",\"position\":2,\"name\":\"Curitiba: Nesta quinta come\u00e7am as Miss\u00f5es Franciscanas\"}]},{\"@type\":\"Person\",\"@id\":\"https:\/\/franciscanos.org.br\/noticias\/#\/schema\/person\/b38fbf43118f02820bd932f2e4b14ad3\",\"name\":\"admin\",\"image\":{\"@type\":\"ImageObject\",\"inLanguage\":\"pt-BR\",\"@id\":\"https:\/\/franciscanos.org.br\/noticias\/#\/schema\/person\/image\/\",\"url\":\"https:\/\/secure.gravatar.com\/avatar\/e8495742d34d0ba6448ea1c628263b3e?s=96&d=mm&r=g\",\"contentUrl\":\"https:\/\/secure.gravatar.com\/avatar\/e8495742d34d0ba6448ea1c628263b3e?s=96&d=mm&r=g\",\"caption\":\"admin\"},\"url\":\"https:\/\/franciscanos.org.br\/noticias\/author\/admin\"}]}<\/script>\n<!-- \/ Yoast SEO plugin. -->","yoast_head_json":{"title":"Curitiba: Nesta quinta come\u00e7am as Miss\u00f5es Franciscanas - Not\u00edcias - Franciscanos","robots":{"index":"index","follow":"follow","max-snippet":"max-snippet:-1","max-image-preview":"max-image-preview:large","max-video-preview":"max-video-preview:-1"},"canonical":"https:\/\/franciscanos.org.br\/noticias\/curitiba-sera-sede-das-missoes-franciscanas-da-juventude.html","og_locale":"pt_BR","og_type":"article","og_title":"Curitiba: Nesta quinta come\u00e7am as Miss\u00f5es Franciscanas - Not\u00edcias - Franciscanos","og_description":"Juventude","og_url":"https:\/\/franciscanos.org.br\/noticias\/curitiba-sera-sede-das-missoes-franciscanas-da-juventude.html","og_site_name":"Not\u00edcias - Franciscanos","article_published_time":"2017-01-11T12:54:48+00:00","article_modified_time":"2019-01-22T18:30:22+00:00","og_image":[{"width":273,"height":181,"url":"https:\/\/franciscanos.org.br\/noticias\/wp-content\/uploads\/2017\/01\/logo-missoes-.jpg","type":"image\/jpeg"}],"author":"admin","twitter_card":"summary_large_image","twitter_misc":{"Escrito por":"admin","Est. tempo de leitura":"5 minutos"},"schema":{"@context":"https:\/\/schema.org","@graph":[{"@type":"WebSite","@id":"https:\/\/franciscanos.org.br\/noticias\/#website","url":"https:\/\/franciscanos.org.br\/noticias\/","name":"Not\u00edcias - Franciscanos","description":"Prov\u00edncia Franciscana da Imaculada Concei\u00e7\u00e3o do Brasil - Ordem dos Frades Menores - OFM","potentialAction":[{"@type":"SearchAction","target":{"@type":"EntryPoint","urlTemplate":"https:\/\/franciscanos.org.br\/noticias\/?s={search_term_string}"},"query-input":"required name=search_term_string"}],"inLanguage":"pt-BR"},{"@type":"ImageObject","inLanguage":"pt-BR","@id":"https:\/\/franciscanos.org.br\/noticias\/curitiba-sera-sede-das-missoes-franciscanas-da-juventude.html#primaryimage","url":"https:\/\/franciscanos.org.br\/noticias\/wp-content\/uploads\/2017\/01\/logo-missoes-.jpg","contentUrl":"https:\/\/franciscanos.org.br\/noticias\/wp-content\/uploads\/2017\/01\/logo-missoes-.jpg","width":273,"height":181},{"@type":"WebPage","@id":"https:\/\/franciscanos.org.br\/noticias\/curitiba-sera-sede-das-missoes-franciscanas-da-juventude.html#webpage","url":"https:\/\/franciscanos.org.br\/noticias\/curitiba-sera-sede-das-missoes-franciscanas-da-juventude.html","name":"Curitiba: Nesta quinta come\u00e7am as Miss\u00f5es Franciscanas - Not\u00edcias - Franciscanos","isPartOf":{"@id":"https:\/\/franciscanos.org.br\/noticias\/#website"},"primaryImageOfPage":{"@id":"https:\/\/franciscanos.org.br\/noticias\/curitiba-sera-sede-das-missoes-franciscanas-da-juventude.html#primaryimage"},"datePublished":"2017-01-11T12:54:48+00:00","dateModified":"2019-01-22T18:30:22+00:00","author":{"@id":"https:\/\/franciscanos.org.br\/noticias\/#\/schema\/person\/b38fbf43118f02820bd932f2e4b14ad3"},"breadcrumb":{"@id":"https:\/\/franciscanos.org.br\/noticias\/curitiba-sera-sede-das-missoes-franciscanas-da-juventude.html#breadcrumb"},"inLanguage":"pt-BR","potentialAction":[{"@type":"ReadAction","target":["https:\/\/franciscanos.org.br\/noticias\/curitiba-sera-sede-das-missoes-franciscanas-da-juventude.html"]}]},{"@type":"BreadcrumbList","@id":"https:\/\/franciscanos.org.br\/noticias\/curitiba-sera-sede-das-missoes-franciscanas-da-juventude.html#breadcrumb","itemListElement":[{"@type":"ListItem","position":1,"name":"Home","item":"https:\/\/franciscanos.org.br\/noticias"},{"@type":"ListItem","position":2,"name":"Curitiba: Nesta quinta come\u00e7am as Miss\u00f5es Franciscanas"}]},{"@type":"Person","@id":"https:\/\/franciscanos.org.br\/noticias\/#\/schema\/person\/b38fbf43118f02820bd932f2e4b14ad3","name":"admin","image":{"@type":"ImageObject","inLanguage":"pt-BR","@id":"https:\/\/franciscanos.org.br\/noticias\/#\/schema\/person\/image\/","url":"https:\/\/secure.gravatar.com\/avatar\/e8495742d34d0ba6448ea1c628263b3e?s=96&d=mm&r=g","contentUrl":"https:\/\/secure.gravatar.com\/avatar\/e8495742d34d0ba6448ea1c628263b3e?s=96&d=mm&r=g","caption":"admin"},"url":"https:\/\/franciscanos.org.br\/noticias\/author\/admin"}]}},"_links":{"self":[{"href":"https:\/\/franciscanos.org.br\/noticias\/wp-json\/wp\/v2\/posts\/123052"}],"collection":[{"href":"https:\/\/franciscanos.org.br\/noticias\/wp-json\/wp\/v2\/posts"}],"about":[{"href":"https:\/\/franciscanos.org.br\/noticias\/wp-json\/wp\/v2\/types\/post"}],"author":[{"embeddable":true,"href":"https:\/\/franciscanos.org.br\/noticias\/wp-json\/wp\/v2\/users\/1"}],"replies":[{"embeddable":true,"href":"https:\/\/franciscanos.org.br\/noticias\/wp-json\/wp\/v2\/comments?post=123052"}],"version-history":[{"count":0,"href":"https:\/\/franciscanos.org.br\/noticias\/wp-json\/wp\/v2\/posts\/123052\/revisions"}],"wp:featuredmedia":[{"embeddable":true,"href":"https:\/\/franciscanos.org.br\/noticias\/wp-json\/wp\/v2\/media\/195584"}],"wp:attachment":[{"href":"https:\/\/franciscanos.org.br\/noticias\/wp-json\/wp\/v2\/media?parent=123052"}],"wp:term":[{"taxonomy":"category","embeddable":true,"href":"https:\/\/franciscanos.org.br\/noticias\/wp-json\/wp\/v2\/categories?post=123052"},{"taxonomy":"post_tag","embeddable":true,"href":"https:\/\/franciscanos.org.br\/noticias\/wp-json\/wp\/v2\/tags?post=123052"}],"curies":[{"name":"wp","href":"https:\/\/api.w.org\/{rel}","templated":true}]}}