{"id":123039,"date":"2017-01-05T10:18:05","date_gmt":"2017-01-05T12:18:05","guid":{"rendered":"http:\/\/franciscanos.org.br\/?p=123039"},"modified":"2019-01-23T08:48:39","modified_gmt":"2019-01-23T10:48:39","slug":"o-pedido-dos-novicos-e-o-habito-novo","status":"publish","type":"post","link":"https:\/\/franciscanos.org.br\/noticias\/o-pedido-dos-novicos-e-o-habito-novo.html","title":{"rendered":"O pedido dos novi\u00e7os e o h\u00e1bito novo"},"content":{"rendered":"<p>Na v\u00e9spera da celebra\u00e7\u00e3o da Primeira Profiss\u00e3o no Noviciado S\u00e3o Jos\u00e9 de Rodeio (SC), os 16 novi\u00e7os, que professar\u00e3o hoje (5\/01) pela primeira vez os votos de pobreza, castidade e obedi\u00eancia nas m\u00e3os do Ministro Provincial, fizeram o pedido \u00e0 Fraternidade do Noviciado \u00a0para aceit\u00e1-los \u00a0na vida religiosa. Depois deste gesto simples, mas muito simb\u00f3lico, feito no refeit\u00f3rio do Convento, eles receberam o h\u00e1bito franciscano que os acompanhar\u00e1 por toda a vida de frade menor, j\u00e1 que quando ingressaram no Noviciado eles receberam um h\u00e1bito que n\u00e3o era o definitivo. O momento \u00e9 muito significativo, pois o novi\u00e7o espera ansiosamente para receber este h\u00e1bito novo, feito sob medida para cada um dos 16 novos professos da Ordem Franciscana:<\/p>\n<p><img loading=\"lazy\" class=\"alignleft\" src=\"http:\/\/franciscanos.org.br\/wp-content\/uploads\/2017\/01\/pedido_050117_4.jpg\" alt=\"pedido_050117_4\" width=\"830\" height=\"296\" \/><strong>Frei Ant\u00f4nio da Silva Manuel<\/strong><br \/>\n<strong>Frei Bernardo Jo\u00e3o Cassinda<\/strong><br \/>\n<strong>Frei Bernardo Jos\u00e9 Cayoya Kandangongo<\/strong><br \/>\n<strong>Frei Daniel kahuvi Tchitumba Tchikeva<\/strong><br \/>\n<strong>Frei Domingos Kakanda Soma<\/strong><br \/>\n<strong>Frei Elias Hebo Lu\u00eds<\/strong><br \/>\n<strong>Frei Evaristo Seque Joaquim<\/strong><br \/>\n<strong>Frei Feliciano Afonso Manuel<\/strong><br \/>\n<strong>Frei Helder Josu\u00e9 Mateus Domingos<\/strong><br \/>\n<strong>Frei Pedro Domingos Mugiba<\/strong><br \/>\n<strong>Frei Pedro Isa\u00edas Luisa Vitangui<\/strong><br \/>\n<strong>Frei Sim\u00e3o Cassua Hor\u00e1cio<\/strong><br \/>\n<strong>Frei Francisco Dalilson Pereira Cabral<\/strong><br \/>\n<strong>Frei Jonas Ribeiro da Silva<\/strong><br \/>\n<strong>Frei Odilon Voss<\/strong><br \/>\n<strong>Frei Lucas de Moura Justino Souza.<\/strong><br \/>\nO guardi\u00e3o do Convento, Frei Jorge Lazaro, presidiu este momento celebrativo e perguntou aos novi\u00e7os: \u201cCar\u00edssimos qual o vosso desejo?\u201d<br \/>\nE todos, num s\u00f3 coro, responderam: \u201c<em>Reverendo Irm\u00e3o e car\u00edssimos em Cristo, rogo-vos pelo amor de Deus, da Bem-aventurada Virgem Maria, de nosso Pai S\u00e3o Francisco e de todos os Santos, admitir-me \u00e0 Profiss\u00e3o dos votos tempor\u00e1rios, para fazer penit\u00eancia, emendara a minha vida, e servir a Deus com fidelidade at\u00e9 \u00e0 morte. E ao mesmo tempo, pe\u00e7o perd\u00e3o de todas as minha faltas que cometi durante o ano de noviciado. Declaro e protesto estar ciente das obriga\u00e7\u00f5es que me imp\u00f5em os votos e a santa Regra, e prometo observ\u00e1-los fielmente. Finalmente, solicito as ora\u00e7\u00f5es desta Fraternidade, pela minha perseveran\u00e7a na voca\u00e7\u00e3o\u201d.<\/em><br \/>\n<em>\u00a0<\/em>Antes de entregar os h\u00e1bitos, o mestre Frei Samuel Ferreira de Lima e o guardi\u00e3o Frei Jorge os aben\u00e7oaram. Ap\u00f3s esse momento, Frei Jorge fez uma pequena reflex\u00e3o ressaltando o significado marcante do h\u00e1bito na vida do frade menor. Para enriquecer sua reflex\u00e3o, fez mem\u00f3ria de dois confrades \u00a0com quem ele conviveu, Frei Constantino Koser e Frei Odorico Durieux, e recordou o que diziam sobre o h\u00e1bito franciscano.<\/p>\n<p><img loading=\"lazy\" class=\"alignleft\" src=\"http:\/\/franciscanos.org.br\/wp-content\/uploads\/2017\/01\/pedido_050117_3.jpg\" alt=\"pedido_050117_3\" width=\"830\" height=\"579\" \/><\/p>\n<p>Segundo Frei Jorge, em uma visita de Frei Constantino \u00a0a uma prov\u00edncia franciscana espanhola, na \u00e9poca do Concilio Vaticano II, foi \u00a0questionado sobre o frei usar ou n\u00e3o o h\u00e1bito. Ele respondeu dizendo que n\u00e3o via a obrigatoriedade de o frade us\u00e1-lo, mas que usasse um s\u00edmbolo que o identificasse como religioso.\u00a0 J\u00e1 Frei Odorico, por ocasi\u00e3o do seu jubileu de ouro, ao dar uma entrevista a um jornal, falou: \u201cO h\u00e1bito n\u00e3o faz o monge, mas ajuda\u201d.<br \/>\nCom essas coloca\u00e7\u00f5es, fez alguns questionamentos: \u201cA partir destes pontos de vista destes nossos confrades, o que significa para voc\u00eas, quase professos simples, e n\u00f3s de algum tempo de vida religiosa, o h\u00e1bito franciscano? O h\u00e1bito ser\u00e1 um s\u00edmbolo daquilo que voc\u00eas acreditam de fato? O h\u00e1bito ajudar\u00e1 voc\u00eas a recordar a profiss\u00e3o que est\u00e3o prestes de fazer?\u201d<\/p>\n<p><img loading=\"lazy\" src=\"http:\/\/franciscanos.org.br\/wp-content\/uploads\/2017\/01\/pedido_050117_2.jpg\" alt=\"pedido_050117_2\" width=\"830\" height=\"420\" \/><br \/>\nFrei Jorge concluiu a reflex\u00e3o pedindo que todos rezassem uma Ave Maria, fazendo men\u00e7\u00e3o \u00e0 devo\u00e7\u00e3o que S\u00e3o Francisco tinha pela M\u00e3e de Deus.<br \/>\nO Ministro Provincial Frei Fid\u00eancio Vanboemmel j\u00e1 est\u00e1 em Rodeio e participou dos ensaios para a celebra\u00e7\u00e3o de logo mais.<\/p>\n<p><strong>Frei Francisco Dalilson, ofm<\/strong><\/p>\n","protected":false},"excerpt":{"rendered":"<p>Noviciado<\/p>\n","protected":false},"author":1,"featured_media":195892,"comment_status":"open","ping_status":"open","sticky":false,"template":"","format":"standard","meta":[],"categories":[1],"tags":[135],"acf":[],"yoast_head":"<!-- This site is optimized with the Yoast SEO plugin v19.2 - https:\/\/yoast.com\/wordpress\/plugins\/seo\/ -->\n<title>O pedido dos novi\u00e7os e o h\u00e1bito novo - Not\u00edcias - Franciscanos<\/title>\n<meta name=\"robots\" content=\"index, follow, max-snippet:-1, max-image-preview:large, max-video-preview:-1\" \/>\n<link rel=\"canonical\" href=\"https:\/\/franciscanos.org.br\/noticias\/o-pedido-dos-novicos-e-o-habito-novo.html\" \/>\n<meta property=\"og:locale\" content=\"pt_BR\" \/>\n<meta property=\"og:type\" content=\"article\" \/>\n<meta property=\"og:title\" content=\"O pedido dos novi\u00e7os e o h\u00e1bito novo - Not\u00edcias - Franciscanos\" \/>\n<meta property=\"og:description\" content=\"Noviciado\" \/>\n<meta property=\"og:url\" content=\"https:\/\/franciscanos.org.br\/noticias\/o-pedido-dos-novicos-e-o-habito-novo.html\" \/>\n<meta property=\"og:site_name\" content=\"Not\u00edcias - Franciscanos\" \/>\n<meta property=\"article:published_time\" content=\"2017-01-05T12:18:05+00:00\" \/>\n<meta property=\"article:modified_time\" content=\"2019-01-23T10:48:39+00:00\" \/>\n<meta property=\"og:image\" content=\"https:\/\/franciscanos.org.br\/noticias\/wp-content\/uploads\/2017\/01\/pedido_050117_3.jpg\" \/>\n\t<meta property=\"og:image:width\" content=\"273\" \/>\n\t<meta property=\"og:image:height\" content=\"181\" \/>\n\t<meta property=\"og:image:type\" content=\"image\/jpeg\" \/>\n<meta name=\"author\" content=\"admin\" \/>\n<meta name=\"twitter:card\" content=\"summary_large_image\" \/>\n<meta name=\"twitter:label1\" content=\"Escrito por\" \/>\n\t<meta name=\"twitter:data1\" content=\"admin\" \/>\n\t<meta name=\"twitter:label2\" content=\"Est. tempo de leitura\" \/>\n\t<meta name=\"twitter:data2\" content=\"3 minutos\" \/>\n<script type=\"application\/ld+json\" class=\"yoast-schema-graph\">{\"@context\":\"https:\/\/schema.org\",\"@graph\":[{\"@type\":\"WebSite\",\"@id\":\"https:\/\/franciscanos.org.br\/noticias\/#website\",\"url\":\"https:\/\/franciscanos.org.br\/noticias\/\",\"name\":\"Not\u00edcias - Franciscanos\",\"description\":\"Prov\u00edncia Franciscana da Imaculada Concei\u00e7\u00e3o do Brasil - Ordem dos Frades Menores - OFM\",\"potentialAction\":[{\"@type\":\"SearchAction\",\"target\":{\"@type\":\"EntryPoint\",\"urlTemplate\":\"https:\/\/franciscanos.org.br\/noticias\/?s={search_term_string}\"},\"query-input\":\"required name=search_term_string\"}],\"inLanguage\":\"pt-BR\"},{\"@type\":\"ImageObject\",\"inLanguage\":\"pt-BR\",\"@id\":\"https:\/\/franciscanos.org.br\/noticias\/o-pedido-dos-novicos-e-o-habito-novo.html#primaryimage\",\"url\":\"https:\/\/franciscanos.org.br\/noticias\/wp-content\/uploads\/2017\/01\/pedido_050117_3.jpg\",\"contentUrl\":\"https:\/\/franciscanos.org.br\/noticias\/wp-content\/uploads\/2017\/01\/pedido_050117_3.jpg\",\"width\":273,\"height\":181},{\"@type\":\"WebPage\",\"@id\":\"https:\/\/franciscanos.org.br\/noticias\/o-pedido-dos-novicos-e-o-habito-novo.html#webpage\",\"url\":\"https:\/\/franciscanos.org.br\/noticias\/o-pedido-dos-novicos-e-o-habito-novo.html\",\"name\":\"O pedido dos novi\u00e7os e o h\u00e1bito novo - Not\u00edcias - Franciscanos\",\"isPartOf\":{\"@id\":\"https:\/\/franciscanos.org.br\/noticias\/#website\"},\"primaryImageOfPage\":{\"@id\":\"https:\/\/franciscanos.org.br\/noticias\/o-pedido-dos-novicos-e-o-habito-novo.html#primaryimage\"},\"datePublished\":\"2017-01-05T12:18:05+00:00\",\"dateModified\":\"2019-01-23T10:48:39+00:00\",\"author\":{\"@id\":\"https:\/\/franciscanos.org.br\/noticias\/#\/schema\/person\/b38fbf43118f02820bd932f2e4b14ad3\"},\"breadcrumb\":{\"@id\":\"https:\/\/franciscanos.org.br\/noticias\/o-pedido-dos-novicos-e-o-habito-novo.html#breadcrumb\"},\"inLanguage\":\"pt-BR\",\"potentialAction\":[{\"@type\":\"ReadAction\",\"target\":[\"https:\/\/franciscanos.org.br\/noticias\/o-pedido-dos-novicos-e-o-habito-novo.html\"]}]},{\"@type\":\"BreadcrumbList\",\"@id\":\"https:\/\/franciscanos.org.br\/noticias\/o-pedido-dos-novicos-e-o-habito-novo.html#breadcrumb\",\"itemListElement\":[{\"@type\":\"ListItem\",\"position\":1,\"name\":\"Home\",\"item\":\"https:\/\/franciscanos.org.br\/noticias\"},{\"@type\":\"ListItem\",\"position\":2,\"name\":\"O pedido dos novi\u00e7os e o h\u00e1bito novo\"}]},{\"@type\":\"Person\",\"@id\":\"https:\/\/franciscanos.org.br\/noticias\/#\/schema\/person\/b38fbf43118f02820bd932f2e4b14ad3\",\"name\":\"admin\",\"image\":{\"@type\":\"ImageObject\",\"inLanguage\":\"pt-BR\",\"@id\":\"https:\/\/franciscanos.org.br\/noticias\/#\/schema\/person\/image\/\",\"url\":\"https:\/\/secure.gravatar.com\/avatar\/e8495742d34d0ba6448ea1c628263b3e?s=96&d=mm&r=g\",\"contentUrl\":\"https:\/\/secure.gravatar.com\/avatar\/e8495742d34d0ba6448ea1c628263b3e?s=96&d=mm&r=g\",\"caption\":\"admin\"},\"url\":\"https:\/\/franciscanos.org.br\/noticias\/author\/admin\"}]}<\/script>\n<!-- \/ Yoast SEO plugin. -->","yoast_head_json":{"title":"O pedido dos novi\u00e7os e o h\u00e1bito novo - Not\u00edcias - Franciscanos","robots":{"index":"index","follow":"follow","max-snippet":"max-snippet:-1","max-image-preview":"max-image-preview:large","max-video-preview":"max-video-preview:-1"},"canonical":"https:\/\/franciscanos.org.br\/noticias\/o-pedido-dos-novicos-e-o-habito-novo.html","og_locale":"pt_BR","og_type":"article","og_title":"O pedido dos novi\u00e7os e o h\u00e1bito novo - Not\u00edcias - Franciscanos","og_description":"Noviciado","og_url":"https:\/\/franciscanos.org.br\/noticias\/o-pedido-dos-novicos-e-o-habito-novo.html","og_site_name":"Not\u00edcias - Franciscanos","article_published_time":"2017-01-05T12:18:05+00:00","article_modified_time":"2019-01-23T10:48:39+00:00","og_image":[{"width":273,"height":181,"url":"https:\/\/franciscanos.org.br\/noticias\/wp-content\/uploads\/2017\/01\/pedido_050117_3.jpg","type":"image\/jpeg"}],"author":"admin","twitter_card":"summary_large_image","twitter_misc":{"Escrito por":"admin","Est. tempo de leitura":"3 minutos"},"schema":{"@context":"https:\/\/schema.org","@graph":[{"@type":"WebSite","@id":"https:\/\/franciscanos.org.br\/noticias\/#website","url":"https:\/\/franciscanos.org.br\/noticias\/","name":"Not\u00edcias - Franciscanos","description":"Prov\u00edncia Franciscana da Imaculada Concei\u00e7\u00e3o do Brasil - Ordem dos Frades Menores - OFM","potentialAction":[{"@type":"SearchAction","target":{"@type":"EntryPoint","urlTemplate":"https:\/\/franciscanos.org.br\/noticias\/?s={search_term_string}"},"query-input":"required name=search_term_string"}],"inLanguage":"pt-BR"},{"@type":"ImageObject","inLanguage":"pt-BR","@id":"https:\/\/franciscanos.org.br\/noticias\/o-pedido-dos-novicos-e-o-habito-novo.html#primaryimage","url":"https:\/\/franciscanos.org.br\/noticias\/wp-content\/uploads\/2017\/01\/pedido_050117_3.jpg","contentUrl":"https:\/\/franciscanos.org.br\/noticias\/wp-content\/uploads\/2017\/01\/pedido_050117_3.jpg","width":273,"height":181},{"@type":"WebPage","@id":"https:\/\/franciscanos.org.br\/noticias\/o-pedido-dos-novicos-e-o-habito-novo.html#webpage","url":"https:\/\/franciscanos.org.br\/noticias\/o-pedido-dos-novicos-e-o-habito-novo.html","name":"O pedido dos novi\u00e7os e o h\u00e1bito novo - Not\u00edcias - Franciscanos","isPartOf":{"@id":"https:\/\/franciscanos.org.br\/noticias\/#website"},"primaryImageOfPage":{"@id":"https:\/\/franciscanos.org.br\/noticias\/o-pedido-dos-novicos-e-o-habito-novo.html#primaryimage"},"datePublished":"2017-01-05T12:18:05+00:00","dateModified":"2019-01-23T10:48:39+00:00","author":{"@id":"https:\/\/franciscanos.org.br\/noticias\/#\/schema\/person\/b38fbf43118f02820bd932f2e4b14ad3"},"breadcrumb":{"@id":"https:\/\/franciscanos.org.br\/noticias\/o-pedido-dos-novicos-e-o-habito-novo.html#breadcrumb"},"inLanguage":"pt-BR","potentialAction":[{"@type":"ReadAction","target":["https:\/\/franciscanos.org.br\/noticias\/o-pedido-dos-novicos-e-o-habito-novo.html"]}]},{"@type":"BreadcrumbList","@id":"https:\/\/franciscanos.org.br\/noticias\/o-pedido-dos-novicos-e-o-habito-novo.html#breadcrumb","itemListElement":[{"@type":"ListItem","position":1,"name":"Home","item":"https:\/\/franciscanos.org.br\/noticias"},{"@type":"ListItem","position":2,"name":"O pedido dos novi\u00e7os e o h\u00e1bito novo"}]},{"@type":"Person","@id":"https:\/\/franciscanos.org.br\/noticias\/#\/schema\/person\/b38fbf43118f02820bd932f2e4b14ad3","name":"admin","image":{"@type":"ImageObject","inLanguage":"pt-BR","@id":"https:\/\/franciscanos.org.br\/noticias\/#\/schema\/person\/image\/","url":"https:\/\/secure.gravatar.com\/avatar\/e8495742d34d0ba6448ea1c628263b3e?s=96&d=mm&r=g","contentUrl":"https:\/\/secure.gravatar.com\/avatar\/e8495742d34d0ba6448ea1c628263b3e?s=96&d=mm&r=g","caption":"admin"},"url":"https:\/\/franciscanos.org.br\/noticias\/author\/admin"}]}},"_links":{"self":[{"href":"https:\/\/franciscanos.org.br\/noticias\/wp-json\/wp\/v2\/posts\/123039"}],"collection":[{"href":"https:\/\/franciscanos.org.br\/noticias\/wp-json\/wp\/v2\/posts"}],"about":[{"href":"https:\/\/franciscanos.org.br\/noticias\/wp-json\/wp\/v2\/types\/post"}],"author":[{"embeddable":true,"href":"https:\/\/franciscanos.org.br\/noticias\/wp-json\/wp\/v2\/users\/1"}],"replies":[{"embeddable":true,"href":"https:\/\/franciscanos.org.br\/noticias\/wp-json\/wp\/v2\/comments?post=123039"}],"version-history":[{"count":0,"href":"https:\/\/franciscanos.org.br\/noticias\/wp-json\/wp\/v2\/posts\/123039\/revisions"}],"wp:featuredmedia":[{"embeddable":true,"href":"https:\/\/franciscanos.org.br\/noticias\/wp-json\/wp\/v2\/media\/195892"}],"wp:attachment":[{"href":"https:\/\/franciscanos.org.br\/noticias\/wp-json\/wp\/v2\/media?parent=123039"}],"wp:term":[{"taxonomy":"category","embeddable":true,"href":"https:\/\/franciscanos.org.br\/noticias\/wp-json\/wp\/v2\/categories?post=123039"},{"taxonomy":"post_tag","embeddable":true,"href":"https:\/\/franciscanos.org.br\/noticias\/wp-json\/wp\/v2\/tags?post=123039"}],"curies":[{"name":"wp","href":"https:\/\/api.w.org\/{rel}","templated":true}]}}