{"id":123027,"date":"2017-01-05T09:26:01","date_gmt":"2017-01-05T11:26:01","guid":{"rendered":"http:\/\/franciscanos.org.br\/?p=123027"},"modified":"2019-01-23T08:51:59","modified_gmt":"2019-01-23T10:51:59","slug":"padre-ney-brasil-referencia-em-liturgia-falece-aos-86-anos","status":"publish","type":"post","link":"https:\/\/franciscanos.org.br\/noticias\/padre-ney-brasil-referencia-em-liturgia-falece-aos-86-anos.html","title":{"rendered":"Padre Ney Brasil falece aos 86 anos em Santa Catarina"},"content":{"rendered":"<p><img loading=\"lazy\" class=\"alignleft\" src=\"http:\/\/franciscanos.org.br\/wp-content\/uploads\/2017\/01\/neybrasilG_050117.jpg\" alt=\"neybrasilG_050117\" width=\"830\" height=\"380\" \/><strong>Cidade do Vaticano<\/strong> &#8211; Faleceu nesta quarta-feira, 04, aos 86 anos de idade, Padre Ney Brasil Pereira, \u00fanico brasileiro a integrar a Pontif\u00edcia Comiss\u00e3o B\u00edblica, um grupo de 20 especialistas do mundo que se dedica ao estudo da B\u00edblia. O sacerdote estava internado no Hospital de Caridade, em Florian\u00f3polis (SC).<\/p>\n<p><strong>Biografia<\/strong><\/p>\n<p>Nascido em 04 de dezembro de 1930 em S\u00e3o Francisco do Sul, no litoral norte de Santa Catarina, padre Ney se formou em Teologia, em Roma. No in\u00edcio dos anos 60 conseguiu uma bolsa para estudar m\u00fasica nos Estados Unidos. Dez anos depois fez mestrado em Exegese, em Roma, e em 1973 retornou para Florian\u00f3polis.<\/p>\n<p>Foi ordenado di\u00e1cono em 30 de outubro de 1955 e presb\u00edtero em 25 de fevereiro de 1956, em Roma. Em 1956, assumiu como coadjutor na Par\u00f3quia Sant\u00edssima Trindade, em Florian\u00f3polis. Na cidade, desempenhou importantes trabalhos ao longo de seu sacerd\u00f3cio. Este ano, comemorou o jubileu de diamante.<\/p>\n<p>Na Confer\u00eancia Nacional dos Bispos do Brasil (CNBB), Padre Ney fez parte do Grupo de Reflex\u00e3o de M\u00fasica Lit\u00fargica.<br \/>\nVel\u00f3rio<\/p>\n<p>O vel\u00f3rio se realizou na Catedral Metropolitana de Florian\u00f3polis, seguido pela missa de corpo presente e o sepultamento, no Cemit\u00e9rio Jardim da Paz.<\/p>\n<p><strong>R\u00e1dio Vaticano &#8211; \u201cN\u00e3o se pode perder tempo\u201d<\/strong><\/p>\n<p>Em suas passagens por Roma, Padre Ney sempre concedia entrevistas ao Programa Brasileiro. Em abril de 2012, em uma pausa de seu trabalho na Comiss\u00e3o B\u00edblica, conversou com a R\u00e1dio Vaticano e revelou que, ao lado de suas m\u00faltiplas atividades, tamb\u00e9m estava engajado na Pastoral Carcer\u00e1ria, visitando os detentos.<br \/>\n\u201cA visita aos presos \u00e9 um ato, uma a\u00e7\u00e3o humana, t\u00e3o importante. Jesus mesmo falou mesmo \u2018Eu estava preso, voc\u00eas me visitaram\u2019, que eu fa\u00e7o isso com este esp\u00edrito. Ent\u00e3o eu consigo conciliar n\u00e3o s\u00f3 a atividade de docente, a de pesquisa, escrevo artigos, fa\u00e7o revis\u00f5es, contribui para a B\u00edblia da CNBB, para todas as edi\u00e7\u00f5es da B\u00edblia que apareceram no Brasil desde 1974, 1975. D\u00e1 para conciliar isto com a Pastoral Carcer\u00e1ria e tamb\u00e9m com a Pastoral Musical-lit\u00fargica. Sou compositor e regente do coro da Catedral desde 1973. Estou conseguindo manter isto ainda, n\u00e9&#8230; \u00c9 claro que \u00e0s vezes d\u00e1 um certo cansa\u00e7o, por causa da multiplicidade das tarefas&#8230;\u201d.<\/p>\n","protected":false},"excerpt":{"rendered":"<p>Falecimento<\/p>\n","protected":false},"author":1,"featured_media":195897,"comment_status":"open","ping_status":"open","sticky":false,"template":"","format":"standard","meta":[],"categories":[1],"tags":[29],"acf":[],"yoast_head":"<!-- This site is optimized with the Yoast SEO plugin v19.2 - https:\/\/yoast.com\/wordpress\/plugins\/seo\/ -->\n<title>Padre Ney Brasil falece aos 86 anos em Santa Catarina - Not\u00edcias - Franciscanos<\/title>\n<meta name=\"robots\" content=\"index, follow, max-snippet:-1, max-image-preview:large, max-video-preview:-1\" \/>\n<link rel=\"canonical\" href=\"https:\/\/franciscanos.org.br\/noticias\/padre-ney-brasil-referencia-em-liturgia-falece-aos-86-anos.html\" \/>\n<meta property=\"og:locale\" content=\"pt_BR\" \/>\n<meta property=\"og:type\" content=\"article\" \/>\n<meta property=\"og:title\" content=\"Padre Ney Brasil falece aos 86 anos em Santa Catarina - Not\u00edcias - Franciscanos\" \/>\n<meta property=\"og:description\" content=\"Falecimento\" \/>\n<meta property=\"og:url\" content=\"https:\/\/franciscanos.org.br\/noticias\/padre-ney-brasil-referencia-em-liturgia-falece-aos-86-anos.html\" \/>\n<meta property=\"og:site_name\" content=\"Not\u00edcias - Franciscanos\" \/>\n<meta property=\"article:published_time\" content=\"2017-01-05T11:26:01+00:00\" \/>\n<meta property=\"article:modified_time\" content=\"2019-01-23T10:51:59+00:00\" \/>\n<meta property=\"og:image\" content=\"https:\/\/franciscanos.org.br\/noticias\/wp-content\/uploads\/2017\/01\/pe-ney-brasil.png\" \/>\n\t<meta property=\"og:image:width\" content=\"273\" \/>\n\t<meta property=\"og:image:height\" content=\"181\" \/>\n\t<meta property=\"og:image:type\" content=\"image\/png\" \/>\n<meta name=\"author\" content=\"admin\" \/>\n<meta name=\"twitter:card\" content=\"summary_large_image\" \/>\n<meta name=\"twitter:label1\" content=\"Escrito por\" \/>\n\t<meta name=\"twitter:data1\" content=\"admin\" \/>\n\t<meta name=\"twitter:label2\" content=\"Est. tempo de leitura\" \/>\n\t<meta name=\"twitter:data2\" content=\"2 minutos\" \/>\n<script type=\"application\/ld+json\" class=\"yoast-schema-graph\">{\"@context\":\"https:\/\/schema.org\",\"@graph\":[{\"@type\":\"WebSite\",\"@id\":\"https:\/\/franciscanos.org.br\/noticias\/#website\",\"url\":\"https:\/\/franciscanos.org.br\/noticias\/\",\"name\":\"Not\u00edcias - Franciscanos\",\"description\":\"Prov\u00edncia Franciscana da Imaculada Concei\u00e7\u00e3o do Brasil - Ordem dos Frades Menores - OFM\",\"potentialAction\":[{\"@type\":\"SearchAction\",\"target\":{\"@type\":\"EntryPoint\",\"urlTemplate\":\"https:\/\/franciscanos.org.br\/noticias\/?s={search_term_string}\"},\"query-input\":\"required name=search_term_string\"}],\"inLanguage\":\"pt-BR\"},{\"@type\":\"ImageObject\",\"inLanguage\":\"pt-BR\",\"@id\":\"https:\/\/franciscanos.org.br\/noticias\/padre-ney-brasil-referencia-em-liturgia-falece-aos-86-anos.html#primaryimage\",\"url\":\"https:\/\/franciscanos.org.br\/noticias\/wp-content\/uploads\/2017\/01\/pe-ney-brasil.png\",\"contentUrl\":\"https:\/\/franciscanos.org.br\/noticias\/wp-content\/uploads\/2017\/01\/pe-ney-brasil.png\",\"width\":273,\"height\":181},{\"@type\":\"WebPage\",\"@id\":\"https:\/\/franciscanos.org.br\/noticias\/padre-ney-brasil-referencia-em-liturgia-falece-aos-86-anos.html#webpage\",\"url\":\"https:\/\/franciscanos.org.br\/noticias\/padre-ney-brasil-referencia-em-liturgia-falece-aos-86-anos.html\",\"name\":\"Padre Ney Brasil falece aos 86 anos em Santa Catarina - Not\u00edcias - Franciscanos\",\"isPartOf\":{\"@id\":\"https:\/\/franciscanos.org.br\/noticias\/#website\"},\"primaryImageOfPage\":{\"@id\":\"https:\/\/franciscanos.org.br\/noticias\/padre-ney-brasil-referencia-em-liturgia-falece-aos-86-anos.html#primaryimage\"},\"datePublished\":\"2017-01-05T11:26:01+00:00\",\"dateModified\":\"2019-01-23T10:51:59+00:00\",\"author\":{\"@id\":\"https:\/\/franciscanos.org.br\/noticias\/#\/schema\/person\/b38fbf43118f02820bd932f2e4b14ad3\"},\"breadcrumb\":{\"@id\":\"https:\/\/franciscanos.org.br\/noticias\/padre-ney-brasil-referencia-em-liturgia-falece-aos-86-anos.html#breadcrumb\"},\"inLanguage\":\"pt-BR\",\"potentialAction\":[{\"@type\":\"ReadAction\",\"target\":[\"https:\/\/franciscanos.org.br\/noticias\/padre-ney-brasil-referencia-em-liturgia-falece-aos-86-anos.html\"]}]},{\"@type\":\"BreadcrumbList\",\"@id\":\"https:\/\/franciscanos.org.br\/noticias\/padre-ney-brasil-referencia-em-liturgia-falece-aos-86-anos.html#breadcrumb\",\"itemListElement\":[{\"@type\":\"ListItem\",\"position\":1,\"name\":\"Home\",\"item\":\"https:\/\/franciscanos.org.br\/noticias\"},{\"@type\":\"ListItem\",\"position\":2,\"name\":\"Padre Ney Brasil falece aos 86 anos em Santa Catarina\"}]},{\"@type\":\"Person\",\"@id\":\"https:\/\/franciscanos.org.br\/noticias\/#\/schema\/person\/b38fbf43118f02820bd932f2e4b14ad3\",\"name\":\"admin\",\"image\":{\"@type\":\"ImageObject\",\"inLanguage\":\"pt-BR\",\"@id\":\"https:\/\/franciscanos.org.br\/noticias\/#\/schema\/person\/image\/\",\"url\":\"https:\/\/secure.gravatar.com\/avatar\/e8495742d34d0ba6448ea1c628263b3e?s=96&d=mm&r=g\",\"contentUrl\":\"https:\/\/secure.gravatar.com\/avatar\/e8495742d34d0ba6448ea1c628263b3e?s=96&d=mm&r=g\",\"caption\":\"admin\"},\"url\":\"https:\/\/franciscanos.org.br\/noticias\/author\/admin\"}]}<\/script>\n<!-- \/ Yoast SEO plugin. -->","yoast_head_json":{"title":"Padre Ney Brasil falece aos 86 anos em Santa Catarina - Not\u00edcias - Franciscanos","robots":{"index":"index","follow":"follow","max-snippet":"max-snippet:-1","max-image-preview":"max-image-preview:large","max-video-preview":"max-video-preview:-1"},"canonical":"https:\/\/franciscanos.org.br\/noticias\/padre-ney-brasil-referencia-em-liturgia-falece-aos-86-anos.html","og_locale":"pt_BR","og_type":"article","og_title":"Padre Ney Brasil falece aos 86 anos em Santa Catarina - Not\u00edcias - Franciscanos","og_description":"Falecimento","og_url":"https:\/\/franciscanos.org.br\/noticias\/padre-ney-brasil-referencia-em-liturgia-falece-aos-86-anos.html","og_site_name":"Not\u00edcias - Franciscanos","article_published_time":"2017-01-05T11:26:01+00:00","article_modified_time":"2019-01-23T10:51:59+00:00","og_image":[{"width":273,"height":181,"url":"https:\/\/franciscanos.org.br\/noticias\/wp-content\/uploads\/2017\/01\/pe-ney-brasil.png","type":"image\/png"}],"author":"admin","twitter_card":"summary_large_image","twitter_misc":{"Escrito por":"admin","Est. tempo de leitura":"2 minutos"},"schema":{"@context":"https:\/\/schema.org","@graph":[{"@type":"WebSite","@id":"https:\/\/franciscanos.org.br\/noticias\/#website","url":"https:\/\/franciscanos.org.br\/noticias\/","name":"Not\u00edcias - Franciscanos","description":"Prov\u00edncia Franciscana da Imaculada Concei\u00e7\u00e3o do Brasil - Ordem dos Frades Menores - OFM","potentialAction":[{"@type":"SearchAction","target":{"@type":"EntryPoint","urlTemplate":"https:\/\/franciscanos.org.br\/noticias\/?s={search_term_string}"},"query-input":"required name=search_term_string"}],"inLanguage":"pt-BR"},{"@type":"ImageObject","inLanguage":"pt-BR","@id":"https:\/\/franciscanos.org.br\/noticias\/padre-ney-brasil-referencia-em-liturgia-falece-aos-86-anos.html#primaryimage","url":"https:\/\/franciscanos.org.br\/noticias\/wp-content\/uploads\/2017\/01\/pe-ney-brasil.png","contentUrl":"https:\/\/franciscanos.org.br\/noticias\/wp-content\/uploads\/2017\/01\/pe-ney-brasil.png","width":273,"height":181},{"@type":"WebPage","@id":"https:\/\/franciscanos.org.br\/noticias\/padre-ney-brasil-referencia-em-liturgia-falece-aos-86-anos.html#webpage","url":"https:\/\/franciscanos.org.br\/noticias\/padre-ney-brasil-referencia-em-liturgia-falece-aos-86-anos.html","name":"Padre Ney Brasil falece aos 86 anos em Santa Catarina - Not\u00edcias - Franciscanos","isPartOf":{"@id":"https:\/\/franciscanos.org.br\/noticias\/#website"},"primaryImageOfPage":{"@id":"https:\/\/franciscanos.org.br\/noticias\/padre-ney-brasil-referencia-em-liturgia-falece-aos-86-anos.html#primaryimage"},"datePublished":"2017-01-05T11:26:01+00:00","dateModified":"2019-01-23T10:51:59+00:00","author":{"@id":"https:\/\/franciscanos.org.br\/noticias\/#\/schema\/person\/b38fbf43118f02820bd932f2e4b14ad3"},"breadcrumb":{"@id":"https:\/\/franciscanos.org.br\/noticias\/padre-ney-brasil-referencia-em-liturgia-falece-aos-86-anos.html#breadcrumb"},"inLanguage":"pt-BR","potentialAction":[{"@type":"ReadAction","target":["https:\/\/franciscanos.org.br\/noticias\/padre-ney-brasil-referencia-em-liturgia-falece-aos-86-anos.html"]}]},{"@type":"BreadcrumbList","@id":"https:\/\/franciscanos.org.br\/noticias\/padre-ney-brasil-referencia-em-liturgia-falece-aos-86-anos.html#breadcrumb","itemListElement":[{"@type":"ListItem","position":1,"name":"Home","item":"https:\/\/franciscanos.org.br\/noticias"},{"@type":"ListItem","position":2,"name":"Padre Ney Brasil falece aos 86 anos em Santa Catarina"}]},{"@type":"Person","@id":"https:\/\/franciscanos.org.br\/noticias\/#\/schema\/person\/b38fbf43118f02820bd932f2e4b14ad3","name":"admin","image":{"@type":"ImageObject","inLanguage":"pt-BR","@id":"https:\/\/franciscanos.org.br\/noticias\/#\/schema\/person\/image\/","url":"https:\/\/secure.gravatar.com\/avatar\/e8495742d34d0ba6448ea1c628263b3e?s=96&d=mm&r=g","contentUrl":"https:\/\/secure.gravatar.com\/avatar\/e8495742d34d0ba6448ea1c628263b3e?s=96&d=mm&r=g","caption":"admin"},"url":"https:\/\/franciscanos.org.br\/noticias\/author\/admin"}]}},"_links":{"self":[{"href":"https:\/\/franciscanos.org.br\/noticias\/wp-json\/wp\/v2\/posts\/123027"}],"collection":[{"href":"https:\/\/franciscanos.org.br\/noticias\/wp-json\/wp\/v2\/posts"}],"about":[{"href":"https:\/\/franciscanos.org.br\/noticias\/wp-json\/wp\/v2\/types\/post"}],"author":[{"embeddable":true,"href":"https:\/\/franciscanos.org.br\/noticias\/wp-json\/wp\/v2\/users\/1"}],"replies":[{"embeddable":true,"href":"https:\/\/franciscanos.org.br\/noticias\/wp-json\/wp\/v2\/comments?post=123027"}],"version-history":[{"count":0,"href":"https:\/\/franciscanos.org.br\/noticias\/wp-json\/wp\/v2\/posts\/123027\/revisions"}],"wp:featuredmedia":[{"embeddable":true,"href":"https:\/\/franciscanos.org.br\/noticias\/wp-json\/wp\/v2\/media\/195897"}],"wp:attachment":[{"href":"https:\/\/franciscanos.org.br\/noticias\/wp-json\/wp\/v2\/media?parent=123027"}],"wp:term":[{"taxonomy":"category","embeddable":true,"href":"https:\/\/franciscanos.org.br\/noticias\/wp-json\/wp\/v2\/categories?post=123027"},{"taxonomy":"post_tag","embeddable":true,"href":"https:\/\/franciscanos.org.br\/noticias\/wp-json\/wp\/v2\/tags?post=123027"}],"curies":[{"name":"wp","href":"https:\/\/api.w.org\/{rel}","templated":true}]}}