{"id":122687,"date":"2017-01-01T11:01:20","date_gmt":"2017-01-01T13:01:20","guid":{"rendered":"http:\/\/franciscanos.org.br\/?p=122687"},"modified":"2020-06-09T12:21:05","modified_gmt":"2020-06-09T15:21:05","slug":"agradecimento-pelo-restauro-da-igreja-mae-do-espirito-santo","status":"publish","type":"post","link":"https:\/\/franciscanos.org.br\/noticias\/agradecimento-pelo-restauro-da-igreja-mae-do-espirito-santo.html","title":{"rendered":"Agradecimento pelo restauro da igreja-m\u00e3e do Esp\u00edrito Santo"},"content":{"rendered":"<p><img loading=\"lazy\" class=\"alignleft\" src=\"http:\/\/franciscanos.org.br\/wp-content\/uploads\/2016\/12\/rosario_221216.jpg\" alt=\"rosario_221216\" width=\"830\" height=\"449\" \/><\/p>\n<p><strong>Vila Velha (ES) &#8211;<\/strong> Se o Governador cortou a fita de reinaugura\u00e7\u00e3o da Igreja do Ros\u00e1rio, na Prainha de Vila Velha, no \u00faltimo domingo, se a Orquestra Sinf\u00f4nica do Esp\u00edrito Santo saudou em sons e tons o restauro da igreja m\u00e3e de todas as igrejas do Estado, foi na solene missa concelebrada do dia 20 de dezembro \u00e0 noite que o Sant\u00edssimo Sacramento voltou ao antigo tabern\u00e1culo e a Comunidade em peso agradeceu a Deus o refazimento de todo o interior e o exterior da igreja levantada em 1535.<\/p>\n<p>O trabalho foi executado pelo Instituto Modus Vivendi, financiado em grande parte pela Vale do Rio Doce. Vale e Modus Vivendi estavam conosco e simbolicamente depositaram na cesta das ofertas os instrumentos de que se serviram no restauro. Alguns min\u00fasculos, mas importantes, porque com eles os e as artistas refizeram os pormenores dos enfeites do barroco singelo.<\/p>\n<p>N\u00e3o havia espa\u00e7o nos bancos. N\u00e3o havia espa\u00e7o nos corredores. N\u00e3o havia espa\u00e7o no coro. N\u00e3o havia espa\u00e7o nas escadarias. E todos cantaram o Gl\u00f3ria em pleno Advento e ouviram a encena\u00e7\u00e3o musicada da Anuncia\u00e7\u00e3o, o evangelho da liturgia do dia. As donas de celulares se juntaram aos fot\u00f3grafos profissionais para registrar o fato hist\u00f3rico, que se anexava aos muitos momentos hist\u00f3ricos vividos pela Prainha em seus 481 anos. E a nova ilumina\u00e7\u00e3o externa subia encosta da Penha acima, por sobre as \u00e1rvores verdes, e se encontrava com a luz que descia do Convento.<\/p>\n<p>De fato, a igreja da Prainha \u00e9 privilegiada. Nela rezava e se confessava Frei Pedro Pal\u00e1cios. Nela celebrou o Padre N\u00f3brega, mais tarde fundador de S\u00e3o Paulo. Nela celebrou, depois de ordenar-se padre, j\u00e1 homem maduro, na Bahia, o Padre S\u00e3o Jos\u00e9 de Anchieta. Ao lado dela moraram os Franciscanos desde 1942, quando Vila Velha tinha apenas quatro mil habitantes. Hoje com 420 mil, a cidade inteira ainda ressuma o carisma de S\u00e3o Francisco.<\/p>\n<p>A concelebra\u00e7\u00e3o e a presen\u00e7a do povo deram ao p\u00e1roco Frei Djalmo a ocasi\u00e3o de agradecer aos benfeitores e restauradores o trabalho executado com toda a t\u00e9cnica moderna e dentro dos prazos previstos. Fazendo a homilia, Frei Clar\u00eancio, concluiu assim: \u201cTenho certeza de que Nossa Senhora do Ros\u00e1rio exultou de alegria ao voltar ao seu altar e \u00e0 sua Igreja. E que cada uma de nossas fam\u00edlias seja uma conta do ros\u00e1rio, que passe e repasse muitas vezes por suas m\u00e3os maternais\u201d.<\/p>\n<p><strong>Acompanhe abaixo a homilia de Frei Clar\u00eancio Neotti:<\/strong><\/p>\n<p><strong>REINAUGURA\u00c7\u00c3O DO ROS\u00c1RIO: MISSA DE AGRADECIMENTO<\/strong><\/p>\n<p><img loading=\"lazy\" class=\"alignleft size-full wp-image-195925\" src=\"https:\/\/franciscanos.org.br\/noticias\/wp-content\/uploads\/2017\/01\/163.jpg\" alt=\"\" width=\"980\" height=\"551\" srcset=\"https:\/\/franciscanos.org.br\/noticias\/wp-content\/uploads\/2017\/01\/163.jpg 980w, https:\/\/franciscanos.org.br\/noticias\/wp-content\/uploads\/2017\/01\/163-450x253.jpg 450w, https:\/\/franciscanos.org.br\/noticias\/wp-content\/uploads\/2017\/01\/163-768x432.jpg 768w, https:\/\/franciscanos.org.br\/noticias\/wp-content\/uploads\/2017\/01\/163-150x84.jpg 150w\" sizes=\"(max-width: 980px) 100vw, 980px\" \/>Esta \u00e9 uma Missa de a\u00e7\u00e3o de gra\u00e7as pelo feliz restauro desta igreja.<\/p>\n<p>Esta Igreja e todas as Igrejas t\u00eam sua raz\u00e3o de existir no fato narrado no evangelho de hoje, quando o Filho de Deus assumiu a humanidade e entrou no espa\u00e7o e no tempo para criar a nova fam\u00edlia de Deus na terra. A data, portanto, dentro da novena do Natal, cai bem e muito bem para o nosso agradecimento. Mais que bem, cai de forma perfeita e cabal, porque todos os textos lit\u00fargicos de hoje nos falam do mist\u00e9rio da encarna\u00e7\u00e3o e do agradecimento que devemos por este mist\u00e9rio, do qual nasceram todos os outros mist\u00e9rios, que contemplamos no ros\u00e1rio.<\/p>\n<p>N\u00f3s agradecemos o renascimento desta igreja atrav\u00e9s do restauro que, no ano passado ainda era considerado dif\u00edcil, se n\u00e3o imposs\u00edvel. O Instituto Modus Vivendi executou aqui um fato quase milagroso. E n\u00f3s viemos hoje para agradecer o nascimento da nova igreja do Ros\u00e1rio. Nossos olhos, nossos ouvidos, nosso cora\u00e7\u00e3o, que andaram ansiosos por ver este dia, hoje se assemelham aos olhos, ouvidos e cora\u00e7\u00e3o de Maria de Nazar\u00e9, que escuta a voz do c\u00e9u: \u201cAlegra-te, porque grandes coisas fez por ti o Senhor!\u201d Nossos olhos contemplam hoje nossa igreja restaurada. E nos alegramos e exultamos de alegria.<\/p>\n<p>Como soa bem \u00e0s v\u00e9speras do Natal a palavra \u2018alegria\u2019 e como cai bem em nosso cora\u00e7\u00e3o o sentimento da alegria. O anjo falou de alegria na Anuncia\u00e7\u00e3o. Isabel disse que a alegria dela era tanta que at\u00e9 Jo\u00e3o Batista no \u00fatero gritara de alegria. Os anjos anunciaram alegria aos pastores nos campos de Bel\u00e9m. Alegria divina por causa de acontecimentos divinos, como \u00e9 o Natal. Alegria humana por causa de acontecimentos humanos, como \u00e9 o caso do restauro desta casa, que \u00e9 de Deus (e por isso divina) e \u00e9 nossa (e por isso humana). Como n\u00e3o cantar com Maria o magnificat da alegria?<\/p>\n<p>Esta \u00e9 a casa de Deus. Esta \u00e9 a casa de sua M\u00e3e Maria. Esta \u00e9 a nossa casa. Entremos sempre com confian\u00e7a nesta nossa casa, onde encontramos nossa M\u00e3e pronta para levar a Deus nossos pedidos, para enxugar nossos lamentos, para nos ajudar a rezar nossa f\u00e9 embebida na esperan\u00e7a e daqui sair sempre carregados de gra\u00e7as de caridade, de paz, de amor fraterno, de conviv\u00eancia na comunidade.<\/p>\n<p>Vou usar esta oportunidade para saldar um dever de toda a Par\u00f3quia de Nossa Senhora do Ros\u00e1rio. Como Deus sempre age atrav\u00e9s de seus anjos, o nosso anjo desta vez foi o vereador Joel Rangel, que n\u00e3o mediu esfor\u00e7o religioso e esfor\u00e7o pol\u00edtico para conseguir o apoio un\u00e2nime dos 17 vereadores para que Nossa Senhora do Ros\u00e1rio fosse, por decreto, a Padroeira do Munic\u00edpio. Nossa par\u00f3quia lhe estava devendo este agradecimento. Estamos felizes em poder express\u00e1-lo nesta noite feita de alegria e a\u00e7\u00e3o de gra\u00e7as.<\/p>\n<p>Ainda preciso fazer mais um agradecimento. N\u00e3o estou pensando na Modus Vivendi. N\u00e3o estou pensando nos arquitetos e pedreiros. N\u00e3o estou pensando no governador e na Vale. Todos eles tiveram nosso profundo e muito sincero agradecimento no domingo, ao som do coral e da sinf\u00f4nica. Mas eu devo um agradecimento a voc\u00eas, moradores e comunidade do Ros\u00e1rio pela paci\u00eancia durante este ano e pela ora\u00e7\u00e3o que fizeram todos os domingos pelo \u00eaxito do restauro. Um agradecimento ao Conselho, que acompanhou de perto o andamento dos trabalhos.<\/p>\n<p>Tenho certeza de que Nossa Senhora do Ros\u00e1rio exultou de alegria ao voltar ao seu altar e \u00e0 sua igreja. E que cada uma das nossas fam\u00edlias seja uma conta do ros\u00e1rio, que passe e repasse muitas vezes por suas m\u00e3os maternais. Am\u00e9m!<\/p>\n<hr \/>\n<p><strong>Texto: Frei Clar\u00eancio Neotti\u00a0<\/strong><\/p>\n","protected":false},"excerpt":{"rendered":"<p>Par\u00f3quia Nossa Senhora do Ros\u00e1rio<\/p>\n","protected":false},"author":1,"featured_media":195919,"comment_status":"open","ping_status":"open","sticky":false,"template":"","format":"standard","meta":[],"categories":[1],"tags":[231],"acf":[],"yoast_head":"<!-- This site is optimized with the Yoast SEO plugin v19.2 - https:\/\/yoast.com\/wordpress\/plugins\/seo\/ -->\n<title>Agradecimento pelo restauro da igreja-m\u00e3e do Esp\u00edrito Santo - Not\u00edcias - Franciscanos<\/title>\n<meta name=\"robots\" content=\"index, follow, max-snippet:-1, max-image-preview:large, max-video-preview:-1\" \/>\n<link rel=\"canonical\" href=\"https:\/\/franciscanos.org.br\/noticias\/agradecimento-pelo-restauro-da-igreja-mae-do-espirito-santo.html\" \/>\n<meta property=\"og:locale\" content=\"pt_BR\" \/>\n<meta property=\"og:type\" content=\"article\" \/>\n<meta property=\"og:title\" content=\"Agradecimento pelo restauro da igreja-m\u00e3e do Esp\u00edrito Santo - Not\u00edcias - Franciscanos\" \/>\n<meta property=\"og:description\" content=\"Par\u00f3quia Nossa Senhora do Ros\u00e1rio\" \/>\n<meta property=\"og:url\" content=\"https:\/\/franciscanos.org.br\/noticias\/agradecimento-pelo-restauro-da-igreja-mae-do-espirito-santo.html\" \/>\n<meta property=\"og:site_name\" content=\"Not\u00edcias - Franciscanos\" \/>\n<meta property=\"article:published_time\" content=\"2017-01-01T13:01:20+00:00\" \/>\n<meta property=\"article:modified_time\" content=\"2020-06-09T15:21:05+00:00\" \/>\n<meta property=\"og:image\" content=\"https:\/\/franciscanos.org.br\/noticias\/wp-content\/uploads\/2017\/01\/rosario_221216.jpg\" \/>\n\t<meta property=\"og:image:width\" content=\"273\" \/>\n\t<meta property=\"og:image:height\" content=\"181\" \/>\n\t<meta property=\"og:image:type\" content=\"image\/jpeg\" \/>\n<meta name=\"author\" content=\"admin\" \/>\n<meta name=\"twitter:card\" content=\"summary_large_image\" \/>\n<meta name=\"twitter:label1\" content=\"Escrito por\" \/>\n\t<meta name=\"twitter:data1\" content=\"admin\" \/>\n\t<meta name=\"twitter:label2\" content=\"Est. tempo de leitura\" \/>\n\t<meta name=\"twitter:data2\" content=\"5 minutos\" \/>\n<script type=\"application\/ld+json\" class=\"yoast-schema-graph\">{\"@context\":\"https:\/\/schema.org\",\"@graph\":[{\"@type\":\"WebSite\",\"@id\":\"https:\/\/franciscanos.org.br\/noticias\/#website\",\"url\":\"https:\/\/franciscanos.org.br\/noticias\/\",\"name\":\"Not\u00edcias - Franciscanos\",\"description\":\"Prov\u00edncia Franciscana da Imaculada Concei\u00e7\u00e3o do Brasil - Ordem dos Frades Menores - OFM\",\"potentialAction\":[{\"@type\":\"SearchAction\",\"target\":{\"@type\":\"EntryPoint\",\"urlTemplate\":\"https:\/\/franciscanos.org.br\/noticias\/?s={search_term_string}\"},\"query-input\":\"required name=search_term_string\"}],\"inLanguage\":\"pt-BR\"},{\"@type\":\"ImageObject\",\"inLanguage\":\"pt-BR\",\"@id\":\"https:\/\/franciscanos.org.br\/noticias\/agradecimento-pelo-restauro-da-igreja-mae-do-espirito-santo.html#primaryimage\",\"url\":\"https:\/\/franciscanos.org.br\/noticias\/wp-content\/uploads\/2017\/01\/rosario_221216.jpg\",\"contentUrl\":\"https:\/\/franciscanos.org.br\/noticias\/wp-content\/uploads\/2017\/01\/rosario_221216.jpg\",\"width\":273,\"height\":181},{\"@type\":\"WebPage\",\"@id\":\"https:\/\/franciscanos.org.br\/noticias\/agradecimento-pelo-restauro-da-igreja-mae-do-espirito-santo.html#webpage\",\"url\":\"https:\/\/franciscanos.org.br\/noticias\/agradecimento-pelo-restauro-da-igreja-mae-do-espirito-santo.html\",\"name\":\"Agradecimento pelo restauro da igreja-m\u00e3e do Esp\u00edrito Santo - Not\u00edcias - Franciscanos\",\"isPartOf\":{\"@id\":\"https:\/\/franciscanos.org.br\/noticias\/#website\"},\"primaryImageOfPage\":{\"@id\":\"https:\/\/franciscanos.org.br\/noticias\/agradecimento-pelo-restauro-da-igreja-mae-do-espirito-santo.html#primaryimage\"},\"datePublished\":\"2017-01-01T13:01:20+00:00\",\"dateModified\":\"2020-06-09T15:21:05+00:00\",\"author\":{\"@id\":\"https:\/\/franciscanos.org.br\/noticias\/#\/schema\/person\/b38fbf43118f02820bd932f2e4b14ad3\"},\"breadcrumb\":{\"@id\":\"https:\/\/franciscanos.org.br\/noticias\/agradecimento-pelo-restauro-da-igreja-mae-do-espirito-santo.html#breadcrumb\"},\"inLanguage\":\"pt-BR\",\"potentialAction\":[{\"@type\":\"ReadAction\",\"target\":[\"https:\/\/franciscanos.org.br\/noticias\/agradecimento-pelo-restauro-da-igreja-mae-do-espirito-santo.html\"]}]},{\"@type\":\"BreadcrumbList\",\"@id\":\"https:\/\/franciscanos.org.br\/noticias\/agradecimento-pelo-restauro-da-igreja-mae-do-espirito-santo.html#breadcrumb\",\"itemListElement\":[{\"@type\":\"ListItem\",\"position\":1,\"name\":\"Home\",\"item\":\"https:\/\/franciscanos.org.br\/noticias\"},{\"@type\":\"ListItem\",\"position\":2,\"name\":\"Agradecimento pelo restauro da igreja-m\u00e3e do Esp\u00edrito Santo\"}]},{\"@type\":\"Person\",\"@id\":\"https:\/\/franciscanos.org.br\/noticias\/#\/schema\/person\/b38fbf43118f02820bd932f2e4b14ad3\",\"name\":\"admin\",\"image\":{\"@type\":\"ImageObject\",\"inLanguage\":\"pt-BR\",\"@id\":\"https:\/\/franciscanos.org.br\/noticias\/#\/schema\/person\/image\/\",\"url\":\"https:\/\/secure.gravatar.com\/avatar\/e8495742d34d0ba6448ea1c628263b3e?s=96&d=mm&r=g\",\"contentUrl\":\"https:\/\/secure.gravatar.com\/avatar\/e8495742d34d0ba6448ea1c628263b3e?s=96&d=mm&r=g\",\"caption\":\"admin\"},\"url\":\"https:\/\/franciscanos.org.br\/noticias\/author\/admin\"}]}<\/script>\n<!-- \/ Yoast SEO plugin. -->","yoast_head_json":{"title":"Agradecimento pelo restauro da igreja-m\u00e3e do Esp\u00edrito Santo - Not\u00edcias - Franciscanos","robots":{"index":"index","follow":"follow","max-snippet":"max-snippet:-1","max-image-preview":"max-image-preview:large","max-video-preview":"max-video-preview:-1"},"canonical":"https:\/\/franciscanos.org.br\/noticias\/agradecimento-pelo-restauro-da-igreja-mae-do-espirito-santo.html","og_locale":"pt_BR","og_type":"article","og_title":"Agradecimento pelo restauro da igreja-m\u00e3e do Esp\u00edrito Santo - Not\u00edcias - Franciscanos","og_description":"Par\u00f3quia Nossa Senhora do Ros\u00e1rio","og_url":"https:\/\/franciscanos.org.br\/noticias\/agradecimento-pelo-restauro-da-igreja-mae-do-espirito-santo.html","og_site_name":"Not\u00edcias - Franciscanos","article_published_time":"2017-01-01T13:01:20+00:00","article_modified_time":"2020-06-09T15:21:05+00:00","og_image":[{"width":273,"height":181,"url":"https:\/\/franciscanos.org.br\/noticias\/wp-content\/uploads\/2017\/01\/rosario_221216.jpg","type":"image\/jpeg"}],"author":"admin","twitter_card":"summary_large_image","twitter_misc":{"Escrito por":"admin","Est. tempo de leitura":"5 minutos"},"schema":{"@context":"https:\/\/schema.org","@graph":[{"@type":"WebSite","@id":"https:\/\/franciscanos.org.br\/noticias\/#website","url":"https:\/\/franciscanos.org.br\/noticias\/","name":"Not\u00edcias - Franciscanos","description":"Prov\u00edncia Franciscana da Imaculada Concei\u00e7\u00e3o do Brasil - Ordem dos Frades Menores - OFM","potentialAction":[{"@type":"SearchAction","target":{"@type":"EntryPoint","urlTemplate":"https:\/\/franciscanos.org.br\/noticias\/?s={search_term_string}"},"query-input":"required name=search_term_string"}],"inLanguage":"pt-BR"},{"@type":"ImageObject","inLanguage":"pt-BR","@id":"https:\/\/franciscanos.org.br\/noticias\/agradecimento-pelo-restauro-da-igreja-mae-do-espirito-santo.html#primaryimage","url":"https:\/\/franciscanos.org.br\/noticias\/wp-content\/uploads\/2017\/01\/rosario_221216.jpg","contentUrl":"https:\/\/franciscanos.org.br\/noticias\/wp-content\/uploads\/2017\/01\/rosario_221216.jpg","width":273,"height":181},{"@type":"WebPage","@id":"https:\/\/franciscanos.org.br\/noticias\/agradecimento-pelo-restauro-da-igreja-mae-do-espirito-santo.html#webpage","url":"https:\/\/franciscanos.org.br\/noticias\/agradecimento-pelo-restauro-da-igreja-mae-do-espirito-santo.html","name":"Agradecimento pelo restauro da igreja-m\u00e3e do Esp\u00edrito Santo - Not\u00edcias - Franciscanos","isPartOf":{"@id":"https:\/\/franciscanos.org.br\/noticias\/#website"},"primaryImageOfPage":{"@id":"https:\/\/franciscanos.org.br\/noticias\/agradecimento-pelo-restauro-da-igreja-mae-do-espirito-santo.html#primaryimage"},"datePublished":"2017-01-01T13:01:20+00:00","dateModified":"2020-06-09T15:21:05+00:00","author":{"@id":"https:\/\/franciscanos.org.br\/noticias\/#\/schema\/person\/b38fbf43118f02820bd932f2e4b14ad3"},"breadcrumb":{"@id":"https:\/\/franciscanos.org.br\/noticias\/agradecimento-pelo-restauro-da-igreja-mae-do-espirito-santo.html#breadcrumb"},"inLanguage":"pt-BR","potentialAction":[{"@type":"ReadAction","target":["https:\/\/franciscanos.org.br\/noticias\/agradecimento-pelo-restauro-da-igreja-mae-do-espirito-santo.html"]}]},{"@type":"BreadcrumbList","@id":"https:\/\/franciscanos.org.br\/noticias\/agradecimento-pelo-restauro-da-igreja-mae-do-espirito-santo.html#breadcrumb","itemListElement":[{"@type":"ListItem","position":1,"name":"Home","item":"https:\/\/franciscanos.org.br\/noticias"},{"@type":"ListItem","position":2,"name":"Agradecimento pelo restauro da igreja-m\u00e3e do Esp\u00edrito Santo"}]},{"@type":"Person","@id":"https:\/\/franciscanos.org.br\/noticias\/#\/schema\/person\/b38fbf43118f02820bd932f2e4b14ad3","name":"admin","image":{"@type":"ImageObject","inLanguage":"pt-BR","@id":"https:\/\/franciscanos.org.br\/noticias\/#\/schema\/person\/image\/","url":"https:\/\/secure.gravatar.com\/avatar\/e8495742d34d0ba6448ea1c628263b3e?s=96&d=mm&r=g","contentUrl":"https:\/\/secure.gravatar.com\/avatar\/e8495742d34d0ba6448ea1c628263b3e?s=96&d=mm&r=g","caption":"admin"},"url":"https:\/\/franciscanos.org.br\/noticias\/author\/admin"}]}},"_links":{"self":[{"href":"https:\/\/franciscanos.org.br\/noticias\/wp-json\/wp\/v2\/posts\/122687"}],"collection":[{"href":"https:\/\/franciscanos.org.br\/noticias\/wp-json\/wp\/v2\/posts"}],"about":[{"href":"https:\/\/franciscanos.org.br\/noticias\/wp-json\/wp\/v2\/types\/post"}],"author":[{"embeddable":true,"href":"https:\/\/franciscanos.org.br\/noticias\/wp-json\/wp\/v2\/users\/1"}],"replies":[{"embeddable":true,"href":"https:\/\/franciscanos.org.br\/noticias\/wp-json\/wp\/v2\/comments?post=122687"}],"version-history":[{"count":2,"href":"https:\/\/franciscanos.org.br\/noticias\/wp-json\/wp\/v2\/posts\/122687\/revisions"}],"predecessor-version":[{"id":225503,"href":"https:\/\/franciscanos.org.br\/noticias\/wp-json\/wp\/v2\/posts\/122687\/revisions\/225503"}],"wp:featuredmedia":[{"embeddable":true,"href":"https:\/\/franciscanos.org.br\/noticias\/wp-json\/wp\/v2\/media\/195919"}],"wp:attachment":[{"href":"https:\/\/franciscanos.org.br\/noticias\/wp-json\/wp\/v2\/media?parent=122687"}],"wp:term":[{"taxonomy":"category","embeddable":true,"href":"https:\/\/franciscanos.org.br\/noticias\/wp-json\/wp\/v2\/categories?post=122687"},{"taxonomy":"post_tag","embeddable":true,"href":"https:\/\/franciscanos.org.br\/noticias\/wp-json\/wp\/v2\/tags?post=122687"}],"curies":[{"name":"wp","href":"https:\/\/api.w.org\/{rel}","templated":true}]}}