{"id":122597,"date":"2016-12-19T17:00:41","date_gmt":"2016-12-19T19:00:41","guid":{"rendered":"http:\/\/franciscanos.org.br\/?p=122597"},"modified":"2020-06-09T12:28:23","modified_gmt":"2020-06-09T15:28:23","slug":"ato-marca-a-reabertura-da-igreja-do-rosario","status":"publish","type":"post","link":"https:\/\/franciscanos.org.br\/noticias\/ato-marca-a-reabertura-da-igreja-do-rosario.html","title":{"rendered":"Ato marca a reabertura da Igreja do Ros\u00e1rio"},"content":{"rendered":"<p><img loading=\"lazy\" class=\"alignnone size-full wp-image-193014\" src=\"https:\/\/franciscanos.org.br\/noticias\/wp-content\/uploads\/2016\/12\/rosario_181216-G.jpg\" alt=\"\" width=\"980\" height=\"550\" srcset=\"https:\/\/franciscanos.org.br\/noticias\/wp-content\/uploads\/2016\/12\/rosario_181216-G.jpg 980w, https:\/\/franciscanos.org.br\/noticias\/wp-content\/uploads\/2016\/12\/rosario_181216-G-450x253.jpg 450w, https:\/\/franciscanos.org.br\/noticias\/wp-content\/uploads\/2016\/12\/rosario_181216-G-768x431.jpg 768w, https:\/\/franciscanos.org.br\/noticias\/wp-content\/uploads\/2016\/12\/rosario_181216-G-150x84.jpg 150w\" sizes=\"(max-width: 980px) 100vw, 980px\" \/><strong>\u00a0<\/strong><\/p>\n<p><strong>\u00c9rika Augusto<br \/>\n<\/strong><\/p>\n<p><strong>Vila Velha (ES) &#8211;\u00a0No dia 18 de dezembro, domingo, a cidade de Vila Velha foi presenteada com a reinaugura\u00e7\u00e3o de um dos seus marcos hist\u00f3ricos mais significativos: a igreja do Ros\u00e1rio<\/strong>, localizada na Prainha. \u00c9 a igreja mais antiga em funcionamento no Brasil. Foi constru\u00edda em 1535, pelo donat\u00e1rio Vasco Fernandes Coutinho. Ali\u00a0celebraram Padre Manoel da N\u00f3brega, fundador da cidade de S\u00e3o Paulo, e S\u00e3o Jos\u00e9 de Anchieta, em 1597. O franciscano Frei Pedro Pal\u00e1cios tamb\u00e9m celebrou nesta igreja, que neste domingo foi entregue \u00e0 comunidade totalmente restaurada.<\/p>\n<p>No ato de reinaugura\u00e7\u00e3o participaram o Ministro Provincial, Frei Fid\u00eancio Vanboemmel, o p\u00e1roco Frei Djalmo Fuck, o vig\u00e1rio paroquial Frei Clar\u00eancio Neotti, e todos os frades das fraternidades de Vila Velha, Padre Paulo R\u00e9gis, representante da Arquidiocese de Vit\u00f3ria, p\u00e1roco da Catedral e vig\u00e1rio respons\u00e1vel pelo Departamento Patrimonial. Tamb\u00e9m estiveram presentes o governador do Estado, Paulo Hartung, o prefeito de Vila Velha, Rodney Miranda, o prefeito eleito, Max Filho, os secret\u00e1rios, F\u00e1bio Brasileiro, diretor da empresa Vale, uma das patrocinadoras do restauro e diversas autoridades.<\/p>\n<p>A comunidade vilavelhense respondeu positivamente, comparecendo em peso para a reinaugura\u00e7\u00e3o. A Pra\u00e7a da Bandeira, onde fica localizada a igreja do Ros\u00e1rio, estava repleta de pessoas.<\/p>\n<p>O ato come\u00e7ou com a apresenta\u00e7\u00e3o do Coral Jovem M\u00fasica Vale, que cantaram m\u00fasicas natalinas e obras da m\u00fasica popular brasileira, encantando os presentes. Logo em seguida, o governador foi convidado a cortar a fita da porta principal da igreja do Ros\u00e1rio. O Ministro Provincial fez ent\u00e3o a b\u00ean\u00e7\u00e3o da igreja, e todos puderam entrar para conferir o restauro. O movimento foi intenso durante toda a noite. Todos queriam entrar para ver e registrar este momento t\u00e3o importante para a comunidade local e a cidade de Vila Velha.<\/p>\n<p>Uma das visitantes mais idosas no local era a Dona Marina. Aos 84 anos, ela fez quest\u00e3o de estar\u00a0no ato de reinaugura\u00e7\u00e3o da igreja. Ela afirmou que atualmente n\u00e3o mora mais t\u00e3o perto do local e n\u00e3o participa com frequ\u00eancia, mas que sua fam\u00edlia sempre vinha aqui.<\/p>\n<p>Paroquiano h\u00e1 mais de 40 anos, Od\u00edlio Fernando de Abreu \u00e9 membro do Conselho de Pastoral do Ros\u00e1rio e ajudou no processo de restaura\u00e7\u00e3o, fazendo a ponte entre a comunidade e Instituto Modus Vivendi, respons\u00e1vel pelas obras de restaura\u00e7\u00e3o. Od\u00edlio destacou o trabalho dos frades em todo o processo, bem como o trabalho da equipe, a produtora e coordenadora de restauro Erika Kunkel e Raquel Diniz.<\/p>\n<p>Para Frei Fid\u00eancio, a igreja do Ros\u00e1rio \u00e9 um marco hist\u00f3rico para a cidade, o estado e o pa\u00eds, mas tamb\u00e9m \u00e9 um local de extrema import\u00e2ncia para a igreja local. \u201cEstamos diante de um monumento &#8220;sagrado&#8221; da hist\u00f3ria do povo capixaba; estamos diante de um monumento-ber\u00e7o que \u00e9 sinal vis\u00edvel da hist\u00f3ria da evangeliza\u00e7\u00e3o que aconteceu a partir desta singela igreja do Ros\u00e1rio; estamos diante de um templo de Deus, ponto de refer\u00eancia da primitiva cidade de Vila Velha; enfim, estamos diante da pequena &#8220;igreja-m\u00e3e&#8221;, geradora de novas comunidades e par\u00f3quias nesta cidade de Vila Velha\u201d, afirmou o Ministro Provincial.<\/p>\n<p>Frei Djalmo Fuck, p\u00e1roco, destaca a import\u00e2ncia do restauro para a comunidade local. \u201cHoje nossa par\u00f3quia est\u00e1 em festa, a comunidade cat\u00f3lica da Prainha est\u00e1 em festa, o munic\u00edpio de Vila Velha est\u00e1 em festa, o Estado do Esp\u00edrito Santo est\u00e1 em festa. Junto \u00e0 velha e agora restaurada igrejinha da Prainha, pulsa o cora\u00e7\u00e3o e alma dos capixabas, express\u00e3o grandiosa da f\u00e9 de um povo, de sua f\u00e9 viva, de suas celebra\u00e7\u00f5es, c\u00e2nticos e preces. Marco da coloniza\u00e7\u00e3o do solo Esp\u00edrito-santense, s\u00edmbolo do povo capixaba e de seus monumentos hist\u00f3ricos. Aqui nasceu o Estado do Esp\u00edrito Santo. E agora, gra\u00e7as \u00e0 parceira do poder p\u00fablico e a iniciativa privada, nossa igrejinha \u00e9 devolvida novamente ao povo, seus verdadeiros donos, agora ainda mais bela\u201d, afirmou, agradecendo o empenho de toda a equipe que trabalhou no \u00faltimo ano no restauro.<\/p>\n<p><img loading=\"lazy\" class=\"alignleft wp-image-193016\" src=\"https:\/\/franciscanos.org.br\/noticias\/wp-content\/uploads\/2016\/12\/rosario_181216-55.jpg\" alt=\"\" width=\"660\" height=\"439\" srcset=\"https:\/\/franciscanos.org.br\/noticias\/wp-content\/uploads\/2016\/12\/rosario_181216-55.jpg 800w, https:\/\/franciscanos.org.br\/noticias\/wp-content\/uploads\/2016\/12\/rosario_181216-55-450x299.jpg 450w, https:\/\/franciscanos.org.br\/noticias\/wp-content\/uploads\/2016\/12\/rosario_181216-55-768x511.jpg 768w, https:\/\/franciscanos.org.br\/noticias\/wp-content\/uploads\/2016\/12\/rosario_181216-55-150x100.jpg 150w\" sizes=\"(max-width: 660px) 100vw, 660px\" \/>O governador descerrou a placa que marca a reinaugura\u00e7\u00e3o da igreja e, em seguida, todos participaram da apresenta\u00e7\u00e3o da Orquestra Sinf\u00f4nica do Estado, que fez uma bel\u00edssima apresenta\u00e7\u00e3o, coroando assim este dia t\u00e3o importante para a cidade de Vila Velha. A Casa da Mem\u00f3ria e a comunidade do Ros\u00e1rio entregaram ao Ministro Provincial uma escultura com os principais pontos tur\u00edsticos da cidade, entre eles a igreja do Ros\u00e1rio e o Convento da Penha. Foi entregue tamb\u00e9m ao governador uma placa de agradecimento. A pedido de Paulo Hartung, a m\u00fasica de encerramento foi O trem das Onze, de Adoniran Barbosa.<\/p>\n<p>O dia ainda foi marcado pelo anivers\u00e1rio do Definidor Provincial e Reitor do Convento da Penha, Frei Paulo Roberto Pereira. A Sinf\u00f4nica fez sua homenagem, tocando o Parab\u00e9ns a voc\u00ea para o aniversariante. Os frades terminaram a noite em clima festivo, celebrando o anivers\u00e1rio de Frei Paulo numa pequena confraterniza\u00e7\u00e3o no Convento da Penha.<\/p>\n<p>A primeira missa na igreja do Ros\u00e1rio acontece nesta ter\u00e7a-feira, dia 20, \u00e0s 19h30, onde acontecer\u00e1 tamb\u00e9m a translada\u00e7\u00e3o do Sant\u00edssimo.<\/p>\n<p>&nbsp;<\/p>\n<p><strong>LEIA ABAIXO O DISCURSO DE FREI FID\u00caNCIO VANBOEMMEL:<\/strong><\/p>\n<p>Ilustr\u00edssimo Sr. Governador Estado do Esp\u00edrito Santo, Paulo Hartung, Sr. Prefeito de Vila Velha, Rodney Miranda e todas as demais autoridades civis e militares;<br \/>\nCar\u00edssimo Pe. Paulo, representante do nosso Arcebispo Dom Luis Mancilha Vilela;<\/p>\n<p>Car\u00edssimo Frei Djalmo, p\u00e1roco da Par\u00f3quia de Nossa Senhora do Ros\u00e1rio, e com ele todos os Confrades do Santu\u00e1rio do Divino Esp\u00edrito Santo e do Convento Nossa Senhora da Penha;<\/p>\n<p>Sa\u00fado toda a Comunidade e todas as pessoas que se empenharam na restaura\u00e7\u00e3o desta linda e hist\u00f3rica igreja de Nossa Senhora do Ros\u00e1rio.<br \/>\nA cada um e a cada uma, minha sauda\u00e7\u00e3o Franciscana de Paz e Bem!<\/p>\n<p>Neste fim de tarde, no 4\u00ba domingo do Advento e h\u00e1 uma semana da Solenidade do Natal do Senhor, as nossas aten\u00e7\u00f5es est\u00e3o voltadas para esta Igreja do Ros\u00e1rio, restaurada com t\u00e9cnica e carinho, pronta para ser devolvida \u00e0 Comunidade.<\/p>\n<p>Aqui n\u00e3o estamos t\u00e3o somente diante de um monumento hist\u00f3rico de grande valia, restaurada com esmero por todos os \u00d3rg\u00e3os competentes do Estado do Esp\u00edrito Santo.<br \/>\nEstamos diante de um monumento &#8220;sagrado&#8221; da hist\u00f3ria do Povo Capixaba; estamos diante de um monumento-ber\u00e7o que \u00e9 sinal vis\u00edvel da hist\u00f3ria da evangeliza\u00e7\u00e3o que aconteceu a partir desta singela Igreja do Ros\u00e1rio; estamos diante de um templo de Deus, ponto de refer\u00eancia da primitiva cidade de Vila Velha; enfim, estamos diante da pequena &#8220;igreja-m\u00e3e&#8221;, geradora de novas comunidades e par\u00f3quias nesta cidade de Vila Velha.<\/p>\n<p>Por isso, olhando para esta igreja rec\u00e9m-restaurada, gostaria de contempla-la franciscanamente e diante dela proferir a ora\u00e7\u00e3o que S\u00e3o Francisco de Assis pedia que os frades rezassem quando avistavam uma igreja ou outro sinal da cruz em meio \u00e0s itiner\u00e2ncias mission\u00e1rias: &#8220;N\u00f3s vos adoramos, sant\u00edssimo Senhor Jesus Cristo, AQUI e em todas as igrejas que est\u00e3o no mundo inteiro, e vos bendizemos porque pela vossa Santa Cruz remistes o mundo&#8221;.<\/p>\n<p>E nas cartas que S\u00e3o Francisco escreveu aos Frades, aos Fi\u00e9is, aos Cl\u00e9rigos e aos Governadores dos Povos, ele muito insistiu na import\u00e2ncia que se deve dar a tudo o que \u00e9 visibilidade do Sagrado. Por isso, nesta tarde, parabenizo toda a sociedade Capixaba e especialmente a querida Vila Velha, por este esfor\u00e7o coletivo. Vos parabenizo franciscanamente no tempo da Igreja do Papa Francisco, porque todos se uniram \u00e0 voz do mandato mais bonito que S\u00e3o Francisco um dia ouviu a partir do Crucificado na igrejinha de S\u00e3o Dami\u00e3o: &#8220;Vai, Francisco, e restaura a minha Igreja&#8221;.<\/p>\n<p>Quando a Diocese de Vitoria, mais precisamente o Bispo Dom Luiz Scortegagna, escreveu carta pedindo que n\u00f3s, &#8220;Frades Franciscanos&#8221; cuid\u00e1ssemos desta Par\u00f3quia, &#8220;dada a situa\u00e7\u00e3o dif\u00edcil que se encontrava a Par\u00f3quia de Vila Velha&#8221;, tamb\u00e9m fez quest\u00e3o de dizer que o &#8220;Santu\u00e1rio da Penha se situa na Par\u00f3quia&#8221;. Com isso quero entender, comunidade aqui presente, que a Igreja nos conferiu uma miss\u00e3o: que a Par\u00f3quia do Ros\u00e1rio e o Convento da Penha, sob a materna prote\u00e7\u00e3o da &#8220;Virgem feita Igreja&#8221; (Nossa Senhora do Ros\u00e1rio e Nossa Senhora das Alegrias), dois monumentos sagrados deste Estado do Esp\u00edrito Santo, fa\u00e7am pulsar no povo capixaba o que de mais sagrado existe no cora\u00e7\u00e3o deste povo: o temor do Senhor e o carinho filial com a M\u00e3e de Deus.<\/p>\n<p>Em nome da Prov\u00edncia Franciscana da Imaculada Concei\u00e7\u00e3o do Brasil, particularmente dos meus Confrade aqui de Vila Velha, mais uma vez lhes desejo a Paz e todo o Bem, como tamb\u00e9m os votos de um Santo Natal e um aben\u00e7oado Ano Novo!<\/p>\n<p><strong>LEIA ABAIXO O DISCURSO DE FREI DJALMO FUCK<\/strong><\/p>\n<p>Em nome da Par\u00f3quia Nossa Senhora do Ros\u00e1rio gostaria de saudar e acolher a todos os presentes, mas de modo especial o governador do Estado do Esp\u00edrito Santo, Paulo Hartung; o prefeito de Vila Velha, Rodney Miranda; o diretor da Vale, F\u00e1bio Brasileiro; o representante da Arquidiocese de Vit\u00f3ria, Padre Paulo R\u00e9gis, p\u00e1roco da catedral e vig\u00e1rio respons\u00e1vel pelo Departamento Patrimonial e de modo muito particular e todo especial, Fr. Fid\u00eancio Vanboemmel, ministro Provincial da Prov\u00edncia Franciscana da Imaculada Concei\u00e7\u00e3o do Brasil, respons\u00e1vel por esta igreja e pelos frades que aqui trabalham e evangelizam.<\/p>\n<p>Hoje a quase quincenten\u00e1ria igrejinha de Nossa Senhora do Ros\u00e1rio, segundo os historiadores datada de 1535, agora tamb\u00e9m padroeira do munic\u00edpio de Vila Velha, considerada a igreja mais antiga do Brasil em funcionamento, est\u00e1 sendo entregue novamente \u00e0 comunidade, depois de um minucioso e dedicado restauro. Hoje nossa par\u00f3quia est\u00e1 em festa, a comunidade cat\u00f3lica da Prainha est\u00e1 em festa, o munic\u00edpio de Vila Velha est\u00e1 em festa, o Estado do Esp\u00edrito Santo est\u00e1 em festa. Junto \u00e0 velha e agora restaurada igrejinha da prainha, pulsa o cora\u00e7\u00e3o e alma dos capixabas, express\u00e3o grandiosa da f\u00e9 de um povo, de sua f\u00e9 viva, de suas celebra\u00e7\u00f5es, c\u00e2nticos e preces.<\/p>\n<p>Marco da coloniza\u00e7\u00e3o do solo Esp\u00edrito-santense, s\u00edmbolo do povo capixaba e de seus monumentos hist\u00f3ricos. Aqui nasceu o estado do Esp\u00edrito Santo. E agora, gra\u00e7as \u00e0 parceira do poder p\u00fablico e a iniciativa privada, nossa igrejinha \u00e9 devolvida novamente ao povo, seus verdadeiros donos, agora ainda mais bela.<\/p>\n<p>Queria destacar aqui o trabalho dedicado e competente do Instituto Modus Vivendi, por meio da arquiteta \u00c9rika Kunkel, respons\u00e1vel pelo restauro. Qualifica\u00e7\u00e3o t\u00e9cnica, profissionalismo, di\u00e1logo com a comunidade e respeito ao patrim\u00f4nio religioso se fizeram presentes em todo o processo. Queria agradecer cada profissional que aqui se empenhou, desde os restauradores profissionais at\u00e9 os mais simples oper\u00e1rios. Cada um fazendo bem a sua parte para que pud\u00e9ssemos hoje contemplar tamanha beleza. Destaco ainda o di\u00e1logo fecundo e a parceira com o IPHAN, na pessoa Elisa Machado Taveira, superintendente do mesmo aqui no ES.<\/p>\n<p>Enfim, penso que todos n\u00f3s, par\u00f3quia, munic\u00edpio e Estado, temos a responsabilidade comum de agora em diante cuidar deste patrim\u00f4nio restaurado. A beleza do mesmo n\u00e3o poder\u00e1 ser contemplada exclusivamente pelos fieis cat\u00f3licos no momento das missas e demais celebra\u00e7\u00f5es. Este patrim\u00f4nio \u00e9 do povo, dos turistas que por aqui passam, daqueles que visitam nossos monumentos hist\u00f3ricos. Temos que criar condi\u00e7\u00f5es para que esta igreja possa permanecer aberta, com seguran\u00e7a e o trabalho de restauro cuidado e preservado, para que as futuras gera\u00e7\u00f5es, orgulhosas de nossa responsabilidade, possam ter na igrejinha da Prainha uma refer\u00eancia para sua f\u00e9, um marco de sua identidade cultural e espiritual. Muito obrigado!<\/p>\n","protected":false},"excerpt":{"rendered":"<p>Vila Velha<\/p>\n","protected":false},"author":1,"featured_media":193017,"comment_status":"open","ping_status":"open","sticky":false,"template":"","format":"standard","meta":[],"categories":[1],"tags":[231],"acf":[],"yoast_head":"<!-- This site is optimized with the Yoast SEO plugin v19.2 - https:\/\/yoast.com\/wordpress\/plugins\/seo\/ -->\n<title>Ato marca a reabertura da Igreja do Ros\u00e1rio - Not\u00edcias - Franciscanos<\/title>\n<meta name=\"robots\" content=\"index, follow, max-snippet:-1, max-image-preview:large, max-video-preview:-1\" \/>\n<link rel=\"canonical\" href=\"https:\/\/franciscanos.org.br\/noticias\/ato-marca-a-reabertura-da-igreja-do-rosario.html\" \/>\n<meta property=\"og:locale\" content=\"pt_BR\" \/>\n<meta property=\"og:type\" content=\"article\" \/>\n<meta property=\"og:title\" content=\"Ato marca a reabertura da Igreja do Ros\u00e1rio - Not\u00edcias - Franciscanos\" \/>\n<meta property=\"og:description\" content=\"Vila Velha\" \/>\n<meta property=\"og:url\" content=\"https:\/\/franciscanos.org.br\/noticias\/ato-marca-a-reabertura-da-igreja-do-rosario.html\" \/>\n<meta property=\"og:site_name\" content=\"Not\u00edcias - Franciscanos\" \/>\n<meta property=\"article:published_time\" content=\"2016-12-19T19:00:41+00:00\" \/>\n<meta property=\"article:modified_time\" content=\"2020-06-09T15:28:23+00:00\" \/>\n<meta property=\"og:image\" content=\"https:\/\/franciscanos.org.br\/noticias\/wp-content\/uploads\/2016\/12\/rosario_181216-P.jpg\" \/>\n\t<meta property=\"og:image:width\" content=\"273\" \/>\n\t<meta property=\"og:image:height\" content=\"181\" \/>\n\t<meta property=\"og:image:type\" content=\"image\/jpeg\" \/>\n<meta name=\"author\" content=\"admin\" \/>\n<meta name=\"twitter:card\" content=\"summary_large_image\" \/>\n<meta name=\"twitter:label1\" content=\"Escrito por\" \/>\n\t<meta name=\"twitter:data1\" content=\"admin\" \/>\n\t<meta name=\"twitter:label2\" content=\"Est. tempo de leitura\" \/>\n\t<meta name=\"twitter:data2\" content=\"10 minutos\" \/>\n<script type=\"application\/ld+json\" class=\"yoast-schema-graph\">{\"@context\":\"https:\/\/schema.org\",\"@graph\":[{\"@type\":\"WebSite\",\"@id\":\"https:\/\/franciscanos.org.br\/noticias\/#website\",\"url\":\"https:\/\/franciscanos.org.br\/noticias\/\",\"name\":\"Not\u00edcias - Franciscanos\",\"description\":\"Prov\u00edncia Franciscana da Imaculada Concei\u00e7\u00e3o do Brasil - Ordem dos Frades Menores - OFM\",\"potentialAction\":[{\"@type\":\"SearchAction\",\"target\":{\"@type\":\"EntryPoint\",\"urlTemplate\":\"https:\/\/franciscanos.org.br\/noticias\/?s={search_term_string}\"},\"query-input\":\"required name=search_term_string\"}],\"inLanguage\":\"pt-BR\"},{\"@type\":\"ImageObject\",\"inLanguage\":\"pt-BR\",\"@id\":\"https:\/\/franciscanos.org.br\/noticias\/ato-marca-a-reabertura-da-igreja-do-rosario.html#primaryimage\",\"url\":\"https:\/\/franciscanos.org.br\/noticias\/wp-content\/uploads\/2016\/12\/rosario_181216-P.jpg\",\"contentUrl\":\"https:\/\/franciscanos.org.br\/noticias\/wp-content\/uploads\/2016\/12\/rosario_181216-P.jpg\",\"width\":273,\"height\":181},{\"@type\":\"WebPage\",\"@id\":\"https:\/\/franciscanos.org.br\/noticias\/ato-marca-a-reabertura-da-igreja-do-rosario.html#webpage\",\"url\":\"https:\/\/franciscanos.org.br\/noticias\/ato-marca-a-reabertura-da-igreja-do-rosario.html\",\"name\":\"Ato marca a reabertura da Igreja do Ros\u00e1rio - Not\u00edcias - Franciscanos\",\"isPartOf\":{\"@id\":\"https:\/\/franciscanos.org.br\/noticias\/#website\"},\"primaryImageOfPage\":{\"@id\":\"https:\/\/franciscanos.org.br\/noticias\/ato-marca-a-reabertura-da-igreja-do-rosario.html#primaryimage\"},\"datePublished\":\"2016-12-19T19:00:41+00:00\",\"dateModified\":\"2020-06-09T15:28:23+00:00\",\"author\":{\"@id\":\"https:\/\/franciscanos.org.br\/noticias\/#\/schema\/person\/b38fbf43118f02820bd932f2e4b14ad3\"},\"breadcrumb\":{\"@id\":\"https:\/\/franciscanos.org.br\/noticias\/ato-marca-a-reabertura-da-igreja-do-rosario.html#breadcrumb\"},\"inLanguage\":\"pt-BR\",\"potentialAction\":[{\"@type\":\"ReadAction\",\"target\":[\"https:\/\/franciscanos.org.br\/noticias\/ato-marca-a-reabertura-da-igreja-do-rosario.html\"]}]},{\"@type\":\"BreadcrumbList\",\"@id\":\"https:\/\/franciscanos.org.br\/noticias\/ato-marca-a-reabertura-da-igreja-do-rosario.html#breadcrumb\",\"itemListElement\":[{\"@type\":\"ListItem\",\"position\":1,\"name\":\"Home\",\"item\":\"https:\/\/franciscanos.org.br\/noticias\"},{\"@type\":\"ListItem\",\"position\":2,\"name\":\"Ato marca a reabertura da Igreja do Ros\u00e1rio\"}]},{\"@type\":\"Person\",\"@id\":\"https:\/\/franciscanos.org.br\/noticias\/#\/schema\/person\/b38fbf43118f02820bd932f2e4b14ad3\",\"name\":\"admin\",\"image\":{\"@type\":\"ImageObject\",\"inLanguage\":\"pt-BR\",\"@id\":\"https:\/\/franciscanos.org.br\/noticias\/#\/schema\/person\/image\/\",\"url\":\"https:\/\/secure.gravatar.com\/avatar\/e8495742d34d0ba6448ea1c628263b3e?s=96&d=mm&r=g\",\"contentUrl\":\"https:\/\/secure.gravatar.com\/avatar\/e8495742d34d0ba6448ea1c628263b3e?s=96&d=mm&r=g\",\"caption\":\"admin\"},\"url\":\"https:\/\/franciscanos.org.br\/noticias\/author\/admin\"}]}<\/script>\n<!-- \/ Yoast SEO plugin. -->","yoast_head_json":{"title":"Ato marca a reabertura da Igreja do Ros\u00e1rio - Not\u00edcias - Franciscanos","robots":{"index":"index","follow":"follow","max-snippet":"max-snippet:-1","max-image-preview":"max-image-preview:large","max-video-preview":"max-video-preview:-1"},"canonical":"https:\/\/franciscanos.org.br\/noticias\/ato-marca-a-reabertura-da-igreja-do-rosario.html","og_locale":"pt_BR","og_type":"article","og_title":"Ato marca a reabertura da Igreja do Ros\u00e1rio - Not\u00edcias - Franciscanos","og_description":"Vila Velha","og_url":"https:\/\/franciscanos.org.br\/noticias\/ato-marca-a-reabertura-da-igreja-do-rosario.html","og_site_name":"Not\u00edcias - Franciscanos","article_published_time":"2016-12-19T19:00:41+00:00","article_modified_time":"2020-06-09T15:28:23+00:00","og_image":[{"width":273,"height":181,"url":"https:\/\/franciscanos.org.br\/noticias\/wp-content\/uploads\/2016\/12\/rosario_181216-P.jpg","type":"image\/jpeg"}],"author":"admin","twitter_card":"summary_large_image","twitter_misc":{"Escrito por":"admin","Est. tempo de leitura":"10 minutos"},"schema":{"@context":"https:\/\/schema.org","@graph":[{"@type":"WebSite","@id":"https:\/\/franciscanos.org.br\/noticias\/#website","url":"https:\/\/franciscanos.org.br\/noticias\/","name":"Not\u00edcias - Franciscanos","description":"Prov\u00edncia Franciscana da Imaculada Concei\u00e7\u00e3o do Brasil - Ordem dos Frades Menores - OFM","potentialAction":[{"@type":"SearchAction","target":{"@type":"EntryPoint","urlTemplate":"https:\/\/franciscanos.org.br\/noticias\/?s={search_term_string}"},"query-input":"required name=search_term_string"}],"inLanguage":"pt-BR"},{"@type":"ImageObject","inLanguage":"pt-BR","@id":"https:\/\/franciscanos.org.br\/noticias\/ato-marca-a-reabertura-da-igreja-do-rosario.html#primaryimage","url":"https:\/\/franciscanos.org.br\/noticias\/wp-content\/uploads\/2016\/12\/rosario_181216-P.jpg","contentUrl":"https:\/\/franciscanos.org.br\/noticias\/wp-content\/uploads\/2016\/12\/rosario_181216-P.jpg","width":273,"height":181},{"@type":"WebPage","@id":"https:\/\/franciscanos.org.br\/noticias\/ato-marca-a-reabertura-da-igreja-do-rosario.html#webpage","url":"https:\/\/franciscanos.org.br\/noticias\/ato-marca-a-reabertura-da-igreja-do-rosario.html","name":"Ato marca a reabertura da Igreja do Ros\u00e1rio - Not\u00edcias - Franciscanos","isPartOf":{"@id":"https:\/\/franciscanos.org.br\/noticias\/#website"},"primaryImageOfPage":{"@id":"https:\/\/franciscanos.org.br\/noticias\/ato-marca-a-reabertura-da-igreja-do-rosario.html#primaryimage"},"datePublished":"2016-12-19T19:00:41+00:00","dateModified":"2020-06-09T15:28:23+00:00","author":{"@id":"https:\/\/franciscanos.org.br\/noticias\/#\/schema\/person\/b38fbf43118f02820bd932f2e4b14ad3"},"breadcrumb":{"@id":"https:\/\/franciscanos.org.br\/noticias\/ato-marca-a-reabertura-da-igreja-do-rosario.html#breadcrumb"},"inLanguage":"pt-BR","potentialAction":[{"@type":"ReadAction","target":["https:\/\/franciscanos.org.br\/noticias\/ato-marca-a-reabertura-da-igreja-do-rosario.html"]}]},{"@type":"BreadcrumbList","@id":"https:\/\/franciscanos.org.br\/noticias\/ato-marca-a-reabertura-da-igreja-do-rosario.html#breadcrumb","itemListElement":[{"@type":"ListItem","position":1,"name":"Home","item":"https:\/\/franciscanos.org.br\/noticias"},{"@type":"ListItem","position":2,"name":"Ato marca a reabertura da Igreja do Ros\u00e1rio"}]},{"@type":"Person","@id":"https:\/\/franciscanos.org.br\/noticias\/#\/schema\/person\/b38fbf43118f02820bd932f2e4b14ad3","name":"admin","image":{"@type":"ImageObject","inLanguage":"pt-BR","@id":"https:\/\/franciscanos.org.br\/noticias\/#\/schema\/person\/image\/","url":"https:\/\/secure.gravatar.com\/avatar\/e8495742d34d0ba6448ea1c628263b3e?s=96&d=mm&r=g","contentUrl":"https:\/\/secure.gravatar.com\/avatar\/e8495742d34d0ba6448ea1c628263b3e?s=96&d=mm&r=g","caption":"admin"},"url":"https:\/\/franciscanos.org.br\/noticias\/author\/admin"}]}},"_links":{"self":[{"href":"https:\/\/franciscanos.org.br\/noticias\/wp-json\/wp\/v2\/posts\/122597"}],"collection":[{"href":"https:\/\/franciscanos.org.br\/noticias\/wp-json\/wp\/v2\/posts"}],"about":[{"href":"https:\/\/franciscanos.org.br\/noticias\/wp-json\/wp\/v2\/types\/post"}],"author":[{"embeddable":true,"href":"https:\/\/franciscanos.org.br\/noticias\/wp-json\/wp\/v2\/users\/1"}],"replies":[{"embeddable":true,"href":"https:\/\/franciscanos.org.br\/noticias\/wp-json\/wp\/v2\/comments?post=122597"}],"version-history":[{"count":1,"href":"https:\/\/franciscanos.org.br\/noticias\/wp-json\/wp\/v2\/posts\/122597\/revisions"}],"predecessor-version":[{"id":225510,"href":"https:\/\/franciscanos.org.br\/noticias\/wp-json\/wp\/v2\/posts\/122597\/revisions\/225510"}],"wp:featuredmedia":[{"embeddable":true,"href":"https:\/\/franciscanos.org.br\/noticias\/wp-json\/wp\/v2\/media\/193017"}],"wp:attachment":[{"href":"https:\/\/franciscanos.org.br\/noticias\/wp-json\/wp\/v2\/media?parent=122597"}],"wp:term":[{"taxonomy":"category","embeddable":true,"href":"https:\/\/franciscanos.org.br\/noticias\/wp-json\/wp\/v2\/categories?post=122597"},{"taxonomy":"post_tag","embeddable":true,"href":"https:\/\/franciscanos.org.br\/noticias\/wp-json\/wp\/v2\/tags?post=122597"}],"curies":[{"name":"wp","href":"https:\/\/api.w.org\/{rel}","templated":true}]}}