{"id":122542,"date":"2016-12-18T16:02:26","date_gmt":"2016-12-18T18:02:26","guid":{"rendered":"http:\/\/franciscanos.org.br\/?p=122542"},"modified":"2019-07-09T10:18:53","modified_gmt":"2019-07-09T13:18:53","slug":"o-natal-e-o-nosso-encontro-pessoal-com-o-deus-salvador","status":"publish","type":"post","link":"https:\/\/franciscanos.org.br\/noticias\/o-natal-e-o-nosso-encontro-pessoal-com-o-deus-salvador.html","title":{"rendered":"Natal \u00e9 o encontro pessoal com o Deus Salvador"},"content":{"rendered":"<p><img loading=\"lazy\" src=\"http:\/\/franciscanos.org.br\/wp-content\/uploads\/2016\/12\/Rosario_181216.jpg\" alt=\"Rosario_181216\" width=\"830\" height=\"430\" \/><br \/>\n<strong>\u00c9rika Augusto<\/strong><\/p>\n<p><strong>Vila Velha (ES) &#8211;<\/strong> Na manh\u00e3 deste 4\u00ba domingo do Advento, o Santu\u00e1rio Divino Esp\u00edrito Santo, em Vila Velha (ES), recebeu o Ministro Provincial, Frei Fid\u00eancio Vanboemmel, que presidiu a celebra\u00e7\u00e3o das 10 horas ao lado do p\u00e1roco, Frei Djalmo Fuck, Frei Nazareno L\u00fcdtke, Frei Vunibaldo Vogel. A missa tamb\u00e9m marcou a chegada de Frei Leandro Costa, rec\u00e9m-transferido para Vila Velha ap\u00f3s a conclus\u00e3o dos estudos de Teologia, em Petr\u00f3polis. A apresenta\u00e7\u00e3o oficial acontecer\u00e1 no dia 2 de fevereiro, com a participa\u00e7\u00e3o das 10 comunidades.<\/p>\n<p>Em sua homilia, Frei Fid\u00eancio destacou que o principal mist\u00e9rio do Natal \u00e9 a encarna\u00e7\u00e3o de Jesus, e n\u00e3o os s\u00edmbolos natalinos que estamos acostumados, como o Papai Noel. \u201cO Natal que n\u00f3s queremos celebrar \u00e9 o nosso encontro pessoal com o Deus Salvador, n\u00e3o \u00e9 o Papai Noel, que vai embora, mas Emanuel, que significa Deus conosco. O Deus que quer permanecer conosco ao longo de mais um ano, um Deus que se encarna na hist\u00f3ria, um Deus que entra na nossa hist\u00f3ria, um Deus que entra na nossa vida para nos estender a m\u00e3o e dizer: \u2018caminha comigo, porque sou o Teu Salvador\u2019\u201d, afirmou.<\/p>\n<p><strong>Maria e Jos\u00e9, sinais vis\u00edveis da a\u00e7\u00e3o de Deus<\/strong><br \/>\nO frade destacou ainda a import\u00e2ncia de Maria para o mist\u00e9rio da encarna\u00e7\u00e3o, e tamb\u00e9m a figura de S\u00e3o Jos\u00e9, homem justo retratado no evangelho deste domingo. \u201cO sinal mais bonito desta presen\u00e7a do Deus conosco \u00e9 o sinal da Virgem que conceber\u00e1 e dar\u00e1 \u00e0 luz um Filho, que vai receber o nome de Emanuel\u201d, afirmou Frei Fid\u00eancio.<\/p>\n<p>\u201cSonho n\u00e3o \u00e9 fantasia, sonho, aqui na B\u00edblia, significa o sonho que Deus tem para toda a humanidade. E Jos\u00e9, portanto, \u00e9 convidado a penetrar no mist\u00e9rio do sonho de Deus, n\u00e3o \u00e9 Jos\u00e9 que est\u00e1 sonhando, \u00e9 Deus que sonha pela humanidade, \u00e9 Deus que sonha pela alegria da humanidade, pela salva\u00e7\u00e3o da humanidade. Jos\u00e9, que \u00e9 justo, \u00e9 chamado a mergulhar na hist\u00f3ria salv\u00edfica, no an\u00fancio dos profetas.\u201d, assinalou o Ministro Provincial, falando sobre o evangelho deste 4\u00ba domingo do Advento.<\/p>\n<p><strong>Gesto concreto para as comunidades<\/strong><br \/>\nNo momento dos avisos o p\u00e1roco, Frei Djalmo, deu uma boa not\u00edcia para a comunidade. Como gesto concreto para este Natal, foi pedido aos paroquianos para trazerem cestas b\u00e1sicas, que ser\u00e3o doadas para as fam\u00edlias das comunidades. A resposta foi positiva e surpreendeu: mais de 300 cestas foram arrecadadas at\u00e9 o momento. E Frei Djalmo ent\u00e3o, diante da resposta positiva da comunidade, estabeleceu uma nova meta a ser atingida at\u00e9 a semana que vem: 500 cestas b\u00e1sicas.<\/p>\n<p><strong>Reinaugura\u00e7\u00e3o da Igreja Matriz<\/strong><br \/>\n\u00c0s 18 horas deste domingo, 18, haver\u00e1 a reinaugura\u00e7\u00e3o da Igreja do Ros\u00e1rio, a igreja mais antiga em funcionamento no Brasil, que fica na Prainha. O evento contar\u00e1 com a presen\u00e7a do governador do Esp\u00edrito Santo, Paulo Hartung, do prefeito de Vila Velha, Rodney Miranda, al\u00e9m dos frades locais. Haver\u00e1 ainda apresenta\u00e7\u00e3o da Orquestra Sinf\u00f4nica do Estado e do coral Jovem Vale M\u00fasica. A primeira missa acontecer\u00e1 na pr\u00f3xima ter\u00e7a-feira, 20, \u00e0s 19h30.<\/p>\n","protected":false},"excerpt":{"rendered":"<p>Vila Velha (ES)<\/p>\n","protected":false},"author":1,"featured_media":207474,"comment_status":"open","ping_status":"open","sticky":false,"template":"","format":"standard","meta":[],"categories":[1],"tags":[668,1415],"acf":[],"yoast_head":"<!-- This site is optimized with the Yoast SEO plugin v19.2 - https:\/\/yoast.com\/wordpress\/plugins\/seo\/ -->\n<title>Natal \u00e9 o encontro pessoal com o Deus Salvador - Not\u00edcias - Franciscanos<\/title>\n<meta name=\"robots\" content=\"index, follow, max-snippet:-1, max-image-preview:large, max-video-preview:-1\" \/>\n<link rel=\"canonical\" href=\"https:\/\/franciscanos.org.br\/noticias\/o-natal-e-o-nosso-encontro-pessoal-com-o-deus-salvador.html\" \/>\n<meta property=\"og:locale\" content=\"pt_BR\" \/>\n<meta property=\"og:type\" content=\"article\" \/>\n<meta property=\"og:title\" content=\"Natal \u00e9 o encontro pessoal com o Deus Salvador - Not\u00edcias - Franciscanos\" \/>\n<meta property=\"og:description\" content=\"Vila Velha (ES)\" \/>\n<meta property=\"og:url\" content=\"https:\/\/franciscanos.org.br\/noticias\/o-natal-e-o-nosso-encontro-pessoal-com-o-deus-salvador.html\" \/>\n<meta property=\"og:site_name\" content=\"Not\u00edcias - Franciscanos\" \/>\n<meta property=\"article:published_time\" content=\"2016-12-18T18:02:26+00:00\" \/>\n<meta property=\"article:modified_time\" content=\"2019-07-09T13:18:53+00:00\" \/>\n<meta property=\"og:image\" content=\"https:\/\/franciscanos.org.br\/noticias\/wp-content\/uploads\/2016\/12\/Rosario_181216.jpg\" \/>\n\t<meta property=\"og:image:width\" content=\"273\" \/>\n\t<meta property=\"og:image:height\" content=\"181\" \/>\n\t<meta property=\"og:image:type\" content=\"image\/jpeg\" \/>\n<meta name=\"author\" content=\"admin\" \/>\n<meta name=\"twitter:card\" content=\"summary_large_image\" \/>\n<meta name=\"twitter:label1\" content=\"Escrito por\" \/>\n\t<meta name=\"twitter:data1\" content=\"admin\" \/>\n\t<meta name=\"twitter:label2\" content=\"Est. tempo de leitura\" \/>\n\t<meta name=\"twitter:data2\" content=\"3 minutos\" \/>\n<script type=\"application\/ld+json\" class=\"yoast-schema-graph\">{\"@context\":\"https:\/\/schema.org\",\"@graph\":[{\"@type\":\"WebSite\",\"@id\":\"https:\/\/franciscanos.org.br\/noticias\/#website\",\"url\":\"https:\/\/franciscanos.org.br\/noticias\/\",\"name\":\"Not\u00edcias - Franciscanos\",\"description\":\"Prov\u00edncia Franciscana da Imaculada Concei\u00e7\u00e3o do Brasil - Ordem dos Frades Menores - OFM\",\"potentialAction\":[{\"@type\":\"SearchAction\",\"target\":{\"@type\":\"EntryPoint\",\"urlTemplate\":\"https:\/\/franciscanos.org.br\/noticias\/?s={search_term_string}\"},\"query-input\":\"required name=search_term_string\"}],\"inLanguage\":\"pt-BR\"},{\"@type\":\"ImageObject\",\"inLanguage\":\"pt-BR\",\"@id\":\"https:\/\/franciscanos.org.br\/noticias\/o-natal-e-o-nosso-encontro-pessoal-com-o-deus-salvador.html#primaryimage\",\"url\":\"https:\/\/franciscanos.org.br\/noticias\/wp-content\/uploads\/2016\/12\/Rosario_181216.jpg\",\"contentUrl\":\"https:\/\/franciscanos.org.br\/noticias\/wp-content\/uploads\/2016\/12\/Rosario_181216.jpg\",\"width\":273,\"height\":181},{\"@type\":\"WebPage\",\"@id\":\"https:\/\/franciscanos.org.br\/noticias\/o-natal-e-o-nosso-encontro-pessoal-com-o-deus-salvador.html#webpage\",\"url\":\"https:\/\/franciscanos.org.br\/noticias\/o-natal-e-o-nosso-encontro-pessoal-com-o-deus-salvador.html\",\"name\":\"Natal \u00e9 o encontro pessoal com o Deus Salvador - Not\u00edcias - Franciscanos\",\"isPartOf\":{\"@id\":\"https:\/\/franciscanos.org.br\/noticias\/#website\"},\"primaryImageOfPage\":{\"@id\":\"https:\/\/franciscanos.org.br\/noticias\/o-natal-e-o-nosso-encontro-pessoal-com-o-deus-salvador.html#primaryimage\"},\"datePublished\":\"2016-12-18T18:02:26+00:00\",\"dateModified\":\"2019-07-09T13:18:53+00:00\",\"author\":{\"@id\":\"https:\/\/franciscanos.org.br\/noticias\/#\/schema\/person\/b38fbf43118f02820bd932f2e4b14ad3\"},\"breadcrumb\":{\"@id\":\"https:\/\/franciscanos.org.br\/noticias\/o-natal-e-o-nosso-encontro-pessoal-com-o-deus-salvador.html#breadcrumb\"},\"inLanguage\":\"pt-BR\",\"potentialAction\":[{\"@type\":\"ReadAction\",\"target\":[\"https:\/\/franciscanos.org.br\/noticias\/o-natal-e-o-nosso-encontro-pessoal-com-o-deus-salvador.html\"]}]},{\"@type\":\"BreadcrumbList\",\"@id\":\"https:\/\/franciscanos.org.br\/noticias\/o-natal-e-o-nosso-encontro-pessoal-com-o-deus-salvador.html#breadcrumb\",\"itemListElement\":[{\"@type\":\"ListItem\",\"position\":1,\"name\":\"Home\",\"item\":\"https:\/\/franciscanos.org.br\/noticias\"},{\"@type\":\"ListItem\",\"position\":2,\"name\":\"Natal \u00e9 o encontro pessoal com o Deus Salvador\"}]},{\"@type\":\"Person\",\"@id\":\"https:\/\/franciscanos.org.br\/noticias\/#\/schema\/person\/b38fbf43118f02820bd932f2e4b14ad3\",\"name\":\"admin\",\"image\":{\"@type\":\"ImageObject\",\"inLanguage\":\"pt-BR\",\"@id\":\"https:\/\/franciscanos.org.br\/noticias\/#\/schema\/person\/image\/\",\"url\":\"https:\/\/secure.gravatar.com\/avatar\/e8495742d34d0ba6448ea1c628263b3e?s=96&d=mm&r=g\",\"contentUrl\":\"https:\/\/secure.gravatar.com\/avatar\/e8495742d34d0ba6448ea1c628263b3e?s=96&d=mm&r=g\",\"caption\":\"admin\"},\"url\":\"https:\/\/franciscanos.org.br\/noticias\/author\/admin\"}]}<\/script>\n<!-- \/ Yoast SEO plugin. -->","yoast_head_json":{"title":"Natal \u00e9 o encontro pessoal com o Deus Salvador - Not\u00edcias - Franciscanos","robots":{"index":"index","follow":"follow","max-snippet":"max-snippet:-1","max-image-preview":"max-image-preview:large","max-video-preview":"max-video-preview:-1"},"canonical":"https:\/\/franciscanos.org.br\/noticias\/o-natal-e-o-nosso-encontro-pessoal-com-o-deus-salvador.html","og_locale":"pt_BR","og_type":"article","og_title":"Natal \u00e9 o encontro pessoal com o Deus Salvador - Not\u00edcias - Franciscanos","og_description":"Vila Velha (ES)","og_url":"https:\/\/franciscanos.org.br\/noticias\/o-natal-e-o-nosso-encontro-pessoal-com-o-deus-salvador.html","og_site_name":"Not\u00edcias - Franciscanos","article_published_time":"2016-12-18T18:02:26+00:00","article_modified_time":"2019-07-09T13:18:53+00:00","og_image":[{"width":273,"height":181,"url":"https:\/\/franciscanos.org.br\/noticias\/wp-content\/uploads\/2016\/12\/Rosario_181216.jpg","type":"image\/jpeg"}],"author":"admin","twitter_card":"summary_large_image","twitter_misc":{"Escrito por":"admin","Est. tempo de leitura":"3 minutos"},"schema":{"@context":"https:\/\/schema.org","@graph":[{"@type":"WebSite","@id":"https:\/\/franciscanos.org.br\/noticias\/#website","url":"https:\/\/franciscanos.org.br\/noticias\/","name":"Not\u00edcias - Franciscanos","description":"Prov\u00edncia Franciscana da Imaculada Concei\u00e7\u00e3o do Brasil - Ordem dos Frades Menores - OFM","potentialAction":[{"@type":"SearchAction","target":{"@type":"EntryPoint","urlTemplate":"https:\/\/franciscanos.org.br\/noticias\/?s={search_term_string}"},"query-input":"required name=search_term_string"}],"inLanguage":"pt-BR"},{"@type":"ImageObject","inLanguage":"pt-BR","@id":"https:\/\/franciscanos.org.br\/noticias\/o-natal-e-o-nosso-encontro-pessoal-com-o-deus-salvador.html#primaryimage","url":"https:\/\/franciscanos.org.br\/noticias\/wp-content\/uploads\/2016\/12\/Rosario_181216.jpg","contentUrl":"https:\/\/franciscanos.org.br\/noticias\/wp-content\/uploads\/2016\/12\/Rosario_181216.jpg","width":273,"height":181},{"@type":"WebPage","@id":"https:\/\/franciscanos.org.br\/noticias\/o-natal-e-o-nosso-encontro-pessoal-com-o-deus-salvador.html#webpage","url":"https:\/\/franciscanos.org.br\/noticias\/o-natal-e-o-nosso-encontro-pessoal-com-o-deus-salvador.html","name":"Natal \u00e9 o encontro pessoal com o Deus Salvador - Not\u00edcias - Franciscanos","isPartOf":{"@id":"https:\/\/franciscanos.org.br\/noticias\/#website"},"primaryImageOfPage":{"@id":"https:\/\/franciscanos.org.br\/noticias\/o-natal-e-o-nosso-encontro-pessoal-com-o-deus-salvador.html#primaryimage"},"datePublished":"2016-12-18T18:02:26+00:00","dateModified":"2019-07-09T13:18:53+00:00","author":{"@id":"https:\/\/franciscanos.org.br\/noticias\/#\/schema\/person\/b38fbf43118f02820bd932f2e4b14ad3"},"breadcrumb":{"@id":"https:\/\/franciscanos.org.br\/noticias\/o-natal-e-o-nosso-encontro-pessoal-com-o-deus-salvador.html#breadcrumb"},"inLanguage":"pt-BR","potentialAction":[{"@type":"ReadAction","target":["https:\/\/franciscanos.org.br\/noticias\/o-natal-e-o-nosso-encontro-pessoal-com-o-deus-salvador.html"]}]},{"@type":"BreadcrumbList","@id":"https:\/\/franciscanos.org.br\/noticias\/o-natal-e-o-nosso-encontro-pessoal-com-o-deus-salvador.html#breadcrumb","itemListElement":[{"@type":"ListItem","position":1,"name":"Home","item":"https:\/\/franciscanos.org.br\/noticias"},{"@type":"ListItem","position":2,"name":"Natal \u00e9 o encontro pessoal com o Deus Salvador"}]},{"@type":"Person","@id":"https:\/\/franciscanos.org.br\/noticias\/#\/schema\/person\/b38fbf43118f02820bd932f2e4b14ad3","name":"admin","image":{"@type":"ImageObject","inLanguage":"pt-BR","@id":"https:\/\/franciscanos.org.br\/noticias\/#\/schema\/person\/image\/","url":"https:\/\/secure.gravatar.com\/avatar\/e8495742d34d0ba6448ea1c628263b3e?s=96&d=mm&r=g","contentUrl":"https:\/\/secure.gravatar.com\/avatar\/e8495742d34d0ba6448ea1c628263b3e?s=96&d=mm&r=g","caption":"admin"},"url":"https:\/\/franciscanos.org.br\/noticias\/author\/admin"}]}},"_links":{"self":[{"href":"https:\/\/franciscanos.org.br\/noticias\/wp-json\/wp\/v2\/posts\/122542"}],"collection":[{"href":"https:\/\/franciscanos.org.br\/noticias\/wp-json\/wp\/v2\/posts"}],"about":[{"href":"https:\/\/franciscanos.org.br\/noticias\/wp-json\/wp\/v2\/types\/post"}],"author":[{"embeddable":true,"href":"https:\/\/franciscanos.org.br\/noticias\/wp-json\/wp\/v2\/users\/1"}],"replies":[{"embeddable":true,"href":"https:\/\/franciscanos.org.br\/noticias\/wp-json\/wp\/v2\/comments?post=122542"}],"version-history":[{"count":0,"href":"https:\/\/franciscanos.org.br\/noticias\/wp-json\/wp\/v2\/posts\/122542\/revisions"}],"wp:featuredmedia":[{"embeddable":true,"href":"https:\/\/franciscanos.org.br\/noticias\/wp-json\/wp\/v2\/media\/207474"}],"wp:attachment":[{"href":"https:\/\/franciscanos.org.br\/noticias\/wp-json\/wp\/v2\/media?parent=122542"}],"wp:term":[{"taxonomy":"category","embeddable":true,"href":"https:\/\/franciscanos.org.br\/noticias\/wp-json\/wp\/v2\/categories?post=122542"},{"taxonomy":"post_tag","embeddable":true,"href":"https:\/\/franciscanos.org.br\/noticias\/wp-json\/wp\/v2\/tags?post=122542"}],"curies":[{"name":"wp","href":"https:\/\/api.w.org\/{rel}","templated":true}]}}