{"id":122493,"date":"2016-12-16T15:17:56","date_gmt":"2016-12-16T17:17:56","guid":{"rendered":"http:\/\/franciscanos.org.br\/?p=122493"},"modified":"2019-04-25T13:57:25","modified_gmt":"2019-04-25T16:57:25","slug":"emocionante-adeus-dos-franciscanos-a-d-paulo","status":"publish","type":"post","link":"https:\/\/franciscanos.org.br\/noticias\/emocionante-adeus-dos-franciscanos-a-d-paulo.html","title":{"rendered":"O emocionante adeus dos Franciscanos a Dom Paulo"},"content":{"rendered":"<p><img loading=\"lazy\" src=\"https:\/\/franciscanos.org.br\/noticias\/wp-content\/uploads\/2016\/12\/missa_161216_5.jpg\" alt=\"\" width=\"830\" height=\"551\" \/><\/p>\n<p><strong>Moacir Beggo (texto e fotos)<br \/>\nLuciney Martins (Arquidiocese de S. Paulo, foto no alto)<\/strong><\/p>\n<p><strong>S\u00e3o Paulo (SP)<\/strong> &#8211; A Fam\u00edlia Franciscana se reuniu na manh\u00e3 desta sexta-feira (16\/12), \u00e0s 10 horas, para prestar a \u00faltima homenagem a Dom Paulo Evaristo Arns e, como destacou o Ministro Provincial, Frei Fid\u00eancio Vanboemmel, &#8220;celebrar, no esp\u00edrito de S\u00e3o Francisco de Assis, a visita da Irm\u00e3 Morte e o mist\u00e9rio pascal deste nosso querido confrade e pastor&#8221;.<\/p>\n<p>Frei Fid\u00eancio presidiu a celebra\u00e7\u00e3o e teve como concelebrantes o Arcebispo de Porto Alegre e seu confrade, Dom Jaime Spengler, e o arcebispo de Ribeir\u00e3o Preto, Dom Moacir Silva. Entre os religiosos presentes, o Ministro Provincial dos Frades Menores Capuchinhos, Frei Carlos Silva, e do Ministro Provincial dos Frades Menores Conventuais, Frei G\u00edlson Nunes.<\/p>\n<p>A A\u00e7\u00e3o de Gra\u00e7as \u00a0dos Franciscanos aconteceu cinco horas antes do sepultamento, previsto para ap\u00f3s a Missa das 15 horas. A celebra\u00e7\u00e3o foi simples, mas emocionante e fraternal como se esperava dos seus confrades e da Fam\u00edlia Franciscana. Frei Fid\u00eancio, na sua homilia lembrou que Dom Paulo rezava e repetia com muita frequ\u00eancia o &#8220;C\u00e2ntico das Criaturas&#8221;, o hino que o pr\u00f3prio S\u00e3o Francisco pediu que os frades cantassem no momento de sua morte. No final da celebra\u00e7\u00e3o, o Ministro Provincial repetiu o gesto e chamou todos os frades para perto do corpo de Dom Paulo. Pediu que cantassem este hino enquanto fez a encomenda\u00e7\u00e3o do corpo. Foi dif\u00edcil segurar as l\u00e1grimas neste momento!<\/p>\n<p>Em dois dias de vel\u00f3rio, o povo fez filas para se despedir de Dom Paulo e participar de uma das 23 missas de corpo presente, enchendo sempre a Catedral. No intervalo entre as celebra\u00e7\u00f5es, o p\u00fablico p\u00f4de se aproximar do corpo de Dom Paulo, que ser\u00e1 sepultado na cripta da catedral, localizada no subsolo, onde est\u00e3o sepultados 11 bispos, dois arcebispos, o cacique Tibiri\u00e7\u00e1, que foi catequizado por jesu\u00edtas, al\u00e9m do regente Feij\u00f3 e o padre Bartholomeu de Gusm\u00e3o, que ficou conhecido pela inven\u00e7\u00e3o dos bal\u00f5es. Dom Paulo ser\u00e1 o terceiro arcebispo e o primeiro cardeal a ser sepultado no local. Dom Jos\u00e9 Gaspar, em 1943, foi o \u00faltimo arcebispo sepultado ali.<\/p>\n<p>Tendo presente este hino de S\u00e3o Francisco, Frei Fid\u00eancio disse que a atitude, enquanto franciscanos\/as, religiosos\/as e povo de Deus, neste dia em que sepultamos o corpo de Dom Paulo, deve ser a da gratid\u00e3o ao &#8220;Alt\u00edssimo, Onipotente e Bom Senhor&#8221;.<\/p>\n<p>&#8220;Louvado sejas, meu Senhor, pela vida de Dom Paulo. \u00a0Louvado sejas, meu Senhor, porque cumulastes este vosso servo Dom Paulo com tantas virtudes. Virtudes enaltecidas por multid\u00f5es de pessoas que aprenderam, no ouvir e ver, a amar e a admirar este homem de Deus. Louvado sejas, meu Senhor, porque nos destes este confrade. Como S\u00e3o Francisco de Assis, tamb\u00e9m n\u00f3s, seus Confrades, agradecemos e nos alegramos no Alt\u00edssimo e Bom Senhor porque Ele enriqueceu-nos com este \u201chomem de tanto valor, &#8230; o companheiro t\u00e3o necess\u00e1rio e o amigo t\u00e3o fiel\u201d (1Cel 24)&#8221;, rezou o Provincial.<\/p>\n<p><img loading=\"lazy\" class=\"alignleft wp-image-122496 size-full\" src=\"http:\/\/franciscanos.org.br\/wp-content\/uploads\/2016\/12\/missa_161216_3.jpg\" alt=\"missa_161216_3\" width=\"375\" height=\"500\" \/>Frei Fid\u00eancio explicou que Dom Paulo teve uma &#8220;passagem curta&#8221;, mas muito significativa, pela Prov\u00edncia da Imaculada Concei\u00e7\u00e3o at\u00e9 ser nomeado bispo-auxiliar da Arquidiocese de S\u00e3o Paulo. Nesses 50 anos como bispo, contudo, nunca deixou de visitar o Convento S\u00e3o Francisco, no Centro de S\u00e3o Paulo. &#8220;Os Frades que viveram no Convento S\u00e3o Francisco, nos seus 50 anos de Bispo, s\u00e3o testemunhas desta alma franciscana que em v\u00e1rios momentos significativos continuava a valorizar a fraternidade como um dos pilares do carisma de S\u00e3o Francisco de Assis&#8221;.<\/p>\n<p>O Ministro Provincial explicou que a certeza que alimentou e levou S\u00e3o Francisco a acolher a morte como amiga e irm\u00e3, \u00e9 a proclama\u00e7\u00e3o desta verdade: \u201cFelizes os que ela encontrar conformes \u00e0 tua sant\u00edssima vontade\u201d.<\/p>\n<p><img loading=\"lazy\" class=\"alignright size-full wp-image-122497\" src=\"http:\/\/franciscanos.org.br\/wp-content\/uploads\/2016\/12\/missa_161216_4.jpg\" alt=\"missa_161216_4\" width=\"375\" height=\"500\" \/>&#8220;Creio que todas as pessoas que acompanharam Dom Paulo, certamente hoje compreendem a tamanha entrega que ele fez de si a tudo o que foi valoroso e significativo na vida dele: a fam\u00edlia, a vida religiosa franciscana e o seu pastoreio como bispo, cuidador do povo a ele confiado, para que todas as pessoas fossem respeitadas a partir da dignidade como direito inalien\u00e1vel. E foi assim que a irm\u00e3 Morte encontrou Dom Paulo: vivendo em conformidade \u00e0 sant\u00edssima vontade, segurando na m\u00e3o sua cruz peitoral para nos dizer que a &#8216;Perfeita Alegria&#8217;, isto \u00e9, a gl\u00f3ria maior da vida crist\u00e3 est\u00e1 na cruz de nosso Senhor Jesus Cristo&#8221;, explicou o Ministro Provincial dos Frades Menores da Imaculada.<\/p>\n<p>Participaram da Missa familiares de Dom Evaristo, que ressaltaram o toque franciscano da celebra\u00e7\u00e3o. Dom Evaristo Arns morreu na quarta (14) em decorr\u00eancia de uma broncopneumonia, aos 95 anos.<\/p>\n<p>Frei Gilson Nunes, Provincial dos Conventuais, leu a mensagem do presidente da Confer\u00eancia da Fam\u00edlia Franciscana, Frei Ederson Queiroz, OFMCap: &#8220;A Confer\u00eancia da Fam\u00edlia Franciscana do Brasil (CFF), unida \u00e0 Prov\u00edncia Franciscana da Imaculada Concei\u00e7\u00e3o do Brasil e \u00e0 Arquidiocese de S\u00e3o Paulo, canta os louvores do Senhor pela irm\u00e3 morte. A irm\u00e3 morte corporal que introduziu na alegria da Ressurrei\u00e7\u00e3o nosso confrade e bom pastor, Dom Paulo Evaristo Arns. Frei Paulo, digno filho de S\u00e3o Francisco de Assis, deixou-nos um rastro de fidelidade a Deus, \u00e0 Igreja e aos pobres. Sua vida franciscana o mergulhou na realidade da grande cidade de S\u00e3o Paulo. Tornou-se a voz dos sem voz, sobretudo daqueles que foram perseguidos pela ditadura militar.\u00a0 Fez do p\u00falpito sua arma pela paz e, como pai, bradava pela vida dos seus filhos, tragados pela mal\u00edcia de um sistema perverso. Como seguidor do<em> Poverello<\/em> de Assis, deu a vida pelos pobres. Por isso, tornou-se conhecido como o Cardeal das Periferias, o Cardeal dos Oper\u00e1rios, o Cardeal do Vaticano II, o Cardeal do Di\u00e1logo Inter-religioso, o Cardeal Franciscano. Sua vida simples e pr\u00f3xima dos simples irradiava ternura e alegria, pr\u00f3pria de quem vivia sob o signo da esperan\u00e7a. E de &#8220;Esperan\u00e7a em esperan\u00e7a&#8221;, foi mais do que seu lema episcopal, foi a maneira de estar na vida irradiando confian\u00e7a de quem acreditava que, para al\u00e9m da escurid\u00e3o da noite, lindo seria o nascer de um novo dia.<\/p>\n<p>Hoje, um sentimento de orfandade toma o nosso cora\u00e7\u00e3o; o filho de S\u00e3o Francisco levou consigo muitos segredos, sobretudo os segredos dos pobres, as l\u00e1grimas das m\u00e3es, a rebeldia da juventude, o sonho de uma nova P\u00e1tria e os introduziu nos c\u00e9us, junto ao trono do Cordeiro. Podemos imagin\u00e1-lo como anjo da Igreja da Pauliceia, dizendo: Am\u00e9m, Am\u00e9m! Vem Senhor Jesus!&#8221;.<\/p>\n<p>J\u00e1 o Vig\u00e1rio Provincial da Prov\u00edncia da Imaculada, Frei C\u00e9sar K\u00fclkamp, leu a mensagem do Ministro Geral da Ordem dos Frades Menores, Frei Michael Perry, que destacou que &#8220;Dom Paulo antecipou o que o Papa Francisco vem insistindo ao pedir uma Igreja em sa\u00edda&#8221; (<strong><a href=\"http:\/\/franciscanos.org.br\/?p=122321\">LEIA A \u00cdNTEGRA DA MENSAGEM<\/a><\/strong>).<\/p>\n<p>O povo, que veio em massa para prestar as \u00faltimas homenagens, p\u00f4de acompanhar a celebra\u00e7\u00e3o antes do sepultamento por tel\u00f5es na pra\u00e7a da S\u00e9.<\/p>\n\n","protected":false},"excerpt":{"rendered":"<p>Dom Paulo Evaristo Arns<\/p>\n","protected":false},"author":1,"featured_media":203408,"comment_status":"open","ping_status":"open","sticky":false,"template":"","format":"standard","meta":[],"categories":[1],"tags":[693],"acf":[],"yoast_head":"<!-- This site is optimized with the Yoast SEO plugin v19.2 - https:\/\/yoast.com\/wordpress\/plugins\/seo\/ -->\n<title>O emocionante adeus dos Franciscanos a Dom Paulo - Not\u00edcias - Franciscanos<\/title>\n<meta name=\"robots\" content=\"index, follow, max-snippet:-1, max-image-preview:large, max-video-preview:-1\" \/>\n<link rel=\"canonical\" href=\"https:\/\/franciscanos.org.br\/noticias\/emocionante-adeus-dos-franciscanos-a-d-paulo.html\" \/>\n<meta property=\"og:locale\" content=\"pt_BR\" \/>\n<meta property=\"og:type\" content=\"article\" \/>\n<meta property=\"og:title\" content=\"O emocionante adeus dos Franciscanos a Dom Paulo - Not\u00edcias - Franciscanos\" \/>\n<meta property=\"og:description\" content=\"Dom Paulo Evaristo Arns\" \/>\n<meta property=\"og:url\" content=\"https:\/\/franciscanos.org.br\/noticias\/emocionante-adeus-dos-franciscanos-a-d-paulo.html\" \/>\n<meta property=\"og:site_name\" content=\"Not\u00edcias - Franciscanos\" \/>\n<meta property=\"article:published_time\" content=\"2016-12-16T17:17:56+00:00\" \/>\n<meta property=\"article:modified_time\" content=\"2019-04-25T16:57:25+00:00\" \/>\n<meta property=\"og:image\" content=\"https:\/\/franciscanos.org.br\/noticias\/wp-content\/uploads\/2016\/12\/missa_161216_5p.jpg\" \/>\n\t<meta property=\"og:image:width\" content=\"273\" \/>\n\t<meta property=\"og:image:height\" content=\"181\" \/>\n\t<meta property=\"og:image:type\" content=\"image\/jpeg\" \/>\n<meta name=\"author\" content=\"admin\" \/>\n<meta name=\"twitter:card\" content=\"summary_large_image\" \/>\n<meta name=\"twitter:label1\" content=\"Escrito por\" \/>\n\t<meta name=\"twitter:data1\" content=\"admin\" \/>\n\t<meta name=\"twitter:label2\" content=\"Est. tempo de leitura\" \/>\n\t<meta name=\"twitter:data2\" content=\"6 minutos\" \/>\n<script type=\"application\/ld+json\" class=\"yoast-schema-graph\">{\"@context\":\"https:\/\/schema.org\",\"@graph\":[{\"@type\":\"WebSite\",\"@id\":\"https:\/\/franciscanos.org.br\/noticias\/#website\",\"url\":\"https:\/\/franciscanos.org.br\/noticias\/\",\"name\":\"Not\u00edcias - Franciscanos\",\"description\":\"Prov\u00edncia Franciscana da Imaculada Concei\u00e7\u00e3o do Brasil - Ordem dos Frades Menores - OFM\",\"potentialAction\":[{\"@type\":\"SearchAction\",\"target\":{\"@type\":\"EntryPoint\",\"urlTemplate\":\"https:\/\/franciscanos.org.br\/noticias\/?s={search_term_string}\"},\"query-input\":\"required name=search_term_string\"}],\"inLanguage\":\"pt-BR\"},{\"@type\":\"ImageObject\",\"inLanguage\":\"pt-BR\",\"@id\":\"https:\/\/franciscanos.org.br\/noticias\/emocionante-adeus-dos-franciscanos-a-d-paulo.html#primaryimage\",\"url\":\"https:\/\/franciscanos.org.br\/noticias\/wp-content\/uploads\/2016\/12\/missa_161216_5p.jpg\",\"contentUrl\":\"https:\/\/franciscanos.org.br\/noticias\/wp-content\/uploads\/2016\/12\/missa_161216_5p.jpg\",\"width\":273,\"height\":181},{\"@type\":\"WebPage\",\"@id\":\"https:\/\/franciscanos.org.br\/noticias\/emocionante-adeus-dos-franciscanos-a-d-paulo.html#webpage\",\"url\":\"https:\/\/franciscanos.org.br\/noticias\/emocionante-adeus-dos-franciscanos-a-d-paulo.html\",\"name\":\"O emocionante adeus dos Franciscanos a Dom Paulo - Not\u00edcias - Franciscanos\",\"isPartOf\":{\"@id\":\"https:\/\/franciscanos.org.br\/noticias\/#website\"},\"primaryImageOfPage\":{\"@id\":\"https:\/\/franciscanos.org.br\/noticias\/emocionante-adeus-dos-franciscanos-a-d-paulo.html#primaryimage\"},\"datePublished\":\"2016-12-16T17:17:56+00:00\",\"dateModified\":\"2019-04-25T16:57:25+00:00\",\"author\":{\"@id\":\"https:\/\/franciscanos.org.br\/noticias\/#\/schema\/person\/b38fbf43118f02820bd932f2e4b14ad3\"},\"breadcrumb\":{\"@id\":\"https:\/\/franciscanos.org.br\/noticias\/emocionante-adeus-dos-franciscanos-a-d-paulo.html#breadcrumb\"},\"inLanguage\":\"pt-BR\",\"potentialAction\":[{\"@type\":\"ReadAction\",\"target\":[\"https:\/\/franciscanos.org.br\/noticias\/emocionante-adeus-dos-franciscanos-a-d-paulo.html\"]}]},{\"@type\":\"BreadcrumbList\",\"@id\":\"https:\/\/franciscanos.org.br\/noticias\/emocionante-adeus-dos-franciscanos-a-d-paulo.html#breadcrumb\",\"itemListElement\":[{\"@type\":\"ListItem\",\"position\":1,\"name\":\"Home\",\"item\":\"https:\/\/franciscanos.org.br\/noticias\"},{\"@type\":\"ListItem\",\"position\":2,\"name\":\"O emocionante adeus dos Franciscanos a Dom Paulo\"}]},{\"@type\":\"Person\",\"@id\":\"https:\/\/franciscanos.org.br\/noticias\/#\/schema\/person\/b38fbf43118f02820bd932f2e4b14ad3\",\"name\":\"admin\",\"image\":{\"@type\":\"ImageObject\",\"inLanguage\":\"pt-BR\",\"@id\":\"https:\/\/franciscanos.org.br\/noticias\/#\/schema\/person\/image\/\",\"url\":\"https:\/\/secure.gravatar.com\/avatar\/e8495742d34d0ba6448ea1c628263b3e?s=96&d=mm&r=g\",\"contentUrl\":\"https:\/\/secure.gravatar.com\/avatar\/e8495742d34d0ba6448ea1c628263b3e?s=96&d=mm&r=g\",\"caption\":\"admin\"},\"url\":\"https:\/\/franciscanos.org.br\/noticias\/author\/admin\"}]}<\/script>\n<!-- \/ Yoast SEO plugin. -->","yoast_head_json":{"title":"O emocionante adeus dos Franciscanos a Dom Paulo - Not\u00edcias - Franciscanos","robots":{"index":"index","follow":"follow","max-snippet":"max-snippet:-1","max-image-preview":"max-image-preview:large","max-video-preview":"max-video-preview:-1"},"canonical":"https:\/\/franciscanos.org.br\/noticias\/emocionante-adeus-dos-franciscanos-a-d-paulo.html","og_locale":"pt_BR","og_type":"article","og_title":"O emocionante adeus dos Franciscanos a Dom Paulo - Not\u00edcias - Franciscanos","og_description":"Dom Paulo Evaristo Arns","og_url":"https:\/\/franciscanos.org.br\/noticias\/emocionante-adeus-dos-franciscanos-a-d-paulo.html","og_site_name":"Not\u00edcias - Franciscanos","article_published_time":"2016-12-16T17:17:56+00:00","article_modified_time":"2019-04-25T16:57:25+00:00","og_image":[{"width":273,"height":181,"url":"https:\/\/franciscanos.org.br\/noticias\/wp-content\/uploads\/2016\/12\/missa_161216_5p.jpg","type":"image\/jpeg"}],"author":"admin","twitter_card":"summary_large_image","twitter_misc":{"Escrito por":"admin","Est. tempo de leitura":"6 minutos"},"schema":{"@context":"https:\/\/schema.org","@graph":[{"@type":"WebSite","@id":"https:\/\/franciscanos.org.br\/noticias\/#website","url":"https:\/\/franciscanos.org.br\/noticias\/","name":"Not\u00edcias - Franciscanos","description":"Prov\u00edncia Franciscana da Imaculada Concei\u00e7\u00e3o do Brasil - Ordem dos Frades Menores - OFM","potentialAction":[{"@type":"SearchAction","target":{"@type":"EntryPoint","urlTemplate":"https:\/\/franciscanos.org.br\/noticias\/?s={search_term_string}"},"query-input":"required name=search_term_string"}],"inLanguage":"pt-BR"},{"@type":"ImageObject","inLanguage":"pt-BR","@id":"https:\/\/franciscanos.org.br\/noticias\/emocionante-adeus-dos-franciscanos-a-d-paulo.html#primaryimage","url":"https:\/\/franciscanos.org.br\/noticias\/wp-content\/uploads\/2016\/12\/missa_161216_5p.jpg","contentUrl":"https:\/\/franciscanos.org.br\/noticias\/wp-content\/uploads\/2016\/12\/missa_161216_5p.jpg","width":273,"height":181},{"@type":"WebPage","@id":"https:\/\/franciscanos.org.br\/noticias\/emocionante-adeus-dos-franciscanos-a-d-paulo.html#webpage","url":"https:\/\/franciscanos.org.br\/noticias\/emocionante-adeus-dos-franciscanos-a-d-paulo.html","name":"O emocionante adeus dos Franciscanos a Dom Paulo - Not\u00edcias - Franciscanos","isPartOf":{"@id":"https:\/\/franciscanos.org.br\/noticias\/#website"},"primaryImageOfPage":{"@id":"https:\/\/franciscanos.org.br\/noticias\/emocionante-adeus-dos-franciscanos-a-d-paulo.html#primaryimage"},"datePublished":"2016-12-16T17:17:56+00:00","dateModified":"2019-04-25T16:57:25+00:00","author":{"@id":"https:\/\/franciscanos.org.br\/noticias\/#\/schema\/person\/b38fbf43118f02820bd932f2e4b14ad3"},"breadcrumb":{"@id":"https:\/\/franciscanos.org.br\/noticias\/emocionante-adeus-dos-franciscanos-a-d-paulo.html#breadcrumb"},"inLanguage":"pt-BR","potentialAction":[{"@type":"ReadAction","target":["https:\/\/franciscanos.org.br\/noticias\/emocionante-adeus-dos-franciscanos-a-d-paulo.html"]}]},{"@type":"BreadcrumbList","@id":"https:\/\/franciscanos.org.br\/noticias\/emocionante-adeus-dos-franciscanos-a-d-paulo.html#breadcrumb","itemListElement":[{"@type":"ListItem","position":1,"name":"Home","item":"https:\/\/franciscanos.org.br\/noticias"},{"@type":"ListItem","position":2,"name":"O emocionante adeus dos Franciscanos a Dom Paulo"}]},{"@type":"Person","@id":"https:\/\/franciscanos.org.br\/noticias\/#\/schema\/person\/b38fbf43118f02820bd932f2e4b14ad3","name":"admin","image":{"@type":"ImageObject","inLanguage":"pt-BR","@id":"https:\/\/franciscanos.org.br\/noticias\/#\/schema\/person\/image\/","url":"https:\/\/secure.gravatar.com\/avatar\/e8495742d34d0ba6448ea1c628263b3e?s=96&d=mm&r=g","contentUrl":"https:\/\/secure.gravatar.com\/avatar\/e8495742d34d0ba6448ea1c628263b3e?s=96&d=mm&r=g","caption":"admin"},"url":"https:\/\/franciscanos.org.br\/noticias\/author\/admin"}]}},"_links":{"self":[{"href":"https:\/\/franciscanos.org.br\/noticias\/wp-json\/wp\/v2\/posts\/122493"}],"collection":[{"href":"https:\/\/franciscanos.org.br\/noticias\/wp-json\/wp\/v2\/posts"}],"about":[{"href":"https:\/\/franciscanos.org.br\/noticias\/wp-json\/wp\/v2\/types\/post"}],"author":[{"embeddable":true,"href":"https:\/\/franciscanos.org.br\/noticias\/wp-json\/wp\/v2\/users\/1"}],"replies":[{"embeddable":true,"href":"https:\/\/franciscanos.org.br\/noticias\/wp-json\/wp\/v2\/comments?post=122493"}],"version-history":[{"count":0,"href":"https:\/\/franciscanos.org.br\/noticias\/wp-json\/wp\/v2\/posts\/122493\/revisions"}],"wp:featuredmedia":[{"embeddable":true,"href":"https:\/\/franciscanos.org.br\/noticias\/wp-json\/wp\/v2\/media\/203408"}],"wp:attachment":[{"href":"https:\/\/franciscanos.org.br\/noticias\/wp-json\/wp\/v2\/media?parent=122493"}],"wp:term":[{"taxonomy":"category","embeddable":true,"href":"https:\/\/franciscanos.org.br\/noticias\/wp-json\/wp\/v2\/categories?post=122493"},{"taxonomy":"post_tag","embeddable":true,"href":"https:\/\/franciscanos.org.br\/noticias\/wp-json\/wp\/v2\/tags?post=122493"}],"curies":[{"name":"wp","href":"https:\/\/api.w.org\/{rel}","templated":true}]}}