{"id":122379,"date":"2016-12-15T16:10:48","date_gmt":"2016-12-15T18:10:48","guid":{"rendered":"http:\/\/franciscanos.org.br\/?p=122379"},"modified":"2018-11-28T11:53:12","modified_gmt":"2018-11-28T13:53:12","slug":"dom-paulo-vive-e-o-seu-endereco-agora-e-o-coracao-de-deus","status":"publish","type":"post","link":"https:\/\/franciscanos.org.br\/noticias\/dom-paulo-vive-e-o-seu-endereco-agora-e-o-coracao-de-deus.html","title":{"rendered":"Dom Paulo vive; seu endere\u00e7o \u00e9 o cora\u00e7\u00e3o de Deus"},"content":{"rendered":"<p><strong><img loading=\"lazy\" class=\"size-full wp-image-191908 aligncenter\" src=\"https:\/\/franciscanos.org.br\/noticias\/wp-content\/uploads\/2016\/12\/dom_paulo_151216-31-e1543412890919.jpg\" alt=\"\" width=\"800\" height=\"532\" \/><\/strong><\/p>\n<p><strong>\u00c9rika Augusto<\/strong><\/p>\n<p><strong>S\u00e3o Paulo (SP)<\/strong> &#8211; Desde a not\u00edcia do falecimento de Dom Paulo Evaristo Arns, no final da manh\u00e3 desta quarta-feira (14), a Catedral da S\u00e9 tornou-se ponto de refer\u00eancia para bispos, religiosas, religiosos, l\u00edderes de movimentos sociais e pastorais e a imprensa. O corpo chegou por volta das 19h30, e logo em seguida Dom Odilo Pedro Scherer, Cardeal da Arquidiocese de S\u00e3o Paulo, presidiu uma celebra\u00e7\u00e3o de corpo presente.<\/p>\n<p>Logo nas primeiras horas da manh\u00e3 desta quinta-feira (15), o movimento era intenso na Catedral. Idosos, adultos engravatados, jovens, gente de todas as idades , cren\u00e7as e classes sociais dividiam espa\u00e7o no corredor central da majestosa Catedral, a fim de prestar sua \u00faltima homenagem ao cardeal do povo, Dom Paulo Evaristo Arns.<br \/>\nFoi o caso de Rezende Avelar, professor e doutor em Sociologia, que reside em Goi\u00e1s. Ele estava de passagem pela capital paulista quando soube da morte de Dom Paulo, e veio \u00e0 Catedral para se despedir do Arcebispo em\u00e9rito. Rezende recordou a luta pela democracia e o servi\u00e7o aos pobres como caracter\u00edsticas marcantes de Dom Paulo. \u201cDom Paulo foi muito significativo para a minha gera\u00e7\u00e3o, p\u00f3s-ditadura, e tamb\u00e9m todos n\u00f3s que trabalhamos no final dos anos 80 e 90, com a Pastoral da Juventude\u201d, afirmou. Ele ressaltou tamb\u00e9m a import\u00e2ncia do livro <em><strong>Brasil nunca mais<\/strong><\/em>, que denunciava os crimes da ditadura militar, como um material de pesquisa e consulta, que deveria ser retomado sempre, para inspirar e resgatar a mem\u00f3ria do povo brasileiro. \u201cDom Paulo, como um franciscano, fiel filho de S\u00e3o Francisco, foi de uma simplicidade e de um compromisso muito grandes com os pobres e isso marcou todo o per\u00edodo em que ele esteve \u00e0 frente da Arquidiocese de S\u00e3o Paulo, sobretudo quando a Arquidiocese foi dividida, a pedido do Vaticano e ele, de forma muito humilde, acolheu o desejo do Papa e viu todas as mudan\u00e7as acontecerem sem criar divis\u00f5es, mas continuou unido \u00e0 Igreja como um todo e sempre defensor do povo e do povo pobre\u201d, disse o professor.<\/p>\n<div id=\"attachment_191914\" style=\"width: 660px\" class=\"wp-caption alignright\"><img aria-describedby=\"caption-attachment-191914\" loading=\"lazy\" class=\"wp-image-191914\" src=\"https:\/\/franciscanos.org.br\/noticias\/wp-content\/uploads\/2016\/12\/dom_paulo_151216-17.jpg\" alt=\"\" width=\"650\" height=\"432\" srcset=\"https:\/\/franciscanos.org.br\/noticias\/wp-content\/uploads\/2016\/12\/dom_paulo_151216-17.jpg 800w, https:\/\/franciscanos.org.br\/noticias\/wp-content\/uploads\/2016\/12\/dom_paulo_151216-17-450x299.jpg 450w, https:\/\/franciscanos.org.br\/noticias\/wp-content\/uploads\/2016\/12\/dom_paulo_151216-17-768x511.jpg 768w, https:\/\/franciscanos.org.br\/noticias\/wp-content\/uploads\/2016\/12\/dom_paulo_151216-17-150x100.jpg 150w\" sizes=\"(max-width: 650px) 100vw, 650px\" \/><p id=\"caption-attachment-191914\" class=\"wp-caption-text\">Dom Ang\u00e9lico abra\u00e7a uma mulher que chorava diante do corpo de Dom Paulo.<\/p><\/div>\n<p>A missa das 10 horas foi presidida por Dom Ang\u00e9lico S\u00e2ndalo Bernardino, bispo em\u00e9rito da Diocese de Blumenau (SC), que foi sagrado bispo pelas m\u00e3os de Dom Paulo Evaristo Arns em 1975 e foi, por 23 anos, bispo auxiliar na Arquidiocese de S\u00e3o Paulo. Dom Ang\u00e9lico, sempre carism\u00e1tico, fez sua homilia pr\u00f3ximo ao povo que lotava a Catedral, e ao lado do caix\u00e3o de Dom Paulo. Logo no in\u00edcio, Dom Ang\u00e9lico afirmou: \u201cQuero lhes dar uma not\u00edcia que pode parecer mentira, mas \u00e9 verdadeira. Dom Paulo Evaristo, cardeal Arns, n\u00e3o est\u00e1 morto, est\u00e1 vivo, e o seu endere\u00e7o agora \u00e9 o cora\u00e7\u00e3o de Deus, na eternidade, onde est\u00e1 nos aben\u00e7oando\u201d, e seguiu-se uma calorosa salva de palmas.<\/p>\n<p>Dom Ang\u00e9lico recordou o dia de sua ordena\u00e7\u00e3o episcopal, quando ele, Dom Francisco Manuel Vieira, Dom Joel Ivo Catapan e Dom Mauro Morelli foram ordenados bispos pelas m\u00e3os de Dom Paulo Evaristo Arns, Dom Benedito de Ulh\u00f4a Vieira e Dom Jos\u00e9 Thurler, em 25 de janeiro de 1975 nesta mesma Catedral. \u201cDurante 23 anos eu tive a alegria de participar daquilo que n\u00f3s cham\u00e1vamos o Col\u00e9gio Episcopal de S\u00e3o Paulo, os bispos auxiliares unidos ao nosso Arcebispo Dom Paulo, num grande mutir\u00e3o, congregando os padres, religiosas, religiosos, leigos e leigas, na evangeliza\u00e7\u00e3o da metr\u00f3pole, tempos aben\u00e7oados!\u201d, recordou o bispo.<\/p>\n<p><a href=\"https:\/\/soundcloud.com\/provincia-franciscana\/homilia-de-dom-angelico-nas-exequias-de-dom-paulo-evaristo-arns\" target=\"_blank\" rel=\"noopener\"><strong>Ou\u00e7a a homilia na \u00edntegra<\/strong><\/a><\/p>\n<p><strong>Alegrem-se!<\/strong><\/p>\n<p>Falando sobre a liturgia do dia, Dom Ang\u00e9lico afirmou que as leituras do dia pareciam escolhidas providencialmente para este momento. \u201cO que nos diz Deus na 1\u00aa leitura de hoje: Alegrem-se! Pois Dom Paulo, neste momento, l\u00e1 do c\u00e9u, os restos mortais dele aqui, est\u00e1 dizendo para todos n\u00f3s: alegrem-se. Alegremo-nos, demos gra\u00e7as a Deus por esse profeta, esse pastor, que entregou a vida de modo absorvente \u00e0 causa do Reino\u201d, exortou Dom Ang\u00e9lico. E falou sobre o Evangelho do dia, Lc 7, 24-30, que fala da miss\u00e3o de Jo\u00e3o Batista, que denunciava os abusos em seu tempo.<\/p>\n<p>A pergunta de Jesus \u00e0s multid\u00f5es: \u201cO que voc\u00eas foram ver no deserto?\u201d, foi tamb\u00e9m a pergunta do bispo em\u00e9rito aos que estavam presentes na Catedral da S\u00e9. \u201cO n\u00f3s estamos vendo?\u201d, e recordou que o pa\u00eds todo e v\u00e1rias partes do mundo est\u00e3o voltadas para a vida e o testemunho do cardeal da esperan\u00e7a. \u201cDom Paulo, simples, bondoso, cheio de mansid\u00e3o, misturado com o seu povo, num amor de devota\u00e7\u00e3o, pobre, disc\u00edpulo de Francisco de Assis, no pal\u00e1cio Arquiepiscopal ele disse: \u201cN\u00e3o \u00e9 aqui o meu lugar\u201d, e p\u00f4s \u00e0 venda o pal\u00e1cio, e o dinheiro destinou para a compra de terrenos para centros comunit\u00e1rios na periferia da grande metr\u00f3pole\u201d, recordou.<\/p>\n<p>Dom Ang\u00e9lico falou ainda do trabalho em conjunto de Dom Paulo, sempre movimentando a Arquidiocese, relembrou as grandes assembleias diocesanas e a implementa\u00e7\u00e3o das prioridades para a Igreja na cidade de S\u00e3o Paulo: Pastorais Sociais, Pastoral das Comunidades Eclesiais de Base, Pastoral Oper\u00e1ria, Pastoral dos Direitos Humanos, Pastoral da Crian\u00e7a, entre outras.<\/p>\n<p>O bispo relembrou ainda a a\u00e7\u00e3o de Dom Paulo diante do golpe militar de 1964. \u201cEu estava aqui nesta Catedral, quando numa memor\u00e1vel celebra\u00e7\u00e3o inter-religiosa, o corpo do nosso irm\u00e3o Herzog adentrou aqui nesta Catedral. Da Consola\u00e7\u00e3o, por trabalhadores da Pastoral Oper\u00e1ria e gente de toda a cidade, n\u00f3s trouxemos o corpo de Santo Dias para esta Catedral, dizendo e proclamando, Santo, voc\u00ea continua vivo, porque foi um profeta, um profeta que se colocou a servi\u00e7o\u201d, afirmou. \u201cHomem voltado para a justi\u00e7a, apaixonado pela causa do Reino, entregou sua vida \u00e0 liberta\u00e7\u00e3o do seu povo, um legado maravilhoso\u201d, acrescentou, e disse ainda ser testemunha da intensa vida de ora\u00e7\u00e3o e contempla\u00e7\u00e3o de Dom Paulo. \u201cDesta uni\u00e3o com a Trindade Santa \u00e9 que ele tirava energia e for\u00e7a para ir avante, n\u00e3o curvando a cabe\u00e7a diante de poderosos, acolhendo humildes e moradores de rua, fazendo da Catedral a grande tribuna na defesa dos trabalhadores, dos sem-terra, dos que s\u00e3o abandonados na quest\u00e3o da sa\u00fade e da educa\u00e7\u00e3o, setores que correm perigo nos dias que atravessamos. Dom Paulo Evaristo vivo nos d\u00e1 o seu legado, continuemos unidos em intensa participa\u00e7\u00e3o, entregando nossa vida \u00e0 causa do Reino de Deus\u201d, concluiu.<\/p>\n<p><strong>Dom Paulo: di\u00e1logo que unia diversas cren\u00e7as<\/strong><\/p>\n<p><img loading=\"lazy\" class=\"wp-image-122416 aligncenter\" src=\"http:\/\/franciscanos.org.br\/wp-content\/uploads\/2016\/12\/dom_paulo_151216-37.jpg\" alt=\"dom_paulo_151216-37\" width=\"500\" height=\"333\" \/><\/p>\n<p>O legado deixado pelo cardeal Arns ultrapassa as barreiras eclesiais. A prova disso era a presen\u00e7a de diversas pessoas de outras denomina\u00e7\u00f5es religiosas, e at\u00e9 mesmo sem nenhuma cren\u00e7a, em suas ex\u00e9quias. Aos 86 anos, Emil Barbour, dentista e poeta, esteve presente na Catedral da S\u00e9 para se despedir de Dom Paulo. Ateu, conheceu o cardeal no ato inter-religioso que denunciou a morte do jornalista Vladimir Herzog. \u201cEu me lembro que o ex\u00e9rcito cercou a Pra\u00e7a da S\u00e9 e eles filmavam do alto dos pr\u00e9dios as pessoas que entravam e sa\u00edam aqui da Catedral e foi uma cerim\u00f4nia muito bonita, e a gente sentiu um respeito muito grande por ele, que foi um s\u00edmbolo da luta pelos direitos humanos, contra a tortura e a ditadura militar\u201d.<\/p>\n<p>Enfermeiro de profiss\u00e3o, Ant\u00f4nio Carlos Cad\u00e3o, crist\u00e3o protestante e ex-seminarista, tamb\u00e9m estava na fila para prestar a \u00faltima homenagem ao cardeal em\u00e9rito. \u201cConheci Dom Evaristo na \u00e9poca do semin\u00e1rio, atrav\u00e9s da m\u00eddia e tamb\u00e9m por causa de sua irm\u00e3, Zilda Arns, por causa da \u00e1rea da sa\u00fade\u201d. Ant\u00f4nio afirmou que \u00e9 a primeira vez que participa de uma homenagem p\u00f3stuma a uma personalidade, mas por admirar a vida e as a\u00e7\u00f5es de Dom Paulo, fez quest\u00e3o de participar. &#8220;Este homem cumpriu seu sacerd\u00f3cio com toda integridade, com toda beleza e com tudo aquilo que Jesus fazia, que era cuidar dos direitos humanos e das pessoas\u201d, concluiu.<\/p>\n<p>As missas continuar\u00e3o a cada 2 horas na Catedral da S\u00e9. \u00c0s 10 horas de amanh\u00e3 os franciscanos participar\u00e3o da Eucaristia, presidida pelo Ministro Provincial, Frei Fid\u00eancio Vanboemmel. \u00c0s 15 horas acontecer\u00e1 a \u00faltima missa e, em seguida, o corpo de Dom Paulo Evaristo Arns ser\u00e1 sepultado na cripta da Catedral.<\/p>\n","protected":false},"excerpt":{"rendered":"<p>Dom Paulo Evaristo Arns<\/p>\n","protected":false},"author":1,"featured_media":191910,"comment_status":"open","ping_status":"open","sticky":false,"template":"","format":"standard","meta":[],"categories":[1],"tags":[693],"acf":[],"yoast_head":"<!-- This site is optimized with the Yoast SEO plugin v19.2 - https:\/\/yoast.com\/wordpress\/plugins\/seo\/ -->\n<title>Dom Paulo vive; seu endere\u00e7o \u00e9 o cora\u00e7\u00e3o de Deus - Not\u00edcias - Franciscanos<\/title>\n<meta name=\"robots\" content=\"index, follow, max-snippet:-1, max-image-preview:large, max-video-preview:-1\" \/>\n<link rel=\"canonical\" href=\"https:\/\/franciscanos.org.br\/noticias\/dom-paulo-vive-e-o-seu-endereco-agora-e-o-coracao-de-deus.html\" \/>\n<meta property=\"og:locale\" content=\"pt_BR\" \/>\n<meta property=\"og:type\" content=\"article\" \/>\n<meta property=\"og:title\" content=\"Dom Paulo vive; seu endere\u00e7o \u00e9 o cora\u00e7\u00e3o de Deus - Not\u00edcias - Franciscanos\" \/>\n<meta property=\"og:description\" content=\"Dom Paulo Evaristo Arns\" \/>\n<meta property=\"og:url\" content=\"https:\/\/franciscanos.org.br\/noticias\/dom-paulo-vive-e-o-seu-endereco-agora-e-o-coracao-de-deus.html\" \/>\n<meta property=\"og:site_name\" content=\"Not\u00edcias - Franciscanos\" \/>\n<meta property=\"article:published_time\" content=\"2016-12-15T18:10:48+00:00\" \/>\n<meta property=\"article:modified_time\" content=\"2018-11-28T13:53:12+00:00\" \/>\n<meta property=\"og:image\" content=\"https:\/\/franciscanos.org.br\/noticias\/wp-content\/uploads\/2016\/12\/dom_paulo_151216-31-1.jpg\" \/>\n\t<meta property=\"og:image:width\" content=\"273\" \/>\n\t<meta property=\"og:image:height\" content=\"181\" \/>\n\t<meta property=\"og:image:type\" content=\"image\/jpeg\" \/>\n<meta name=\"author\" content=\"admin\" \/>\n<meta name=\"twitter:card\" content=\"summary_large_image\" \/>\n<meta name=\"twitter:label1\" content=\"Escrito por\" \/>\n\t<meta name=\"twitter:data1\" content=\"admin\" \/>\n\t<meta name=\"twitter:label2\" content=\"Est. tempo de leitura\" \/>\n\t<meta name=\"twitter:data2\" content=\"7 minutos\" \/>\n<script type=\"application\/ld+json\" class=\"yoast-schema-graph\">{\"@context\":\"https:\/\/schema.org\",\"@graph\":[{\"@type\":\"WebSite\",\"@id\":\"https:\/\/franciscanos.org.br\/noticias\/#website\",\"url\":\"https:\/\/franciscanos.org.br\/noticias\/\",\"name\":\"Not\u00edcias - Franciscanos\",\"description\":\"Prov\u00edncia Franciscana da Imaculada Concei\u00e7\u00e3o do Brasil - Ordem dos Frades Menores - OFM\",\"potentialAction\":[{\"@type\":\"SearchAction\",\"target\":{\"@type\":\"EntryPoint\",\"urlTemplate\":\"https:\/\/franciscanos.org.br\/noticias\/?s={search_term_string}\"},\"query-input\":\"required name=search_term_string\"}],\"inLanguage\":\"pt-BR\"},{\"@type\":\"ImageObject\",\"inLanguage\":\"pt-BR\",\"@id\":\"https:\/\/franciscanos.org.br\/noticias\/dom-paulo-vive-e-o-seu-endereco-agora-e-o-coracao-de-deus.html#primaryimage\",\"url\":\"https:\/\/franciscanos.org.br\/noticias\/wp-content\/uploads\/2016\/12\/dom_paulo_151216-31-1.jpg\",\"contentUrl\":\"https:\/\/franciscanos.org.br\/noticias\/wp-content\/uploads\/2016\/12\/dom_paulo_151216-31-1.jpg\",\"width\":273,\"height\":181},{\"@type\":\"WebPage\",\"@id\":\"https:\/\/franciscanos.org.br\/noticias\/dom-paulo-vive-e-o-seu-endereco-agora-e-o-coracao-de-deus.html#webpage\",\"url\":\"https:\/\/franciscanos.org.br\/noticias\/dom-paulo-vive-e-o-seu-endereco-agora-e-o-coracao-de-deus.html\",\"name\":\"Dom Paulo vive; seu endere\u00e7o \u00e9 o cora\u00e7\u00e3o de Deus - Not\u00edcias - Franciscanos\",\"isPartOf\":{\"@id\":\"https:\/\/franciscanos.org.br\/noticias\/#website\"},\"primaryImageOfPage\":{\"@id\":\"https:\/\/franciscanos.org.br\/noticias\/dom-paulo-vive-e-o-seu-endereco-agora-e-o-coracao-de-deus.html#primaryimage\"},\"datePublished\":\"2016-12-15T18:10:48+00:00\",\"dateModified\":\"2018-11-28T13:53:12+00:00\",\"author\":{\"@id\":\"https:\/\/franciscanos.org.br\/noticias\/#\/schema\/person\/b38fbf43118f02820bd932f2e4b14ad3\"},\"breadcrumb\":{\"@id\":\"https:\/\/franciscanos.org.br\/noticias\/dom-paulo-vive-e-o-seu-endereco-agora-e-o-coracao-de-deus.html#breadcrumb\"},\"inLanguage\":\"pt-BR\",\"potentialAction\":[{\"@type\":\"ReadAction\",\"target\":[\"https:\/\/franciscanos.org.br\/noticias\/dom-paulo-vive-e-o-seu-endereco-agora-e-o-coracao-de-deus.html\"]}]},{\"@type\":\"BreadcrumbList\",\"@id\":\"https:\/\/franciscanos.org.br\/noticias\/dom-paulo-vive-e-o-seu-endereco-agora-e-o-coracao-de-deus.html#breadcrumb\",\"itemListElement\":[{\"@type\":\"ListItem\",\"position\":1,\"name\":\"Home\",\"item\":\"https:\/\/franciscanos.org.br\/noticias\"},{\"@type\":\"ListItem\",\"position\":2,\"name\":\"Dom Paulo vive; seu endere\u00e7o \u00e9 o cora\u00e7\u00e3o de Deus\"}]},{\"@type\":\"Person\",\"@id\":\"https:\/\/franciscanos.org.br\/noticias\/#\/schema\/person\/b38fbf43118f02820bd932f2e4b14ad3\",\"name\":\"admin\",\"image\":{\"@type\":\"ImageObject\",\"inLanguage\":\"pt-BR\",\"@id\":\"https:\/\/franciscanos.org.br\/noticias\/#\/schema\/person\/image\/\",\"url\":\"https:\/\/secure.gravatar.com\/avatar\/e8495742d34d0ba6448ea1c628263b3e?s=96&d=mm&r=g\",\"contentUrl\":\"https:\/\/secure.gravatar.com\/avatar\/e8495742d34d0ba6448ea1c628263b3e?s=96&d=mm&r=g\",\"caption\":\"admin\"},\"url\":\"https:\/\/franciscanos.org.br\/noticias\/author\/admin\"}]}<\/script>\n<!-- \/ Yoast SEO plugin. -->","yoast_head_json":{"title":"Dom Paulo vive; seu endere\u00e7o \u00e9 o cora\u00e7\u00e3o de Deus - Not\u00edcias - Franciscanos","robots":{"index":"index","follow":"follow","max-snippet":"max-snippet:-1","max-image-preview":"max-image-preview:large","max-video-preview":"max-video-preview:-1"},"canonical":"https:\/\/franciscanos.org.br\/noticias\/dom-paulo-vive-e-o-seu-endereco-agora-e-o-coracao-de-deus.html","og_locale":"pt_BR","og_type":"article","og_title":"Dom Paulo vive; seu endere\u00e7o \u00e9 o cora\u00e7\u00e3o de Deus - Not\u00edcias - Franciscanos","og_description":"Dom Paulo Evaristo Arns","og_url":"https:\/\/franciscanos.org.br\/noticias\/dom-paulo-vive-e-o-seu-endereco-agora-e-o-coracao-de-deus.html","og_site_name":"Not\u00edcias - Franciscanos","article_published_time":"2016-12-15T18:10:48+00:00","article_modified_time":"2018-11-28T13:53:12+00:00","og_image":[{"width":273,"height":181,"url":"https:\/\/franciscanos.org.br\/noticias\/wp-content\/uploads\/2016\/12\/dom_paulo_151216-31-1.jpg","type":"image\/jpeg"}],"author":"admin","twitter_card":"summary_large_image","twitter_misc":{"Escrito por":"admin","Est. tempo de leitura":"7 minutos"},"schema":{"@context":"https:\/\/schema.org","@graph":[{"@type":"WebSite","@id":"https:\/\/franciscanos.org.br\/noticias\/#website","url":"https:\/\/franciscanos.org.br\/noticias\/","name":"Not\u00edcias - Franciscanos","description":"Prov\u00edncia Franciscana da Imaculada Concei\u00e7\u00e3o do Brasil - Ordem dos Frades Menores - OFM","potentialAction":[{"@type":"SearchAction","target":{"@type":"EntryPoint","urlTemplate":"https:\/\/franciscanos.org.br\/noticias\/?s={search_term_string}"},"query-input":"required name=search_term_string"}],"inLanguage":"pt-BR"},{"@type":"ImageObject","inLanguage":"pt-BR","@id":"https:\/\/franciscanos.org.br\/noticias\/dom-paulo-vive-e-o-seu-endereco-agora-e-o-coracao-de-deus.html#primaryimage","url":"https:\/\/franciscanos.org.br\/noticias\/wp-content\/uploads\/2016\/12\/dom_paulo_151216-31-1.jpg","contentUrl":"https:\/\/franciscanos.org.br\/noticias\/wp-content\/uploads\/2016\/12\/dom_paulo_151216-31-1.jpg","width":273,"height":181},{"@type":"WebPage","@id":"https:\/\/franciscanos.org.br\/noticias\/dom-paulo-vive-e-o-seu-endereco-agora-e-o-coracao-de-deus.html#webpage","url":"https:\/\/franciscanos.org.br\/noticias\/dom-paulo-vive-e-o-seu-endereco-agora-e-o-coracao-de-deus.html","name":"Dom Paulo vive; seu endere\u00e7o \u00e9 o cora\u00e7\u00e3o de Deus - Not\u00edcias - Franciscanos","isPartOf":{"@id":"https:\/\/franciscanos.org.br\/noticias\/#website"},"primaryImageOfPage":{"@id":"https:\/\/franciscanos.org.br\/noticias\/dom-paulo-vive-e-o-seu-endereco-agora-e-o-coracao-de-deus.html#primaryimage"},"datePublished":"2016-12-15T18:10:48+00:00","dateModified":"2018-11-28T13:53:12+00:00","author":{"@id":"https:\/\/franciscanos.org.br\/noticias\/#\/schema\/person\/b38fbf43118f02820bd932f2e4b14ad3"},"breadcrumb":{"@id":"https:\/\/franciscanos.org.br\/noticias\/dom-paulo-vive-e-o-seu-endereco-agora-e-o-coracao-de-deus.html#breadcrumb"},"inLanguage":"pt-BR","potentialAction":[{"@type":"ReadAction","target":["https:\/\/franciscanos.org.br\/noticias\/dom-paulo-vive-e-o-seu-endereco-agora-e-o-coracao-de-deus.html"]}]},{"@type":"BreadcrumbList","@id":"https:\/\/franciscanos.org.br\/noticias\/dom-paulo-vive-e-o-seu-endereco-agora-e-o-coracao-de-deus.html#breadcrumb","itemListElement":[{"@type":"ListItem","position":1,"name":"Home","item":"https:\/\/franciscanos.org.br\/noticias"},{"@type":"ListItem","position":2,"name":"Dom Paulo vive; seu endere\u00e7o \u00e9 o cora\u00e7\u00e3o de Deus"}]},{"@type":"Person","@id":"https:\/\/franciscanos.org.br\/noticias\/#\/schema\/person\/b38fbf43118f02820bd932f2e4b14ad3","name":"admin","image":{"@type":"ImageObject","inLanguage":"pt-BR","@id":"https:\/\/franciscanos.org.br\/noticias\/#\/schema\/person\/image\/","url":"https:\/\/secure.gravatar.com\/avatar\/e8495742d34d0ba6448ea1c628263b3e?s=96&d=mm&r=g","contentUrl":"https:\/\/secure.gravatar.com\/avatar\/e8495742d34d0ba6448ea1c628263b3e?s=96&d=mm&r=g","caption":"admin"},"url":"https:\/\/franciscanos.org.br\/noticias\/author\/admin"}]}},"_links":{"self":[{"href":"https:\/\/franciscanos.org.br\/noticias\/wp-json\/wp\/v2\/posts\/122379"}],"collection":[{"href":"https:\/\/franciscanos.org.br\/noticias\/wp-json\/wp\/v2\/posts"}],"about":[{"href":"https:\/\/franciscanos.org.br\/noticias\/wp-json\/wp\/v2\/types\/post"}],"author":[{"embeddable":true,"href":"https:\/\/franciscanos.org.br\/noticias\/wp-json\/wp\/v2\/users\/1"}],"replies":[{"embeddable":true,"href":"https:\/\/franciscanos.org.br\/noticias\/wp-json\/wp\/v2\/comments?post=122379"}],"version-history":[{"count":0,"href":"https:\/\/franciscanos.org.br\/noticias\/wp-json\/wp\/v2\/posts\/122379\/revisions"}],"wp:featuredmedia":[{"embeddable":true,"href":"https:\/\/franciscanos.org.br\/noticias\/wp-json\/wp\/v2\/media\/191910"}],"wp:attachment":[{"href":"https:\/\/franciscanos.org.br\/noticias\/wp-json\/wp\/v2\/media?parent=122379"}],"wp:term":[{"taxonomy":"category","embeddable":true,"href":"https:\/\/franciscanos.org.br\/noticias\/wp-json\/wp\/v2\/categories?post=122379"},{"taxonomy":"post_tag","embeddable":true,"href":"https:\/\/franciscanos.org.br\/noticias\/wp-json\/wp\/v2\/tags?post=122379"}],"curies":[{"name":"wp","href":"https:\/\/api.w.org\/{rel}","templated":true}]}}